{"id":8717,"date":"2023-03-28T19:30:08","date_gmt":"2023-03-28T17:30:08","guid":{"rendered":"http:\/\/blog.inmontanis.info\/?p=8717"},"modified":"2023-08-05T21:06:41","modified_gmt":"2023-08-05T19:06:41","slug":"st-jakob-defereggen-brunnalm-28-3-2023","status":"publish","type":"post","link":"http:\/\/blog.inmontanis.info\/?p=8717","title":{"rendered":"St. Jakob \/ Defereggen (Brunnalm), 28.3.2023"},"content":{"rendered":"<p><strong>Di, 28.3.2023<\/strong><\/p>\n<p>Meldeten die Wettervorhersagen vor ein paar Tagen noch, dass es von heute Dienstag bis Freitag halbwegs stabil werden sollte in den n\u00f6rdlichen osttiroler Skigebieten, werden nun f\u00fcr die n\u00e4chsten Tage wieder nur Wolken und bisschen Schneefall gemeldet :(<\/p>\n<p>Da es heute halbwegs sonnig, wenn auch sehr kalt, werden soll, ich aber mit Tanken wohl ca. 1,5h bis nach St. Jakob fahren werde, arbeitete ich heute nur bis 9:30 Uhr.<\/p>\n<p>Meine Erwartungshaltung von St. Jakob\/Defereggen war seit jeher gering, der Plan erinnerte mich an See\/Paznaun, das mir ja auch nicht so besonders gefiel. Alles auf einer Hangseite und dann auch noch Nordseite, kein Fan von sowas. <\/p>\n<p>Nicht einmal mit der Tirol Snow Card, als ich da mal die Skigebiete in Osttirol kurz durchtestete, besuchte ich das Skigebiet hier, weil es mir am uninteressantesten vorkam. Mittlerweile wurde auch der letzte SL oben mit der zweiten 6KSB ersetzt, also erwartete ich entsprechend noch weniger.<\/p>\n<p>Tja.. das Panorama war mal netter als erwartet, die steile Felsflanke rechts erinnerte mich sehr an Dombaj (Russland, Kaukasus, dort wo ich mein Sitzpolster gekauft hatte). Die neue 6KSB sah ich noch fr\u00fch genug, Mini-Fu\u00dfraster, die meist (oft? fast immer?) auch auf Zwangsverriegelung hindeuten und bin ich somit abgebogen, bevor ich mich noch mehr dar\u00fcber \u00e4rgere als sie nicht gefahren zu sein.<\/p>\n<p>Die SL im Tal waren auch langweilig. Die rote Talabfahrt war immerhin etwas besser als bef\u00fcrchtet (d.h. interessanter als Obertilliach), die schwarze Talabfahrt war dagegen &#8220;serpentiniger&#8221;.<\/p>\n<p>Laut meinen Bildern in der Gallery hatte ich zuletzt mehrere KSB mit Minifussraster und nervigen Sitzabtrennern, aber ohne Zwangsverriegelung. Soll ich das Risiko hier eingehen und mich doppelt \u00e4rgern oder nur einfach? Also hab ich&#8217;s halt probiert und Pech gehabt. Zwar keine Sitzabtrenner, aber doch Zwangsverriegelung :( Gl\u00fcck im Ungl\u00fcck: 90\u00b0-Aussstieg. Da ist die zwar nicht so nervig, weil man trotzdem noch genug Zeit vor dem Ausstieg hat, aber ein zweites Mal fuhr ich die Bahn aus Protest nicht nochmal.<\/p>\n<p>Der gedruckte Pistenplan ist auch M\u00fcll, insbesondere zwischen 3SB und 6KSB, da stimmen weder Pistenlinien, noch Nummern. Quasi alle Abfahrten an der mittleren 6KSB sind als rote Abfahrt 3 ausgezeichnet, hin und wieder kreuzend mit einer blauen 2. Laut Pistenplan w\u00e4r die 2 rot und 3 blau und w\u00fcrde sich gar nicht kreuzen. 6, 7, 8 und 9 lt. Plan sind nummernm\u00e4\u00dfig inexistent und mit 2 und 3 versehen. Wie soll man sich da auskennen?! Die rote 5 im Plan ist mit Ta ausgeschildert. Daf\u00fcr gibt&#8217;s eine blaue 5 als Skiweg im Plan, die in Wirklichkeit ein Fu\u00dfweg ist, da zu flach oder Gegenanstieg. <\/p>\n<p>Sp\u00e4ter gemerkt, dass die Pistenpl\u00e4ne, die im Skigebiet ausgeh\u00e4ngt sind, von den Nummern her mit den ausgesteckten Pisten besser \u00fcbereinstimmen&#8230;<\/p>\n<p>Auf die letzte Bergfahrt vezichtete ich, weil ich keine Lust mehr hatte auf den dauernden, eisigen Gegenwind.<\/p>\n<p>Fazit? Trotz des sch\u00f6nen, felsigsteilen Seitenpanos, aber nein, kein Skigebiet, das ich nochmals besuchen m\u00fcsste.<\/p>\n<p><a href='http:\/\/extra.inmontanis.info\/d\/99016-2\/DSC03834.jpg'><img src=http:\/\/extra.inmontanis.info\/d\/99015-3\/DSC03834.jpg \/><\/a><br \/>\n^ Defereggental<\/p>\n<p><a href='http:\/\/extra.inmontanis.info\/d\/99020-2\/DSC03836.jpg'><img src=http:\/\/extra.inmontanis.info\/d\/99019-3\/DSC03836.jpg \/><\/a><br \/>\n^ Glaub bei Hopfgarten stand dieser Tallift<\/p>\n<p><a href='http:\/\/extra.inmontanis.info\/d\/99024-2\/DSC03839.jpg'><img src=http:\/\/extra.inmontanis.info\/d\/99023-3\/DSC03839.jpg \/><\/a><br \/>\n^ Defereggental<\/p>\n<p><a href='http:\/\/ski.inmontanis.info\/d\/317036-2\/DSC03842.jpg'><img src=http:\/\/ski.inmontanis.info\/d\/317034-3\/DSC03842.jpg \/><\/a><br \/>\n^ Talstation und Strecke 6EUB<\/p>\n<p><a href='http:\/\/ski.inmontanis.info\/d\/317236-2\/DSC03957.jpg'><img src=http:\/\/ski.inmontanis.info\/d\/317235-3\/DSC03957.jpg \/><\/a><br \/>\n^ Pistenplan gedruckt<\/p>\n<p><a href='http:\/\/ski.inmontanis.info\/d\/317240-2\/DSC03958.jpg'><img src=http:\/\/ski.inmontanis.info\/d\/317239-3\/DSC03958.jpg \/><\/a><br \/>\n^ Pistenplan ausgeh\u00e4ngt, ganz andere Pistennummern im Bereich der 3SB- 6KSB. Was im gedruckten die blaue 3 ist, ist hier (und ausgesteckt) die blaue 2. An der 6KSB dann alles 3 im Plan usw.<\/p>\n<p><a href='http:\/\/ski.inmontanis.info\/d\/317244-2\/DSC03959.jpg'><img src=http:\/\/ski.inmontanis.info\/d\/317243-3\/DSC03959.jpg \/><\/a><br \/>\n^ An der Talstation der 3SB gibts noch einen Pistenplan mit dem SL rechts, weiteren falschen Pistennummern und auch die \u00d6ffnungsanzeige der Pisten passt nicht<\/p>\n<p><a href='http:\/\/ski.inmontanis.info\/d\/317040-2\/DSC03844.jpg'><img src=http:\/\/ski.inmontanis.info\/d\/317039-3\/DSC03844.jpg \/><\/a><br \/>\n^ Schwarze Talabfahrt<\/p>\n<p><a href='http:\/\/ski.inmontanis.info\/d\/317044-2\/DSC03846.jpg'><img src=http:\/\/ski.inmontanis.info\/d\/317043-3\/DSC03846.jpg \/><\/a><br \/>\n^ Schwarze Talabfahrt<\/p>\n<p><a href='http:\/\/ski.inmontanis.info\/d\/317048-2\/DSC03847.jpg'><img src=http:\/\/ski.inmontanis.info\/d\/317047-3\/DSC03847.jpg \/><\/a><br \/>\n^ 6EUB Bergstation<\/p>\n<p><a href='http:\/\/ski.inmontanis.info\/d\/317052-2\/DSC03849.jpg'><img src=http:\/\/ski.inmontanis.info\/d\/317051-3\/DSC03849.jpg \/><\/a><br \/>\n^ WC nahe Bergstation. \u00dcber Orange kann man ja noch streiten, aber diese Fliesen, dass das (Farben, Muster) mal irgendwer sch\u00f6n fand, aua :)<\/p>\n<p><a href='http:\/\/ski.inmontanis.info\/d\/317056-2\/DSC03856.jpg'><img src=http:\/\/ski.inmontanis.info\/d\/317055-3\/DSC03856.jpg \/><\/a><br \/>\n^ 3SB, 2. Sektion nach der 6EUB<\/p>\n<p><a href='http:\/\/ski.inmontanis.info\/d\/317060-2\/DSC03858.jpg'><img src=http:\/\/ski.inmontanis.info\/d\/317059-3\/DSC03858.jpg \/><\/a><br \/>\n^ Seitenblick von der 3SB zur Felswand<\/p>\n<p><a href='http:\/\/ski.inmontanis.info\/d\/317064-2\/DSC03861.jpg'><img src=http:\/\/ski.inmontanis.info\/d\/317063-3\/DSC03861.jpg \/><\/a><br \/>\n^ 3SB<\/p>\n<p><a href='http:\/\/ski.inmontanis.info\/d\/317068-2\/DSC03863.jpg'><img src=http:\/\/ski.inmontanis.info\/d\/317067-3\/DSC03863.jpg \/><\/a><br \/>\n^ Seitenblick von der 3SB<\/p>\n<p><a href='http:\/\/ski.inmontanis.info\/d\/317072-2\/DSC03866.jpg'><img src=http:\/\/ski.inmontanis.info\/d\/317071-3\/DSC03866.jpg \/><\/a><br \/>\n^ 3SB Bergstation<\/p>\n<p><a href='http:\/\/ski.inmontanis.info\/d\/317076-2\/DSC03867.jpg'><img src=http:\/\/ski.inmontanis.info\/d\/317075-3\/DSC03867.jpg \/><\/a><br \/>\n^ Blick von der 3SB Bergstation zu den beiden 6KSB<\/p>\n<p><a href='http:\/\/ski.inmontanis.info\/d\/317080-2\/DSC03870.jpg'><img src=http:\/\/ski.inmontanis.info\/d\/317079-3\/DSC03870.jpg \/><\/a><br \/>\n^ <\/p>\n<p><a href='http:\/\/ski.inmontanis.info\/d\/317084-2\/DSC03873.jpg'><img src=http:\/\/ski.inmontanis.info\/d\/317083-3\/DSC03873.jpg \/><\/a><br \/>\n^ Beide 6KSB<\/p>\n<p><a href='http:\/\/ski.inmontanis.info\/d\/317088-2\/DSC03874.jpg'><img src=http:\/\/ski.inmontanis.info\/d\/317087-3\/DSC03874.jpg \/><\/a><br \/>\n^ <\/p>\n<p><a href='http:\/\/ski.inmontanis.info\/d\/317092-2\/DSC03878.jpg'><img src=http:\/\/ski.inmontanis.info\/d\/317091-3\/DSC03878.jpg \/><\/a><br \/>\n^ <\/p>\n<p><a href='http:\/\/ski.inmontanis.info\/d\/317096-2\/DSC03880.jpg'><img src=http:\/\/ski.inmontanis.info\/d\/317095-3\/DSC03880.jpg \/><\/a><br \/>\n^ Beide 6KSB<\/p>\n<p><a href='http:\/\/ski.inmontanis.info\/d\/317100-2\/DSC03882.jpg'><img src=http:\/\/ski.inmontanis.info\/d\/317099-3\/DSC03882.jpg \/><\/a><br \/>\n^ Rote Talabfahrt<\/p>\n<p><a href='http:\/\/ski.inmontanis.info\/d\/317104-2\/DSC03883.jpg'><img src=http:\/\/ski.inmontanis.info\/d\/317103-3\/DSC03883.jpg \/><\/a><br \/>\n^ Talabfahrt und SL St. Leonhard<\/p>\n<p><a href='http:\/\/ski.inmontanis.info\/d\/317108-2\/DSC03885.jpg'><img src=http:\/\/ski.inmontanis.info\/d\/317107-3\/DSC03885.jpg \/><\/a><br \/>\n^ Talabfahrt und SL St. Leonhard<\/p>\n<p><a href='http:\/\/ski.inmontanis.info\/d\/317112-2\/DSC03886.jpg'><img src=http:\/\/ski.inmontanis.info\/d\/317111-3\/DSC03886.jpg \/><\/a><br \/>\n^ SL St. Leonhard<\/p>\n<p><a href='http:\/\/ski.inmontanis.info\/d\/317116-2\/DSC03888.jpg'><img src=http:\/\/ski.inmontanis.info\/d\/317115-3\/DSC03888.jpg \/><\/a><br \/>\n^ SL St. Leonhard und Feistritz<\/p>\n<p><a href='http:\/\/ski.inmontanis.info\/d\/317120-2\/DSC03890.jpg'><img src=http:\/\/ski.inmontanis.info\/d\/317119-3\/DSC03890.jpg \/><\/a><br \/>\n^ SL Feistritz<\/p>\n<p><a href='http:\/\/ski.inmontanis.info\/d\/317124-2\/DSC03893.jpg'><img src=http:\/\/ski.inmontanis.info\/d\/317123-3\/DSC03893.jpg \/><\/a><br \/>\n^ SL Feistritz<\/p>\n<p><a href='http:\/\/ski.inmontanis.info\/d\/317128-2\/DSC03896.jpg'><img src=http:\/\/ski.inmontanis.info\/d\/317127-3\/DSC03896.jpg \/><\/a><br \/>\n^ Mittelstation 6EUB-3SB<\/p>\n<p><a href='http:\/\/ski.inmontanis.info\/d\/317132-2\/DSC03897.jpg'><img src=http:\/\/ski.inmontanis.info\/d\/317131-3\/DSC03897.jpg \/><\/a><br \/>\n^ Von der Mittelstation ginge ein Skiweg zur 6KSB bzw. roten Talabfahrt r\u00fcber, aber das ist wohl ein l\u00e4ngerer Fu\u00dfweg<\/p>\n<p><a href='http:\/\/ski.inmontanis.info\/d\/317136-2\/DSC03898.jpg'><img src=http:\/\/ski.inmontanis.info\/d\/317135-3\/DSC03898.jpg \/><\/a><br \/>\n^ War leider auch im Zoom nicht erkennbar, ob diese neue 6KSB eine bescheuerte Zwangsverriegelung hat oder nicht &#8211; also versuchte ich es &#8211; leider ja :(<\/p>\n<p><a href='http:\/\/ski.inmontanis.info\/d\/317140-2\/DSC03901.jpg'><img src=http:\/\/ski.inmontanis.info\/d\/317139-3\/DSC03901.jpg \/><\/a><br \/>\n^ 6KSB Leppleskofel Bergstation. Wenigstens 90\u00b0-Ausstieg, da ist die Zwangsverriegelung weniger nervig, weil man nach dem \u00d6ffnen trotzdem noch genug Zeit hat. Trotzdem aus Boykottgr\u00fcnden kein zweites Mal gefahren<\/p>\n<p><a href='http:\/\/ski.inmontanis.info\/d\/317144-2\/DSC03902.jpg'><img src=http:\/\/ski.inmontanis.info\/d\/317143-3\/DSC03902.jpg \/><\/a><br \/>\n^ Talapano<\/p>\n<p><a href='http:\/\/ski.inmontanis.info\/d\/317148-2\/DSC03903.jpg'><img src=http:\/\/ski.inmontanis.info\/d\/317147-3\/DSC03903.jpg \/><\/a><br \/>\n^ Talapano<\/p>\n<p><a href='http:\/\/ski.inmontanis.info\/d\/317152-2\/DSC03905.jpg'><img src=http:\/\/ski.inmontanis.info\/d\/317151-3\/DSC03905.jpg \/><\/a><br \/>\n^ Schwarze Abfahrt an der 6KSB Leppleskofel<\/p>\n<p><a href='http:\/\/ski.inmontanis.info\/d\/317156-2\/DSC03910.jpg'><img src=http:\/\/ski.inmontanis.info\/d\/317155-3\/DSC03910.jpg \/><\/a><br \/>\n^ Inoffizieller Panorama-Skiweg von der Bergstation 6KSB, leider weiter unten etwas steiniger.<\/p>\n<p><a href='http:\/\/ski.inmontanis.info\/d\/317160-2\/DSC03913.jpg'><img src=http:\/\/ski.inmontanis.info\/d\/317159-3\/DSC03913.jpg \/><\/a><br \/>\n^ <\/p>\n<p><a href='http:\/\/ski.inmontanis.info\/d\/317164-2\/DSC05215.jpg'><img src=http:\/\/ski.inmontanis.info\/d\/317163-3\/DSC05215.jpg \/><\/a><br \/>\n^ IR-Gipfelzoom<\/p>\n<p><a href='http:\/\/ski.inmontanis.info\/d\/317168-2\/DSC05216.jpg'><img src=http:\/\/ski.inmontanis.info\/d\/317167-3\/DSC05216.jpg \/><\/a><br \/>\n^ IR-Pano<\/p>\n<p><a href='http:\/\/ski.inmontanis.info\/d\/317172-2\/DSC05217.jpg'><img src=http:\/\/ski.inmontanis.info\/d\/317171-3\/DSC05217.jpg \/><\/a><br \/>\n^ IR-Gipfelzoom<\/p>\n<p><a href='http:\/\/ski.inmontanis.info\/d\/317176-2\/DSC05218.jpg'><img src=http:\/\/ski.inmontanis.info\/d\/317175-3\/DSC05218.jpg \/><\/a><br \/>\n^ IR-Gipfelzoom<\/p>\n<p><a href='http:\/\/ski.inmontanis.info\/d\/317180-2\/DSC05219.jpg'><img src=http:\/\/ski.inmontanis.info\/d\/317179-3\/DSC05219.jpg \/><\/a><br \/>\n^ IR-Gipfelzoom<\/p>\n<p><a href='http:\/\/ski.inmontanis.info\/d\/317184-2\/DSC03919.jpg'><img src=http:\/\/ski.inmontanis.info\/d\/317183-3\/DSC03919.jpg \/><\/a><br \/>\n^ Tal und Felswand vom Panorama-Skiweg<\/p>\n<p><a href='http:\/\/ski.inmontanis.info\/d\/317188-2\/DSC03920.jpg'><img src=http:\/\/ski.inmontanis.info\/d\/317187-3\/DSC03920.jpg \/><\/a><br \/>\n^ <\/p>\n<p><a href='http:\/\/ski.inmontanis.info\/d\/317192-2\/DSC03923.jpg'><img src=http:\/\/ski.inmontanis.info\/d\/317191-3\/DSC03923.jpg \/><\/a><br \/>\n^ <\/p>\n<p><a href='http:\/\/ski.inmontanis.info\/d\/317196-2\/DSC03925.jpg'><img src=http:\/\/ski.inmontanis.info\/d\/317195-3\/DSC03925.jpg \/><\/a><br \/>\n^ <\/p>\n<p><a href='http:\/\/ski.inmontanis.info\/d\/317200-2\/DSC03930.jpg'><img src=http:\/\/ski.inmontanis.info\/d\/317199-3\/DSC03930.jpg \/><\/a><br \/>\n^ Pistennummerierung stimmt nicht mit dem gedruckten Plan \u00fcberein, wohl aber mit dem noch ausgeh\u00e4ngten<\/p>\n<p><a href='http:\/\/ski.inmontanis.info\/d\/317204-2\/DSC03931.jpg'><img src=http:\/\/ski.inmontanis.info\/d\/317203-3\/DSC03931.jpg \/><\/a><br \/>\n^ Rote Talabfahrt<\/p>\n<p><a href='http:\/\/ski.inmontanis.info\/d\/317208-2\/DSC03934.jpg'><img src=http:\/\/ski.inmontanis.info\/d\/317207-3\/DSC03934.jpg \/><\/a><br \/>\n^ .. in Bildmitte ..<\/p>\n<p><a href='http:\/\/ski.inmontanis.info\/d\/317212-2\/DSC03937.jpg'><img src=http:\/\/ski.inmontanis.info\/d\/317211-3\/DSC03937.jpg \/><\/a><br \/>\n^ .. eine Alm mit Materialseilbahn<\/p>\n<p><a href='http:\/\/ski.inmontanis.info\/d\/317216-2\/DSC03939.jpg'><img src=http:\/\/ski.inmontanis.info\/d\/317215-3\/DSC03939.jpg \/><\/a><br \/>\n^ Der Wind hat gerade ein bisschen Schnee rumgewirbelt<\/p>\n<p><a href='http:\/\/ski.inmontanis.info\/d\/317220-2\/DSC03943.jpg'><img src=http:\/\/ski.inmontanis.info\/d\/317219-3\/DSC03943.jpg \/><\/a><br \/>\n^ .. nach einer Abzweigung an der Talabfahrt kommt man in diesen Talboden, wo es sogar eine regelrechte Siedlung gibt<\/p>\n<p><a href='http:\/\/ski.inmontanis.info\/d\/317224-2\/DSC03949.jpg'><img src=http:\/\/ski.inmontanis.info\/d\/317223-3\/DSC03949.jpg \/><\/a><br \/>\n^ Landschaftlich ist&#8217;s schon geil hier<\/p>\n<p><a href='http:\/\/ski.inmontanis.info\/d\/317228-2\/DSC03955.jpg'><img src=http:\/\/ski.inmontanis.info\/d\/317227-3\/DSC03955.jpg \/><\/a><br \/>\n^ <\/p>\n<p><a href='http:\/\/ski.inmontanis.info\/d\/317232-2\/DSC03956.jpg'><img src=http:\/\/ski.inmontanis.info\/d\/317231-3\/DSC03956.jpg \/><\/a><br \/>\n^ <\/p>\n<p><a href='http:\/\/ski.inmontanis.info\/d\/317248-2\/ge20230328b.jpg'><img src=http:\/\/ski.inmontanis.info\/d\/317247-3\/ge20230328b.jpg \/><\/a><br \/>\n^ GPS-Track 28.3.2023<\/p>\n<p>Hier noch 3 Bilder aus Dombaj\/Kaukasus\/Russland vom 12.1.2016 zum Vergleich der \u00c4hnlichkeit mit diesem Skigebiet. Naja, ist schon einige Ecken geiler dort:<\/p>\n<p><a href='http:\/\/ski.inmontanis.info\/d\/209669-3\/DSC09249.jpg'><img src=http:\/\/ski.inmontanis.info\/d\/209668-4\/DSC09249.jpg \/><\/a><\/p>\n<p><a href='http:\/\/ski.inmontanis.info\/d\/209609-3\/DSC09218.jpg'><img src=http:\/\/ski.inmontanis.info\/d\/209608-4\/DSC09218.jpg \/><\/a><\/p>\n<p><a href='http:\/\/ski.inmontanis.info\/d\/209649-3\/DSC09241.jpg'><img src=http:\/\/ski.inmontanis.info\/d\/209648-4\/DSC09241.jpg \/><\/a><\/p>\n<p>Damals, 2016, bin ich davon ausgegangen, dass ich in 2-3 Jahren wieder im Kaukasus w\u00e4re. Jetzt haben wir 2023 und ich war noch nicht wieder dort :-(<\/p>\n<p>&#8211;<\/p>\n<p>Am Campingplatz in Kals angekommen, war die Rezeption unbesetzt, es stand aber, man solle sich einen Platz suchen und die Rezeption sei morgen ab 8 Uhr wieder besetzt. Der Platz liegt ja direkt am stilgelegten\/ehemaligen Sessellift. Die Abfahrt w\u00e4re mal ausgesteckt aber nicht pr\u00e4pariert. Laut Plan k\u00e4me man an der rechten 4SB raus, die momentan aber nicht offen ist.<\/p>\n<p>Nunja, der Platz war mal schneeig-matschig und weil ich nat\u00fcrlich gestern die Winterstiefelchen mit den Halbschuhen ersetzt hatte, weil ich seit Wochen keinen tiefen Schnee mehr hatte, h\u00e4tte ich sie heute (und morgen fr\u00fch) hier noch  brauchen k\u00f6nnen.<\/p>\n<p>Am WC gibt&#8217;s Schilder, wonach man die Schuhe ausziehen soll &#8211; allerdings sind verdreckte Wanderstiefel abgebildet. Hab ich ja auch noch nie gesehen, dass man nur ohne Schuhe in den WC-Trakt darf. Duschen, ja, da steht das \u00f6fters mal. Sollen&#8217;s halt ihre Stellpl\u00e4tze asphaltieren, wenn sie keine dreckigen Schuhe im Sanit\u00e4rtrakt haben wollen. Am n\u00e4chsten Tag sah ich wohl einen anderen Gast tats\u00e4chlich seine Stiefel ausziehen am Eingang. Also das muss ich mir auch kein zweites Mal hier dann antun, wenn die wirklich darauf bestehen sollten &#8230;<\/p>\n<p>Abreise laut Aushang bis 11 Uhr, genauer Preis auch unbekannt, entweder knapp unter oder \u00fcber 20 \u20ac plus Strom. Schlussendlich musste ich am n\u00e4chsten Tag nur 14,- \u20ac zahlen, da ich etwas &#8220;sp\u00e4ter gekommen sei&#8221;. Strom hatte ich danach noch erw\u00e4hnt, aber sie meinte, dass das OK sei, hatte sie wohl auch vergessen.<\/p>\n<p>Da ich auf meine E-Mail Anfang M\u00e4rz an den M\u00f6lltaler noch keine Antwort erhalten hab, hab ich sie gestern nochmals abgeschickt und heute die Antwort erhalten .. <\/p>\n<p>.. schwierig ..<\/p>\n<p>Man hat ja mittlerweile die Saison auf Ende Mai festgelegt, zu Beginn wollte man ja am 7. oder 8.5. schlie\u00dfen. <\/p>\n<p>.. es ist noch nicht fix, ob die Top-Ski-Saisonkarte bis Ende Mai gilt bzw. wie lang also genau. Man sei aktuell noch in Verhandlungen.<\/p>\n<p>.. die  Go-Pass-Saisonkarte, die es ja immer schon ab April zum g\u00fcnstigen Vorverkaufspreis gibt, w\u00e4re jedenfalls dann ab sofort g\u00fcltig &#8220;bis Ende n\u00e4chster Saison, Mai 2024&#8221;<\/p>\n<p>.. Sommerski wird es heuer nicht geben (hatte ich bei den geringen Schneeh\u00f6hen heuer und dem warmen Sommer letztes Jahr, wo es ja auch keinen Skibetrieb gab), bereits erwartet. <\/p>\n<p>Vermutlich hat man deshalb auch vor einiger Zeit bis Ende Mai verl\u00e4ngert, fr\u00fcher hatte man ja ca. Anfang Mai bis Mitte Juni Revision, um dann in die Sommerskisaison zu starten, wenn ich mich recht erinnere.<\/p>\n<p>.. jedenfalls hoffe man, n\u00e4chsten Herbst, ggf. auch wegen des fehlenden Sommerskifahrens heuer, fr\u00fcher starten zu k\u00f6nnen. (Diese Saison, also Herbst 2022, waren sie ja arg sp\u00e4t dran.)<\/p>\n<p>Das hei\u00dft, ich wei\u00df noch gar nichts. Wenn der Top-Ski-Pass bis Ende Mai g\u00fcltig sein sollte, w\u00e4re mir der Kauf des Go-Passes etwas zu riskant, da ich den ja n\u00e4chste Saison nur von Saison\u00f6ffnung bis Dezember fahren w\u00fcrde. Wenn die \u00d6ffnung erst wieder im November w\u00e4re, w\u00e4re mir das die 450-500 \u20ac nicht wert. Wenn ich dagegen jetzt im Mai noch 20 sch\u00f6ne Tage darauf fahren k\u00f6nnte, die mir sicherlich wertvoller als die Tage im Herbst w\u00e4ren, s\u00e4he die Sache nat\u00fcrlich anders aus. Also 15 Tage jetzt, 15 Tage im Herbst\/Fr\u00fchwinter und noch ein paar Tage im Dezember die Go-Pass-Saisonkarten-Skigebiete in SK\/CZ\/PL\/woauchimmer besuchen auf dem Weg nach Skandinavien, da k\u00f6nnte ich die 450-500 \u20ac schon einfahren.<\/p>\n<p>Wenn der Top-Ski-Pass bis Ende Mai gelten sollte, spar ich mir wohl das Geld, fahr im Herbst vielleicht ein paar Tage quasi auf dem Weg und dann eben schon fr\u00fcher nach Skandinavien weiter.<\/p>\n<p>(Der gr\u00f6\u00dfte Nachteil am M\u00f6lltaler ist ja, dass es keinen brauchbaren SL gibt. Also quasi nur zwei kurze Liftchen an der Mittelstation.)<\/p>\n<p>Ja krass: In Bad Kleinkirchheim ist mittlerweile die komplette 4EUB-8EUB-Seite dicht. Obwohl man oberhalb der 4EUB an den SL und den 4SB doch wohl noch genug Schnee h\u00e4tte?! Die Geh\u00e4nge am SL sind schon entfernt laut Webcambild. Die machen da also auch nicht mal mehr zu Ostern nochmals auf. Macht mich fertig hier in \u00d6sterreich, diese fr\u00fchen Saisonschlie\u00dfungen.<\/p>\n<p>Ca. 99% der restlichen noch in AT ge\u00f6ffneten Skigebiete au\u00dferhalb meiner Saisonkarte interessieren mich entweder nicht oder haben zu teure Skip\u00e4sse. Ich sollte mir ein neues Hobby suchen.<\/p>\n<p>Wusste gar nicht, dass es in \u00d6sterreich schon Tageskarten um \u00fcber 70 \u20ac gibt. Kitzb\u00fcheler SuperSkiCard 72,- \u20ac 1 Tag. Da kommt man auch mit einer 8-Tages-Karte nicht unter 52 \u20ac. Krass. Ich will nach \u00c5re. Echt, ich vermiss sogar die Skistar-Skigebiete heuer. Zumindest einige davon. In \u00c5re\/Duved\/Tegefj\u00e4ll w\u00fcrde man einen 6-8-Tages-Pass ab Samstag f\u00fcr 262,50 \u20ac bekommen, unter 33 \u20ac pro Tag. Und man scheint sogar noch einen Gutschein f\u00fcr einen gratis Skitag in einem  Skistar-Skigebiet on-top zu bekommen, dann also sogar 9 Tage um unter 30 \u20ac pro Tag.<\/p>\n<p>Und besser gefallen als >90% der \u00f6sterreichischen Skigebiete w\u00fcrde es mir dort auch. Wobei man fairerweise dazusagen muss, dass ja die eine sch\u00f6ne DSB von den letzten Jahren jetzt mit einer KSB ersetzt sein sollte. Ab morgen, also nicht die ganze Vor-Oster-Ferienwoche, w\u00fcrde der Skipass sogar noch g\u00fcnstiger sein, 232 \u20ac. Vielleicht h\u00e4tte ich mir doch vor 2 Jahren eine Wohnung oder ein H\u00e4uschen in Schweden kaufen sollen &#8230; <\/p>\n<p>H\u00e4tte mir das einer vorletzte Saison gesagt, das mir Schweden heuer so abgehen wird, h\u00e4tte ich ihn f\u00fcr verr\u00fcckt erkl\u00e4rt. Letztes Jahr sah es ja schon etwas anders aus, da bef\u00fcrchtete ich ja bereits, dass mir die hohe Schlepperdichte von Skandinavien diesen Winter abgehen wird. Wobei ich in K\u00e4rnten ja nun wirklich genug sch\u00f6ne Schlepplifte hatte heuer. Aber eben auch so viele 6KSB und Zwangsverriegelungs-M\u00fcll. Wobei ich eine 6SB in Skistar-Vemdalen ja auch mangels Fu\u00dfraster boykottiert hab und andere nicht gefahren bin, weil man sie via SL umfahren konnte.<\/p>\n<p>Und naja, der einzige Campingplatz da vor \u00c5re verlangt heuer 550 SEK pro Nacht bzw. 3300 SEK pro Woche. Letzten Winter waren das 2300 oder so! Ne, das w\u00fcrd ich dann auch nicht mehr zahlen. F\u00fcr eine Wochenkarte im Fr\u00fchjahr kann man ja auch oben im Skigebiet frei stehen ;-)<\/p>\n<p>Ich will meinem Auto aber jetzt echt keine Fahrt nach Skandinavien antun. 240.000km und keine Lust, ein anderes zu kaufen bei den momentanen Preisen, das muss noch bisschen halten. Aber ob ich hier in K\u00e4rnten noch 40 Tage heuer fahren will, um auf meine 150 Skitage zu kommen, ist auch fraglich. Wobei Tignes lt. Bergfex-Schneeh\u00f6he heuer \u00fcber 4m Schnee hat. Da k\u00f6nnte vielleicht ein Besuch im Sommer interessant sein. Wenn halt das drumherum nicht immer so nervig w\u00e4re. Hohe Temperaturen beim Schlafen im Auto, die weite Fahrt, die nervigen Rennkids im Sommer. Sofern die \u00fcberhaupt noch Sommerski anbieten. Auf deren Website unter Aktivit\u00e4ten-Sommer fehlt n\u00e4mlich Ski &#8230; und die generelle Sommerski-Seite ist datumsm\u00e4\u00dfig noch auf 2022 eingestellt. Die Gletscher-SL Rosolin + Champagny sind mittlerweile wohl auch abgebaut &#8230;<\/p>\n<p>Die Sommerski-Tageskarte am Hintertuxer wird diesen Sommer 59,- \u20ac kosten. Ok, ich w\u00fcrd ja vermutlich noch Einheimischentarif bekommen. Ansonsten, Skifahren macht keinen Spa\u00df mehr bei solchen Preisen.<\/p>\n<p>&#8212;<br \/>\nAus der Politik, ein kleiner Blick auf das &#8220;von den USA v\u00f6lkerrechtswidrig besetzte Syrien&#8221;:<br \/>\n<a href='https:\/\/norberthaering.de\/news\/usa-syrien\/'>https:\/\/norberthaering.de\/news\/usa-syrien\/<\/a><\/p>\n<p>Schon praktisch, diese Installation der &#8220;Faktenchecker&#8221; seit Corona&#8230;<br \/>\n<a href='https:\/\/norberthaering.de\/propaganda-zensur\/ganser-guerot-krone\/'>https:\/\/norberthaering.de\/propaganda-zensur\/ganser-guerot-krone\/<\/a><\/p>\n","protected":false},"excerpt":{"rendered":"<p>Di, 28.3.2023<\/p>\n<p>Meldeten die Wettervorhersagen vor ein paar Tagen noch, dass es von heute Dienstag bis Freitag halbwegs stabil werden sollte in den n\u00f6rdlichen osttiroler Skigebieten, werden nun f\u00fcr die n\u00e4chsten Tage wieder nur Wolken und bisschen Schneefall gemeldet :(<\/p>\n<p>Da es heute halbwegs sonnig, wenn auch sehr kalt, werden soll, ich aber mit Tanken <a href=\"http:\/\/blog.inmontanis.info\/?p=8717\">[&#8230;]<\/a><\/p>\n","protected":false},"author":1,"featured_media":8720,"comment_status":"closed","ping_status":"closed","sticky":false,"template":"","format":"standard","meta":{"footnotes":""},"categories":[13,27,837],"tags":[],"class_list":["post-8717","post","type-post","status-publish","format-standard","has-post-thumbnail","hentry","category-austria","category-skifahren-winterskiing-winter","category-st-jakob-defereggen","odd"],"_links":{"self":[{"href":"http:\/\/blog.inmontanis.info\/index.php?rest_route=\/wp\/v2\/posts\/8717","targetHints":{"allow":["GET"]}}],"collection":[{"href":"http:\/\/blog.inmontanis.info\/index.php?rest_route=\/wp\/v2\/posts"}],"about":[{"href":"http:\/\/blog.inmontanis.info\/index.php?rest_route=\/wp\/v2\/types\/post"}],"author":[{"embeddable":true,"href":"http:\/\/blog.inmontanis.info\/index.php?rest_route=\/wp\/v2\/users\/1"}],"replies":[{"embeddable":true,"href":"http:\/\/blog.inmontanis.info\/index.php?rest_route=%2Fwp%2Fv2%2Fcomments&post=8717"}],"version-history":[{"count":4,"href":"http:\/\/blog.inmontanis.info\/index.php?rest_route=\/wp\/v2\/posts\/8717\/revisions"}],"predecessor-version":[{"id":8722,"href":"http:\/\/blog.inmontanis.info\/index.php?rest_route=\/wp\/v2\/posts\/8717\/revisions\/8722"}],"wp:featuredmedia":[{"embeddable":true,"href":"http:\/\/blog.inmontanis.info\/index.php?rest_route=\/wp\/v2\/media\/8720"}],"wp:attachment":[{"href":"http:\/\/blog.inmontanis.info\/index.php?rest_route=%2Fwp%2Fv2%2Fmedia&parent=8717"}],"wp:term":[{"taxonomy":"category","embeddable":true,"href":"http:\/\/blog.inmontanis.info\/index.php?rest_route=%2Fwp%2Fv2%2Fcategories&post=8717"},{"taxonomy":"post_tag","embeddable":true,"href":"http:\/\/blog.inmontanis.info\/index.php?rest_route=%2Fwp%2Fv2%2Ftags&post=8717"}],"curies":[{"name":"wp","href":"https:\/\/api.w.org\/{rel}","templated":true}]}}