{"id":8708,"date":"2023-03-26T18:35:19","date_gmt":"2023-03-26T16:35:19","guid":{"rendered":"http:\/\/blog.inmontanis.info\/?p=8708"},"modified":"2023-03-28T18:51:55","modified_gmt":"2023-03-28T16:51:55","slug":"nassfeld-25-26-3-2023","status":"publish","type":"post","link":"http:\/\/blog.inmontanis.info\/?p=8708","title":{"rendered":"Nassfeld, 25.+26.3.2023"},"content":{"rendered":"<p><strong>Sa, 25.3.2023<\/strong><\/p>\n<p>Sp\u00e4testens ab 5 Uhr regnete es und es kam bald Donner dazu, entsprechend konnte ich kaum noch schlafen. Und weil ich gestern verga\u00df, dass ich welche kaufen musste, hatte ich morgens keine Semmeln. Jetzt, wo ich endlich wieder ein funktionierendes Cutter-Messer hab, um die Semmeln mit m\u00f6glichst wenig Br\u00f6sel aufzuschneiden&#8230;<\/p>\n<p>Naja, wollte heut Vormittag eh noch beim Hofer vorbeifahren, lag auf dem Weg ins Skigebiet, aber nicht mehr heute Nachmittag.<\/p>\n<p><a href='http:\/\/extra.inmontanis.info\/d\/98984-2\/DSC03702.jpg'><img src=http:\/\/extra.inmontanis.info\/d\/98983-3\/DSC03702.jpg \/><\/a><br \/>\n^ Isle of Man Souvenirs. Das Kissen verwend ich unterwegs doch arg selten.<\/p>\n<p>Auch wenn an der \u00e4lteren Stoff-T\u00fcte links einige F\u00e4den oben locker sind, war sie bisher doch ungleich h\u00e4\u00fcfiger in Verwendung als die neuere Plastik-\/Planen-Tasche, deren gen\u00e4hten Ecken und Kanten schon an mehreren Stellen aufgegangen sind. Allerdings lud sie aufgrund ihrer Gr\u00f6\u00dfe auch zu gr\u00f6\u00dferen und schwereren Eink\u00e4ufen ein. Immerhin sind die N\u00e4hte an den Griffen\/Henkeln noch fest.<\/p>\n<p>Sanit\u00e4ranlagen am Campingplatz hier im Hermagor sind ganz ok, einzelne Dusch-WC-Abteile mit genug Platz also zum Umziehen etc., sogar mit Strom, somit man die Handt\u00fccher weniger nass macht, wenn man einen F\u00f6hn verwendet.<\/p>\n<p>Beim Abbau und M\u00fcllgang wars gerade trocken, am Hofer regnete es wieder. Am Parkplatz der 15EUB im Skigebiet Nassfeld angekommen, gab es noch etwas Nieselregen, aber schon etwas blauen Himmel. Los war hier weniger als zu Saisonbeginn, aber immerhin fuhr der Parkplatz-Pendel-Shuttle. Leider bestand die Talabfahrt nur noch aus einzelnen Schneeflecken, die an mehreren Stellen nicht mehr verbunden waren. Durch den Regen waren mir die Zwischenst\u00fccke aber heute eh zu matschig. <\/p>\n<p>Da laut interaktivem Plan aber der untere Teil der Abfahrt auch heute noch gr\u00fcn\/ge\u00f6ffnet ist, war das etwas entt\u00e4uschend. Die obere, flache H\u00e4lfte h\u00e4tte ich aber eh nicht fahren wollen, nur den unteren Teil. \u00dcberhaupt ist das hier etwas schwierig, festzustellen, ob nun eine Abfahrt offen ist oder nicht, denn die Pistenpl\u00e4ne im Skigebiet haben anscheinend (allesamt?) keinen Pisten\/Lift\u00f6ffnungsstatus.<\/p>\n<p>Die Pisten\/Abschnitte, wo noch keiner oder kaum einer gefahren ist, waren zu Beginn mit dem Neuschnee gut zu fahren. Aber kaum war um halb Zw\u00f6lf hier und da die erste Sonne zu sehen, wurde es nat\u00fcrlich gleich pappig, die Osth\u00e4nge extrem stockend, nach 12 Uhr gab&#8217;s auch auf den anderen Pisten ekelhafte Stop-and-Go-Verh\u00e4ltnisse. Leider gibt&#8217;s aber ohne Talabfahrt heute keine neuschneefreie Abfahrt, die weniger pappen k\u00f6nnte.<\/p>\n<p>Nach dem vielen und starken Pappschnee \u00fcberraschte um 14 Uhr die 60 zur Blauhauben-6KSB M\u00f6ssern. Kein Pappschnee mehr und auch nicht so tief aufgefahren wie die anderen. Auch zur Mittelstation war es pl\u00f6tzlich nicht mehr pappig, die unbefahrenen Pistenabschnitte zB. am \u00dcbungs-SL gingen auf dem Neuschnee firnig-toll. Dann halt doch noch nicht aufgeh\u00f6rt. Die Sicht \u00e4nderte sich alle paar Minuten, wenn mal wieder ein paar dichten Nebelwolken durchzogen.<\/p>\n<p>Grund, dass es nun besser ging: es wurde k\u00e4lter, Sonne schien auch kaum noch. Daher noch die Skirouten an der M\u00f6ssern-6KSB gefahren.<\/p>\n<p>Auf die letzte Fahrt zur 2. Mittelstation h\u00e4tte ich verzichten sollen und an der Bergstation einsteigen sollen, denn es schneeregnete\/eisregnete und ich wurde also bl\u00f6derweise nochmals nass. Auf der Talfahrt mit der EUB Sturm, starker Regen, Sonne, wieder trocken und ein Regenbogen.<\/p>\n<p>Und ich sah aus der Gondelbahn den Parkplatz-Pendle-Shuttle nicht mehr fahren, stand die ganze Zeit an einem der oberen Parkpl\u00e4tze. Nach dem Klogang, um 15:50, kam er dann doch zuf\u00e4llig. Gl\u00fcck gehabt.<\/p>\n<p><a href='http:\/\/ski.inmontanis.info\/d\/316834-2\/DSC03703.jpg'><img src=http:\/\/ski.inmontanis.info\/d\/316833-3\/DSC03703.jpg \/><\/a><br \/>\n^ Talabfahrt, lt. interaktivem Pistenplan auf offen, aber in Wahrheit ist sie geschlossen :(<\/p>\n<p><a href='http:\/\/ski.inmontanis.info\/d\/316838-2\/DSC03704.jpg'><img src=http:\/\/ski.inmontanis.info\/d\/316837-3\/DSC03704.jpg \/><\/a><br \/>\n^ Unzuverl\u00e4ssiges Parkplatz-Shuttle<\/p>\n<p><a href='http:\/\/ski.inmontanis.info\/d\/316842-2\/DSC03706.jpg'><img src=http:\/\/ski.inmontanis.info\/d\/316841-3\/DSC03706.jpg \/><\/a><br \/>\n^ F\u00fcr die Talabfahrt als Restschnee-Abfahrt war&#8217;s mir heute zu matschig-dreckig. Falls man \u00fcberhaupt h\u00e4tte aussteigen d\u00fcrfen\/k\u00f6nnen<\/p>\n<p><a href='http:\/\/ski.inmontanis.info\/d\/316846-2\/DSC03713.jpg'><img src=http:\/\/ski.inmontanis.info\/d\/316845-3\/DSC03713.jpg \/><\/a><br \/>\n^ 15EUB Millenium \u00fcber dem Wolken-Nebelmeer<\/p>\n<p><a href='http:\/\/ski.inmontanis.info\/d\/316850-2\/DSC03714.jpg'><img src=http:\/\/ski.inmontanis.info\/d\/316849-3\/DSC03714.jpg \/><\/a><br \/>\n^ 6KSB Madritsche<\/p>\n<p><a href='http:\/\/ski.inmontanis.info\/d\/316854-2\/DSC03715.jpg'><img src=http:\/\/ski.inmontanis.info\/d\/316853-3\/DSC03715.jpg \/><\/a><br \/>\n^ De-Pretis-Doppel-Tellerlift an der 6KSB Madritsche<\/p>\n<p><a href='http:\/\/ski.inmontanis.info\/d\/316858-2\/DSC03718.jpg'><img src=http:\/\/ski.inmontanis.info\/d\/316857-3\/DSC03718.jpg \/><\/a><br \/>\n^ 6KSB M\u00f6ssern mit Skiroute 61 links und Skiroute-Buckelpiste 62 rechts. Bin beide heute+morgen gefahren<\/p>\n<p><a href='http:\/\/ski.inmontanis.info\/d\/316862-2\/DSC03719.jpg'><img src=http:\/\/ski.inmontanis.info\/d\/316861-3\/DSC03719.jpg \/><\/a><br \/>\n^ Da ich die Zwangsverriegelungs-6KSB Rudnigsattel logischerweise boykottiere und der Weg durch den Graben verz\u00e4unt und versperrt ist, werd ich halt auch die beiden EUB da rechts hinten nicht fahren. Mir doch wurscht.<\/p>\n<p><a href='http:\/\/ski.inmontanis.info\/d\/316866-2\/DSC03720.jpg'><img src=http:\/\/ski.inmontanis.info\/d\/316865-3\/DSC03720.jpg \/><\/a><br \/>\n^ 4SB FIS<\/p>\n<p><a href='http:\/\/ski.inmontanis.info\/d\/316870-2\/DSC03721.jpg'><img src=http:\/\/ski.inmontanis.info\/d\/316869-3\/DSC03721.jpg \/><\/a><br \/>\n^ 4SB FIS und direkte Abfahrt<\/p>\n<p><a href='http:\/\/ski.inmontanis.info\/d\/316874-2\/DSC03724.jpg'><img src=http:\/\/ski.inmontanis.info\/d\/316873-3\/DSC03724.jpg \/><\/a><br \/>\n^ Au\u00dfenrumabfahrt 1 FIS von der Bergstation 4SB FIS<\/p>\n<p><a href='http:\/\/ski.inmontanis.info\/d\/316878-2\/DSC03738.jpg'><img src=http:\/\/ski.inmontanis.info\/d\/316877-3\/DSC03738.jpg \/><\/a><br \/>\n^ Regenbogen bei der Talfahrt mit der 15EUB<\/p>\n<p><a href='http:\/\/ski.inmontanis.info\/d\/316882-2\/DSC03739.jpg'><img src=http:\/\/ski.inmontanis.info\/d\/316881-3\/DSC03739.jpg \/><\/a><br \/>\n^ Regenbogen bei der Talfahrt mit der 15EUB<\/p>\n<p>Es bleibt die Frage, wohin morgen, wohin \u00fcbermorgen und die restliche n\u00e4chste Woche? Hier nochmals oder nicht? F\u00fcr Heiligenblut wird nun quasi t\u00e4glich die ganze Woche kaum bis keine Sonne gemeldet, danach ist aber Osterwoche, wo es sicherlich wieder voller sein wird und wo ich eigetlich nicht dort sein wollte. M\u00f6lltaler quasi nebendran ebenso, fast jeden Tag etwas Neuschnee, kaum Sonne, Dienstag -19\u00b0 morgens &#8230; \u00e4h, n\u00f6.<\/p>\n<p>Am (heute mal schneefreien) Camping\/Stellplatz Gailbergh\u00f6he angekommen, hatte ich immer noch keine Ahnung, ob ich 2 oder 3 N\u00e4chte bleiben m\u00f6chte. Bis er dann kam, hab ich mich doch f\u00fcr 3 N\u00e4chte entschieden (und nur 2 N\u00e4chte \u00e0 10,- \u20ac zahlen m\u00fcssen).  Morgen doch nochmals Nassfeld, Montag wetterbedingt ggf. Obertilliach, wo wegen zu viel Wind aber vielleicht komplett oder der obere SL geschlossen sein k\u00f6nnten. Arg viel Alternativen g\u00e4b&#8217;s aber keine. Au\u00dfer umgekehrt, morgen Obtertilliach und Montag Nassfeld. Andererseits soll&#8217;s morgen irgendwann Nachmittag vom Westen her schneien und ganztags Obertilliach muss auch nicht sein.<\/p>\n<p><a href='http:\/\/extra.inmontanis.info\/d\/98988-2\/DSC03743.jpg'><img src=http:\/\/extra.inmontanis.info\/d\/98987-3\/DSC03743.jpg \/><\/a><br \/>\n^ Heute + morgen gibt&#8217;s Berner W\u00fcrstl mit Pommes<\/p>\n<p>Die kleinen Pommes sind nat\u00fcrlich etwas schwierig, da sie so zahlreich sind und ich ja jedes einzelne Pommes umdrehen muss. Und mir m\u00f6glichst merken, in welche Richtung ich sie drehe, damit ggf. alle Seiten mal unten iiegen ..<\/p>\n<p>Heute Nacht ist wieder diese bscheuerte Zeitumstellung und ich werd um eine Stunde Schlaf betrogen, die mir dann im Herbst wieder geschenkt wird, wo sie mir nix n\u00fctzt. <\/p>\n<p>Diese ganze bel\u00e4mmerte Diskussion, ob man dann immer Sommerzeit oder immer Winterzeit gelten lassen sollte, lie\u00dfe sich einfach l\u00f6sen, in dem man sich einfach auf die Mitte, also 0,5h, einigen w\u00fcrde. <\/p>\n<p><strong>So, 26.3.2023<\/strong><\/p>\n<p>Als ich mit dem Umziehen am Parkplatz fertig war um 9:45 Uhr, kam pl\u00f6tzlich der Parkplatz-Pendel-Shuttle nicht mehr, stellte sich hinten an den Rand, obwohl gerade etliche Autos noch kamen. So ein Arschlochzeug&#8230;. schon wieder ein Grund f\u00fcr einen Boykott hier.<\/p>\n<p>Blieb mir also mangels besserer Alternativen nichts anderes \u00fcbrig, als die 10km zum Pass rauf zu fahren. Kaum fuhr ich ca. 10 Minuten sp\u00e4ter vom Parkplatz ab, fuhr auch dieses Arschloch-Parkplatz-Shuttle wieder, also so eine Verarsche, daf\u00fcr landet mal mindestens der Parkplatz hier unten endg\u00fcltig auf meiner Boykottliste. Da ich zudem heuer kein weiteres Mal mehr auf den Pass fahren will, ist das f\u00fcr heuer heute mein letzter Skitag hier.<\/p>\n<p>Schnee war nur an wenigen Stellen noch etwas zu hart, zumeist war er schon sch\u00f6n aufegfirnt. Die ersten pappigen Stellen gab&#8217;s aber schon vor 13 Uhr, blieb aber trotzdem wesentlich besser als gestern.<\/p>\n<p><a href='http:\/\/ski.inmontanis.info\/d\/316886-2\/DSC03748.jpg'><img src=http:\/\/ski.inmontanis.info\/d\/316885-3\/DSC03748.jpg \/><\/a><br \/>\n^ Blick von der Abfahrt der 4SB Fis zu den beiden 6KSB Garnitzen I+II<\/p>\n<p><a href='http:\/\/ski.inmontanis.info\/d\/316890-2\/DSC03749.jpg'><img src=http:\/\/ski.inmontanis.info\/d\/316889-3\/DSC03749.jpg \/><\/a><br \/>\n^ Links der 6KSB Garnitzen II steht im Plan noch eine Variante\/Route drin, aber keine Ahnung wo man da reinfahren sollte und ob man da vern\u00fcnftig durchkommt. Teilweise sind ja Bachl\u00e4ufe schon frei<\/p>\n<p><a href='http:\/\/ski.inmontanis.info\/d\/316894-2\/DSC03753.jpg'><img src=http:\/\/ski.inmontanis.info\/d\/316893-3\/DSC03753.jpg \/><\/a><br \/>\n^ 4KSB Gartnerkogel, links Abfahrt 1 FIS<\/p>\n<p><a href='http:\/\/ski.inmontanis.info\/d\/316898-2\/DSC03756.jpg'><img src=http:\/\/ski.inmontanis.info\/d\/316897-3\/DSC03756.jpg \/><\/a><br \/>\n^ 4SB FIS<\/p>\n<p><a href='http:\/\/ski.inmontanis.info\/d\/316902-2\/DSC03763.jpg'><img src=http:\/\/ski.inmontanis.info\/d\/316901-3\/DSC03763.jpg \/><\/a><br \/>\n^ 4SB FIS<\/p>\n<p><a href='http:\/\/ski.inmontanis.info\/d\/316906-2\/DSC03762.jpg'><img src=http:\/\/ski.inmontanis.info\/d\/316905-3\/DSC03762.jpg \/><\/a><br \/>\n^ 4SB FIS<\/p>\n<p><a href='http:\/\/ski.inmontanis.info\/d\/316910-2\/DSC03764.jpg'><img src=http:\/\/ski.inmontanis.info\/d\/316909-3\/DSC03764.jpg \/><\/a><br \/>\n^ 4SB FIS \/ 6KSB Garnitzen I \/ 4KSB Gartnerkofel<\/p>\n<p><a href='http:\/\/ski.inmontanis.info\/d\/316914-2\/DSC03759.jpg'><img src=http:\/\/ski.inmontanis.info\/d\/316913-3\/DSC03759.jpg \/><\/a><br \/>\n^ Blick ins Skigebiet von Bergstation 4SB FIS<\/p>\n<p><a href='http:\/\/ski.inmontanis.info\/d\/316918-2\/DSC03766.jpg'><img src=http:\/\/ski.inmontanis.info\/d\/316917-3\/DSC03766.jpg \/><\/a><br \/>\n^ Zoom runter zum Pass<\/p>\n<p><a href='http:\/\/ski.inmontanis.info\/d\/316922-2\/DSC03768.jpg'><img src=http:\/\/ski.inmontanis.info\/d\/316921-3\/DSC03768.jpg \/><\/a><br \/>\n^ Zoom runter zur Mittelstation Millenium-EUB, 4KSB Sonnleitn usw.<\/p>\n<p><a href='http:\/\/ski.inmontanis.info\/d\/316926-2\/DSC03765.jpg'><img src=http:\/\/ski.inmontanis.info\/d\/316925-3\/DSC03765.jpg \/><\/a><br \/>\n^ Abfahrt 1 FIS von der 4SB aus<\/p>\n<p><a href='http:\/\/ski.inmontanis.info\/d\/316930-2\/DSC03769.jpg'><img src=http:\/\/ski.inmontanis.info\/d\/316929-3\/DSC03769.jpg \/><\/a><br \/>\n^ Den \u00dcbungs-SL Schlanitzer-Alm bin ich heut auch noch gefahren. Der SL rechts daneben war ja heuer nicht in Betrieb<\/p>\n<p><a href='http:\/\/ski.inmontanis.info\/d\/316934-2\/DSC03770.jpg'><img src=http:\/\/ski.inmontanis.info\/d\/316933-3\/DSC03770.jpg \/><\/a><br \/>\n^ Links davon gibts noch ein F\u00f6rderband, das hab ich auslassen<\/p>\n<p><a href='http:\/\/ski.inmontanis.info\/d\/316938-2\/DSC03771.jpg'><img src=http:\/\/ski.inmontanis.info\/d\/316937-3\/DSC03771.jpg \/><\/a><br \/>\n^ Die 4KSB Sonnleitn \u00fcberquert eine Br\u00fccke, an deren Ende das im ersten Moment wie ein Totenkopfsch\u00e4del aussehende Schild h\u00e4ngt und mit 1984 und Koch-Br\u00fccke beschrieben ist und das sogar 4-sprachig. Was das soll, bleibt unklar, nicht mal auf Google kann man dazu was finden!!<\/p>\n<p><a href='http:\/\/ski.inmontanis.info\/d\/316942-2\/DSC03772.jpg'><img src=http:\/\/ski.inmontanis.info\/d\/316941-3\/DSC03772.jpg \/><\/a><br \/>\n^ 4KSB Sonnleitn, Koch-Br\u00fccke und links im Bild die Abfahrt 51<\/p>\n<p><a href='http:\/\/ski.inmontanis.info\/d\/316946-2\/DSC03774.jpg'><img src=http:\/\/ski.inmontanis.info\/d\/316945-3\/DSC03774.jpg \/><\/a><br \/>\n^ Blick in den rechten Skigebietsteil, der nur via Zwangsverriegelungs-6KSB erreichbar ist, von mir also gemieden wird. F\u00fcr die Talabfahrt bin ich den Schei\u00dflift ja ein einziges Mal gefahren. Muss reichen.<\/p>\n<p><a href='http:\/\/ski.inmontanis.info\/d\/316950-2\/DSC03773.jpg'><img src=http:\/\/ski.inmontanis.info\/d\/316949-3\/DSC03773.jpg \/><\/a><br \/>\n^ Blick in den rechten Skigebietsteil, der nur via Zwangsverriegelungs-6KSB erreichbar ist, von mir also gemieden wird. F\u00fcr die Talabfahrt bin ich den Schei\u00dflift ja ein einziges Mal gefahren. Muss reichen.<\/p>\n<p><a href='http:\/\/ski.inmontanis.info\/d\/316954-2\/DSC03776.jpg'><img src=http:\/\/ski.inmontanis.info\/d\/316953-3\/DSC03776.jpg \/><\/a><br \/>\n^ Abfahrt 51 an der 4KSB Sonnleitn<\/p>\n<p><a href='http:\/\/ski.inmontanis.info\/d\/316958-2\/DSC03778.jpg'><img src=http:\/\/ski.inmontanis.info\/d\/316957-3\/DSC03778.jpg \/><\/a><br \/>\n^ Abfahrt 51 an der 4KSB Sonnleitn<\/p>\n<p><a href='http:\/\/ski.inmontanis.info\/d\/316962-2\/DSC03779.jpg'><img src=http:\/\/ski.inmontanis.info\/d\/316961-3\/DSC03779.jpg \/><\/a><br \/>\n^ Auf der R\u00fcckseite Madritsche \/ Bergstation 15EUB\/6KSB\/6KSB gibts ja diese gro\u00dfe Felswand. Was man statisch nicht so wahrnimmt, wohl aber, wenn man mit der 6KSB Madritsche rauff\u00e4hrt, dass der vordere Teil (rechts der Bildmitte) und der hintere Teil nicht ein Fels ist, sondern da ist ein Tal dazwischen!<\/p>\n<p><a href='http:\/\/ski.inmontanis.info\/d\/316966-2\/DSC03780.jpg'><img src=http:\/\/ski.inmontanis.info\/d\/316965-3\/DSC03780.jpg \/><\/a><br \/>\n^ Heuer leider nicht in Betrieb, SL Kanonenrohr<\/p>\n<p><a href='http:\/\/ski.inmontanis.info\/d\/316970-2\/DSC03783.jpg'><img src=http:\/\/ski.inmontanis.info\/d\/316969-3\/DSC03783.jpg \/><\/a><br \/>\n^ Heuer leider nicht in Betrieb, SL Kanonenrohr<\/p>\n<p><a href='http:\/\/ski.inmontanis.info\/d\/316974-2\/DSC03785.jpg'><img src=http:\/\/ski.inmontanis.info\/d\/316973-3\/DSC03785.jpg \/><\/a><br \/>\n^ Buckelpiste 62 an der 6KSB M\u00f6ssern<\/p>\n<p><a href='http:\/\/ski.inmontanis.info\/d\/316978-2\/DSC03786.jpg'><img src=http:\/\/ski.inmontanis.info\/d\/316977-3\/DSC03786.jpg \/><\/a><br \/>\n^ Skiroute 61 an der 6KSB M\u00f6ssern<\/p>\n<p><a href='http:\/\/ski.inmontanis.info\/d\/316982-2\/DSC03788.jpg'><img src=http:\/\/ski.inmontanis.info\/d\/316981-3\/DSC03788.jpg \/><\/a><br \/>\n^ Skiroute 61 an der 6KSB M\u00f6ssern<\/p>\n<p><a href='http:\/\/extra.inmontanis.info\/d\/98992-2\/DSC03792.jpg'><img src=http:\/\/extra.inmontanis.info\/d\/98991-3\/DSC03792.jpg \/><\/a><br \/>\n^ Hab nat\u00fcrlich noch bissl was aus Schweden, Veilchen-Lakritz-L\u00e4kerol noch mehrere Packungen reichen eh noch bis ich wieder in Schweden bin, aber auch die Lakritz-Kaugummi sind noch bis Mitte April haltbar.  Die sind \u00fcbrigens nicht nur lecker, sondern schmecken am l\u00e4ngsten. Kenne sonst keine Kaugummi, die nach so langer Zeit im Mund immer noch nach dem schmecken, wonach sie schmecken sollen. Den Lakritzgeschmack merkt man auch nach 2 Stunden noch deutlich. Wei\u00df gar nicht, ob ich so einen Kaugummi schon mal so lang im Mund hatte, bis man nichts mehr schmeckte. Bei anderen tritt das ja manchmal schon nach vielleicht 15 Minuten ein.<\/p>\n<p>Um 14:40 Uhr machte ich die letzte Bergfahrt, der Himmel wurde immer dunkler, wollte nicht nass werden, hatte alles, was ich wollte, abgfahren. Abgesehen von dem bl\u00f6den Arschloch-Shuttle heute Morgen war es dank der Pistenverh\u00e4ltnisse (und wenigen Leuten) noch ein sch\u00f6ner Tag.<\/p>\n<p><a href='http:\/\/ski.inmontanis.info\/d\/316986-2\/ge2023032526b.jpg'><img src=http:\/\/ski.inmontanis.info\/d\/316985-3\/ge2023032526b.jpg \/><\/a><br \/>\n^ GPS-Track 25. und 26.3.2023 in Rosa\/Orange und vorherige Besuche in Blau. Gelb ist die Staatsgrenze nach Italien<\/p>\n<p>Kaum im Tal und etwas westw\u00e4rts gefahren, fing es dann zu regnen an, entsprechend auch am Camping\/Stellplatz. Wenn ich auch auf den Gang zum Klo verzichten kann, muss ich doch den Strom anschlie\u00dfen. Erst viel sp\u00e4ter h\u00e4tte es mal aufgeh\u00f6rt, aber da hatte ich schon l\u00e4ngst alles umgebaut.<\/p>\n<p>(Mein Problem ist ja nicht, das bisschen nass zu werden, sondern die nassen Klamotten dann zus\u00e4tzlich im Auto zu haben.)<\/p>\n","protected":false},"excerpt":{"rendered":"<p>Sa, 25.3.2023<\/p>\n<p>Sp\u00e4testens ab 5 Uhr regnete es und es kam bald Donner dazu, entsprechend konnte ich kaum noch schlafen. Und weil ich gestern verga\u00df, dass ich welche kaufen musste, hatte ich morgens keine Semmeln. Jetzt, wo ich endlich wieder ein funktionierendes Cutter-Messer hab, um die Semmeln mit m\u00f6glichst wenig Br\u00f6sel aufzuschneiden&#8230;<\/p>\n<p>Naja, wollte heut <a href=\"http:\/\/blog.inmontanis.info\/?p=8708\">[&#8230;]<\/a><\/p>\n","protected":false},"author":1,"featured_media":8710,"comment_status":"closed","ping_status":"closed","sticky":false,"template":"","format":"standard","meta":{"footnotes":""},"categories":[214,13,27],"tags":[49,56,77,47],"class_list":["post-8708","post","type-post","status-publish","format-standard","has-post-thumbnail","hentry","category-nassfeld","category-austria","category-skifahren-winterskiing-winter","tag-4sb","tag-6sb","tag-nebelmeer","tag-sl","odd"],"_links":{"self":[{"href":"http:\/\/blog.inmontanis.info\/index.php?rest_route=\/wp\/v2\/posts\/8708","targetHints":{"allow":["GET"]}}],"collection":[{"href":"http:\/\/blog.inmontanis.info\/index.php?rest_route=\/wp\/v2\/posts"}],"about":[{"href":"http:\/\/blog.inmontanis.info\/index.php?rest_route=\/wp\/v2\/types\/post"}],"author":[{"embeddable":true,"href":"http:\/\/blog.inmontanis.info\/index.php?rest_route=\/wp\/v2\/users\/1"}],"replies":[{"embeddable":true,"href":"http:\/\/blog.inmontanis.info\/index.php?rest_route=%2Fwp%2Fv2%2Fcomments&post=8708"}],"version-history":[{"count":2,"href":"http:\/\/blog.inmontanis.info\/index.php?rest_route=\/wp\/v2\/posts\/8708\/revisions"}],"predecessor-version":[{"id":8711,"href":"http:\/\/blog.inmontanis.info\/index.php?rest_route=\/wp\/v2\/posts\/8708\/revisions\/8711"}],"wp:featuredmedia":[{"embeddable":true,"href":"http:\/\/blog.inmontanis.info\/index.php?rest_route=\/wp\/v2\/media\/8710"}],"wp:attachment":[{"href":"http:\/\/blog.inmontanis.info\/index.php?rest_route=%2Fwp%2Fv2%2Fmedia&parent=8708"}],"wp:term":[{"taxonomy":"category","embeddable":true,"href":"http:\/\/blog.inmontanis.info\/index.php?rest_route=%2Fwp%2Fv2%2Fcategories&post=8708"},{"taxonomy":"post_tag","embeddable":true,"href":"http:\/\/blog.inmontanis.info\/index.php?rest_route=%2Fwp%2Fv2%2Ftags&post=8708"}],"curies":[{"name":"wp","href":"https:\/\/api.w.org\/{rel}","templated":true}]}}