{"id":8704,"date":"2023-03-24T19:44:11","date_gmt":"2023-03-24T18:44:11","guid":{"rendered":"http:\/\/blog.inmontanis.info\/?p=8704"},"modified":"2023-03-26T19:56:36","modified_gmt":"2023-03-26T17:56:36","slug":"gerlitzen-24-3-2023","status":"publish","type":"post","link":"http:\/\/blog.inmontanis.info\/?p=8704","title":{"rendered":"Gerlitzen, 24.3.2023"},"content":{"rendered":"<p><strong>Fr, 24.3.2023<\/strong><\/p>\n<p>Warum Gerlitzen siehe gestriger Bericht. Bei 15\u00b0 an der Talstation der 4KSB entschied ich mich, trotz des Windes und weil es mir die letzten Tage auch teilweise etsas zu warm war, erstmals heuer f\u00fcr die Sommerskibekleidung. Also zumindest, was Hose\/Jacke angeht. War aber wie bef\u00fcrchtet doch etwas zu k\u00fchl, weil eben oben Wind und die Sonne immer weniger wurde.<\/p>\n<p>Der Schnee war weich, tief weich und leider relativ bremsend. Der Wind war trotz der warmen Temperaturen st\u00f6rend. Die Zwangsverriegelungs-Sessellifte lie\u00df ich nat\u00fcrlich wieder aus. Nat\u00fcrlich gab es um 14:30, als ich aufh\u00f6rte, den blauesten Himmel. Aber schneem\u00e4\u00dfig nicht mehr sinnvoll heute. Wobei die beiden nicht mehr pr\u00e4parierten Abfahrtsst\u00fccke halbwegs gut gingen.<\/p>\n<p><a href='http:\/\/ski.inmontanis.info\/d\/316790-2\/DSC03677.jpg'><img src=http:\/\/ski.inmontanis.info\/d\/316789-3\/DSC03677.jpg \/><\/a><br \/>\n^ 4KSB Kl\u00f6sterle 1<\/p>\n<p><a href='http:\/\/ski.inmontanis.info\/d\/316794-2\/DSC03678.jpg'><img src=http:\/\/ski.inmontanis.info\/d\/316793-3\/DSC03678.jpg \/><\/a><br \/>\n^ 4KSB Kl\u00f6sterle 1<\/p>\n<p><a href='http:\/\/ski.inmontanis.info\/d\/316798-2\/DSC03681.jpg'><img src=http:\/\/ski.inmontanis.info\/d\/316797-3\/DSC03681.jpg \/><\/a><br \/>\n^ &#8220;Geenterte&#8221; Bergstation 4KSB Kl\u00f6sterle 1. Es hat ja schon ein bisschen was von Horrorfilm, wenn einem so viele Quietscheentchen hier anschauen ;-)<\/p>\n<p><a href='http:\/\/ski.inmontanis.info\/d\/316802-2\/DSC03682.jpg'><img src=http:\/\/ski.inmontanis.info\/d\/316801-3\/DSC03682.jpg \/><\/a><br \/>\n^ Gipfel-SL Pacheiner, heute musste man leider von beiden Abfahrtsseiten aus schieben bei dem Pappschnee<\/p>\n<p><a href='http:\/\/ski.inmontanis.info\/d\/316806-2\/DSC03683.jpg'><img src=http:\/\/ski.inmontanis.info\/d\/316805-3\/DSC03683.jpg \/><\/a><br \/>\n^ Bergstation 4EUB \/ DSB Moser<\/p>\n<p><a href='http:\/\/ski.inmontanis.info\/d\/316810-2\/DSC03685.jpg'><img src=http:\/\/ski.inmontanis.info\/d\/316809-3\/DSC03685.jpg \/><\/a><br \/>\n^ Lanzenbeschneiung mit 3 Armen oben sieht man selten<\/p>\n<p><a href='http:\/\/ski.inmontanis.info\/d\/316814-2\/DSC03686.jpg'><img src=http:\/\/ski.inmontanis.info\/d\/316813-3\/DSC03686.jpg \/><\/a><br \/>\n^ SL Sonne \/ gegen\u00fcber Abfahrt an der 4KSB Gipfel<\/p>\n<p><a href='http:\/\/ski.inmontanis.info\/d\/316818-2\/DSC03687.jpg'><img src=http:\/\/ski.inmontanis.info\/d\/316817-3\/DSC03687.jpg \/><\/a><br \/>\n^ Geschlossene Abfahrt 7 am SL Pacheiner<\/p>\n<p><a href='http:\/\/ski.inmontanis.info\/d\/316822-2\/DSC05214.jpg'><img src=http:\/\/ski.inmontanis.info\/d\/316821-3\/DSC05214.jpg \/><\/a><br \/>\n^ IR-Zoom ins ehemalige Skigebiet am Dobratsch (Villacher Alpe), das hab ich leider nicht mehr geschafft. Unten eventuell SL und oben dann ein ESL im baumfreien Bereich, seufz!!<\/p>\n<p>Zum LSAP Dobratsch \/ Villacher Alpe:<\/p>\n<p>ESL:<br \/>\n<a href='https:\/\/image.jimcdn.com\/app\/cms\/image\/transf\/dimension=origxorig:format=jpg\/path\/se29c763b4c95f903\/image\/i81fede886bcfbeee\/version\/1486826158\/dobratsch-villacher-alpe-v-73-skilifte-waagtal.jpg'>https:\/\/image.jimcdn.com\/app\/cms\/image\/transf\/dimension=origxorig:format=jpg\/path\/se29c763b4c95f903\/image\/i81fede886bcfbeee\/version\/1486826158\/dobratsch-villacher-alpe-v-73-skilifte-waagtal.jpg<\/a><\/p>\n<p>Mehr alte Karten:<br \/>\n<a href='https:\/\/www.julische-alpen.info\/dobratsch-villacher-alpe\/dobratsch-historisch\/'>https:\/\/www.julische-alpen.info\/dobratsch-villacher-alpe\/dobratsch-historisch\/<\/a><\/p>\n<p><a href='http:\/\/ski.inmontanis.info\/d\/316826-2\/DSC03690.jpg'><img src=http:\/\/ski.inmontanis.info\/d\/316825-3\/DSC03690.jpg \/><\/a><br \/>\n^ 4KSB Kl\u00f6sterle 2<\/p>\n<p><a href='http:\/\/ski.inmontanis.info\/d\/316830-2\/ge20230324b.jpg'><img src=http:\/\/ski.inmontanis.info\/d\/316829-3\/ge20230324b.jpg \/><\/a><br \/>\n^ GPS-Track 24.3.2023 in Gelb, vorherige Besuche in Blau<\/p>\n<p>Tjaja, die n\u00e4chten Tage&#8230;.. Wie schon gesagt, am ehesten soll das Wetter in den s\u00fcdlicheren Gebieten brauchbar sein. Nassfeld (kein sonderlicher Fan von), Obertilliach (hat auch nur noch die unsch\u00f6ne Talabfahrt offen und war ich ja heuer schon oft genug), Kartitsch (g\u00e4hn), Sillian (ohne Talabfahrt auch g\u00e4hn, au\u00dfer sie ginge noch restschneem\u00e4\u00dfig), Lienz Zettersfeld (Doppel-G\u00e4hn).<\/p>\n<p>Wollte ja eine Woche Heiligenblut, aber auch dort nicht mehr rosig: Talabfahrt zu (au\u00dfer sie ginge noch restschneem\u00e4\u00dfig) und auch der SL ab Mautstelle zu (evtl. nur  unter der Woche? Zumindest lt. interaktivem Plan), also m\u00fcsste man an der Mittelstation parken, wo man aber schon wieder mehr Fu\u00dfweg h\u00e4tte  &#8211; und wenn man da nicht noch wenigstens nachmittags runterfahren k\u00f6nnte, wird mich das genauso nerven wie im Tal vom Parkhaus zur Talstation :( Das hei\u00dft, evtl. fahr ich nur noch 1 Tag Heiligenblut.<\/p>\n<p>Gerlitzen brauch ich heuer auch nicht nochmals, dann bliebe in der Gegend noch BKK. Ansonsten muss ich in Osttirol ja noch St. Jakob und Kals-Matrei fahren, aber die beiden werden mich wohl auch nicht umhauen.<\/p>\n<p>Wenn ich nicht eh schon vorh\u00e4tte, n\u00e4chstes Jahr nach Skandinavien zu fahren, w\u00fcrd ich jetzt noch 2 Monate rauffahren. So wie ich die letzten beiden Jahre das Fr\u00fchjahr wieder &#8220;im S\u00fcden&#8221; mit Sonne und Firnschnee herbeigesehen hab, war es in den letzten Wochen ja mal nicht. Und mit den die n\u00e4chsten Tage kommenden Schneefall hat sich das mit Firn bis Ostern wohl auch erledigt. Ein trockener Mai w\u00fcrde f\u00fcr guten Firn am M\u00f6lltaler sorgen, falls das eintreffen w\u00fcrde.<\/p>\n<p>Oder ich montier mir die normalen Winterreifen und fahr nochmals bissl nach Italien und Frankreich. Aber in den frz. Alpen soll es auch recht viel schneien die n\u00e4chsten Tage.  Und dann m\u00fcsste ich wenig sp\u00e4ter nochmals die (Sommer)r\u00e4der umstecken, weil ich die Winterreifen lieber n\u00e4chstes Jahr in Skandinavien fahren w\u00fcrde + anschlie\u00dfend im Sommer, weil dann zu wenig Profil f\u00fcr noch einen Winter.<\/p>\n<p>.. aber das lohnt sich schnee- und \u00f6ffnungsm\u00e4\u00dfig eh alles nicht, bin abends mal ein paar Schneeberichte durch. Dort, wo bei meiner Reise im Februar schon kaum oder kein Schnee lag, liegt jetzt noch weniger oder genauso nichts. In Griechenland w\u00e4ren noch 3 Skigebiete offen &#8211; lohnt sich nat\u00fcrlich auch nicht :) Rum\u00e4nien wohl auch so gut wie alles zu, in Slowenien laufen auch nur ein paar vereinzelte Lifte und auch in Schottland scheint man nicht in Schnee zu versinken und Vollbetrieb zu haben. Nein, dann muss ich mich wohl mit K\u00e4rnten begn\u00fcgen und froh sein, dass es bei uns noch so viel Schnee hat.<\/p>\n<p><a href='http:\/\/extra.inmontanis.info\/d\/98964-2\/DSC03691.jpg'><img src=http:\/\/extra.inmontanis.info\/d\/98963-3\/DSC03691.jpg \/><\/a><br \/>\n^ Das Tal westlich von den Gerlitzen\/Kl\u00f6sterle-KSB wurde wohl vor nicht all zu langer Zeit von Hochwasser und Muren geplagt&#8230;<\/p>\n<p><a href='http:\/\/extra.inmontanis.info\/d\/98968-2\/DSC03693.jpg'><img src=http:\/\/extra.inmontanis.info\/d\/98967-3\/DSC03693.jpg \/><\/a><br \/>\n^ <\/p>\n<p><a href='http:\/\/extra.inmontanis.info\/d\/98972-2\/DSC03695.jpg'><img src=http:\/\/extra.inmontanis.info\/d\/98971-3\/DSC03695.jpg \/><\/a><br \/>\n^ <\/p>\n<p><a href='http:\/\/extra.inmontanis.info\/d\/98976-2\/DSC03696.jpg'><img src=http:\/\/extra.inmontanis.info\/d\/98975-3\/DSC03696.jpg \/><\/a><br \/>\n^ Richtung Windische H\u00f6he (bei Kreuzen) &#8230;<\/p>\n<p><a href='http:\/\/extra.inmontanis.info\/d\/98980-2\/DSC03700.jpg'><img src=http:\/\/extra.inmontanis.info\/d\/98979-3\/DSC03700.jpg \/><\/a><br \/>\n^ .. danach geht&#8217;s nochmals bergab und nochmals bergauf zur Windischen H\u00f6he<\/p>\n<p>\u00dcbernachtet wird heute auf einem Campingplatz in Hermagor, ca. 10 km vor Nassfeld (EUB), der allerdings mit 22,70 \u20ac etwas teurer its als lt. Homepage erwartet, daf\u00fcr aber (im Gegensatz dazu) der Strom nicht extra abgerechnet wird.<\/p>\n<p>Nach dem D\u00f6ner letzten Sonntag gibt&#8217;s heute also endlich einmal wieder warmes Essen. Ich h\u00e4tte leider noch ein bisschen Sahne und auch noch Parmesan. Ob beides so viele Tage \u00fcberlebt hat? Die Sahne hat es nicht \u00fcberlebt, der geriebene Parmesan schon. Der ist aber fast etwas viel f\u00fcr eine Nudel-mit-Tomatenmark-Sauce&#8230; naja, egal, eigentlich kann eine Pastasauce gar nicht genug K\u00e4se haben ;)<\/p>\n<p>Bl\u00f6derweise entdeckt: Wimpy-Ketchup von UK letzten Sommer. MHD May 2023 und ich hatte ja erst die Hela-Schaschlick-Sauce aufgemacht :( Da muss ich wohl auf den n\u00e4chsten Campingplatztagen \u00f6fters mal Pommes \/ Kartoffelt\u00f6pfe machen&#8230;<\/p>\n<p>Nicht weit weg vom Campingplatz ist allerdings die befahrene Bundesstra\u00dfe und auch der Zug. Da es nachts viel zu warm ist, um den Heizer laufen zu lassen und ich wegen des Stromkabels ja das Fenster einen Spalt offen hab, k\u00f6nnte es also etwas lauter werden. Geweckt wurde ich um 5 Uhr aber von anderen Ger\u00e4uschen &#8230; <\/p>\n","protected":false},"excerpt":{"rendered":"<p>Fr, 24.3.2023<\/p>\n<p>Warum Gerlitzen siehe gestriger Bericht. Bei 15\u00b0 an der Talstation der 4KSB entschied ich mich, trotz des Windes und weil es mir die letzten Tage auch teilweise etsas zu warm war, erstmals heuer f\u00fcr die Sommerskibekleidung. Also zumindest, was Hose\/Jacke angeht. War aber wie bef\u00fcrchtet doch etwas zu k\u00fchl, weil eben oben Wind <a href=\"http:\/\/blog.inmontanis.info\/?p=8704\">[&#8230;]<\/a><\/p>\n","protected":false},"author":1,"featured_media":8706,"comment_status":"closed","ping_status":"closed","sticky":false,"template":"","format":"standard","meta":{"footnotes":""},"categories":[203,13,27],"tags":[49,47],"class_list":["post-8704","post","type-post","status-publish","format-standard","has-post-thumbnail","hentry","category-gerlitzen","category-austria","category-skifahren-winterskiing-winter","tag-4sb","tag-sl","odd"],"_links":{"self":[{"href":"http:\/\/blog.inmontanis.info\/index.php?rest_route=\/wp\/v2\/posts\/8704","targetHints":{"allow":["GET"]}}],"collection":[{"href":"http:\/\/blog.inmontanis.info\/index.php?rest_route=\/wp\/v2\/posts"}],"about":[{"href":"http:\/\/blog.inmontanis.info\/index.php?rest_route=\/wp\/v2\/types\/post"}],"author":[{"embeddable":true,"href":"http:\/\/blog.inmontanis.info\/index.php?rest_route=\/wp\/v2\/users\/1"}],"replies":[{"embeddable":true,"href":"http:\/\/blog.inmontanis.info\/index.php?rest_route=%2Fwp%2Fv2%2Fcomments&post=8704"}],"version-history":[{"count":2,"href":"http:\/\/blog.inmontanis.info\/index.php?rest_route=\/wp\/v2\/posts\/8704\/revisions"}],"predecessor-version":[{"id":8707,"href":"http:\/\/blog.inmontanis.info\/index.php?rest_route=\/wp\/v2\/posts\/8704\/revisions\/8707"}],"wp:featuredmedia":[{"embeddable":true,"href":"http:\/\/blog.inmontanis.info\/index.php?rest_route=\/wp\/v2\/media\/8706"}],"wp:attachment":[{"href":"http:\/\/blog.inmontanis.info\/index.php?rest_route=%2Fwp%2Fv2%2Fmedia&parent=8704"}],"wp:term":[{"taxonomy":"category","embeddable":true,"href":"http:\/\/blog.inmontanis.info\/index.php?rest_route=%2Fwp%2Fv2%2Fcategories&post=8704"},{"taxonomy":"post_tag","embeddable":true,"href":"http:\/\/blog.inmontanis.info\/index.php?rest_route=%2Fwp%2Fv2%2Ftags&post=8704"}],"curies":[{"name":"wp","href":"https:\/\/api.w.org\/{rel}","templated":true}]}}