{"id":8700,"date":"2023-03-23T20:24:29","date_gmt":"2023-03-23T19:24:29","guid":{"rendered":"http:\/\/blog.inmontanis.info\/?p=8700"},"modified":"2023-08-06T09:08:51","modified_gmt":"2023-08-06T07:08:51","slug":"goldeck-v2-23-3-2023-modernisiert-verkleinert","status":"publish","type":"post","link":"http:\/\/blog.inmontanis.info\/?p=8700","title":{"rendered":"Goldeck v2, 23.3.2023 &#8212; modernisiert &#038; verkleinert"},"content":{"rendered":"<p><strong>Do, 23.3.2023<\/strong><\/p>\n<p>2002 hat man am Goldeck anscheinend die Talabfahrt gebaut. Sogar Beschneiung hatte sie. Man landete aber irgendwo im Nirgendwo, nicht dort, wo die PB war. Also brauchte man einen Bustransfer.<\/p>\n<p>Sp\u00e4ter hat man eine EUB gebaut, um die PB zu ersetzen. Die startet dann tats\u00e4chlich da, wo die Talabfahrt endet.<\/p>\n<p>.. nur, sonderlich oft offen war die Talabfahrt seitdem nicht mehr, wurde kaum noch beschneit. Seit 2020 ist sie nun wohl wegen eines Felssturzes gesperrt. Aktuell ist sie nicht mehr als Abfahrt, sondern nur noch als Skiroute im Plan. Und offiziell war sie heuer immer geschlossen, wenn ich mal nachgesehen hatte. Ob sie trotzdem irgendwann mal fahrbar war? Und man sie fahren durfte bzw. auch von einigen befahren wurde?<\/p>\n<blockquote><p>\nEs wird sich gegen\u00fcber dem Vorjahr nichts \u00e4ndern. Die Nordabfahrt ist und bleibt gesperrt&#8221;, sagt G\u00fcnter Werginz, Gesch\u00e4ftsf\u00fchrer der Goldeck Bergbahnen GmbH, die eine Tochter der Strabag AG ist. &#8220;Wir lassen die Nordabfahrt zu, das Pr\u00e4parieren und Beschneien der Piste stellte sich zunehmend als Problem dar&#8221;, begr\u00fcndet Werginz die Ma\u00dfnahme\n<\/p><\/blockquote>\n<p>Trotzdem wird die lt. deren Angaben 8,5km schwarze Abfahrt weiterhin zu den Pistenkilometern gez\u00e4hlt.<\/p>\n<p>Die PB wurde mittlerweile in beiden Sektionen stillgelegt. Das Dorf an der Mittelstation ist quasi abgeschnitten. Die steile Skiroute an der Sektion 2 ebenso.<\/p>\n<p>Die Doppel-Kurven-DSB auf der S\u00fcdseite wurde auch ersatzlos gestrichen.<\/p>\n<p>Im Skigebiet gibt es nun 2 St\u00fcck 6KSB, die die Abfahrten an den ehemaligen SL und ESL erschlie\u00dfen. Zumindest heuer ist um 15:30 Betriebsende, letzte Talfahrt mit der EUB um 15:45 Uhr.<\/p>\n<p>Soll ich mir so ein Skigebiet wirklich antun? Alles komplett umgekrempelt, so viel aufgelassen, noch dazu wohl recht breite Abfahrten an zwei fast parallelen 6KSB??? W\u00e4re die Talabfahrt offen gewesen, w\u00e4re ich nat\u00fcrlich jedenfalls hin gefahren. So hatte ich eigentlich gar keine Lust.<\/p>\n<p>Immerhin sind aktuell mal alle Abfahrten an den beiden 6KSB offen &#8211; inkl. der Skirouten.<\/p>\n<p>Aber wenn Embergeralm nach wie vor wegen Defekt zu ist, dann halt doch Goldeck heute.<\/p>\n<p>Krass riesiger Parkplatz f\u00fcr das kleine Skigebiet hier. Da m\u00f6cht ich aber nicht da sein, wenn der voll ist&#8230;<\/p>\n<p>Einige Gondelkabinen sind nicht nur mit Werbung beklebt, sondern auch farblich entsprechend lackiert oder foliert, z.B. Wei\u00df, Gelb, Gold, T\u00fcrkis, Schwarz, das ist mal eine nette Abwechslung.<\/p>\n<p>Schnee war schon zu Mittag recht pappig, offpiste einsinkgef\u00e4hrdet, daher die Routen nur jeweils 1x gefahren. Dort, wo die Buckel waren, ging&#8217;s nat\u00fcrlich besser.<\/p>\n<p>Die beiden Leitner-6KSB haben zwar Lederpolster (bei den warmen Temperaturen jetzt nat\u00fcrlich egal), aber immerhin sonst keinen bl\u00f6den Schnickschnack, keine Kindersicherung, keine Zwangsverrieglung, noch nicht mal Lichtschranken am Einstieg, von dem her also noch angenehm.<\/p>\n<p>Teilweise wurden die Abfahrten wegen Schneemangel und am Rand nicht mehr prapariert &#8211; da ging&#8217;s dann nat\u00fcrlich besser zu fahren, h\u00e4rter, nicht pappig, firniger.<\/p>\n<p>F\u00fcr ein paar Stunden genug Abwechslung, aber ob ich das nochmals brauche, fraglich. Die Talabfahrt wenn mal ginge, ja.<\/p>\n<p><a href='http:\/\/ski.inmontanis.info\/d\/316558-2\/DSC03113.jpg'><img src=http:\/\/ski.inmontanis.info\/d\/316557-3\/DSC03113.jpg \/><\/a><br \/>\n^ Blick zum Skigebiet Goldeck mit der Talabfahrt rechts zu sehen von vor ein paar Tagen, also jedenfalls zu wenig Schnee f\u00fcr eine inoffizielle Befahrung.<\/p>\n<p><a href='http:\/\/ski.inmontanis.info\/d\/316562-2\/DSC03577.jpg'><img src=http:\/\/ski.inmontanis.info\/d\/316561-3\/DSC03577.jpg \/><\/a><br \/>\n^ F\u00fcr die Talabfahrt wurde vor ca. 10 Jahren sogar eine Br\u00fccke gebaut.<\/p>\n<p><a href='http:\/\/ski.inmontanis.info\/d\/316566-2\/DSC03580.jpg'><img src=http:\/\/ski.inmontanis.info\/d\/316565-3\/DSC03580.jpg \/><\/a><br \/>\n^ EUB-Strecke<\/p>\n<p><a href='http:\/\/ski.inmontanis.info\/d\/316570-2\/DSC03581.jpg'><img src=http:\/\/ski.inmontanis.info\/d\/316569-3\/DSC03581.jpg \/><\/a><br \/>\n^ Haus aus Container. Zur Talstation der EUB muss man etwas aufsteigen. Also das h\u00e4tte man doch wohl besser l\u00f6sen k\u00f6nnen?<\/p>\n<p><a href='http:\/\/ski.inmontanis.info\/d\/316574-2\/DSC03582.jpg'><img src=http:\/\/ski.inmontanis.info\/d\/316573-3\/DSC03582.jpg \/><\/a><br \/>\n^ Pistenplan und \u00d6ffnungsstatus. Abfahrt 5 im unteren Teil nicht pr\u00e4pariert, Skiroute 6 nicht ausgesteckt und nicht ganz erkennbar<\/p>\n<p>Plan vom 21.2.2007, wobei der ESL damals schon abgebaut war bis auf die Stationen:<br \/>\n<img src=http:\/\/ski.inmontanis.info\/d\/19316-2\/P1130842.jpg \/><br \/>\n<img src=http:\/\/ski.inmontanis.info\/d\/19335-2\/P1130850.jpg \/><\/p>\n<p>Noch \u00e4lterer Plan:<br \/>\n<a href='https:\/\/skimap.org\/data\/13488\/2205\/1539339265.jpeg'>https:\/\/skimap.org\/data\/13488\/2205\/1539339265.jpeg<\/a><\/p>\n<p><a href='http:\/\/ski.inmontanis.info\/d\/316578-2\/DSC03583.jpg'><img src=http:\/\/ski.inmontanis.info\/d\/316577-3\/DSC03583.jpg \/><\/a><br \/>\n^ Riesiger Parkplatz &#8211; da m\u00f6cht ich nicht hier sein, falls der mal voll ist<\/p>\n<p><a href='http:\/\/ski.inmontanis.info\/d\/316582-2\/DSC03585.jpg'><img src=http:\/\/ski.inmontanis.info\/d\/316581-3\/DSC03585.jpg \/><\/a><br \/>\n^ Talabfahrt mit Beschneiung, mittlerweile nur noch als Skiroute ausgezeichnet<\/p>\n<p><a href='http:\/\/ski.inmontanis.info\/d\/316586-2\/DSC03590.jpg'><img src=http:\/\/ski.inmontanis.info\/d\/316585-3\/DSC03590.jpg \/><\/a><br \/>\n^ Na schau an, als VORTEIL f\u00fcr den Online-Kauf der Skip\u00e4sse wird angef\u00fchrt, dass man auch Keycards anderer Skigebiete verwenden kann<\/p>\n<p><a href='http:\/\/ski.inmontanis.info\/d\/316590-2\/DSC03596.jpg'><img src=http:\/\/ski.inmontanis.info\/d\/316589-3\/DSC03596.jpg \/><\/a><br \/>\n^ Bunte Gondeln mit vollfl\u00e4chiger Werbung, wei\u00df, gold, gelb, t\u00fcrkis, schwarz &#8230;<\/p>\n<p><a href='http:\/\/ski.inmontanis.info\/d\/316594-2\/DSC03599.jpg'><img src=http:\/\/ski.inmontanis.info\/d\/316593-3\/DSC03599.jpg \/><\/a><br \/>\n^ EUB kurz vor der Bergstation<\/p>\n<p><a href='http:\/\/ski.inmontanis.info\/d\/316598-2\/DSC03600.jpg'><img src=http:\/\/ski.inmontanis.info\/d\/316597-3\/DSC03600.jpg \/><\/a><br \/>\n^ EUB-Bergstation<\/p>\n<p><a href='http:\/\/ski.inmontanis.info\/d\/316602-2\/DSC03603.jpg'><img src=http:\/\/ski.inmontanis.info\/d\/316601-3\/DSC03603.jpg \/><\/a><br \/>\n^ EUB und Spittal<\/p>\n<p><a href='http:\/\/ski.inmontanis.info\/d\/316606-2\/DSC03607.jpg'><img src=http:\/\/ski.inmontanis.info\/d\/316605-3\/DSC03607.jpg \/><\/a><br \/>\n^ Langer Skiweg von der Bergstation EUB ins Skigebiet, bei den momentanen Schneeverh\u00e4ltnissen etwas flach und langsam<\/p>\n<p><a href='http:\/\/ski.inmontanis.info\/d\/316610-2\/DSC03608.jpg'><img src=http:\/\/ski.inmontanis.info\/d\/316609-3\/DSC03608.jpg \/><\/a><br \/>\n^ 6KSB B\u00e4rnbiss, Abfahrt 3<\/p>\n<p><a href='http:\/\/ski.inmontanis.info\/d\/316614-2\/DSC03609.jpg'><img src=http:\/\/ski.inmontanis.info\/d\/316613-3\/DSC03609.jpg \/><\/a><br \/>\n^ 6KSB B\u00e4rnbiss, Abfahrt 3<\/p>\n<p><a href='http:\/\/ski.inmontanis.info\/d\/316618-2\/DSC03612.jpg'><img src=http:\/\/ski.inmontanis.info\/d\/316617-3\/DSC03612.jpg \/><\/a><br \/>\n^ 6KSB B\u00e4rnbiss und 6KSB Gipfel<\/p>\n<p><a href='http:\/\/ski.inmontanis.info\/d\/316622-2\/DSC03614.jpg'><img src=http:\/\/ski.inmontanis.info\/d\/316621-3\/DSC03614.jpg \/><\/a><br \/>\n^ \u00dcbungsgel\u00e4nde an der EUB<\/p>\n<p><a href='http:\/\/ski.inmontanis.info\/d\/316626-2\/DSC03615.jpg'><img src=http:\/\/ski.inmontanis.info\/d\/316625-3\/DSC03615.jpg \/><\/a><br \/>\n^ 6KSB Gipfel<\/p>\n<p><a href='http:\/\/ski.inmontanis.info\/d\/316630-2\/DSC03617.jpg'><img src=http:\/\/ski.inmontanis.info\/d\/316629-3\/DSC03617.jpg \/><\/a><br \/>\n^ 6KSB Gipfel<\/p>\n<p><a href='http:\/\/ski.inmontanis.info\/d\/316634-2\/DSC03618.jpg'><img src=http:\/\/ski.inmontanis.info\/d\/316633-3\/DSC03618.jpg \/><\/a><br \/>\n^ 6KSB Gipfel<\/p>\n<p><a href='http:\/\/ski.inmontanis.info\/d\/316638-2\/DSC03620.jpg'><img src=http:\/\/ski.inmontanis.info\/d\/316637-3\/DSC03620.jpg \/><\/a><br \/>\n^ Ex-Doppelkurven-DSB<\/p>\n<p><a href='http:\/\/ski.inmontanis.info\/d\/316642-2\/DSC05192.jpg'><img src=http:\/\/ski.inmontanis.info\/d\/316641-3\/DSC05192.jpg \/><\/a><br \/>\n^ Ex-Doppelkurven-DSB-Bereich, IR-Pano<\/p>\n<p><a href='http:\/\/ski.inmontanis.info\/d\/316646-2\/DSC03622.jpg'><img src=http:\/\/ski.inmontanis.info\/d\/316645-3\/DSC03622.jpg \/><\/a><br \/>\n^ Gipfelgrat<\/p>\n<p><a href='http:\/\/ski.inmontanis.info\/d\/316650-2\/DSC03623.jpg'><img src=http:\/\/ski.inmontanis.info\/d\/316649-3\/DSC03623.jpg \/><\/a><br \/>\n^ Ex-Doppelkurven-DSB, die Station ist mit Stacheldraht versperrt<\/p>\n<p>Bilder von der DSB vom 21.2.2007:<\/p>\n<p><img src=http:\/\/ski.inmontanis.info\/d\/19374-2\/P1130871.jpg \/><\/p>\n<p><img src=http:\/\/ski.inmontanis.info\/d\/19380-2\/P1130873.jpg \/><\/p>\n<p><img src=http:\/\/ski.inmontanis.info\/d\/19386-2\/P1130885.jpg \/><\/p>\n<p><a href='http:\/\/ski.inmontanis.info\/d\/316654-2\/DSC03624.jpg'><img src=http:\/\/ski.inmontanis.info\/d\/316653-3\/DSC03624.jpg \/><\/a><br \/>\n^ 6KSB Gipfel<\/p>\n<p><a href='http:\/\/ski.inmontanis.info\/d\/316658-2\/DSC03626.jpg'><img src=http:\/\/ski.inmontanis.info\/d\/316657-3\/DSC03626.jpg \/><\/a><br \/>\n^ Gipfelgrat<\/p>\n<p><a href='http:\/\/ski.inmontanis.info\/d\/316662-2\/DSC03627.jpg'><img src=http:\/\/ski.inmontanis.info\/d\/316661-3\/DSC03627.jpg \/><\/a><br \/>\n^ Ex-Doppelkurven-DSB-Bereich<\/p>\n<p><a href='http:\/\/ski.inmontanis.info\/d\/316666-2\/DSC03629.jpg'><img src=http:\/\/ski.inmontanis.info\/d\/316665-3\/DSC03629.jpg \/><\/a><br \/>\n^ Ex-SL und Abfahrt 5<\/p>\n<p><a href='http:\/\/ski.inmontanis.info\/d\/316670-2\/DSC03631.jpg'><img src=http:\/\/ski.inmontanis.info\/d\/316669-3\/DSC03631.jpg \/><\/a><br \/>\n^ Ex-SL<\/p>\n<p><a href='http:\/\/ski.inmontanis.info\/d\/316674-2\/DSC03632.jpg'><img src=http:\/\/ski.inmontanis.info\/d\/316673-3\/DSC03632.jpg \/><\/a><br \/>\n^ Abfahrt 4+5 an der 6KSB Gipfel<\/p>\n<p><a href='http:\/\/ski.inmontanis.info\/d\/316678-2\/DSC03635.jpg'><img src=http:\/\/ski.inmontanis.info\/d\/316677-3\/DSC03635.jpg \/><\/a><br \/>\n^ Abfahrt 5+6 am Ex-SL<\/p>\n<p><a href='http:\/\/ski.inmontanis.info\/d\/316686-2\/DSC03639.jpg'><img src=http:\/\/ski.inmontanis.info\/d\/316685-3\/DSC03639.jpg \/><\/a><br \/>\n^ Talblick nach Spittal und Millst\u00e4tter See<\/p>\n<p><a href='http:\/\/ski.inmontanis.info\/d\/316682-2\/DSC03640.jpg'><img src=http:\/\/ski.inmontanis.info\/d\/316681-3\/DSC03640.jpg \/><\/a><br \/>\n^ Ex-PB Bergstation<\/p>\n<p><a href='http:\/\/ski.inmontanis.info\/d\/316690-2\/DSC03644.jpg'><img src=http:\/\/ski.inmontanis.info\/d\/316689-3\/DSC03644.jpg \/><\/a><br \/>\n^ Ex-PB-Mittel- und -Talstation (links, vor dem Fu\u00dfballfeld)<\/p>\n<p><a href='http:\/\/ski.inmontanis.info\/d\/316694-2\/DSC05198.jpg'><img src=http:\/\/ski.inmontanis.info\/d\/316693-3\/DSC05198.jpg \/><\/a><br \/>\n^ Millst\u00e4tter See in IR<\/p>\n<p><a href='http:\/\/ski.inmontanis.info\/d\/316698-2\/DSC03647.jpg'><img src=http:\/\/ski.inmontanis.info\/d\/316697-3\/DSC03647.jpg \/><\/a><br \/>\n^ Ex-PB-Bergstation<\/p>\n<p><a href='http:\/\/ski.inmontanis.info\/d\/316702-2\/DSC03648.jpg'><img src=http:\/\/ski.inmontanis.info\/d\/316701-3\/DSC03648.jpg \/><\/a><br \/>\n^ Skiroute 9<\/p>\n<p><a href='http:\/\/ski.inmontanis.info\/d\/316706-2\/DSC03649.jpg'><img src=http:\/\/ski.inmontanis.info\/d\/316705-3\/DSC03649.jpg \/><\/a><br \/>\n^ Skiroute 9, von hier aus sieht man auch zum Millst\u00e4tter See<\/p>\n<p><a href='http:\/\/ski.inmontanis.info\/d\/316710-2\/DSC03650.jpg'><img src=http:\/\/ski.inmontanis.info\/d\/316709-3\/DSC03650.jpg \/><\/a><br \/>\n^ Skiroute 9, EUB-Bergstation und \u00dcbungsgel\u00e4nde<\/p>\n<p><a href='http:\/\/ski.inmontanis.info\/d\/316714-2\/DSC03651.jpg'><img src=http:\/\/ski.inmontanis.info\/d\/316713-3\/DSC03651.jpg \/><\/a><br \/>\n^ Beide 6KSB<\/p>\n<p><a href='http:\/\/ski.inmontanis.info\/d\/316718-2\/DSC03652.jpg'><img src=http:\/\/ski.inmontanis.info\/d\/316717-3\/DSC03652.jpg \/><\/a><br \/>\n^ Gipfelpano<\/p>\n<p><a href='http:\/\/ski.inmontanis.info\/d\/316730-2\/DSC05204.jpg'><img src=http:\/\/ski.inmontanis.info\/d\/316729-3\/DSC05204.jpg \/><\/a><br \/>\n^ Ex-PB, Spittal und Millst\u00e4tter See (IR)<\/p>\n<p><a href='http:\/\/ski.inmontanis.info\/d\/316722-2\/DSC03653.jpg'><img src=http:\/\/ski.inmontanis.info\/d\/316721-3\/DSC03653.jpg \/><\/a><br \/>\n^ Ex-PB, Spittal und Millst\u00e4tter See<\/p>\n<p><a href='http:\/\/ski.inmontanis.info\/d\/316726-2\/DSC03655.jpg'><img src=http:\/\/ski.inmontanis.info\/d\/316725-3\/DSC03655.jpg \/><\/a><br \/>\n^ Ex-PB, Spittal und Millst\u00e4tter See<\/p>\n<p><a href='http:\/\/ski.inmontanis.info\/d\/316734-2\/DSC05206.jpg'><img src=http:\/\/ski.inmontanis.info\/d\/316733-3\/DSC05206.jpg \/><\/a><br \/>\n^ Ex-PB, Spittal und Millst\u00e4tter See (IR)<\/p>\n<p><a href='http:\/\/ski.inmontanis.info\/d\/316742-2\/DSC05208.jpg'><img src=http:\/\/ski.inmontanis.info\/d\/316741-3\/DSC05208.jpg \/><\/a><br \/>\n^ Millst\u00e4tter See in IR, vorne am Schneegrat eine Panorama-H\u00fctte &#8230;<\/p>\n<p>.. die wohl zu diesem Bericht von 1991 passen k\u00f6nnte:<br \/>\n<a href='https:\/\/www.alpinforum.com\/forum\/viewtopic.php?f=46&#038;t=68199'>https:\/\/www.alpinforum.com\/forum\/viewtopic.php?f=46&#038;t=68199<\/a><\/p>\n<p><a href='http:\/\/ski.inmontanis.info\/d\/316738-2\/DSC05209.jpg'><img src=http:\/\/ski.inmontanis.info\/d\/316737-3\/DSC05209.jpg \/><\/a><br \/>\n^ IR-Pano<\/p>\n<p><a href='http:\/\/ski.inmontanis.info\/d\/316746-2\/DSC03658.jpg'><img src=http:\/\/ski.inmontanis.info\/d\/316745-3\/DSC03658.jpg \/><\/a><br \/>\n^ <\/p>\n<p><a href='http:\/\/ski.inmontanis.info\/d\/316750-3\/DSC03660.jpg'><img src=http:\/\/ski.inmontanis.info\/d\/316749-4\/DSC03660.jpg \/><\/a><br \/>\n^ \u00dcbungsbereich unterhalb der EUB-Bergstation<\/p>\n<p><a href='http:\/\/ski.inmontanis.info\/d\/316754-3\/DSC03661.jpg'><img src=http:\/\/ski.inmontanis.info\/d\/316753-4\/DSC03661.jpg \/><\/a><br \/>\n^ \u00dcbungsbereich unterhalb der EUB-Bergstation und Skiroute 9<\/p>\n<p><a href='http:\/\/ski.inmontanis.info\/d\/316758-3\/DSC03662.jpg'><img src=http:\/\/ski.inmontanis.info\/d\/316757-4\/DSC03662.jpg \/><\/a><br \/>\n^ Der obere \u00dcbungs-SL<\/p>\n<p><a href='http:\/\/ski.inmontanis.info\/d\/316762-3\/DSC03664.jpg'><img src=http:\/\/ski.inmontanis.info\/d\/316761-4\/DSC03664.jpg \/><\/a><br \/>\n^ 3. Sektion im \u00dcbungsbereich, F\u00f6rderband, dar\u00fcber Skiroute 9<\/p>\n<p><a href='http:\/\/ski.inmontanis.info\/d\/316766-3\/DSC05210.jpg'><img src=http:\/\/ski.inmontanis.info\/d\/316765-4\/DSC05210.jpg \/><\/a><br \/>\n^ IR-Talblick aus der EUB<\/p>\n<p><a href='http:\/\/ski.inmontanis.info\/d\/316774-3\/DSC05211.jpg'><img src=http:\/\/ski.inmontanis.info\/d\/316773-4\/DSC05211.jpg \/><\/a><br \/>\n^ IR-Talblick aus der EUB<\/p>\n<p><a href='http:\/\/ski.inmontanis.info\/d\/316770-3\/DSC05212.jpg'><img src=http:\/\/ski.inmontanis.info\/d\/316769-4\/DSC05212.jpg \/><\/a><br \/>\n^ IR-Talblick aus der EUB mit Spittal und Millst\u00e4tter See<\/p>\n<p><a href='http:\/\/ski.inmontanis.info\/d\/316778-3\/DSC03670.jpg'><img src=http:\/\/ski.inmontanis.info\/d\/316777-4\/DSC03670.jpg \/><\/a><br \/>\n^ Dorf Goldeck, einst von der Mittelstation der PB erschlossen, jetzt schwierig<\/p>\n<p>Bild von dem Bereich vom 21.2.2007:<br \/>\n<img src=http:\/\/ski.inmontanis.info\/d\/19443-2\/P1130930.jpg \/><\/p>\n<p><a href='http:\/\/ski.inmontanis.info\/d\/316782-3\/DSC03671.jpg'><img src=http:\/\/ski.inmontanis.info\/d\/316781-4\/DSC03671.jpg \/><\/a><br \/>\n^ Talpano von der EUB<\/p>\n<p><a href='http:\/\/ski.inmontanis.info\/d\/316786-3\/ge20230323f.jpg'><img src=http:\/\/ski.inmontanis.info\/d\/316785-4\/ge20230323f.jpg \/><\/a><br \/>\n^ GPS-Track 23.3.2023 in Gelb, vorheriger Besuch in Blau, Rot markiert die damals noch offenen oder schon ehemaligen Lifte<\/p>\n<p>Schade, Embergeralm hat wohl die Reparatur ihres Elektroproblems aufgegeben und den Saisonschluss vom Sonntag nun vorgezogen :( Da w\u00e4r ich schon noch einmal gerne vorbei. Goldeck macht ja wie Ankogel auch am Sonntag zu, aber beides muss ich nun nicht nochmals fahren.<\/p>\n<p>Wetterm\u00e4\u00dfig wird&#8217;s jetzt wieder schwierig, Schnee ist gemeldet, nicht nur die n\u00e4chsten 3 Tage, auch noch Anfang n\u00e4chster Woche und insbesondere am Alpenhauptkamm, d.h. je s\u00fcdlicher oder \u00f6stlicher, desto besser, zumindest mal einen halben Tag.<\/p>\n<p>Das hei\u00dft, ich werde wohl doch morgen nochmals Gerlitzen fahren, Samstag dann Nassfeld. Um 17:15 am Campingplatz in Villach angekommen, war heute erstmals die T\u00fcr zum Rezeptionsbereich geschlossen. Warten, einfach wo hinstellen und morgen fr\u00fch schauen oder ist es momentan nun doch nur mehr f\u00fcr Dauerg\u00e4ste offen? Ich fuhr wieder los.<\/p>\n<p>Leider gestaltete sich das Suchen eines alternativen Parkplatzes sehr schwierig, also quasi unm\u00f6glich. Entweder laute Pl\u00e4tze mitten in der Stadt oder Nachtparkverbote am Stadtrand und in Seen\u00e4he oder neben vielbefahrener Stra\u00dfen, Autobahnen oder Zugstrecken oder die Parkpl\u00e4tze sind direkt an Schulen etc.<\/p>\n<p>Schlussendlich stand ich wo, wo ich nicht stehen wollte, aber weil&#8217;s bei P4N nur positive Bewertungen gab &#8211; wenn auch nur vom Sommerhalbjahr &#8211; probierte ich es halt.<\/p>\n<p>&#8212;<\/p>\n<p>Zur aktuellen politischen Situation, 3 Filmteile aus dem Donbass, \u00fcber das, was die westlichen Massenmedien verschweigen oder verleugnen:<br \/>\n<a href='https:\/\/www.youtube.com\/watch?v=BFhXDNekLM0'>https:\/\/www.youtube.com\/watch?v=BFhXDNekLM0<\/a><\/p>\n<p><a href='https:\/\/www.youtube.com\/watch?v=0IL29BATXZs'>https:\/\/www.youtube.com\/watch?v=0IL29BATXZs<\/a><\/p>\n<p><a href='https:\/\/www.youtube.com\/watch?v=fpjlAhX2G74'>https:\/\/www.youtube.com\/watch?v=fpjlAhX2G74<\/a><\/p>\n<p>.. und ein aktueller Bericht &#8220;von der Front&#8221;:<br \/>\n<a href='https:\/\/www.anti-spiegel.ru\/2023\/besuch-an-der-front-nahe-donezk-und-mehrere-interviews\/'>https:\/\/www.anti-spiegel.ru\/2023\/besuch-an-der-front-nahe-donezk-und-mehrere-interviews\/<\/a><\/p>\n","protected":false},"excerpt":{"rendered":"<p>Do, 23.3.2023<\/p>\n<p>2002 hat man am Goldeck anscheinend die Talabfahrt gebaut. Sogar Beschneiung hatte sie. Man landete aber irgendwo im Nirgendwo, nicht dort, wo die PB war. Also brauchte man einen Bustransfer.<\/p>\n<p>Sp\u00e4ter hat man eine EUB gebaut, um die PB zu ersetzen. Die startet dann tats\u00e4chlich da, wo die Talabfahrt endet.<\/p>\n<p>.. nur, sonderlich <a href=\"http:\/\/blog.inmontanis.info\/?p=8700\">[&#8230;]<\/a><\/p>\n","protected":false},"author":1,"featured_media":8702,"comment_status":"closed","ping_status":"closed","sticky":false,"template":"","format":"standard","meta":{"footnotes":""},"categories":[875,13,27,32],"tags":[56,53,38,90,58,45,47],"class_list":["post-8700","post","type-post","status-publish","format-standard","has-post-thumbnail","hentry","category-goldeck","category-austria","category-skifahren-winterskiing-winter","category-lostplaces","tag-6sb","tag-8eub","tag-dsb","tag-infrarot","tag-kurven-sb","tag-see","tag-sl","odd"],"_links":{"self":[{"href":"http:\/\/blog.inmontanis.info\/index.php?rest_route=\/wp\/v2\/posts\/8700","targetHints":{"allow":["GET"]}}],"collection":[{"href":"http:\/\/blog.inmontanis.info\/index.php?rest_route=\/wp\/v2\/posts"}],"about":[{"href":"http:\/\/blog.inmontanis.info\/index.php?rest_route=\/wp\/v2\/types\/post"}],"author":[{"embeddable":true,"href":"http:\/\/blog.inmontanis.info\/index.php?rest_route=\/wp\/v2\/users\/1"}],"replies":[{"embeddable":true,"href":"http:\/\/blog.inmontanis.info\/index.php?rest_route=%2Fwp%2Fv2%2Fcomments&post=8700"}],"version-history":[{"count":2,"href":"http:\/\/blog.inmontanis.info\/index.php?rest_route=\/wp\/v2\/posts\/8700\/revisions"}],"predecessor-version":[{"id":8703,"href":"http:\/\/blog.inmontanis.info\/index.php?rest_route=\/wp\/v2\/posts\/8700\/revisions\/8703"}],"wp:featuredmedia":[{"embeddable":true,"href":"http:\/\/blog.inmontanis.info\/index.php?rest_route=\/wp\/v2\/media\/8702"}],"wp:attachment":[{"href":"http:\/\/blog.inmontanis.info\/index.php?rest_route=%2Fwp%2Fv2%2Fmedia&parent=8700"}],"wp:term":[{"taxonomy":"category","embeddable":true,"href":"http:\/\/blog.inmontanis.info\/index.php?rest_route=%2Fwp%2Fv2%2Fcategories&post=8700"},{"taxonomy":"post_tag","embeddable":true,"href":"http:\/\/blog.inmontanis.info\/index.php?rest_route=%2Fwp%2Fv2%2Ftags&post=8700"}],"curies":[{"name":"wp","href":"https:\/\/api.w.org\/{rel}","templated":true}]}}