{"id":869,"date":"2008-01-19T23:59:19","date_gmt":"2008-01-19T21:59:19","guid":{"rendered":"http:\/\/blog.inmontanis.info\/?p=869"},"modified":"2023-08-01T21:45:31","modified_gmt":"2023-08-01T19:45:31","slug":"pian-di-sole-pian-cavallo-19-1-2008-3s3l-tag-1-teil-2","status":"publish","type":"post","link":"http:\/\/blog.inmontanis.info\/?p=869","title":{"rendered":"Pian di Sole (+ Pian Cavallo), 19.1.2008 (3S3L Tag 1 Teil 2)"},"content":{"rendered":"<p><strong>Tour de 3 laghi, 1. Tag Teil#2: Samstag, 19.1.2008: Pian di Sole<\/strong> <\/p>\n<p><em>Da ich aber ja noch wo anders hinwollte, bin ich um 12 wieder weiter gefahren&#8230;.: Premeno \/ Pian di Sole.<\/em> <\/p>\n<p>Wollte es mal wieder wissen und die &#8220;k\u00fcrzere&#8221; Route nehmen. War dann leider gesperrt &#8211; 1h umsonst raufgefahren :-( Ok, unten war ein Sperrschild, aber da ich die Locations ja nicht kenne, wusste ich ja nicht, wo genau die Sperre war &#8211; h\u00e4tte ja auch nach dem LSAP sein k\u00f6nnen oder auf einer anderen Strecke. Im Endeffekt war die Sperre dann mitten im Wald und ein R\u00e4umfahrzeug davor &#8211; keine Ahnung, warum ausgerechnet dort.. Somit war ich erst um 14.45 am Pian di Sole.  <\/p>\n<p><a href='http:\/\/www.alpengallery.at.tf\/d\/49802-1\/P1210890.JPG'><img src=http:\/\/www.alpengallery.at.tf\/d\/49804-3\/P1210890.JPG \/><\/a><br \/>\n^ Irgendwo im Nirgendwo, Parkpl\u00e4tze f\u00fcr maximal 2 Autos, sonst kein Umkehren m\u00f6glich, ist die R\u00e4umung der Stra\u00dfe auf einmal beendet und man darf nicht weiterfahren. Zur\u00fcck&#8230; <\/p>\n<p>Zwei Leitner-SL, einer k\u00fcrzer, der andere ca. 700hm und durchaus steil. 1 Abfahrt links, 1 rechts (tw. nicht offen) und 2 Waldschneisen rechts. Also mehr Auswahl wie auf der Alpe di Neggia &#8230; <\/p>\n<p>.. nur: weniger Schnee, und selbiger ziemlich hart, schlecht zu fahren. An der Beschneiung d\u00fcrfte es aber nicht gelegen haben, auch die Waldschneisen waren nicht gut zu fahren. Blick zum Lago Maggiore nur beim Aufstieg zur Umlenkstation des SL. Pano an der Neggia war besser.  Hat mir nicht so getaugt und habs dann schon gegen 15.45 wieder lassen und bin doch noch weiter zum LSAP Pian Cavallo, durch das ich auf Krisu&#8217;s Bericht aufmerksam wurde. <\/p>\n<p>Leider dort die Talstation des un\u00fcblichen Teller-SL von  &#8220;Ing. Giuseppe Rosnati&#8221; nicht gefunden bzw. keine Zeit mehr gehabt, auf die Suche zu machen &#8211; jedenfalls war die nicht direkt am Parkplatz. Also dann halt kein Geh\u00e4nge eingepackt.. ;-) <\/p>\n<p>Komisch mal wieder: Pian Cavallo h\u00e4tte mehr Lifte als Pian Sole gehabt, vermutlich auch die l\u00e4ngere Abfahrt, auf jeden Fall das bessere Panorama und wohl auch das interessantere Skigebiet gewesen. Nebenbei ist hier ein Krankenhaus auf der anderen Stra\u00dfenseite &#8211; hallo? Die kranken Familienmitglieder besuchen und selbst oder die Kinder nebenan an den Lift schicken &#8211; da m\u00fcssten doch genug Leute kommen, dass sich das gerechnet h\u00e4tte? Tsa&#8230; <\/p>\n<p><a href='http:\/\/www.alpengallery.at.tf\/d\/49764-1\/P1210920.JPG'><img src=http:\/\/www.alpengallery.at.tf\/d\/49766-3\/P1210920.JPG \/><\/a><br \/>\n^ Skigebiet Pian di Sole von gegen\u00fcber&#8230; <\/p>\n<p><a href='http:\/\/www.alpengallery.at.tf\/d\/49769-1\/P1210891.JPG'><img src=http:\/\/www.alpengallery.at.tf\/d\/49771-3\/P1210891.JPG \/><\/a><br \/>\n^ Talstation des langen SL <\/p>\n<p><a href='http:\/\/www.alpengallery.at.tf\/d\/49773-1\/P1210904.JPG'><img src=http:\/\/www.alpengallery.at.tf\/d\/49775-3\/P1210904.JPG \/><\/a><br \/>\n^ Strecke langer SL, die Abfahrt direkt rechts am SL war nicht pr\u00e4pariert, links schon. <\/p>\n<p><a href='http:\/\/www.alpengallery.at.tf\/d\/49777-1\/P1210900.JPG'><img src=http:\/\/www.alpengallery.at.tf\/d\/49779-3\/P1210900.JPG \/><\/a><br \/>\n^ Die (bergw\u00e4rts gesehen) ganz rechte Abfahrt <\/p>\n<p><a href='http:\/\/www.alpengallery.at.tf\/d\/49781-1\/P1210901.JPG'><img src=http:\/\/www.alpengallery.at.tf\/d\/49783-3\/P1210901.JPG \/><\/a><br \/>\n^ Schnittpunkt der beiden (bergw\u00e4rts gesehen) rechten Abfahrten <\/p>\n<p><a href='http:\/\/www.alpengallery.at.tf\/d\/49785-1\/P1210907.JPG'><img src=http:\/\/www.alpengallery.at.tf\/d\/49787-3\/P1210907.JPG \/><\/a><br \/>\n^ Beide SL im \u00dcberblick <\/p>\n<p><a href='http:\/\/www.alpengallery.at.tf\/d\/49789-1\/P1210906.JPG'><img src=http:\/\/www.alpengallery.at.tf\/d\/49791-3\/P1210906.JPG \/><\/a><br \/>\n^ Zoom kurzer SL <\/p>\n<p><a href='http:\/\/www.alpengallery.at.tf\/d\/49793-1\/P1210910.JPG'><img src=http:\/\/www.alpengallery.at.tf\/d\/49795-3\/P1210910.JPG \/><\/a><br \/>\n^ SL-Bergstation <\/p>\n<p><a href='http:\/\/www.alpengallery.at.tf\/d\/49797-1\/P1210909.JPG'><img src=http:\/\/www.alpengallery.at.tf\/d\/49799-3\/P1210909.JPG \/><\/a><br \/>\n^ Blick zum Lago Maggiore nur mit Aufstieg zur SL-Bergstation .. <\/p>\n<p>LSAP Pian Cavallo gleich danach: <\/p>\n<p><a href='http:\/\/www.alpengallery.at.tf\/d\/49807-1\/P1210912.JPG'><img src=http:\/\/www.alpengallery.at.tf\/d\/49809-3\/P1210912.JPG \/><\/a><br \/>\n^ Gipfel und SL-Bergstationen <\/p>\n<p><a href='http:\/\/www.alpengallery.at.tf\/d\/49811-1\/P1210916.JPG'><img src=http:\/\/www.alpengallery.at.tf\/d\/49813-3\/P1210916.JPG \/><\/a><br \/>\n^ Parkplatz und Skigebiet, der leitner-SL geht rechts noch weiter runter.. Links vom Bild w\u00e4re das Krankenhaus <\/p>\n<p><a href='http:\/\/www.alpengallery.at.tf\/d\/49815-1\/P1210914.JPG'><img src=http:\/\/www.alpengallery.at.tf\/d\/49817-3\/P1210914.JPG \/><\/a><br \/>\n^ Bergstation des Rosnati-SL <\/p>\n<p><a href='http:\/\/www.alpengallery.at.tf\/d\/49819-1\/P1210915.JPG'><img src=http:\/\/www.alpengallery.at.tf\/d\/49821-3\/P1210915.JPG \/><\/a><br \/>\n^ Leitner-SL, der l\u00e4ngere <\/p>\n<p><a href='http:\/\/www.alpengallery.at.tf\/d\/49823-1\/P1210917.JPG'><img src=http:\/\/www.alpengallery.at.tf\/d\/49825-3\/P1210917.JPG \/><\/a><br \/>\n^ Schilder stehen noch da &#8211; Lifte sind aber schon einige Zeit still gelegt&#8230; <\/p>\n<p>GPS-Track: <\/p>\n<p><a href='http:\/\/www.alpengallery.at.tf\/d\/49827-1\/gps_PianSole.jpg'><img src=http:\/\/www.alpengallery.at.tf\/d\/49829-3\/gps_PianSole.jpg \/><\/a> <\/p>\n","protected":false},"excerpt":{"rendered":"<p>Zwei Leitner-SL, einer k\u00fcrzer, der andere ca. 700hm und durchaus steil. 1 Abfahrt links, 1 rechts (tw. nicht offen) und 2 Waldschneisen rechts. Also eigentlich mehr Auswahl wie auf der Alpe di Neggia &#8230;  <a href=\"http:\/\/blog.inmontanis.info\/?p=869\">[&#8230;]<\/a><\/p>\n","protected":false},"author":1,"featured_media":0,"comment_status":"open","ping_status":"closed","sticky":false,"template":"","format":"standard","meta":{"footnotes":""},"categories":[70,15,59,427,27,32],"tags":[45,47],"class_list":["post-869","post","type-post","status-publish","format-standard","hentry","category-70","category-italienitaly","category-nostalgie","category-pian-di-sole","category-skifahren-winterskiing-winter","category-lostplaces","tag-see","tag-sl","odd"],"_links":{"self":[{"href":"http:\/\/blog.inmontanis.info\/index.php?rest_route=\/wp\/v2\/posts\/869","targetHints":{"allow":["GET"]}}],"collection":[{"href":"http:\/\/blog.inmontanis.info\/index.php?rest_route=\/wp\/v2\/posts"}],"about":[{"href":"http:\/\/blog.inmontanis.info\/index.php?rest_route=\/wp\/v2\/types\/post"}],"author":[{"embeddable":true,"href":"http:\/\/blog.inmontanis.info\/index.php?rest_route=\/wp\/v2\/users\/1"}],"replies":[{"embeddable":true,"href":"http:\/\/blog.inmontanis.info\/index.php?rest_route=%2Fwp%2Fv2%2Fcomments&post=869"}],"version-history":[{"count":4,"href":"http:\/\/blog.inmontanis.info\/index.php?rest_route=\/wp\/v2\/posts\/869\/revisions"}],"predecessor-version":[{"id":3255,"href":"http:\/\/blog.inmontanis.info\/index.php?rest_route=\/wp\/v2\/posts\/869\/revisions\/3255"}],"wp:attachment":[{"href":"http:\/\/blog.inmontanis.info\/index.php?rest_route=%2Fwp%2Fv2%2Fmedia&parent=869"}],"wp:term":[{"taxonomy":"category","embeddable":true,"href":"http:\/\/blog.inmontanis.info\/index.php?rest_route=%2Fwp%2Fv2%2Fcategories&post=869"},{"taxonomy":"post_tag","embeddable":true,"href":"http:\/\/blog.inmontanis.info\/index.php?rest_route=%2Fwp%2Fv2%2Ftags&post=869"}],"curies":[{"name":"wp","href":"https:\/\/api.w.org\/{rel}","templated":true}]}}