{"id":8689,"date":"2023-03-20T19:04:37","date_gmt":"2023-03-20T18:04:37","guid":{"rendered":"http:\/\/blog.inmontanis.info\/?p=8689"},"modified":"2023-03-21T19:20:58","modified_gmt":"2023-03-21T18:20:58","slug":"katschberg-20-3-2023","status":"publish","type":"post","link":"http:\/\/blog.inmontanis.info\/?p=8689","title":{"rendered":"Katschberg, 20.3.2023"},"content":{"rendered":"<p><strong>Mo, 20.3.2023<\/strong><\/p>\n<p>Morgens regnete es ein wenig, aber im Laufe des Vormittags wurde es sonnig. Nachmittags dann aber wieder bedeckt.<\/p>\n<p>Was ich ja in \u00f6sterreichischen Skigebieten vermisse, was es, wie es mir vorkommt, in anderen L\u00e4ndern zumindest wesentlich h\u00e4ufiger gibt, sind ja so Takeaways im Skigebiet. Selbst Selbstbedienungen werden anscheinend immer seltener. Wobei ich zugegebenerma\u00dfen in letzter Zeit nirgends reingschaut hatte, aber mir im Internet hier und da mal Informationen und Preise gesucht hab.<\/p>\n<p>Ich bin ja zB. noch bereit, 5 \u20ac f\u00fcr eine ordentliche Portion Pommes oder 4,- f\u00fcr ein Hotdog oder 5,- f\u00fcr ein Salsicciapanino in einem Skigebiet zu zahlen, aber nicht noch 2-5 \u20ac f\u00fcr wss zu drinken &#8211; das ich eh dabei hab. Daher w\u00fcrd ich so was zum Essen eben eher mitnehmen und au\u00dferhalb essen wollen. (Wobei man ja in Skandinavien auch oft Wasser gratis bekommt.)<\/p>\n<p>An der 6KSB Tschaneck waren in alten Pl\u00e4nen ja Skirouten rechts eingezeichnet, die sind mittlerweile leider alle verschwunden, zumindest am Plan, die Schneisen erkennt man ja noch. Allerdings war die Abfahrt gleich mal so pappig, dass ich keine Lust auf Ausfl\u00fcge ins Gel\u00e4nde hatte.<\/p>\n<p>Weiter links an den SL war&#8217;s immerhin weniger pappig, teils sogar recht sch\u00f6n. Wenn die nicht offen gewesen w\u00e4ren, h\u00e4tt ich mir diese Passseite ja komplett gespart bei der m\u00fchsamen und schiebelastigen Verbindung. Auch sp\u00e4ter auf der Aineck-Seite war der Schnee je nachdem recht nett.<\/p>\n<p>Ob ich diese Saison nochmals Katschberg fahren werde, glaub ich eher nicht.<\/p>\n<p><a href='http:\/\/ski.inmontanis.info\/d\/316074-2\/DSC03097.jpg'><img src=http:\/\/ski.inmontanis.info\/d\/316073-3\/DSC03097.jpg \/><\/a><br \/>\n^ Tschaneck-6KSB mit Blick zur 3KSB Aineck, wo ich heut mal die linke schwarze Abfahrt fahren werde k\u00f6nnen<\/p>\n<p><a href='http:\/\/ski.inmontanis.info\/d\/316078-2\/DSC03099.jpg'><img src=http:\/\/ski.inmontanis.info\/d\/316077-3\/DSC03099.jpg \/><\/a><br \/>\n^ SL Freiberg, hier war der Schnee ganz gut firnig-sulzig<\/p>\n<p><a href='http:\/\/ski.inmontanis.info\/d\/316082-2\/DSC03101.jpg'><img src=http:\/\/ski.inmontanis.info\/d\/316081-3\/DSC03101.jpg \/><\/a><br \/>\n^ Ich mag ja eigentlich runde Turm-H\u00e4user, aber dieses Holz-Nest-Ger\u00fcst da drumherum ist bescheuert. Auff\u00e4llig und zum Rausschauen f\u00fcr die Bewohner sicherlich auch nicht angenehm<\/p>\n<p><a href='http:\/\/ski.inmontanis.info\/d\/316086-2\/DSC03102.jpg'><img src=http:\/\/ski.inmontanis.info\/d\/316085-3\/DSC03102.jpg \/><\/a><br \/>\n^ Die Verbindung durch den Ort ist mittlerweile auch sehr m\u00fchsam, viel Schieben (insb. dann am Br\u00fccken-Bereich) und hier liegt auch kaum noch Schnee<\/p>\n<p><a href='http:\/\/ski.inmontanis.info\/d\/316090-2\/DSC03104.jpg'><img src=http:\/\/ski.inmontanis.info\/d\/316089-3\/DSC03104.jpg \/><\/a><br \/>\n^ Die lange A1-Talabfahrt und Blick ins Lungau<\/p>\n<p><a href='http:\/\/ski.inmontanis.info\/d\/316094-2\/DSC03105.jpg'><img src=http:\/\/ski.inmontanis.info\/d\/316093-3\/DSC03105.jpg \/><\/a><br \/>\n^ 8EUB Silverjet 1 und schwarze Abfahrt 21. Naja, verglichen mit anderen schwarzen ist die nicht wirklich steil<\/p>\n<p><a href='http:\/\/ski.inmontanis.info\/d\/316098-2\/DSC03106.jpg'><img src=http:\/\/ski.inmontanis.info\/d\/316097-3\/DSC03106.jpg \/><\/a><br \/>\n^ Abfahrt 30, die \u00e4u\u00dferste an der 8EUB Gipfel, offiziell gesperrt, keine Ahnugn warum.<\/p>\n<p><a href='http:\/\/ski.inmontanis.info\/d\/316102-2\/DSC03108.jpg'><img src=http:\/\/ski.inmontanis.info\/d\/316101-3\/DSC03108.jpg \/><\/a><br \/>\n^ Bergstation 3KSB Aineck<\/p>\n<p><a href='http:\/\/ski.inmontanis.info\/d\/316106-2\/DSC03109.jpg'><img src=http:\/\/ski.inmontanis.info\/d\/316105-3\/DSC03109.jpg \/><\/a><br \/>\n^ 3KSB Aineck und schwarze 11a<\/p>\n<p><a href='http:\/\/ski.inmontanis.info\/d\/316110-2\/DSC03111.jpg'><img src=http:\/\/ski.inmontanis.info\/d\/316109-3\/DSC03111.jpg \/><\/a><br \/>\n^ 3KSB Aineck und schwarze 11a und Blick zum Pass und den gegen\u00fcberliegenden Teil. Den einen SL im Ort bin ich ja nicht gefahren, schaut von hier aus aber gar nicht so kurz aus und scheint f\u00fcr die eine Siedlung als Ski-In-Ski-Out gedacht<\/p>\n<p><a href='http:\/\/ski.inmontanis.info\/d\/316114-2\/ge20230320b.jpg'><img src=http:\/\/ski.inmontanis.info\/d\/316113-3\/ge20230320b.jpg \/><\/a><br \/>\n^ GPS-Track 20.3.2023 in Gelb, vorherige Besuche in Blau<\/p>\n<p>Da es ein St\u00fcck Fahrt bis Ankogel morgen ist und ich da nicht zu sp\u00e4t ankommen m\u00f6chte, auch wenn ich mir ab 9:30 Uhr frei genommen hab, ist ein \u00dcbernachten am Camping- oder Stellplatz in Rennweg eher nicht optimal. Frei stehen hei\u00dft momentan aber auch, aufs Kochen zu verzichten, da ich nicht so viel Strom Nachladen kann, wenn ich nur 1-1,5 Stunden von einem zum n\u00e4chsten Skigebiet fahren muss. <\/p>\n<p>Zum Saisonschluss am M\u00f6lltaler werde ich dann auch noch auf den K\u00fchlschrank verzichten m\u00fcssen, falls ich da wochenlang bleiben m\u00f6chte ;) Keine Ahnung, wie das funktionieren soll. Zwischendrin muss man aber ja auch mal Einkaufen und da muss ich dann halt an einem Campingplatz \u00fcbernachten, vielleich 1h Fahrt hin, 1h Fahrt retour und 80 Ah \u00fcber Nacht aufladen, macht ca. 110 Ah; Verbrauch f\u00fcr PC und Standheizung und Handy usw. Nachladen max. 20Ah w\u00e4ren dann 5-6 Tage, was ja ganz gut w\u00e4re. <\/p>\n<p>Schlussendlich w\u00e4re der gestrige Parkplatz heute gar nicht in Frage gekommen, denn die dort nahe Pizzeria, wo ich mir heute Nachmittag eine Pizza h\u00e4tte mitnehmen wollen, hat heute Ruhetag. Eine andere Pizzeria n\u00e4he des heute alternativ geplanten Parkplatzes h\u00e4tte offen. Aber 8-10 \u20ac f\u00fcr eine Pizza, wo mir eigentlich keine so wirklich zusagt? Ja, Kebappizza, aber D\u00f6ner hatte ich ja erst gestern.<\/p>\n<p>Nahe und vor dem Parkplatz w\u00e4r auch ein Lidl, also k\u00f6nnte ich doch heute einkaufen, obwohl ich ja erst morgen was br\u00e4uchte. Und morgen k\u00e4m ich eventulell wieder hier vorbei, au\u00dfer ich w\u00fcrde \u00fcbermorgen doch nicht Emberger Alm fahren wollen &#8230; <\/p>\n<p>.. oder gar nicht k\u00f6nnen, denn da steht n\u00e4mlich heute auf Bergfex:<br \/>\n&#8220;Aufgrund eines elektrischen Defektes am Mittellift ist das Skigebiet vor\u00fcbergehend geschlossen! Wir bitten um Ihr Verst\u00e4ndnis.&#8221; Tja, Sonntag Saisonschluss, ob die da nochmal aufsperren &#8230;<\/p>\n<p>Aber Ankogel ist auch nicht mehr so rosig. Vor meiner Frankreich-Italien-Reise war ja nur die Talabfahrt offen und oben alles zu .. mittlerweile ist zwar oben einiges offen, aber die Talabfahrt zu. Naja, vielleicht geht sie ja trotzdem noch.<\/p>\n<p>Am Lidl angekommen, regnete es mal wieder leicht &#8230; die n\u00e4chsten 3 Tage w\u00e4ren jetzt aber recht sonnig gemeldet. So windstill bew\u00f6lkt wie heut Abend mal noch alles ist, ist das auch schwer zu glauben, dass es morgen wolkenlos werden soll. Ich nahm mir mal wieder faschierte Laibchen mit, die gibt&#8217;s heute kalt mit Semmel und morgen und \u00fcbermorgen dann kalt mit diesem leckeren Kartoffelsalat, den ich mal wieder seit \u00fcber 2 Monaten mit rumgeschleppt hab und bisher nicht essen &#8220;musste&#8221;.<\/p>\n<p>Mein heutiger Nachtplatz war sch\u00f6n ruhig, mal zur Abwechslung nicht auf Park4Night, sondern die Parkpl\u00e4tze in einer normalen Map-App durchgeschaut und auf dem Satbild bzw. Google Streetview f\u00fcr tauglich gefunden. <\/p>\n<p>&#8212;<\/p>\n<p>Na kuck an, es wird in den Massenmedien wieder mal negativ \u00fcber die USA berichtet und das sie quasi Schuld am IS usw. sind, auch wenn es zum Ende hin doch noch recht geframet ist. Als ob sie danach nicht noch f\u00fcr weitere Kriege verantwortlich w\u00e4ren. Aber vielleicht liest man ja dann auch bald in den Massenmedien mal, dass die USA Schuld am Ukraine-Russland-Konflikt haben.<br \/>\n<a href='https:\/\/orf.at\/stories\/3308848\/'>https:\/\/orf.at\/stories\/3308848\/<\/a><\/p>\n","protected":false},"excerpt":{"rendered":"<p>Mo, 20.3.2023<\/p>\n<p>Morgens regnete es ein wenig, aber im Laufe des Vormittags wurde es sonnig. Nachmittags dann aber wieder bedeckt.<\/p>\n<p>Was ich ja in \u00f6sterreichischen Skigebieten vermisse, was es, wie es mir vorkommt, in anderen L\u00e4ndern zumindest wesentlich h\u00e4ufiger gibt, sind ja so Takeaways im Skigebiet. Selbst Selbstbedienungen werden anscheinend immer seltener. Wobei ich zugegebenerma\u00dfen <a href=\"http:\/\/blog.inmontanis.info\/?p=8689\">[&#8230;]<\/a><\/p>\n","protected":false},"author":1,"featured_media":8691,"comment_status":"closed","ping_status":"closed","sticky":false,"template":"","format":"standard","meta":{"footnotes":""},"categories":[201,13,27],"tags":[55,56,53,51,47],"class_list":["post-8689","post","type-post","status-publish","format-standard","has-post-thumbnail","hentry","category-katschberg","category-austria","category-skifahren-winterskiing-winter","tag-3sb","tag-6sb","tag-8eub","tag-architektur","tag-sl","odd"],"_links":{"self":[{"href":"http:\/\/blog.inmontanis.info\/index.php?rest_route=\/wp\/v2\/posts\/8689","targetHints":{"allow":["GET"]}}],"collection":[{"href":"http:\/\/blog.inmontanis.info\/index.php?rest_route=\/wp\/v2\/posts"}],"about":[{"href":"http:\/\/blog.inmontanis.info\/index.php?rest_route=\/wp\/v2\/types\/post"}],"author":[{"embeddable":true,"href":"http:\/\/blog.inmontanis.info\/index.php?rest_route=\/wp\/v2\/users\/1"}],"replies":[{"embeddable":true,"href":"http:\/\/blog.inmontanis.info\/index.php?rest_route=%2Fwp%2Fv2%2Fcomments&post=8689"}],"version-history":[{"count":2,"href":"http:\/\/blog.inmontanis.info\/index.php?rest_route=\/wp\/v2\/posts\/8689\/revisions"}],"predecessor-version":[{"id":8692,"href":"http:\/\/blog.inmontanis.info\/index.php?rest_route=\/wp\/v2\/posts\/8689\/revisions\/8692"}],"wp:featuredmedia":[{"embeddable":true,"href":"http:\/\/blog.inmontanis.info\/index.php?rest_route=\/wp\/v2\/media\/8691"}],"wp:attachment":[{"href":"http:\/\/blog.inmontanis.info\/index.php?rest_route=%2Fwp%2Fv2%2Fmedia&parent=8689"}],"wp:term":[{"taxonomy":"category","embeddable":true,"href":"http:\/\/blog.inmontanis.info\/index.php?rest_route=%2Fwp%2Fv2%2Fcategories&post=8689"},{"taxonomy":"post_tag","embeddable":true,"href":"http:\/\/blog.inmontanis.info\/index.php?rest_route=%2Fwp%2Fv2%2Ftags&post=8689"}],"curies":[{"name":"wp","href":"https:\/\/api.w.org\/{rel}","templated":true}]}}