{"id":8674,"date":"2023-03-18T18:54:42","date_gmt":"2023-03-18T17:54:42","guid":{"rendered":"http:\/\/blog.inmontanis.info\/?p=8674"},"modified":"2023-03-18T19:44:02","modified_gmt":"2023-03-18T18:44:02","slug":"campo-falcone-malga-heidi-17-18-3-2023-sonnig-firnig","status":"publish","type":"post","link":"http:\/\/blog.inmontanis.info\/?p=8674","title":{"rendered":"Campo Falcone &#8211; Malga Heidi, 17.-18.3.2023 &#8212; sonnig &#038; firnig"},"content":{"rendered":"<p><em>(Bericht vom 14.-16.3. folgt im Bericht am 19.3.)<\/em><\/p>\n<p><strong>Fr, 17.3.2023<\/strong><\/p>\n<p>Heute mal wieder im wohl &#8220;appenninischsten&#8221; Skigebiet \u00d6sterreichs: Falkert (Vgl. Campocatino, Majelletta, Monte Prata, etc.), somit ein w\u00fcrdiges Skigebiet f\u00fcr den 100. Saisonskitag. Man verzeihe mir daher den italienischen Titel, den ich mir hab einfallen lassen.<\/p>\n<p>Schnee war offpiste kompakt, wenn auch durch den Neuschnee zuletzt teilweise pappig, teilweise merkte man aber, dass das in ein paar Tagen genial firnig sein m\u00fcsste. Werde ich nach Ostern doch nochmals herkommen. Obwohl es jetzt schon offpiste teils wenig Schnee hat.<\/p>\n<p>Bei einer Liftfahrt hab ich vor mir einen Skifahrer gesehen, der sich stark seitlich r\u00fcckw\u00e4rts gedreht hat und mit dem Handy was gefilmt oder fotografiert hat. Er kam dann immer weiter aus der Spur und die n\u00e4chste St\u00fctze n\u00e4her. Ob er mit der Skispitze frontal an die St\u00fctze f\u00e4hrt? Oder gar mit einem Bein links, mit dem anderen rechts sein wird? <\/p>\n<p>Spannend, spannend &#8211; schlussendlich wurde es die unspektakul\u00e4rste Variante, die andererseits f\u00fcr den Liftler und f\u00fcr mich somit keine unangenehmen Folgen hatte: Er fuhr knapp an der St\u00fctze vorbei, mit einem Ski im Graben, fiel nicht mal hin, aber verlor sein Handy :)<\/p>\n<p>Nach 14 Uhr wurde es am Falkert-SL, der ja eher \u00f6stlich liegt, etwas giftig, weil der aufgefahrene Schnee anfror. Noch einige Male den Tellerlift gefahren und gegen 15:15 Uhr aufgeh\u00f6rt.<\/p>\n<p><a href='http:\/\/ski.inmontanis.info\/d\/315598-2\/DSC03008.jpg'><img src=http:\/\/ski.inmontanis.info\/d\/315597-3\/DSC03008.jpg \/><\/a><br \/>\n^ SL Falkert<\/p>\n<p><a href='http:\/\/ski.inmontanis.info\/d\/315602-2\/DSC03009.jpg'><img src=http:\/\/ski.inmontanis.info\/d\/315601-3\/DSC03009.jpg \/><\/a><br \/>\n^ S\u00fcdseitiger SL Sonne, Sonne den ganzen Betriebstag<\/p>\n<p><a href='http:\/\/ski.inmontanis.info\/d\/315606-2\/DSC03010.jpg'><img src=http:\/\/ski.inmontanis.info\/d\/315605-3\/DSC03010.jpg \/><\/a><br \/>\n^ Panorama von der SL Sonne Bergstation<\/p>\n<p><a href='http:\/\/ski.inmontanis.info\/d\/315610-2\/DSC05179.jpg'><img src=http:\/\/ski.inmontanis.info\/d\/315609-3\/DSC05179.jpg \/><\/a><br \/>\n^ IR-Pano. Der rechteste Schnee-Berg ist der von der Koralpe mit der Radarstation<\/p>\n<p><a href='http:\/\/ski.inmontanis.info\/d\/315614-2\/DSC05180.jpg'><img src=http:\/\/ski.inmontanis.info\/d\/315613-3\/DSC05180.jpg \/><\/a><br \/>\n^ IR-Pano<\/p>\n<p><a href='http:\/\/ski.inmontanis.info\/d\/315618-2\/DSC03012.jpg'><img src=http:\/\/ski.inmontanis.info\/d\/315617-3\/DSC03012.jpg \/><\/a><br \/>\n^ SL Falkert von den Offpisteh\u00e4ngen am SL Sonne. Genial hier. Leider gibts ja nicht viele derartige Skigebiete, also ein sonniges hohes &#8220;Almfeld&#8221;, wo SL in 2 oder 3 Richtungen eine baumfreie Schneesch\u00fcssel erschlie\u00dfen &#8230; ohne st\u00f6rende Massen, Gondelbahnen oder Sessellifte, ohne extra breite Abfahrten.<\/p>\n<p>Also z.B. bei dem Bild gerade, rechts vom SL Abfahrt, offpiste, Abfahrt. Man stelle sich nun eine 6KSB vor und der ganze Hang von der linkesten bis zur rechtesten Abfahrt w\u00e4re als eine einzige eklig breite Abfahrt pr\u00e4pariert. Gr\u00e4sslich. Das ist so doch tausendmal sch\u00f6ner.<\/p>\n<p><a href='http:\/\/ski.inmontanis.info\/d\/315622-2\/DSC03016.jpg'><img src=http:\/\/ski.inmontanis.info\/d\/315621-3\/DSC03016.jpg \/><\/a><br \/>\n^ SL Falkert und Blick zum Ex-SL Spitz<\/p>\n<p><a href='http:\/\/ski.inmontanis.info\/d\/315626-2\/DSC03017.jpg'><img src=http:\/\/ski.inmontanis.info\/d\/315625-3\/DSC03017.jpg \/><\/a><br \/>\n^ WC an der Ex-SL-Spitz-Talstation leider nicht offen. Auch nicht der Container am Parkplatz, falls das mal ein WC war. Somit halt leider kein \u00f6ffentliches WC, nur ein kostenpflichtiges am Sportshop oder so. Also pinkelte ich halt im Skigebiet in den Schnee.<\/p>\n<p>Im Auto reicht mir mein Pinkelkanister ja 2 N\u00e4chte. Falls ich nach Ostern aber l\u00e4nger hier bleiben m\u00f6chte, m\u00fcsste ich den irgendwo leeren &#8230;<\/p>\n<p><a href='http:\/\/ski.inmontanis.info\/d\/315630-2\/DSC03018.jpg'><img src=http:\/\/ski.inmontanis.info\/d\/315629-3\/DSC03018.jpg \/><\/a><br \/>\n^ R\u00fcckseitiger Blick zur im Winter geschlossenen Nockalmstra\u00dfe<\/p>\n<p><a href='http:\/\/ski.inmontanis.info\/d\/315634-2\/DSC03020.jpg'><img src=http:\/\/ski.inmontanis.info\/d\/315633-3\/DSC03020.jpg \/><\/a><br \/>\n^ Offpiste am SL Falkert<\/p>\n<p><a href='http:\/\/ski.inmontanis.info\/d\/315638-2\/DSC03022.jpg'><img src=http:\/\/ski.inmontanis.info\/d\/315637-3\/DSC03022.jpg \/><\/a><br \/>\n^ Offpiste am SL Falkert<\/p>\n<p><a href='http:\/\/ski.inmontanis.info\/d\/315642-2\/DSC03023.jpg'><img src=http:\/\/ski.inmontanis.info\/d\/315641-3\/DSC03023.jpg \/><\/a><br \/>\n^ Offpiste zwischen SL Falkert und Ex-SL Spitz<\/p>\n<p>Bin ja heute nicht das einzige ungew\u00f6hnliche Fahrzeug am Parkplatz &#8211; ein Wohnmobil aus &#8211; Obacht &#8211; Norwegen!!. Ausgerechnet hier?! Immerhin Tourengeher. Dazu Polen, Tschechen, Ungarn &#8230; und ein Smart aus Hamburg! Da passen aber keine Skier rein ;)<\/p>\n<p>Ich entschied, morgen nochmals hier Ski fahren und \u00fcbernachten zu wollen. Urspr\u00fcnglich h\u00e4tte ich ja BKK Kaiserburg-Seite angedacht und nachmittags nach Villach oder Spittal und auch Einkaufen beim Lidl oder Hofer (die haben ein leckeres Cola Light\/Zero). Entsprechend reichen Semmeln&#038;Co und Getr\u00e4nke nur bis morgen Nachmittag. Immerhin gibt&#8217;s dann am Sonntag vor und in Bad Kleinkirchheim offene Superm\u00e4rkte. Zur Not hab ich morgen Abend noch das stille Mineralwasser, das ich zum Nudelkochen verwende und noch fast voll ist.<\/p>\n<p>Abendessen reicht, da ich mir gestern Nockerln (passt ja zur Landschaft hier, Nockalm und so) gekauft hab. Die Frage w\u00e4re eher, ob die 500g-Packung auf 2 Tage reicht oder ich heute 2\/3 machen sollte. Allerdings hab ich ja Sahne (die hat in AT gleich 36%!) + K\u00e4se (Bergk\u00e4se + Parmesan) + die Champignons noch dazu. Auf die R\u00f6stzwiebel hab ich verzichtet, das erh\u00f6ht sonst nur die Wahrscheinlichkeit, morgen fr\u00fch mein Klo verwenden zu m\u00fcssen ;)<\/p>\n<p>.. die halbe Packung reichte dann auch, war aber noch Platz f\u00fcr Naschereien. Und weil ich das immer so schwer absch\u00e4tzen kann, was eine halbe Packung ist .. gab es morgen Abend noch etwas mehr.<\/p>\n<p><strong>Sa, 18.3.2023<\/strong><\/p>\n<p>Leider kam schon vor 5 Uhr der erste Tourengeher am Parkplatz an und weckte mich mit seinem L\u00e4rm :( Der war dann um 7:30 wieder am Auto und fuhr wenig sp\u00e4ter wieder weg.<\/p>\n<p>Am s\u00fcdseitigen Tellerlift heute offpiste teils recht sch\u00f6ner Firn, daf\u00fcr am B\u00fcgel-SL offpiste nicht so sch\u00f6n wie gestern und onpiste mittags pappig.<\/p>\n<p>Andererseits, 3h in einem Skigebiet wie Falkert w\u00e4ren trotzdem viel sch\u00f6ner als 6 Stunden in so manch anderem. Werde ich wohl am Ende der Saison mit Heiligenblut zu meinen K\u00e4rntner Lieblingsskigebieten w\u00e4hlen.<\/p>\n<p><a href='http:\/\/ski.inmontanis.info\/d\/315646-2\/DSC03024.jpg'><img src=http:\/\/ski.inmontanis.info\/d\/315645-3\/DSC03024.jpg \/><\/a><br \/>\n^ SL Sonne. So muss das ausschauen, Blau oben, Wei\u00df unten, den ganzen Tag ;)<\/p>\n<p><a href='http:\/\/ski.inmontanis.info\/d\/315650-2\/DSC03028.jpg'><img src=http:\/\/ski.inmontanis.info\/d\/315649-3\/DSC03028.jpg \/><\/a><br \/>\n^ SL Falkert<\/p>\n<p><a href='http:\/\/ski.inmontanis.info\/d\/315654-2\/DSC03031.jpg'><img src=http:\/\/ski.inmontanis.info\/d\/315653-3\/DSC03031.jpg \/><\/a><br \/>\n^ SL Spitz. Wenn das ein ESL (und in Betrieb) w\u00e4r, w\u00fcrd ich eine ganze Woche hier bleiben ;)<\/p>\n<p><a href='http:\/\/ski.inmontanis.info\/d\/315658-2\/DSC03032.jpg'><img src=http:\/\/ski.inmontanis.info\/d\/315657-3\/DSC03032.jpg \/><\/a><br \/>\n^ Pano am SL Spitz. In Bildmitte ..<\/p>\n<p><a href='http:\/\/ski.inmontanis.info\/d\/315662-2\/DSC03033.jpg'><img src=http:\/\/ski.inmontanis.info\/d\/315661-3\/DSC03033.jpg \/><\/a><br \/>\n^ .. SL Zirmach Bergstation. Zwar wohl nicht optimal ans Skigebiet angebunden, aber wenn der noch fahren w\u00fcrde, w\u00e4re es schon noch eine sch\u00f6ne Erweiterung. Aktuell f\u00e4hrt er ja nur an Sturmtagen und auch das wohl nicht immer.<\/p>\n<p><a href='http:\/\/ski.inmontanis.info\/d\/315666-2\/DSC03035.jpg'><img src=http:\/\/ski.inmontanis.info\/d\/315665-3\/DSC03035.jpg \/><\/a><br \/>\n^ SL Spitz, SL Falkert und dahinter die Offpisteh\u00e4nge vom SL Sonne<\/p>\n<p><a href='http:\/\/ski.inmontanis.info\/d\/315670-2\/DSC03037.jpg'><img src=http:\/\/ski.inmontanis.info\/d\/315669-3\/DSC03037.jpg \/><\/a><br \/>\n^ Offpiste am SL Spitz<\/p>\n<p><a href='http:\/\/ski.inmontanis.info\/d\/315674-2\/DSC03038.jpg'><img src=http:\/\/ski.inmontanis.info\/d\/315673-3\/DSC03038.jpg \/><\/a><br \/>\n^ Gerade gefahrener Hang links vom SL Spitz<\/p>\n<p><a href='http:\/\/ski.inmontanis.info\/d\/315678-2\/DSC03039.jpg'><img src=http:\/\/ski.inmontanis.info\/d\/315677-3\/DSC03039.jpg \/><\/a><br \/>\n^ Meine Querung ist auch gut zu sehen (die obere)<\/p>\n<p><a href='http:\/\/ski.inmontanis.info\/d\/315682-2\/DSC03041.jpg'><img src=http:\/\/ski.inmontanis.info\/d\/315681-3\/DSC03041.jpg \/><\/a><br \/>\n^ SL Sonne, Falkert, Spitz<\/p>\n<p><a href='http:\/\/ski.inmontanis.info\/d\/315686-2\/DSC03042.jpg'><img src=http:\/\/ski.inmontanis.info\/d\/315685-3\/DSC03042.jpg \/><\/a><br \/>\n^ Teils brauchbar guter Firn heute. Hier Offpiste am SL Sonne<\/p>\n<p><a href='http:\/\/ski.inmontanis.info\/d\/315690-2\/DSC03044.jpg'><img src=http:\/\/ski.inmontanis.info\/d\/315689-3\/DSC03044.jpg \/><\/a><br \/>\n^ SL Spitz, entlang der Beschneiungs- und Lifttrasse liegen Reste des Schneefangzauns<\/p>\n<p><a href='http:\/\/ski.inmontanis.info\/d\/315694-2\/DSC03045.jpg'><img src=http:\/\/ski.inmontanis.info\/d\/315693-3\/DSC03045.jpg \/><\/a><br \/>\n^ SL Spitz, von oben die Tourengeher, von unten die Pistenfahrer, die r\u00fcbergequert sind. Meine letzte Spur war rechts von der Beschneiung. Kurioserweise ging die Abfahrt lt. Satbild direkt rechts vom SL, dort, wo nun am wenigsten Schnee liegt &#8230;<\/p>\n<p><a href='http:\/\/ski.inmontanis.info\/d\/315698-2\/DSC03047.jpg'><img src=http:\/\/ski.inmontanis.info\/d\/315697-3\/DSC03047.jpg \/><\/a><br \/>\n^ Durch den gelben Hintergrund wirkt das Schild f\u00fcr mich schwedisch &#8230;<\/p>\n<p>Leider war es nach Mittag auch am Tellerlift pappig. K\u00f6nnte 3 Gr\u00fcnde haben: es war heut w\u00e4rmer gemeldet, es war weniger Wind und meine Skier waren gestern noch frisch gewachst vom Service.<\/p>\n<p>Im Laufe des Nachmittags ging die eine oder andere Abfahrt wieder besser, wobei das teils recht kurios war: am Tellerlift die Abfahrt links vom Lift war pappig, die rechts ging besser. Und zwar egal, ob in der befahreneren Mitte oder am Rand, wo noch etwas Pistenraupenspuren waren.<\/p>\n<p><a href='http:\/\/ski.inmontanis.info\/d\/315702-2\/DSC03048.jpg'><img src=http:\/\/ski.inmontanis.info\/d\/315701-3\/DSC03048.jpg \/><\/a><br \/>\n^ SL Sonne, linke Abfahrt pappig, rechte Abfahrt nicht pappig<\/p>\n<p>Auch am langen SL war es um 15 Uhr heute noch nicht so &#8220;giftig&#8221; wie gestern schon nach 14 Uhr. Offpiste bin ich nachmittags aber so gut wie nichts mehr gefahren, war nicht mehr lohnenswert.<\/p>\n<p>Hab wieder um ca. 15 Uhr aufgeh\u00f6rt, hab zwar zwei Pausen gemacht (je ca. 20min), aber so ein ganzer Tag SL-fahren schlaucht dann schon.<\/p>\n<p><a href='http:\/\/ski.inmontanis.info\/d\/315706-2\/ge2023031718h.jpg'><img src=http:\/\/ski.inmontanis.info\/d\/315705-3\/ge2023031718h.jpg \/><\/a><br \/>\n^ GPS-Track 18.3. in Gelb, 17.3. in Gr\u00fcn, 20.12. in Blau. Rot der stillgelegte SL Spitz, Magenta der Sturmlift (ggf. aber nur in der Hochsaison)<\/p>\n<p>Das norwegische Wohnmobil fuhr noch nach 17:30 Uhr weg. Wo die wohl dann ihr Nachtlager aufschlagen werden&#8230; ist im Dunkeln immer unsch\u00f6n, was zu finden. Hatten jedenfalls auch Fahrr\u00e4der hinten drauf. Vielleicht geht&#8217;s noch weiter in den S\u00fcden.<\/p>\n<p>Wie schon gestern, war auch heute mein Auto ganztags in der Sonne und somit nachmittags sch\u00f6n aufgew\u00e4rmt, 25\u00b0 innen. Aber weil man hier ja recht weit oben steht, sinken die Temperaturen nachts auf um die oder knapp \u00fcber 0\u00b0 und ich brauchte gestern Abend doch noch 3x die Standheizung.<\/p>\n<p>&#8212;<\/p>\n<p>Politiker in \u00d6sterreich (bzw. der Bundeskanzler) wollen wieder einen eisernen Vorhang zum Osten:<\/p>\n<p><a href='https:\/\/orf.at\/#\/stories\/3309296\/'>https:\/\/orf.at\/#\/stories\/3309296\/<\/a><\/p>\n<p>Eigentlich w\u00e4re das Asyl\/Migrationsthema vielleicht recht einfach zu l\u00f6sen, zu kanalisieren: man legt einfach gewisse Prozents\u00e4tze pro EU-Land (also eine Geldsumme in Euro) von irgendwas fest, also zB. vom Staatshaushalt. Jeder Weltb\u00fcrger kann ohne Einschr\u00e4nkungen kommen, aber alle m\u00fcssen sich dann diesen Sozialleistungs-Kuchen teilen &#8211; je mehr kommen, desto weniger ist f\u00fcr jeden einzelnen da, somit wird das irgendwann uninteressant. Und wem das dann zu wenig ist, der kann ja wieder anderswohin gehen oder sich eine Arbeit suchen. Ggf. k\u00f6nnte die Unterst\u00fctzung noch zeitlich limitiert sein.<\/p>\n<p>\u00dcberhaupt, dieses ganze &#8220;die Ausl\u00e4nder nehmen unsere Arbeit weg&#8221; ist ja genauer betrachtet sowieso Unsinn, denn: wenn stattdessen die Inl\u00e4nder mehr Kinder erzeugt h\u00e4tten, w\u00e4ren ja vielleicht genauso viel B\u00fcrger im Land. Je mehr Leute da sind, desto mehr Arbeit gibt es ja dann auch.  <\/p>\n<p>\u00c4hnliches gilt f\u00fcr Staatsausgaben. Die sind ja auch nicht &#8220;weg&#8221;, sondern werden in die Wirtschaft investiert, schaffen Arbeitspl\u00e4tze. Oder landen als Unterst\u00fctzungsbeitr\u00e4ge bei B\u00fcrgern, die das Geld wiederum in die Wirtschaft stecken, weil sie sich was drum kaufen.<\/p>\n<p>Ist genauso wie mit dem Wasser, das ja auch nicht verbraucht, sondern gebraucht oder ben\u00fctzt wird. Denn es ist am Ende noch zu 100% da, entweder in fl\u00fcssiger Form oder als Wasserdampf. Im Gegensatz zum Treibstoffverbrauch beim Auto. Diese Fl\u00fcssigkeit ist dann unwiederruflich weg.<\/p>\n<p>&#8212;<\/p>\n<p>Auch nicht lustig und noch ein Grund mehr, dass man die EU baldm\u00f6glichst verlassen sollte:<\/p>\n<p><a href='https:\/\/tkp.at\/2023\/01\/16\/eu-plant-ab-2030-enteignung-von-hausbesitzern-zwecks-klimarettung\/'>https:\/\/tkp.at\/2023\/01\/16\/eu-plant-ab-2030-enteignung-von-hausbesitzern-zwecks-klimarettung\/<\/a><\/p>\n<p>&#8212;<\/p>\n<p>Alldiweil von der Ostfront, nach dem albernen M\u00e4rchen mit der Yacht (Nordstream-Sprenung) nun der n\u00e4chste beweislose Propagandaschachzug:<\/p>\n<p><a href='https:\/\/www.anti-spiegel.ru\/2023\/haftbefehl-gegen-putin-die-entwertung-angeblich-objektiver-internationaler-institutionen\/'>https:\/\/www.anti-spiegel.ru\/2023\/haftbefehl-gegen-putin-die-entwertung-angeblich-objektiver-internationaler-institutionen\/<\/a><\/p>\n","protected":false},"excerpt":{"rendered":"<p>(Bericht vom 14.-16.3. folgt im Bericht am 19.3.)<\/p>\n<p>Fr, 17.3.2023<\/p>\n<p>Heute mal wieder im wohl &#8220;appenninischsten&#8221; Skigebiet \u00d6sterreichs: Falkert (Vgl. Campocatino, Majelletta, Monte Prata, etc.), somit ein w\u00fcrdiges Skigebiet f\u00fcr den 100. Saisonskitag. Man verzeihe mir daher den italienischen Titel, den ich mir hab einfallen lassen.<\/p>\n<p>Schnee war offpiste kompakt, wenn auch durch den Neuschnee <a href=\"http:\/\/blog.inmontanis.info\/?p=8674\">[&#8230;]<\/a><\/p>\n","protected":false},"author":1,"featured_media":8677,"comment_status":"closed","ping_status":"closed","sticky":false,"template":"","format":"standard","meta":{"footnotes":""},"categories":[209,13,27],"tags":[90,47],"class_list":["post-8674","post","type-post","status-publish","format-standard","has-post-thumbnail","hentry","category-falkert","category-austria","category-skifahren-winterskiing-winter","tag-infrarot","tag-sl","odd"],"_links":{"self":[{"href":"http:\/\/blog.inmontanis.info\/index.php?rest_route=\/wp\/v2\/posts\/8674","targetHints":{"allow":["GET"]}}],"collection":[{"href":"http:\/\/blog.inmontanis.info\/index.php?rest_route=\/wp\/v2\/posts"}],"about":[{"href":"http:\/\/blog.inmontanis.info\/index.php?rest_route=\/wp\/v2\/types\/post"}],"author":[{"embeddable":true,"href":"http:\/\/blog.inmontanis.info\/index.php?rest_route=\/wp\/v2\/users\/1"}],"replies":[{"embeddable":true,"href":"http:\/\/blog.inmontanis.info\/index.php?rest_route=%2Fwp%2Fv2%2Fcomments&post=8674"}],"version-history":[{"count":9,"href":"http:\/\/blog.inmontanis.info\/index.php?rest_route=\/wp\/v2\/posts\/8674\/revisions"}],"predecessor-version":[{"id":8684,"href":"http:\/\/blog.inmontanis.info\/index.php?rest_route=\/wp\/v2\/posts\/8674\/revisions\/8684"}],"wp:featuredmedia":[{"embeddable":true,"href":"http:\/\/blog.inmontanis.info\/index.php?rest_route=\/wp\/v2\/media\/8677"}],"wp:attachment":[{"href":"http:\/\/blog.inmontanis.info\/index.php?rest_route=%2Fwp%2Fv2%2Fmedia&parent=8674"}],"wp:term":[{"taxonomy":"category","embeddable":true,"href":"http:\/\/blog.inmontanis.info\/index.php?rest_route=%2Fwp%2Fv2%2Fcategories&post=8674"},{"taxonomy":"post_tag","embeddable":true,"href":"http:\/\/blog.inmontanis.info\/index.php?rest_route=%2Fwp%2Fv2%2Ftags&post=8674"}],"curies":[{"name":"wp","href":"https:\/\/api.w.org\/{rel}","templated":true}]}}