{"id":8670,"date":"2023-03-13T18:07:32","date_gmt":"2023-03-13T17:07:32","guid":{"rendered":"http:\/\/blog.inmontanis.info\/?p=8670"},"modified":"2023-03-16T18:19:06","modified_gmt":"2023-03-16T17:19:06","slug":"turracher-hohe-13-3-2023-weitental-seetaxi","status":"publish","type":"post","link":"http:\/\/blog.inmontanis.info\/?p=8670","title":{"rendered":"Turracher H\u00f6he, 13.3.2023 &#8212; Weitental &#038; Seetaxi"},"content":{"rendered":"<p><strong>Mo, 13.3.2023<\/strong><\/p>\n<p>Heute mal nicht von Eulen oder Kirchenglocken geweckt worden, sondern anscheinend von einem Specht?? Oder was auch immer&#8230;<\/p>\n<p>Der Tag begann zur Abwechslung mal bedeckt, sp\u00e4ter wurde es noch etwa sonniger.<\/p>\n<p>Ich hasse die Parkplatzistuation auf der Turracher H\u00f6he. Nachdem ich x-mal hin- und hergefahren bin, weil kein Parkplatz nahe Lift, weil ein LKW mit H\u00e4nger zweimal im Weg stand und mal diese, mal jene Stra\u00dfe blockierte oder weil am Wildkopflift fu\u00dftiefer Schneematsch und Dreck (und auch kein direkter Platz) war &#8230; nach 20 Minuten Rumgeirre inkl. ungeteerter Schneematschstra\u00dfen zuf\u00e4llig doch einen Platz an der Kornock-6KSB bekommen. M\u00f6chte nicht wissen, wie das Chaos an Hochsaisontagen hier ist&#8230;.<\/p>\n<p>Immerhin hab ich so jetzt die M\u00f6glichkeit, an meinem Lieblingslift auf der Turracher H\u00f6he den Skitag zu starten und zu beenden: Am steilen Stemag-Tellerlift &#8220;Engl\u00e4nder&#8221;.<\/p>\n<p>Sp\u00e4ter im Skigebiet nat\u00fcrlich wieder recht pappiger Schnee heute, warm, Sonne und gestern das bissl Neuschnee. Einige wenige Pisten waren dann sogar sch\u00f6n sulzig statt pappig.<\/p>\n<p>Turrach ist ja das einzige Skigebiet au\u00dfer dem M\u00f6lltaler, das nach dem 16.4. (bis 23.4.) offen haben will. Vmtl. werde ich da also nochmals her schauen. Keine Ahnung, wieviel Tage\/Wochen ich&#8217;s am M\u00f6lltaler aushalte, aber falls ich den ganzen Mai dort sein sollte&#8230;.<\/p>\n<p>Jedenfalls muss man davon ausgehen, dass in der letzten Woche hier nur noch wenig offen haben wird, ggf. die selben Lifte wie zum Saisonbeginn, also Schwerpunkt 6KSB Kornock &#8211; entsprechend heutiger Schwerpunkt auf der anderen Passseite und dort insbesondere an der DSB und nat\u00fcrlich dem r\u00fcckseitigen Weitental-SL, den ich ja noch nicht gefahren bin. F\u00e4hrt allerdings auch arg langsam. Die linke Abfahrt ist relativ nett.<\/p>\n<p>Das &#8220;See-Taxi&#8221; bin ich dann auch noch gefahren, ganz nett, aber halt Lauferei zu den Liften, zum SL noch mehr als zur DSB. Daf\u00fcr die Stra\u00dfenquerung unten am Wildkopf-SL mit dem anschlie\u00dfenden Seillift gespart. Ist ja auch nicht optimal.<\/p>\n<p>Also mein Lieblingsskigebiet wird das hier sicherlich auch nie werden, aber mit Saisonkarte kann mans schon mal besuchen. Wobei man vom S\u00fcden her eine 23%-ige steile Stra\u00dfe hat.<\/p>\n<p><a href='http:\/\/ski.inmontanis.info\/d\/315514-2\/DSC02875.jpg'><img src=http:\/\/ski.inmontanis.info\/d\/315513-3\/DSC02875.jpg \/><\/a><br \/>\n^ Mit dem steilen Stemag-SL Engl\u00e4nder fing ich heute an und endete auch wieder. Hebt die Laune.<\/p>\n<p><a href='http:\/\/ski.inmontanis.info\/d\/315518-2\/DSC02877.jpg'><img src=http:\/\/ski.inmontanis.info\/d\/315517-3\/DSC02877.jpg \/><\/a><br \/>\n^ Skiroute an der Kornock-6KSB. Trotz genug Schnee und genug Befahrung nach wie vor geschlossen&#8230;?!?<\/p>\n<p><a href='http:\/\/ski.inmontanis.info\/d\/315522-2\/DSC02878.jpg'><img src=http:\/\/ski.inmontanis.info\/d\/315521-3\/DSC02878.jpg \/><\/a><br \/>\n^ Matschige Verbindung zum SL Wildkopf<\/p>\n<p><a href='http:\/\/ski.inmontanis.info\/d\/315526-2\/DSC02879.jpg'><img src=http:\/\/ski.inmontanis.info\/d\/315525-3\/DSC02879.jpg \/><\/a><br \/>\n^ 6KSB Turrach mit (offener) Skiroute auf der ehemaligen SL-Trasse. Respekt: Keine Polster an den St\u00fctzen!<\/p>\n<p><a href='http:\/\/ski.inmontanis.info\/d\/315530-2\/DSC02880.jpg'><img src=http:\/\/ski.inmontanis.info\/d\/315529-3\/DSC02880.jpg \/><\/a><br \/>\n^ Abfahrt 23 zum SL Weitental<\/p>\n<p><a href='http:\/\/ski.inmontanis.info\/d\/315534-2\/DSC02881.jpg'><img src=http:\/\/ski.inmontanis.info\/d\/315533-3\/DSC02881.jpg \/><\/a><br \/>\n^ Abfahrt 23 zum SL Weitental<\/p>\n<p><a href='http:\/\/ski.inmontanis.info\/d\/315538-2\/DSC02882.jpg'><img src=http:\/\/ski.inmontanis.info\/d\/315537-3\/DSC02882.jpg \/><\/a><br \/>\n^ SL Weitental<\/p>\n<p><a href='http:\/\/ski.inmontanis.info\/d\/315542-2\/DSC02884.jpg'><img src=http:\/\/ski.inmontanis.info\/d\/315541-3\/DSC02884.jpg \/><\/a><br \/>\n^ SL Weitental<\/p>\n<p><a href='http:\/\/ski.inmontanis.info\/d\/315546-2\/DSC02885.jpg'><img src=http:\/\/ski.inmontanis.info\/d\/315545-3\/DSC02885.jpg \/><\/a><br \/>\n^ Abfahrt 24 zum SL Weitental<\/p>\n<p><a href='http:\/\/ski.inmontanis.info\/d\/315550-2\/DSC02888.jpg'><img src=http:\/\/ski.inmontanis.info\/d\/315549-3\/DSC02888.jpg \/><\/a><br \/>\n^ Abfahrt 24 zum SL Weitental<\/p>\n<p><a href='http:\/\/ski.inmontanis.info\/d\/315554-2\/DSC02892.jpg'><img src=http:\/\/ski.inmontanis.info\/d\/315553-3\/DSC02892.jpg \/><\/a><br \/>\n^ Abfahrt 24 zum SL Weitental<\/p>\n<p><a href='http:\/\/ski.inmontanis.info\/d\/315558-2\/DSC02893.jpg'><img src=http:\/\/ski.inmontanis.info\/d\/315557-3\/DSC02893.jpg \/><\/a><br \/>\n^ Abfahrt 24 und Talstation SL Weitental<\/p>\n<p><a href='http:\/\/ski.inmontanis.info\/d\/315562-2\/DSC02894.jpg'><img src=http:\/\/ski.inmontanis.info\/d\/315561-3\/DSC02894.jpg \/><\/a><br \/>\n^ Blick von der Bergstation SL Weitental zum See und der Kornock-Seite<\/p>\n<p><a href='http:\/\/ski.inmontanis.info\/d\/315566-2\/DSC02896.jpg'><img src=http:\/\/ski.inmontanis.info\/d\/315565-3\/DSC02896.jpg \/><\/a><br \/>\n^ Seetaxi<\/p>\n<p><a href='http:\/\/ski.inmontanis.info\/d\/315570-2\/DSC02897.jpg'><img src=http:\/\/ski.inmontanis.info\/d\/315569-3\/DSC02897.jpg \/><\/a><br \/>\n^ Seetaxi<\/p>\n<p><a href='http:\/\/ski.inmontanis.info\/d\/315574-2\/DSC02898.jpg'><img src=http:\/\/ski.inmontanis.info\/d\/315573-3\/DSC02898.jpg \/><\/a><br \/>\n^ DSB Sonne<\/p>\n<p><a href='http:\/\/ski.inmontanis.info\/d\/315578-2\/DSC02899.jpg'><img src=http:\/\/ski.inmontanis.info\/d\/315577-3\/DSC02899.jpg \/><\/a><br \/>\n^ Seetaxi<\/p>\n<p><a href='http:\/\/ski.inmontanis.info\/d\/315582-2\/DSC02900.jpg'><img src=http:\/\/ski.inmontanis.info\/d\/315581-3\/DSC02900.jpg \/><\/a><br \/>\n^ Immer wieder verst\u00f6rend, in einer Kabine zu sitzen und Sessel zu sehen ;) Soll wohl zuvor ein ESL gewesen sein, na schade drum.<\/p>\n<p><a href='http:\/\/ski.inmontanis.info\/d\/315586-2\/DSC02902.jpg'><img src=http:\/\/ski.inmontanis.info\/d\/315585-3\/DSC02902.jpg \/><\/a><br \/>\n^ Blick \u00fcber den See von der Kombibahn. Das da dr\u00fcben s\u00e4he ja etwas nach Lifttrasse und Abfahrtsschneise aus, aber auch auf alten Pl\u00e4nen aus den 80ern war da nichts<\/p>\n<p><a href='http:\/\/ski.inmontanis.info\/d\/315590-2\/DSC02903.jpg'><img src=http:\/\/ski.inmontanis.info\/d\/315589-3\/DSC02903.jpg \/><\/a><br \/>\n^ Kornock-6KSB, der neue SL Hirschkogel scheint wohl nur am WE in Betrieb zu sein<\/p>\n<p><a href='http:\/\/ski.inmontanis.info\/d\/315594-2\/ge20230313b.jpg'><img src=http:\/\/ski.inmontanis.info\/d\/315593-3\/ge20230313b.jpg \/><\/a><br \/>\n^ GPS-Track 13.3.2023 in Gelb, vorherige Besuche in Blau. Links vorne ist der SL Weitental, rechts die 6KSB Turrach. Dahinter hinterm See Kombibahn links und 6KSB Kornock rechts<\/p>\n<p>Hernach ging&#8217;s noch zum Campingplatz zwischen Bad Kleinkirchheim und Gerlitzen (der, der von Niederl\u00e4ndern betrieben wird), wo ich mal bis Freitag bleiben will. Wobei ich noch nicht entschieden hab, ob ich Gerlitzen nochmals fahre oder nicht. Gro\u00dfe Lust hab ich ja eigentlich keine. Morgen soll ja Schlechtwettertag sein, da werde ich mich mit der 6EUB in BKK begn\u00fcgen.<\/p>\n<p>Irgendwann will ich hier auch nochmals Falkert fahren, obwohl die als einziges Skigebiet in K\u00e4rnten, vom Gletscher abgesehen, nach dem Ostermontag noch bis 16.4. offen haben wollen &#8211; w\u00e4r sonst eventuell auch was ruhigeres f\u00fcr Ostern. Von dort dann nach Villach\/Campingplatz oder Goldeck oder Katschberg f\u00e4hrt man aber eigentlich auch eher \u00fcber BKK wieder, was also f\u00fcr einen dortigen Besuch am SA, wenn auch ggf. voller, spr\u00e4che und Freitag dann Falkert. Da reicht ja eigentlich auch ein halber Tag.<\/p>\n<p>Die heutigen Preise am Platz waren wie urspr\u00fcnglich in der E-Mail geschrieben: 18 \u20ac am ersten Tag (wobei ich ja bei meinen vorherigen Besuch 20,- zahlen musste), 22,- ab dem zweiten Tag. Begr\u00fcndet wird dies mit M\u00fcllgeb\u00fchren. Als ob man ab der 2. Nacht erstens so viel mehr und zweitens auch noch um 4 \u20ac M\u00fcll produzieren w\u00fcrde, das ist schon relativ unversch\u00e4mt. Somit f\u00fcr 4 N\u00e4chte 84,- zahlen m\u00fcssen.<\/p>\n<p>Was sie wohl verlangen w\u00fcrden, wenn man jeden Tag abf\u00e4hrt und abends wieder klingelt? Oder dann einen Tag sp\u00e4ter? Aber es gibt wohl auch keinen brauchbaren alternativen (freien) Platz in der Gegend, nur Falkert oben soll man gratis stehen d\u00fcrfen, war ich ja auch schon diese Saison. Werde ich dann am Freitag f\u00fcr 1 oder 2 N\u00e4chte nutzen. Aber extra rauffahren, ohne dort Ski zu fahren (au\u00dfer es ist Windsperre wie letztes Mal), w\u00e4re mir nat\u00fcrlich zu bl\u00f6d. Zudem ist der Platz ja recht schr\u00e4g.<\/p>\n<p>Wobei der Campingplatz hier ja auch nicht gerade sonderlich sch\u00f6n ist. Ok, man steht immerhin am Fluss.<\/p>\n<p><a href='http:\/\/extra.inmontanis.info\/d\/98932-2\/DSC02906.jpg'><img src=http:\/\/extra.inmontanis.info\/d\/98931-3\/DSC02906.jpg \/><\/a><br \/>\n^ Abendrot am Campingplatz<\/p>\n<p>&#8211;<\/p>\n<p>Am Dachsteingletscher war ich ja leider nie skifahren &#8211; immer wenn ich wollte, hatten die nicht oder nicht genug offen oder wie auch immer. Jetzt gibts keine Chance mehr, der Skibetrieb wurde nun nicht nur im Sommer, sondern gleich ganzj\u00e4hrig eingestellt, die Lifte werden schon abgebaut:<br \/>\n<a href='https:\/\/steiermark.orf.at\/stories\/3198534\/'>https:\/\/steiermark.orf.at\/stories\/3198534\/<\/a><\/p>\n<p>Achja, mein Gemini-Handy hab ich wieder zum Laden und Einschalten \u00fcberzeugen k\u00f6nnen, mit einem kleinen Trick: Ich hab an beiden USB-Ports ein Ladeger\u00e4t geh\u00e4ngt. Obwohl ja nur vom linken geladen werden soll, hat der Anschluss am rechten Port das Aufladen irgendwie ver\u00e4ndert, insofern dass er nicht wie zuvor nach einigen Sekunden am Ladeger\u00e4t versucht hat, sich einzuschalten und das Ladesymbol anzuzeigen (wodurch die Spannung in der Batterie wieder zusammenbrach und nicht weiter geladen wurde), sondern einfach geladen hat&#8230; daher gleich mal interne Daten auf die SD-Karte kopiert.<\/p>\n<p>&#8212;<br \/>\n\u00dcber die Unruhen in Frankreich:<br \/>\n<a href='https:\/\/www.anti-spiegel.ru\/2023\/wie-in-russland-ueber-die-unruhen-in-frankreich-berichtet-wird\/'>https:\/\/www.anti-spiegel.ru\/2023\/wie-in-russland-ueber-die-unruhen-in-frankreich-berichtet-wird\/<\/a><\/p>\n","protected":false},"excerpt":{"rendered":"<p>Mo, 13.3.2023<\/p>\n<p>Heute mal nicht von Eulen oder Kirchenglocken geweckt worden, sondern anscheinend von einem Specht?? Oder was auch immer&#8230;<\/p>\n<p>Der Tag begann zur Abwechslung mal bedeckt, sp\u00e4ter wurde es noch etwa sonniger.<\/p>\n<p>Ich hasse die Parkplatzistuation auf der Turracher H\u00f6he. Nachdem ich x-mal hin- und hergefahren bin, weil kein Parkplatz nahe Lift, weil ein <a href=\"http:\/\/blog.inmontanis.info\/?p=8670\">[&#8230;]<\/a><\/p>\n","protected":false},"author":1,"featured_media":8672,"comment_status":"closed","ping_status":"closed","sticky":false,"template":"","format":"standard","meta":{"footnotes":""},"categories":[13,27,202],"tags":[56,38,47],"class_list":["post-8670","post","type-post","status-publish","format-standard","has-post-thumbnail","hentry","category-austria","category-skifahren-winterskiing-winter","category-turrach","tag-6sb","tag-dsb","tag-sl","odd"],"_links":{"self":[{"href":"http:\/\/blog.inmontanis.info\/index.php?rest_route=\/wp\/v2\/posts\/8670","targetHints":{"allow":["GET"]}}],"collection":[{"href":"http:\/\/blog.inmontanis.info\/index.php?rest_route=\/wp\/v2\/posts"}],"about":[{"href":"http:\/\/blog.inmontanis.info\/index.php?rest_route=\/wp\/v2\/types\/post"}],"author":[{"embeddable":true,"href":"http:\/\/blog.inmontanis.info\/index.php?rest_route=\/wp\/v2\/users\/1"}],"replies":[{"embeddable":true,"href":"http:\/\/blog.inmontanis.info\/index.php?rest_route=%2Fwp%2Fv2%2Fcomments&post=8670"}],"version-history":[{"count":2,"href":"http:\/\/blog.inmontanis.info\/index.php?rest_route=\/wp\/v2\/posts\/8670\/revisions"}],"predecessor-version":[{"id":8673,"href":"http:\/\/blog.inmontanis.info\/index.php?rest_route=\/wp\/v2\/posts\/8670\/revisions\/8673"}],"wp:featuredmedia":[{"embeddable":true,"href":"http:\/\/blog.inmontanis.info\/index.php?rest_route=\/wp\/v2\/media\/8672"}],"wp:attachment":[{"href":"http:\/\/blog.inmontanis.info\/index.php?rest_route=%2Fwp%2Fv2%2Fmedia&parent=8670"}],"wp:term":[{"taxonomy":"category","embeddable":true,"href":"http:\/\/blog.inmontanis.info\/index.php?rest_route=%2Fwp%2Fv2%2Fcategories&post=8670"},{"taxonomy":"post_tag","embeddable":true,"href":"http:\/\/blog.inmontanis.info\/index.php?rest_route=%2Fwp%2Fv2%2Ftags&post=8670"}],"curies":[{"name":"wp","href":"https:\/\/api.w.org\/{rel}","templated":true}]}}