{"id":8666,"date":"2023-03-12T19:13:57","date_gmt":"2023-03-12T18:13:57","guid":{"rendered":"http:\/\/blog.inmontanis.info\/?p=8666"},"modified":"2023-03-14T19:24:14","modified_gmt":"2023-03-14T18:24:14","slug":"flattnitz-hochrindl-12-3-2023-2xsaisonschluss","status":"publish","type":"post","link":"http:\/\/blog.inmontanis.info\/?p=8666","title":{"rendered":"Flattnitz &#038; Hochrindl, 12.3.2023 &#8211; 2xSaisonschluss"},"content":{"rendered":"<p><strong>So, 12.3.2023<\/strong><\/p>\n<p>Also ging es heute nochmals nach Flattnitz und Hochrindl im Mix, diesmal aber erst nach Flattnitz, wo ich wieder eine halbe Stunde vor Betriebsbeginn ankam. Aber ja nicht, weil ich&#8217;s so eilig h\u00e4tte&#8230;<\/p>\n<p>Wie so h\u00e4\u00fcfig am letzten Betriebstag, schien man sich nicht mehr viel M\u00fche zu machen, die schwarze Abfahrt an der DSB und die blaue zwischen SL und DSB waren nicht mehr pr\u00e4pariert. Die schwarze daher, wie erwatet, unsch\u00f6n zu fahren gewesen, die blaue und am SL war besser, wurde aber bald knolliger. <\/p>\n<p><a href='http:\/\/extra.inmontanis.info\/d\/98920-3\/DSC02850.jpg'><img src=http:\/\/extra.inmontanis.info\/d\/98919-4\/DSC02850.jpg \/><\/a><br \/>\n^ Hab mal etwas den gestrigen Matsch vom Auto geklopft ..<\/p>\n<p><a href='http:\/\/ski.inmontanis.info\/d\/315454-2\/DSC02852.jpg'><img src=http:\/\/ski.inmontanis.info\/d\/315453-3\/DSC02852.jpg \/><\/a><br \/>\n^ Pfff, die Unsitte, mit den Schneemobilen kreuz und quer die Piste rauf und runter zu fahren, bitte nicht aus Schweden \u00fcbernehmen.<\/p>\n<p><a href='http:\/\/ski.inmontanis.info\/d\/315458-2\/DSC02853.jpg'><img src=http:\/\/ski.inmontanis.info\/d\/315457-3\/DSC02853.jpg \/><\/a><br \/>\n^ Ach, die blaue DSB-Abfahrt hier ist schon nett.<\/p>\n<p><a href='http:\/\/ski.inmontanis.info\/d\/315462-2\/DSC02854.jpg'><img src=http:\/\/ski.inmontanis.info\/d\/315461-3\/DSC02854.jpg \/><\/a><br \/>\n^ Vom unteren SL musste ich noch einige Fotos machen, weil er ja doch schon recht spezielle St\u00fctzen hat. Die hier hat einen Knick und wirkt mit dem Rost wohl nicht mehr sehr langlebig<\/p>\n<p><a href='http:\/\/ski.inmontanis.info\/d\/315466-2\/DSC02856.jpg'><img src=http:\/\/ski.inmontanis.info\/d\/315465-3\/DSC02856.jpg \/><\/a><br \/>\n^ Diese St\u00fctze zuvor tanzt aus der Reihe, weil sie einerseits die Querstreben in Kreuzform hat, andererseits die Profile der Metallstangen anders sind, hier n\u00e4mlich ein eckiges U-Profil<\/p>\n<p><a href='http:\/\/ski.inmontanis.info\/d\/315470-2\/DSC02857.jpg'><img src=http:\/\/ski.inmontanis.info\/d\/315469-3\/DSC02857.jpg \/><\/a><br \/>\n^ Fundament<\/p>\n<p><a href='http:\/\/ski.inmontanis.info\/d\/315474-2\/DSC02858.jpg'><img src=http:\/\/ski.inmontanis.info\/d\/315473-3\/DSC02858.jpg \/><\/a><br \/>\n^ .. denn die meisten anderen St\u00fctzen schauen so aus. Was man dabei erst bei genauerem Betrachten sieht ..<\/p>\n<p><a href='http:\/\/ski.inmontanis.info\/d\/315478-2\/DSC02859.jpg'><img src=http:\/\/ski.inmontanis.info\/d\/315477-3\/DSC02859.jpg \/><\/a><br \/>\n^ &#8230; dass die Metallstangen (Leisten, Tr\u00e4ger, Profile, wie auch immer man das hier nennt) dreieckig sind! Das macht den de-Pretis-SL hier gleich nochmals ungew\u00f6hnlicher.<\/p>\n<p><a href='http:\/\/ski.inmontanis.info\/d\/315482-2\/DSC02861.jpg'><img src=http:\/\/ski.inmontanis.info\/d\/315481-3\/DSC02861.jpg \/><\/a><br \/>\n^ Schwarze DSB-Abfahrt, nicht mehr pr\u00e4pariert<\/p>\n<p><a href='http:\/\/ski.inmontanis.info\/d\/315486-3\/DSC02863.jpg'><img src=http:\/\/ski.inmontanis.info\/d\/315485-4\/DSC02863.jpg \/><\/a><br \/>\n^ Schneefall und Sonne gleichzeitig<\/p>\n<p><a href='http:\/\/ski.inmontanis.info\/d\/315490-3\/DSC02864.jpg'><img src=http:\/\/ski.inmontanis.info\/d\/315489-4\/DSC02864.jpg \/><\/a><br \/>\n^ DSB, da oben f\u00e4hrt einer den Steilhang runter, Respekt bei dem Schnee und den kommenden Felsen<\/p>\n<p><a href='http:\/\/ski.inmontanis.info\/d\/315494-3\/ge20230312a.jpg'><img src=http:\/\/ski.inmontanis.info\/d\/315493-4\/ge20230312a.jpg \/><\/a><br \/>\n^ GPS-Track 12.3.2023 in Gelb, vorherige Besuche in Blau. Der SL rechts k\u00f6nnte interessanter sein, wenn es da noch eine diagonalere Abfahrt von der DSB aus r\u00fcber g\u00e4be. War aber ja eh nicht mehr in Betrieb.<\/p>\n<p>Nach 1x Schwarz, 4x Blau und einige Male SL h\u00f6rte ich um 11 Uhr wieder auf und fuhr nach (auf die) Hochrindl in der Hoffnung auf einen \u00fcblichen Parkplatz an der SL- und Abfahrtsbr\u00fccke. Dort ja heute ebenfalls der letzte Betriebstag.<\/p>\n<p>Ob es das Skigebiet und die DSB in Flattnitz noch gibt, wenn ich mal wieder die Saisonkarte hier hab? Wann auch immer das sein mag, immerhin gibts ja auch ein paar Alternativen dazu. W\u00e4re ja nicht das erste Skigebiet in K\u00e4rnten, das es nicht mehr gibt. Eines davon, Verditz, hab ich ja immerhin noch besuchen k\u00f6nnen, wenn auch ohne der ersten Sektion ESL. Ebenfalls ein hei\u00dfer Kandidat w\u00e4re Dreil\u00e4ndereck. Und nat\u00fcrlich die einen oder anderen Einzellifte.<\/p>\n<p><a href='http:\/\/extra.inmontanis.info\/d\/98924-3\/DSC02865.jpg'><img src=http:\/\/extra.inmontanis.info\/d\/98923-4\/DSC02865.jpg \/><\/a><br \/>\n^ Unterm Skigebiet gibts eine Siedlung Hochrindl-Tatarmann (oder auch Tatermann)<\/p>\n<p><a href='http:\/\/extra.inmontanis.info\/d\/98928-3\/DSC02866.jpg'><img src=http:\/\/extra.inmontanis.info\/d\/98927-4\/DSC02866.jpg \/><\/a><br \/>\n^ Der Tatarmann. Soll wohl symbolisieren, wie weit die T\u00fcrken damals gekommen sind.<\/p>\n<p>Kurz vor 12 Uhr kam ich (bei etwas Sonne und Schneefall) an, waren noch mehrere Parkpl\u00e4tze frei. Falls sich jemand fragt: Ja, Autofahren geht auch mit den neuen Skischuhen.<\/p>\n<p>Bin nochmals das ganze Skigebiet abgefahren, wobei die nordseitigen H\u00e4nge recht knollig, die ost\/s\u00fcdseitigen sch\u00f6n sulzig (nur teilweise unsch\u00f6n pappig) und die SL-Liftspuren vereist waren.<\/p>\n<p><a href='http:\/\/ski.inmontanis.info\/d\/315498-2\/DSC02867.jpg'><img src=http:\/\/ski.inmontanis.info\/d\/315497-3\/DSC02867.jpg \/><\/a><br \/>\n^ 4SB<\/p>\n<p><a href='http:\/\/ski.inmontanis.info\/d\/315502-3\/DSC02873.jpg'><img src=http:\/\/ski.inmontanis.info\/d\/315501-4\/DSC02873.jpg \/><\/a><br \/>\n^ R\u00fcckseitenpano ..<\/p>\n<p><a href='http:\/\/ski.inmontanis.info\/d\/315506-3\/DSC02874.jpg'><img src=http:\/\/ski.inmontanis.info\/d\/315505-4\/DSC02874.jpg \/><\/a><br \/>\n^ .. an der Hiasl Zirbenh\u00fctte<\/p>\n<p>Ansonsten hab ich ja schon genug Fotos heuer gemacht von Flattnitz und Hochrindl.<\/p>\n<p><a href='http:\/\/ski.inmontanis.info\/d\/315510-3\/ge20230312b.jpg'><img src=http:\/\/ski.inmontanis.info\/d\/315509-4\/ge20230312b.jpg \/><\/a><br \/>\n^ GPS-Track 12.3.2023 in Gelb, vorherige Besuche in Blau.<\/p>\n<p>Anschlie\u00dfend fuhr ich noch auf die Turracher H\u00f6he zum dortigen, bekannten Campingplatz, aber eben nur f\u00fcr 1 Nacht (21,10 \u20ac), da es \u00fcbermorgen Vormittag schneien soll, da \u00fcbernachte ich also lieber unten im Tal. Skifahren wollte ich ja eh nur einen Tag dort.<\/p>\n","protected":false},"excerpt":{"rendered":"<p>So, 12.3.2023<\/p>\n<p>Also ging es heute nochmals nach Flattnitz und Hochrindl im Mix, diesmal aber erst nach Flattnitz, wo ich wieder eine halbe Stunde vor Betriebsbeginn ankam. Aber ja nicht, weil ich&#8217;s so eilig h\u00e4tte&#8230;<\/p>\n<p>Wie so h\u00e4\u00fcfig am letzten Betriebstag, schien man sich nicht mehr viel M\u00fche zu machen, die schwarze Abfahrt an der <a href=\"http:\/\/blog.inmontanis.info\/?p=8666\">[&#8230;]<\/a><\/p>\n","protected":false},"author":1,"featured_media":8668,"comment_status":"closed","ping_status":"closed","sticky":false,"template":"","format":"standard","meta":{"footnotes":""},"categories":[241,208,13,27],"tags":[49,38,47],"class_list":["post-8666","post","type-post","status-publish","format-standard","has-post-thumbnail","hentry","category-flattnitz","category-hochrindl","category-austria","category-skifahren-winterskiing-winter","tag-4sb","tag-dsb","tag-sl","odd"],"_links":{"self":[{"href":"http:\/\/blog.inmontanis.info\/index.php?rest_route=\/wp\/v2\/posts\/8666","targetHints":{"allow":["GET"]}}],"collection":[{"href":"http:\/\/blog.inmontanis.info\/index.php?rest_route=\/wp\/v2\/posts"}],"about":[{"href":"http:\/\/blog.inmontanis.info\/index.php?rest_route=\/wp\/v2\/types\/post"}],"author":[{"embeddable":true,"href":"http:\/\/blog.inmontanis.info\/index.php?rest_route=\/wp\/v2\/users\/1"}],"replies":[{"embeddable":true,"href":"http:\/\/blog.inmontanis.info\/index.php?rest_route=%2Fwp%2Fv2%2Fcomments&post=8666"}],"version-history":[{"count":2,"href":"http:\/\/blog.inmontanis.info\/index.php?rest_route=\/wp\/v2\/posts\/8666\/revisions"}],"predecessor-version":[{"id":8669,"href":"http:\/\/blog.inmontanis.info\/index.php?rest_route=\/wp\/v2\/posts\/8666\/revisions\/8669"}],"wp:featuredmedia":[{"embeddable":true,"href":"http:\/\/blog.inmontanis.info\/index.php?rest_route=\/wp\/v2\/media\/8668"}],"wp:attachment":[{"href":"http:\/\/blog.inmontanis.info\/index.php?rest_route=%2Fwp%2Fv2%2Fmedia&parent=8666"}],"wp:term":[{"taxonomy":"category","embeddable":true,"href":"http:\/\/blog.inmontanis.info\/index.php?rest_route=%2Fwp%2Fv2%2Fcategories&post=8666"},{"taxonomy":"post_tag","embeddable":true,"href":"http:\/\/blog.inmontanis.info\/index.php?rest_route=%2Fwp%2Fv2%2Ftags&post=8666"}],"curies":[{"name":"wp","href":"https:\/\/api.w.org\/{rel}","templated":true}]}}