{"id":8659,"date":"2023-03-11T18:36:13","date_gmt":"2023-03-11T17:36:13","guid":{"rendered":"http:\/\/blog.inmontanis.info\/?p=8659"},"modified":"2023-08-06T09:25:18","modified_gmt":"2023-08-06T07:25:18","slug":"bodental-11-3-2023-much-matsch-matsch-matsch","status":"publish","type":"post","link":"http:\/\/blog.inmontanis.info\/?p=8659","title":{"rendered":"Bodental, 11.3.2023 &#8211; much Matsch (&#8220;matsch Matsch&#8221;)"},"content":{"rendered":"<p><strong>Sa, 11.3.2023<\/strong> &#8211; Teil 2<\/p>\n<p>Nach dem Vormittag im Skigebiet Petzen ging&#8217;s also ins Bodental. Das befindet sich vor dem Loiblpass. Kurz hinterm Loiblpass war auf slowenischer Seite ja einst das sch\u00f6ne ESL-Skigebiet Zelenica. Da f\u00e4llt mir ein, dass ich &#8211; nach den letzten beiden Wintern in Skandinavien &#8211; ja auch heuer wieder zu keinem ESL gekommen bin :-( Obwohl in Italien ja 3 noch offen w\u00e4ren eigentlich &#8211; aber der in Frabosa hatte ja bei meinem Besuch nicht offen, der in Caldirola hatte &#8211; wie fast immer &#8211; keinen Schnee und nach Bielmonte bin ich dann auch nicht gekommen (weil zu wenig Schnee f\u00fcr alle Lifte). Und nach DE bin ich auch nicht gekommen. Und zum neuen in AT\/Pr\u00e4bichl auch nicht. <\/p>\n<p>Und wenn ich n\u00e4chstes Jahr wieder nach Skandinavien fahre, komm ich wieder zu keinem ESL :-( Naja, wenigstens hatte ich letzten Sommer 2 St\u00fcck.<\/p>\n<p><a href='http:\/\/extra.inmontanis.info\/d\/98908-2\/DSC02818.jpg'><img src=http:\/\/extra.inmontanis.info\/d\/98907-3\/DSC02818.jpg \/><\/a><br \/>\n^ Richtung Loiblpass<\/p>\n<p><a href='http:\/\/extra.inmontanis.info\/d\/98912-2\/DSC02821.jpg'><img src=http:\/\/extra.inmontanis.info\/d\/98911-3\/DSC02821.jpg \/><\/a><br \/>\n^ Zum Skigebiet Bodental<\/p>\n<p>Um 13:30 im Bodental angekommen, waren die Parkpl\u00e4tze im asphaltierten Bereich alle besetzt, aber es gab ein gro\u00dfes Feld, das am Anfang sehr matschig aussah, wobei da ein paar Autos zu Beginn standen und weiter hinten stand eines und da hinten sah es nicht so matschig aus &#8211; also probierte ich es und fuhr rein.<\/p>\n<p>Das war ein Fehler, ich merkte bald, dass ich auch weiter hinten keinen brauchbaren Grip hatte und f\u00fcrchtete schon, dass ich bald feststecken w\u00fcrde, ich fuhr quasi geradeaus und meine R\u00e4der zeigten in irgendeine andere Richtung, Lenkradeinschlag ohne Wirkung. Also versuchte ich im Schwung erst mal noch die R\u00e4der gerade zu stellen und wieder umzukehren. Da sah ich, dass es weiter unten vielleicht einen zweiten Ausgang g\u00e4be und bemerkte, dass der Volvo, der hier stand, wohl nicht freiwillig stehen geblieben ist, sondern einfach nicht mehr weiter kam. <\/p>\n<p>Mir gelang die Kurve, ich fuhr am steckengebliebenen Volvo vorbei (der wurde sp\u00e4ter von einem Traktor rausgeholt) und hatte Gl\u00fcck, dass es da unten tats\u00e4chlich auch eine Ausfahrt gab. Puhhh, Gl\u00fcck gehabt, weil Allrad gehabt.<\/p>\n<p>Gerade nochmals gut gegangen also. Bis naturlich auf den Dreck am Auto. M\u00f6chte nicht wissen, wie der Unterboden jetzt ausschaut. Reichen schon die Radk\u00e4sten, ging auch sp\u00e4ter nicht von selbst weg. Wird man da in eine Waschstra\u00dfe reingelassen? Bekommt man da \u00c4rger, wenn man das in einer Waschbox abspritzt? Bei dem ganzen Gras, das man hinterl\u00e4sst, verstopft man ja die Abfl\u00fcsse ;)<\/p>\n<p>Zu den Liften muss man etwas rauflaufen, ich fuhr also ein paar Mal Tellerlift und Kurvenlift. Der Kurven-SL wurde dann pl\u00f6tzlich um ca. 14:55 eingestellt, waren sogar noch welche im Lift, wobei ich so um meine letzte Fahrt gebracht wurde, also nochmals am Tellerlift rauf. Der Schatten breitete sich aus und der aufgetaute Schnee wurde gifitig im Schatten, wobei es Abschnitte gab, die heute nicht weich geworden sind.<\/p>\n<p>Schade, dass die linke Abfahrt aufgelassen wurde, schien interessant und anspruchsvoll. Bin sie nur 1x gefahren, weil oben etwas dreck-matschig und Schnee auch nicht sooo toll.<\/p>\n<p><a href='http:\/\/ski.inmontanis.info\/d\/315366-2\/DSC02823.jpg'><img src=http:\/\/ski.inmontanis.info\/d\/315364-3\/DSC02823.jpg \/><\/a><br \/>\n^ Links der Kurven-SL, rechts der Tellerlift<\/p>\n<p><a href='http:\/\/ski.inmontanis.info\/d\/315370-2\/DSC02824.jpg'><img src=http:\/\/ski.inmontanis.info\/d\/315369-3\/DSC02824.jpg \/><\/a><br \/>\n^ Viel Matsch am Auto, aber wenigstens nicht steckengeblieben<\/p>\n<p><a href='http:\/\/ski.inmontanis.info\/d\/315374-2\/DSC02825.jpg'><img src=http:\/\/ski.inmontanis.info\/d\/315373-3\/DSC02825.jpg \/><\/a><br \/>\n^ Der matschige Parkplatz. Wei\u00df nicht, warum man den nicht gleich abgesperrt hat heute. Der Volvo da in der Mitte stand wohl nicht freiwillig drin ;) Hinten links der Hang k\u00f6nnte eine Skisprungschanze gewesen sein, rechts davon die Abfahrt links vom SL ist wohl leider stillgelegt<\/p>\n<p><a href='http:\/\/ski.inmontanis.info\/d\/315378-2\/DSC02828.jpg'><img src=http:\/\/ski.inmontanis.info\/d\/315377-3\/DSC02828.jpg \/><\/a><br \/>\n^ Teller-SL<\/p>\n<p><a href='http:\/\/ski.inmontanis.info\/d\/315382-2\/DSC02829.jpg'><img src=http:\/\/ski.inmontanis.info\/d\/315381-3\/DSC02829.jpg \/><\/a><br \/>\n^ Kurven-SL oberer Teil<\/p>\n<p><a href='http:\/\/ski.inmontanis.info\/d\/315386-2\/DSC02830.jpg'><img src=http:\/\/ski.inmontanis.info\/d\/315385-3\/DSC02830.jpg \/><\/a><br \/>\n^ S\u00e4he ja lecker aus, der Hang, vielleicht etwas steil. Gibt so einige H\u00e4nge im Satbild, wo man sich \u00fcberlegt, ob da fr\u00fcher mal ein Lift bis rauf gegangen ist, aber vermutlich wohl doch nicht.<\/p>\n<p><a href='http:\/\/ski.inmontanis.info\/d\/315390-2\/DSC02831.jpg'><img src=http:\/\/ski.inmontanis.info\/d\/315389-3\/DSC02831.jpg \/><\/a><br \/>\n^ Kurven-SL und Talstationen<\/p>\n<p><a href='http:\/\/ski.inmontanis.info\/d\/315394-2\/DSC02833.jpg'><img src=http:\/\/ski.inmontanis.info\/d\/315393-3\/DSC02833.jpg \/><\/a><br \/>\n^ Kurven-SL von de Pretis<\/p>\n<p><a href='http:\/\/ski.inmontanis.info\/d\/315398-2\/DSC02834.jpg'><img src=http:\/\/ski.inmontanis.info\/d\/315397-3\/DSC02834.jpg \/><\/a><br \/>\n^ Abfahrt Kurven-SL<\/p>\n<p><a href='http:\/\/ski.inmontanis.info\/d\/315402-2\/DSC02836.jpg'><img src=http:\/\/ski.inmontanis.info\/d\/315401-3\/DSC02836.jpg \/><\/a><br \/>\n^ Kurven-SL<\/p>\n<p><a href='http:\/\/ski.inmontanis.info\/d\/315406-2\/DSC02837.jpg'><img src=http:\/\/ski.inmontanis.info\/d\/315405-3\/DSC02837.jpg \/><\/a><br \/>\n^ Kurven-SL<\/p>\n<p><a href='http:\/\/ski.inmontanis.info\/d\/315410-2\/DSC02838.jpg'><img src=http:\/\/ski.inmontanis.info\/d\/315409-3\/DSC02838.jpg \/><\/a><br \/>\n^ Bergstation Kurven-SL<\/p>\n<p><a href='http:\/\/ski.inmontanis.info\/d\/315414-2\/DSC02835.jpg'><img src=http:\/\/ski.inmontanis.info\/d\/315413-3\/DSC02835.jpg \/><\/a><br \/>\n^ Weg zur linken Abfahrt von der Bergstation<\/p>\n<p><a href='http:\/\/ski.inmontanis.info\/d\/315418-2\/DSC02839.jpg'><img src=http:\/\/ski.inmontanis.info\/d\/315417-3\/DSC02839.jpg \/><\/a><br \/>\n^ Kurven-SL<\/p>\n<p><a href='http:\/\/ski.inmontanis.info\/d\/315422-2\/DSC02841.jpg'><img src=http:\/\/ski.inmontanis.info\/d\/315421-3\/DSC02841.jpg \/><\/a><br \/>\n^ Skiweg linke Abfahrt<\/p>\n<p><a href='http:\/\/ski.inmontanis.info\/d\/315426-2\/DSC02842.jpg'><img src=http:\/\/ski.inmontanis.info\/d\/315425-3\/DSC02842.jpg \/><\/a><br \/>\n^ Skiweg linke Abfahrt, gut, dass ich hier die Skier nicht ausgezogen hab, bin selbst mit angezogenen Skiern einige cm bis ca. halb Bindung eingesunken. Mit Ski abgeschnallt w\u00e4r ich wohl sch\u00f6n eingesunken mit den Schuhen.<\/p>\n<p><a href='http:\/\/ski.inmontanis.info\/d\/315430-2\/DSC02843.jpg'><img src=http:\/\/ski.inmontanis.info\/d\/315429-3\/DSC02843.jpg \/><\/a><br \/>\n^ Linke Abfahrt<\/p>\n<p><a href='http:\/\/ski.inmontanis.info\/d\/315434-2\/DSC02844.jpg'><img src=http:\/\/ski.inmontanis.info\/d\/315433-3\/DSC02844.jpg \/><\/a><br \/>\n^ Linke Abfahrt, oberer Teil, nett.<\/p>\n<p><a href='http:\/\/ski.inmontanis.info\/d\/315438-2\/DSC02847.jpg'><img src=http:\/\/ski.inmontanis.info\/d\/315437-3\/DSC02847.jpg \/><\/a><br \/>\n^ Linke Abfahrt, unterer Teil<\/p>\n<p><a href='http:\/\/ski.inmontanis.info\/d\/315442-2\/DSC02848.jpg'><img src=http:\/\/ski.inmontanis.info\/d\/315441-3\/DSC02848.jpg \/><\/a><br \/>\n^ Talstation Kurven-SL und der Matsch-Parkplatz<\/p>\n<p><a href='http:\/\/ski.inmontanis.info\/d\/315446-2\/DSC02849.jpg'><img src=http:\/\/ski.inmontanis.info\/d\/315445-3\/DSC02849.jpg \/><\/a><br \/>\n^ Seiten-Pano<\/p>\n<p><a href='http:\/\/ski.inmontanis.info\/d\/315450-2\/ge20230311b.jpg'><img src=http:\/\/ski.inmontanis.info\/d\/315449-3\/ge20230311b.jpg \/><\/a><br \/>\n^ GPS-Track 11.3.2023<\/p>\n<p>Somit kann ich morgen nochmals Flattniz und\/oder Hochrindl fahren, h\u00e4tte ich letzte Woche ja nicht erwartet. Leider wieder bew\u00f6lkt und etwas Schneefall f\u00fcr morgen gemeldet, insb. im Norden. Auf dem Weg dorthin k\u00f6nnte man heute nochmals an der Ikea vorbei. <\/p>\n<p>Allerdings wollte ich heute keine K\u00f6ttbullar essen, sondern nahm mir lediglich was unten im Bistro mit. Hotdog Men\u00fc (1 Hot Dog + Kartoffelspalten + Getr\u00e4nk nachf\u00fcllbar) 4,- \u20ac + 1x extra Hot Dog 1,50 = 5,50 \u20ac.<\/p>\n<p>Leider machte ich den Fehler, nicht gleich die Zimtschnecken zu kaufen, aber es waren ja noch viele da. Nach dem Essen war aber im Caf\u00e9 nur noch 1 da. Hab dann im Caf\u00e9 + Bistro doch noch die gewollten 3 Stk. bekommen, unten gab&#8217;s dann aber keine mehr. 1 Stk. kostet 0,90 \u20ac. Und wie \u00fcblich Tunnbr\u00f6d+Gifflar gekauft. Nat\u00fcrlich sind die Zimtschnecken im Skistar R\u00f6dkullen Shop viiiiel besser und gr\u00f6\u00dfer ;) Aber egal, passt schon.<\/p>\n<p><a href='http:\/\/extra.inmontanis.info\/d\/98916-2\/IMG_20230311_162655_5.jpg'><img src=http:\/\/extra.inmontanis.info\/d\/98915-3\/IMG_20230311_162655_5.jpg \/><\/a><br \/>\n^ Ikea Hot-Dog-Men\u00fc um 4,- und noch ein zus\u00e4tzliches Hot Dog um 1,50 \u20ac. Beim linken tat ich mir Ketchup und s\u00fc\u00dfen Schweden-Senf (schmeckt ganz anders als bayrischer s\u00fc\u00dfer Senf, den ich ja gar nicht mag) und R\u00f6stzwiebel drauf, rechts Rotkraut und Ketchup, wobei man in Schweden Rotkraut ja eher auf K\u00f6ttbullar-Sandwiches bekommt.<\/p>\n<p>Wie \u00fcblich, wenn ich an so einer Ortstafel &#8220;Klagenfurt am W\u00f6rthersee&#8221; vorbei komme, hab ich sofort die Titelmelodie der &#8220;Ein Schlo\u00df am W\u00f6rthersee&#8221; &#8211; RTL-Serie aus den 90ern im Kopf &#8211; und das blieb die n\u00e4chsten Stunden auch so. Hach, das waren noch Zeiten, da war die Welt noch in Ordnung ;-) (Und ja, nat\u00fcrlich war ich in den 80ern auch Fan der Schwarzwaldklinik.)<\/p>\n<p>F\u00fcr Dienstag ist Schneefall gemeldet, was nat\u00fcrlich in die Pl\u00e4ne eingearbeitet werden muss. So w\u00fcrde sich ja anbieten, morgen entweder von Flattnitz oder Hochrindl aus zur Turracher H\u00f6he zu fahren. Dort wiederum w\u00fcrde es sich anbieten, 2 N\u00e4chte am Campingplatz zu bleiben. Aber wenn es dann am Dienstag Vormittag dort oben schneien sollte, k\u00f6nnte das vielleicht zu unsch\u00f6nen Stra\u00dfenverh\u00e4ltnissen oder Kettenpflicht talw\u00e4rts f\u00fchren.<\/p>\n<p>(Turracher H\u00f6he hat zwar noch bis weit nach Ostern offen, aber man kann wohl davon ausgehen, dass das nicht f\u00fcr den r\u00fcckseitigen SL gelten wird, den ich heuer ja noch nicht fahren konnte. Daher, wenn schon in der Gegend, einen Tag dort vorbei schauen.)<\/p>\n<p>Man liest auf Park4Night immer wieder von Wohnmobilisten, die auf Parkpl\u00e4tzen in Orten von der Polizei angeblich weggeschickt wurden. Weniger liest man das von z.B. Wanderparkpl\u00e4tze.  Eigentlich m\u00fcsste das ja eher umgekehrt sein, offiziell sollte in K\u00e4rnten (nur) das Campen au\u00dferhalb Ortschaften\/Siedlungen verboten sein. Au\u00dfer nat\u00fcrlich es gibt eindeutige Schilder.<\/p>\n<p>Mal gespannt, ob\/wann bei mir mal ein Polizist ans Fenster klopft. Da werd ich dann aber nachfragen, falls der mich wegschicken will, auf welcher Gesetzesgrundlage.<\/p>\n<p>Im Zweifelsfall schlaf ich daher m\u00f6glichst auf \u00f6ffentlichen Parkpl\u00e4tzen in Ortschaften. Wobei es ja auch einige Restaurants geben soll, die das N\u00e4chtigen auf ihren Parkpl\u00e4tzen erlauben. Das wiederum sollte ja auch in Tirol offiziell gar nicht m\u00f6glich sein, insofern wundert mich, dass das am Hintertuxer so lang geduldet wurde. Mittlerweile ja glaub ich nicht mehr. Was sehr bedauerlich ist, weil man am Hintertuxer wie auch am Kaunertaler so einige Kunden mehr h\u00e4tte, wenn man das offiziell machen w\u00fcrde. <\/p>\n<p>Nachteil an Parkpl\u00e4tzen in Orten: man kann, wie hier, um 6 Uhr auch wegen langem Dauergel\u00e4ute einer nahen Kirche geweckt werden :( Da regt man sich in der T\u00fcrkei \u00fcber den n\u00e4chtlichen Muezzin auf, aber kann hier genauso Pech haben. Auch die Freiheit der Religionen sollte dort enden, wo andere dadurch gest\u00f6rt werden.<\/p>\n","protected":false},"excerpt":{"rendered":"<p>Sa, 11.3.2023 &#8211; Teil 2<\/p>\n<p>Nach dem Vormittag im Skigebiet Petzen ging&#8217;s also ins Bodental. Das befindet sich vor dem Loiblpass. Kurz hinterm Loiblpass war auf slowenischer Seite ja einst das sch\u00f6ne ESL-Skigebiet Zelenica. Da f\u00e4llt mir ein, dass ich &#8211; nach den letzten beiden Wintern in Skandinavien &#8211; ja auch heuer wieder zu keinem <a href=\"http:\/\/blog.inmontanis.info\/?p=8659\">[&#8230;]<\/a><\/p>\n","protected":false},"author":1,"featured_media":8663,"comment_status":"closed","ping_status":"closed","sticky":false,"template":"","format":"standard","meta":{"footnotes":""},"categories":[882,13,27],"tags":[47],"class_list":["post-8659","post","type-post","status-publish","format-standard","has-post-thumbnail","hentry","category-bodental","category-austria","category-skifahren-winterskiing-winter","tag-sl","odd"],"_links":{"self":[{"href":"http:\/\/blog.inmontanis.info\/index.php?rest_route=\/wp\/v2\/posts\/8659","targetHints":{"allow":["GET"]}}],"collection":[{"href":"http:\/\/blog.inmontanis.info\/index.php?rest_route=\/wp\/v2\/posts"}],"about":[{"href":"http:\/\/blog.inmontanis.info\/index.php?rest_route=\/wp\/v2\/types\/post"}],"author":[{"embeddable":true,"href":"http:\/\/blog.inmontanis.info\/index.php?rest_route=\/wp\/v2\/users\/1"}],"replies":[{"embeddable":true,"href":"http:\/\/blog.inmontanis.info\/index.php?rest_route=%2Fwp%2Fv2%2Fcomments&post=8659"}],"version-history":[{"count":5,"href":"http:\/\/blog.inmontanis.info\/index.php?rest_route=\/wp\/v2\/posts\/8659\/revisions"}],"predecessor-version":[{"id":8665,"href":"http:\/\/blog.inmontanis.info\/index.php?rest_route=\/wp\/v2\/posts\/8659\/revisions\/8665"}],"wp:featuredmedia":[{"embeddable":true,"href":"http:\/\/blog.inmontanis.info\/index.php?rest_route=\/wp\/v2\/media\/8663"}],"wp:attachment":[{"href":"http:\/\/blog.inmontanis.info\/index.php?rest_route=%2Fwp%2Fv2%2Fmedia&parent=8659"}],"wp:term":[{"taxonomy":"category","embeddable":true,"href":"http:\/\/blog.inmontanis.info\/index.php?rest_route=%2Fwp%2Fv2%2Fcategories&post=8659"},{"taxonomy":"post_tag","embeddable":true,"href":"http:\/\/blog.inmontanis.info\/index.php?rest_route=%2Fwp%2Fv2%2Ftags&post=8659"}],"curies":[{"name":"wp","href":"https:\/\/api.w.org\/{rel}","templated":true}]}}