{"id":8655,"date":"2023-03-11T12:07:54","date_gmt":"2023-03-11T11:07:54","guid":{"rendered":"http:\/\/blog.inmontanis.info\/?p=8655"},"modified":"2023-03-12T19:14:20","modified_gmt":"2023-03-12T18:14:20","slug":"petzen-11-3-2023","status":"publish","type":"post","link":"http:\/\/blog.inmontanis.info\/?p=8655","title":{"rendered":"Petzen, 11.3.2023"},"content":{"rendered":"<p><strong>Sa, 11.3.2023<\/strong> &#8211; Teil 1<\/p>\n<p>Wie schon letzten Samstag soll auch heute wieder der sonnigste Tag der Woche werden. Hab ich letzten Samstag gesagt &#8220;ausgerechnet da dann Petzen?&#8221; werd ich heut aber genau in diesen sauren Apfel bei\u00dfen.<\/p>\n<p>Ca. 1 Stunde zu fr\u00fch war ich am Parkplatz, Liftbetrieb soll ab 9 Uhr sein &#8211; die ersten gingen schon vor 8:30 mit ihren Skiern zur 6EUB rauf. Da wart ich lieber, bis der SL f\u00e4hrt&#8230;<\/p>\n<p>Leider musste ich dann etliche Male den \u00dcbungslift fahren, da gr\u00f6\u00dfere Wartezeiten an der 6EUB und der andere, steilere SL neben der 6EUB anscheinend nicht offen war, obwohl ja lt. Scheenbereicht mal wieder alle Lifte offen sein sollten :(<\/p>\n<p>Ich wartete noch bis 9:30 und fragte dann den Liftler hier, da er mal wieder zu sehen war. Er meinte, der andere SL w\u00fcrde wohl eher nicht aufmachen heute. Saftladen schon wieder hier, regt mich auf. Solll ich mich nun an die EUB anstellen oder noch eine halbe Stunde hier fahrern oder das Skigebiet gleich auf die Boykottliste setzen?<\/p>\n<p>Um 9:40 war dann doch schon weniger los an der 6EUB und ich stellte mich an. Bei 4 Leuten mit einzusteigen, war aber selbst mit meinen schmalen Ski nicht m\u00f6glich, da die Skik\u00f6cher so schmal sind, dass sie mit 4 (ggf. etwas breiteren) schon voll sind.<\/p>\n<p>Oben dann gleich einmal SL und Talabfahrt gefahren. Die war je nach Hangrichtung und somit Sonneneinstrahlung entweder toll aufgeweicht oder scheissig eisig hart. Und da sich die Sonne ja in die andere Richtung dreht, k\u00f6nnte sich das auch nicht mehr gro\u00dfartig \u00e4ndern.<\/p>\n<p>Nach der 2. oder 3 Fahrt konnte man auf der Webcam vom Skigebiet Bodental so langsam erkennen, dass der Kurven-SL in Betrieb sein k\u00f6nnte. M\u00f6ge er das auch noch heute Nachmittag sein.<\/p>\n<p>Wer sich wundern mag, wieviel Skigebiete ich auf meiner Saisonkarte noch nicht gefahren bin: 5 bzw. 6<br \/>\n.. in K\u00e4rnten Bodental, Goldeck und Ankogel (sowie Weissensee, wo ich ja wegen Parkgeb\u00fchren wieder weggefahren bin und die mittlerweile Saisonschluss haben sollen)<br \/>\n.. in Osttirol Kals-Matrei und St. Jakob<\/p>\n<p><a href='http:\/\/ski.inmontanis.info\/d\/315324-2\/DSC02798.jpg'><img src=http:\/\/ski.inmontanis.info\/d\/315323-3\/DSC02798.jpg \/><\/a><br \/>\n^ \u00dcbungslift und Parkplatzzubringer<\/p>\n<p><a href='http:\/\/ski.inmontanis.info\/d\/315328-2\/DSC02804.jpg'><img src=http:\/\/ski.inmontanis.info\/d\/315327-3\/DSC02804.jpg \/><\/a><br \/>\n^ Jawoll, so soll das aussehen im Fr\u00fchjahr ;)<\/p>\n<p><a href='http:\/\/ski.inmontanis.info\/d\/315332-2\/DSC02806.jpg'><img src=http:\/\/ski.inmontanis.info\/d\/315331-3\/DSC02806.jpg \/><\/a><br \/>\n^ SL oberhalb der EUB, die Fahrt und Trasse ist immer netter als dann die Abfahrt<\/p>\n<p><a href='http:\/\/ski.inmontanis.info\/d\/315336-2\/DSC02807.jpg'><img src=http:\/\/ski.inmontanis.info\/d\/315335-3\/DSC02807.jpg \/><\/a><br \/>\n^ Steiles Offpistegel\u00e4nde an der Talabfahrt<\/p>\n<p><a href='http:\/\/ski.inmontanis.info\/d\/315340-2\/DSC02810.jpg'><img src=http:\/\/ski.inmontanis.info\/d\/315339-3\/DSC02810.jpg \/><\/a><br \/>\n^ Talabfahrt<\/p>\n<p><a href='http:\/\/ski.inmontanis.info\/d\/315344-2\/DSC02812.jpg'><img src=http:\/\/ski.inmontanis.info\/d\/315343-3\/DSC02812.jpg \/><\/a><br \/>\n^ Talabfahrt schwarz mit links blauer Umfahrung<\/p>\n<p><a href='http:\/\/ski.inmontanis.info\/d\/315348-2\/DSC02814.jpg'><img src=http:\/\/ski.inmontanis.info\/d\/315347-3\/DSC02814.jpg \/><\/a><br \/>\n^ Pano Abfahrt am SL oben<\/p>\n<p><a href='http:\/\/ski.inmontanis.info\/d\/315352-2\/DSC02815.jpg'><img src=http:\/\/ski.inmontanis.info\/d\/315351-3\/DSC02815.jpg \/><\/a><br \/>\n^ Bergstationen 6EUB und 4SB<\/p>\n<p><a href='http:\/\/ski.inmontanis.info\/d\/315356-2\/DSC02816.jpg'><img src=http:\/\/ski.inmontanis.info\/d\/315355-3\/DSC02816.jpg \/><\/a><br \/>\n^ 4SB, bin ich heute nicht gefahren, da ja die Talabfahrt offen war und man die Abfahrten hier sowieso dann fahren kann.<\/p>\n<p><a href='http:\/\/ski.inmontanis.info\/d\/315360-2\/ge20230311a.jpg'><img src=http:\/\/ski.inmontanis.info\/d\/315359-3\/ge20230311a.jpg \/><\/a><br \/>\n^ GPS-Track 11.3.2023 in Gelb, vorherige Besuche in Blau.<\/p>\n<p>3 EUB-Runden mit dem oberen SL, die letzte dann ohne. Die 4SB bin ich nicht gefahren. Gegen 12:30 Uhr somit abgefahren, zu Mittag musste man an der Talbfahrt auch etwas schieben, vor dem \u00dcbungslift und an ihm entlang. Aber Hauptsache weiter oben gibts steile eisige H\u00e4nge. H\u00e4tte man vielleicht besser trassieren k\u00f6nnen.<\/p>\n<p>(Fortsetzung vom Nachmittag folgt in einem eigenen Bericht.)<\/p>\n","protected":false},"excerpt":{"rendered":"<p>Sa, 11.3.2023 &#8211; Teil 1<\/p>\n<p>Wie schon letzten Samstag soll auch heute wieder der sonnigste Tag der Woche werden. Hab ich letzten Samstag gesagt &#8220;ausgerechnet da dann Petzen?&#8221; werd ich heut aber genau in diesen sauren Apfel bei\u00dfen.<\/p>\n<p>Ca. 1 Stunde zu fr\u00fch war ich am Parkplatz, Liftbetrieb soll ab 9 Uhr sein &#8211; die <a href=\"http:\/\/blog.inmontanis.info\/?p=8655\">[&#8230;]<\/a><\/p>\n","protected":false},"author":1,"featured_media":8657,"comment_status":"closed","ping_status":"closed","sticky":false,"template":"","format":"standard","meta":{"footnotes":""},"categories":[13,213,27],"tags":[49,39,47],"class_list":["post-8655","post","type-post","status-publish","format-standard","has-post-thumbnail","hentry","category-austria","category-petzen","category-skifahren-winterskiing-winter","tag-4sb","tag-6eub","tag-sl","odd"],"_links":{"self":[{"href":"http:\/\/blog.inmontanis.info\/index.php?rest_route=\/wp\/v2\/posts\/8655","targetHints":{"allow":["GET"]}}],"collection":[{"href":"http:\/\/blog.inmontanis.info\/index.php?rest_route=\/wp\/v2\/posts"}],"about":[{"href":"http:\/\/blog.inmontanis.info\/index.php?rest_route=\/wp\/v2\/types\/post"}],"author":[{"embeddable":true,"href":"http:\/\/blog.inmontanis.info\/index.php?rest_route=\/wp\/v2\/users\/1"}],"replies":[{"embeddable":true,"href":"http:\/\/blog.inmontanis.info\/index.php?rest_route=%2Fwp%2Fv2%2Fcomments&post=8655"}],"version-history":[{"count":2,"href":"http:\/\/blog.inmontanis.info\/index.php?rest_route=\/wp\/v2\/posts\/8655\/revisions"}],"predecessor-version":[{"id":8658,"href":"http:\/\/blog.inmontanis.info\/index.php?rest_route=\/wp\/v2\/posts\/8655\/revisions\/8658"}],"wp:featuredmedia":[{"embeddable":true,"href":"http:\/\/blog.inmontanis.info\/index.php?rest_route=\/wp\/v2\/media\/8657"}],"wp:attachment":[{"href":"http:\/\/blog.inmontanis.info\/index.php?rest_route=%2Fwp%2Fv2%2Fmedia&parent=8655"}],"wp:term":[{"taxonomy":"category","embeddable":true,"href":"http:\/\/blog.inmontanis.info\/index.php?rest_route=%2Fwp%2Fv2%2Fcategories&post=8655"},{"taxonomy":"post_tag","embeddable":true,"href":"http:\/\/blog.inmontanis.info\/index.php?rest_route=%2Fwp%2Fv2%2Ftags&post=8655"}],"curies":[{"name":"wp","href":"https:\/\/api.w.org\/{rel}","templated":true}]}}