{"id":8642,"date":"2023-03-09T18:47:58","date_gmt":"2023-03-09T17:47:58","guid":{"rendered":"http:\/\/blog.inmontanis.info\/?p=8642"},"modified":"2023-08-05T20:59:13","modified_gmt":"2023-08-05T18:59:13","slug":"weinebene-9-3-2023-nix-bene-aber-zum-heulen","status":"publish","type":"post","link":"http:\/\/blog.inmontanis.info\/?p=8642","title":{"rendered":"Weinebene, 9.3.2023 &#8211; nix bene, aber zum heulen"},"content":{"rendered":"<p><strong>Do, 9.3.2023<\/strong><\/p>\n<p>Ich nahm mir ab 9:30 Uhr frei, bis ich alles zusammengepackt und alles zum Verlassen der Wohnung erledigt hatte, war es ca. eine gute Stunde sp\u00e4ter. Als ich eine weitere Stunde sp\u00e4ter auf der Weinebene ankam, war es nicht nur st\u00fcrmisch, sondern: es regnete! Ja so ein Bullshit, das war doch jetzt \u00fcberhaupt nicht gemeldet, noch nicht mal heute Morgen?! Immerhin, jetzt hat Bergfex den Regen drin, sogar noch die n\u00e4chsten 2 Stunden. Wozu hab ich mir da frei genommen?? Das Wetter in K\u00e4rnten nervt.<\/p>\n<p>Nach 12 Uhr wurde der Nebel st\u00e4rker, die Regenpausen l\u00e4nger, also um 12:30 mal angezogen.<\/p>\n<p>Es war dann im Skigebiet kaum windig und wurde bald recht sonnig. Trotzdem war das mal wieder ein Tag, der mich so ankotzt, dass ich am liebsten alles hinschmei\u00dfen und nie mehr Skifahren m\u00f6chte. Komplett sinnlose Fahrerei heute, in jeder Hinsicht mal wieder verarscht worden.<\/p>\n<p>Jeden Tag der letzten 2 Wochen, wo ich nachgesehen hab, h\u00e4tten hier auf der Weinebene alle Lifte in Betreib sein sollen. Dass das f\u00fcr die doppelten Anlagen vielleicht nicht gelten mag, geschenkt. Aber eben der r\u00fcckseitige Schneeloch-SL war immer auf &#8220;gr\u00fcn&#8221;. Heute fr\u00fch gab&#8217;s keinen aktuellen Schneebericht. Und was ist, wenn ich hier bin?  Nat\u00fcrlich ist dieser schei\u00df Lift nicht in Betrieb. Und als ob das nicht reichen w\u00fcrde, ist auch von den beiden parallelen Hauptliften nur der k\u00fcrzere offen, so dass man weder zu dem R\u00fcckseiten-SL k\u00e4me, noch alle Abfahrten an dieser Bergseite vern\u00fcnftig fahren kann.<\/p>\n<p>Das allerschlimmste war aber, dass mit dem &#8211; ja nicht angek\u00fcndigten, st\u00e4rkeren, l\u00e4ngeren &#8211; Regen der bisher noch recht neue Schnee komplett pappig wurde, so dass man jede Abfahrt in Schuss runter fahren musste, die leichteren Abfahrten zB. zum Parkptatz teils schieben musste.<\/p>\n<p>Das macht ja noch weniger Spa\u00df als das Sturmgefahre gestern. Nach 1 Stunde wieder aufgeh\u00f6rt.<\/p>\n<p><a href='http:\/\/ski.inmontanis.info\/d\/315168-2\/DSC02746.jpg'><img src=http:\/\/ski.inmontanis.info\/d\/315167-3\/DSC02746.jpg \/><\/a><br \/>\n^ Wenn nur der linke der beiden Hauptlifte in Betrieb ist, hat man doppelt Pech, denn der ist k\u00fcrzer: Man kann die Abfahrten nicht so gut  fahren und man kommt nicht zum R\u00fcckseiten-SL<\/p>\n<p><a href='http:\/\/ski.inmontanis.info\/d\/315172-2\/DSC02748.jpg'><img src=http:\/\/ski.inmontanis.info\/d\/315171-3\/DSC02748.jpg \/><\/a><br \/>\n^ Pano<\/p>\n<p><a href='http:\/\/ski.inmontanis.info\/d\/315176-2\/DSC05166.jpg'><img src=http:\/\/ski.inmontanis.info\/d\/315175-3\/DSC05166.jpg \/><\/a><br \/>\n^ IR-Pano<\/p>\n<p><a href='http:\/\/ski.inmontanis.info\/d\/315180-2\/DSC05167.jpg'><img src=http:\/\/ski.inmontanis.info\/d\/315179-3\/DSC05167.jpg \/><\/a><br \/>\n^ IR-Pano, die Schneisen da hinten geh\u00f6ren wohl zum Skigebiet von Maribor, Pohorje<\/p>\n<p><a href='http:\/\/ski.inmontanis.info\/d\/315184-2\/DSC05170.jpg'><img src=http:\/\/ski.inmontanis.info\/d\/315183-3\/DSC05170.jpg \/><\/a><br \/>\n^ IR-Pano in die Ebene<\/p>\n<p><a href='http:\/\/ski.inmontanis.info\/d\/315188-2\/DSC02749.jpg'><img src=http:\/\/ski.inmontanis.info\/d\/315187-3\/DSC02749.jpg \/><\/a><br \/>\n^ Was n\u00fctzt das sch\u00f6ne Wetter, wenn der Schnee so pappig ist, dass man alle Abfahrten in Schuss fahren muss und in den flachen Bereichen runterschieben muss :(<\/p>\n<p><a href='http:\/\/ski.inmontanis.info\/d\/315192-2\/ge20230309a.jpg'><img src=http:\/\/ski.inmontanis.info\/d\/315191-3\/ge20230309a.jpg \/><\/a><br \/>\n^ GPS-Track 9.3.2023 in Gelb, vorheriger Besuch in Blau und der R\u00fcckseiten-SL in Orange<\/p>\n<p>Leider gibts hier in der Gegend kein (lohnenswert\/g\u00fcnstiges) niedrigeres Gebiet, das momentan noch unter der Woche offen h\u00e4tte und wo vielleicht der Schnee weniger pappig w\u00e4re.<\/p>\n<p>Hab mir noch die Webcams von der Weinebene hier der letzten Tage angesehen &#8211; auch da steht der rechte SL, dh auch da konnte &#8211; entgegen des (ca. t\u00e4glich aktualisierten) Schneeberichts &#8211; der r\u00fcckseitige Schneeloch-SL nicht in Betrieb gewesen sein. Somit kommt nun dieses Skigebiet, wie schon das Driel\u00e4ndereck diese Saison, wegen seiner eklatanten L\u00fcgerei beim Schneebericht hinsichtlich offener Anlagen\/Abfahrten f\u00fcr unbestimmte Zeit auf die Boykottliste.<\/p>\n<p>H\u00e4tt ich Trottel da mal die letzten Tage auf der Webcam nachgesehen, aber da hatte ich ja nicht mehr daran gedacht, dass einer der beiden Lifte ja so kurz ist, dass man von dem aus gar nicht zum hinteren SL kommt.<\/p>\n<p>Wieviel Skigebiete ich heuer schon auf die Boykottliste setzen musste! Wieviel waren es die letzten beiden Jahre in Skandinavien? Eines mal wegen Helmpflicht in Norwegen, das hatte ich ja dann gar nicht angefahren dann. Aber sonst? 1? 2? Maximal. Wenn \u00fcberhaupt. Jedenfalls auch weniger Skitage mit 1-2 Sternen bewertet als heuer schon.<\/p>\n<p>Ich blieb noch einige Zeit oben am Parkplatz stehen und lie\u00df das Auto von der Sonne w\u00e4rmen. N\u00e4chste Woche sind dann auch wieder ein paar Tage in den gr\u00f6\u00dferen Gebieten (BKK, Turrach) angedacht.<\/p>\n<p>H\u00e4tte eigentlich unten in der Stadt Wolfsberg an einem Parkplatz \u00fcbernachten wollen, aber ich fuhr erst noch ein paar km in die Steiermartk, wo es etwas unterhalb des Passes einen brauchbaren Parkplatz zum N\u00e4chtigen geben soll, sofern im Winter ger\u00e4umt &#8211; der w\u00e4r ja sicherlich ruhiger, wenn auch etwas k\u00fchler. Tja, wie bef\u00fcrchtet, nicht ger\u00e4umt gewesen. Dann also doch in die Stadt gefahren und mal denWwohnmobilparkplatz angesehen, d.h. nebendran auf den normalen Parkplatz gestellt. Der Platz neben den Stroms\u00e4ulen w\u00e4r mal nicht frei gewesen, aber hab ja eine volle Batterie. Naja, sch\u00f6n und ruhig geht anders. Aber bevor ich nochmal heimfahr und Bett aufbau und alles rauf und wieder runterschlepp, ne ne ne. (Der fr\u00fchmorgendliche Verkehr schien schon vor 6:30 einzusetzen und verk\u00fcrzte meinen Schlaf, also den Platz brauch ich kein zweites Mal.)<\/p>\n<p>Zu Weihnachten hatte ich ja gesagt, dass ich hier in der Steiermark, wenn ich Weinebene bin, mal Karpfen essen wollte. Das besagte Restaurant hier in der N\u00e4he hat nun aber bis Ende M\u00e4rz Betriebsurlaub. Es wird mir halt nicht leicht gemacht, wenn man einmal essen gehen will&#8230;.<\/p>\n<p>Tja.. morgen in 1 Monat ist schon Ostermontag, danach sind die meisten Skigebiete geschlossen und eine Woche sp\u00e4ter sind fast kaum noch welche offen. Das geht jetzt ratz-fatz :( Plus schwierig nat\u00fcrlich die Skigebietswahl in der Woche vor Ostern, wo es vermutlich nochmals so richtig voll werden wird&#8230;<\/p>\n<p>&#8230; danach kommt ein langer und langweiliger Sommer, in dem ich keine Reise geplant hab .. daf\u00fcr werd ich die Wohnung hoffentlich endlich mal fertig bekommen .. und die sommerliche K\u00fchle dort oben genie\u00dfen .. naja, irgendwann will ich mal nach Slowenien zum Einkaufen schauen (was es da so gibt), vielleicht eine kleine 2-3-t\u00e4gige Rundfahrt, vielleicht schau ich mir hier in der Gegend ein paar Burgen oder Burgruinen an, wenns nicht zu warm wird. <\/p>\n<p>Vielleicht schau ich mir auch mal die Mattenpiste in Nieder\u00f6sterreich an, falls die im Sommer noch offen ist. Dass ich zu den Mattenpisten in Ungarn oder Serbien fahre, ist aufgrund der Entfernung, ca. jeweils 800km einfach, (und der warmen Sommertemperaturen) eher unwahrscheinlich. Und wer wei\u00df, ob ich dann nicht wegen App-Parkgeb\u00fchren oder Keycard-Kaufenm\u00fcssen das Weite suchen muss. Nope, zu gro\u00dfe Risiken, zu weite Fahrstrecken, da praktiziere ich lieber Konsumboykott und schone mein Auto. <\/p>\n<p>Was noch offen ist, ob ich mir die GoPass-Saisonkarte kaufe, um im Herbst ein paar Wochen am M\u00f6lltaler zu fahren, m\u00fcsste man ja dann im Vorverkauf im April machen. Kommt auch ein bisschen drauf an, wie lang die K\u00e4rntner Saisonkarte heuer g\u00fcltig sein wird &#8211; wenn nicht bis Saisonschluss 29.5., dann steigt die Wahrscheinlichkeit, dass ich mir den GoPass kaufe, da ich ihn ja dann nicht nur im Herbst, sondern schon im Fr\u00fchjahr nutzen k\u00f6nnte. Wenn ich den h\u00e4tte, w\u00fcrd ich dann im Dezember jedenfalls noch in AT sein und \u00fcber SK\/CZ\/PL (zumindest die GoPass-Skigebiete dann mitnehmen, sobald die vern\u00fcnftig \u00f6ffnen) nach Schweden fahren. Wobei ich im Sommer online auch nochmals die ganzen finnischen Skigebiete im Bereich &#8220;gegen\u00fcber Schweden&#8221; abchecken werde, ob es da vielleicht doch irgendwelche interessanten Mini-Gebiete, z.B. aufgrund schrottiger Lifte, gibt.<\/p>\n<p>Sollte ich mir den GoPass nicht kaufen, aus welchen Gr\u00fcnden auch immer, dann k\u00f6nnte es sein, dass ich schon im Oktober oder November &#8220;gem\u00fctlich&#8221; langsam nach Schweden rauffahr. Dass ich n\u00e4chsten Winter nach Schweden will, ist jedenfalls recht fix, sofern mich nicht irgendwelche \u00e4u\u00dferen (zB. politischen, famili\u00e4ren, gesundheitlichen) Umst\u00e4nde &#8220;ins Knie ficken&#8221;.<\/p>\n<p>So, und weil ich das jetzt gesagt hab, wird es wohl vermutlich ganz anders kommen&#8230;  wobei, eigentlich hab ich diesen Fluch tats\u00e4chlich nur dann, wenn ich das zu jemandem direkt sage. \u00d6ffentlich im Blog geschrieben kommt das weit seltener vor. <\/p>\n<p>&#8212;<\/p>\n<p>Wie ich gestern Abend noch vernommen hatte, hat der (Rentner) unter mir (der mit dem h\u00e4ufigen Husten) nun auch einen Hauptwohnsitz hier angemeldet. Damit d\u00fcrften die einsamen Tage alleine im Haus in der Nebensaison also vorbei sein :(<\/p>\n<p>Das Thema hat aber noch eine andere Komponente: Bei der Gemeinde bzw. Stadtverwaltung sind die Wohnungen in diesem Haus  nicht korrekt durchnummeriert, daher existiert in jedem Stock die selbe Wohnungsnummer, bei 3 Stockwerken gibts also 3 Wohnungen mit der selben Nummer, weil auch der Stock nicht im EDV-System ber\u00fccksichtigt wird. Somit bekam er bei der Anmeldung auch zu h\u00f6ren, dass in der Wohnung bereits einer einen Hauptwohnsitz gemeldet hat :) Das k\u00f6nnte also ggf. in so manchem \u00f6ffentlichen System zu unvorhergesehenen \u00dcberschneidungen kommen &#8230;<\/p>\n<p>Noch eine andere schlechte Nachricht, ihr wisst ja ob meiner Klapp-Smartphones mit Tastatur, Planet Gemini und Planet Cosmo. Wollte gestern mal wieder das alte Ger\u00e4t, Gemini, laden und einschalten, geht nicht, vermutlich also Batterie tiefentladen und defekt. Und: Dieses Batteriemodell, in beiden Ger\u00e4ten verwendet, wird vom (chinesischen) Hersteller nicht mehr fabriziert, gibt anscheinend auch keine andere passende Batterie eines anderen Herstellers. Planet als Smartphone-Hersteller hat vielleicht noch ein paar rumfliegen, aber dazu m\u00fcsste man das Ger\u00e4t einschicken zum Wechseln. D.h. auch die Tage vom neueren Ger\u00e4t, Cosmo, d\u00fcrften gez\u00e4hlt sein.<\/p>\n<p>W\u00e4hrenddessen Planet seit mehreren Jahren das n\u00e4chste Modell, Astro, auf den Markt bringen will, wegen Pandemie und China hat sich das nun extremst verz\u00f6gert. Mir sagt diese Bauweise der Slide-Tastatur aber nicht so zu, zumindest weniger als das Klappsystem bei Gemini\/Cosmo.  Klar, im Zweifelsfall besser als ohne Tastatur. OS- und Software-Support ist von Planet ja sowieso unterirdisch, nach wenigen Updates h\u00f6ren die immer auf.<\/p>\n<p>(Aber jedesmal wenn ich bei meinem Red-3d\/4v-Handy, das ja auch schon lang nicht mehr wirklich supported wird, die Bildschirmtastatur verwenden muss, weil ich beim GPS-Tracken Datum und Namen eingebe, \u00e4rger ich mich \u00fcber diese bescheuerten Bildschirmtastaturen. Obwohl ich ja auch dieses Handy im Quer-Format gelockt hab, d.h. keine App l\u00e4uft bei mir in diesem bescheuerten Hochformat, somit ist die Bildschirmtastatur ja eh schon gro\u00df. Immerhin scheint man dort eine qualitativ bessere Batterie eingebaut zu haben, bisher merk ich mal noch nichts, dass die schlechter geworden w\u00e4re, nach 4 Jahren, selbst bei K\u00e4lte. Und ich hatte mir da ja sogar noch ein Zweitger\u00e4t als Backup gekauft, als sie dann verg\u00fcnstigt abverkauft wurden.)<\/p>\n<p>&#8211;<\/p>\n<p>Wollte ich eigentlich schon bei dem letzten POI-Bericht machen, nun aber: Hab meine Skigebietsstatistik aktualisiert und die heurige Italien\/Frankreich-Reise mit eingearbeitet. \u00dcbrigens werd ich im Sommer da noch eine Verfeinerung machen und eine Klassiifizierung hinzuf\u00fcgen (Einstufung, wie mir das Gebiet gef\u00e4llt oder ob ich es boykottiere oder ob es LSAP ist).<\/p>\n<p><a href='http:\/\/blog.inmontanis.info\/?p=8342'>http:\/\/blog.inmontanis.info\/?p=8342<\/a><\/p>\n<p>&#8212; <\/p>\n<p>Interessante politische Spekulationen mal wieder, bei denen wir in den n\u00e4chsten Wochen\/Monaten sehen k\u00f6nnen, ob sie wahr werden oder nicht:<br \/>\n<a href='https:\/\/www.anti-spiegel.ru\/2023\/spuren-fuehren-in-die-ukraine-eine-nord-stream-show-der-us-regierung\/'>https:\/\/www.anti-spiegel.ru\/2023\/spuren-fuehren-in-die-ukraine-eine-nord-stream-show-der-us-regierung\/<\/a><\/p>\n<p><a href='https:\/\/www.anti-spiegel.ru\/2023\/nord-stream-sprengung-was-ploetzlich-alles-nicht-mehr-geheim-ist\/'>https:\/\/www.anti-spiegel.ru\/2023\/nord-stream-sprengung-was-ploetzlich-alles-nicht-mehr-geheim-ist\/<\/a><\/p>\n","protected":false},"excerpt":{"rendered":"<p>Do, 9.3.2023<\/p>\n<p>Ich nahm mir ab 9:30 Uhr frei, bis ich alles zusammengepackt und alles zum Verlassen der Wohnung erledigt hatte, war es ca. eine gute Stunde sp\u00e4ter. Als ich eine weitere Stunde sp\u00e4ter auf der Weinebene ankam, war es nicht nur st\u00fcrmisch, sondern: es regnete! Ja so ein Bullshit, das war doch jetzt \u00fcberhaupt <a href=\"http:\/\/blog.inmontanis.info\/?p=8642\">[&#8230;]<\/a><\/p>\n","protected":false},"author":1,"featured_media":8645,"comment_status":"closed","ping_status":"closed","sticky":false,"template":"","format":"standard","meta":{"footnotes":""},"categories":[13,27,834],"tags":[90,47],"class_list":["post-8642","post","type-post","status-publish","format-standard","has-post-thumbnail","hentry","category-austria","category-skifahren-winterskiing-winter","category-weinebene","tag-infrarot","tag-sl","odd"],"_links":{"self":[{"href":"http:\/\/blog.inmontanis.info\/index.php?rest_route=\/wp\/v2\/posts\/8642","targetHints":{"allow":["GET"]}}],"collection":[{"href":"http:\/\/blog.inmontanis.info\/index.php?rest_route=\/wp\/v2\/posts"}],"about":[{"href":"http:\/\/blog.inmontanis.info\/index.php?rest_route=\/wp\/v2\/types\/post"}],"author":[{"embeddable":true,"href":"http:\/\/blog.inmontanis.info\/index.php?rest_route=\/wp\/v2\/users\/1"}],"replies":[{"embeddable":true,"href":"http:\/\/blog.inmontanis.info\/index.php?rest_route=%2Fwp%2Fv2%2Fcomments&post=8642"}],"version-history":[{"count":2,"href":"http:\/\/blog.inmontanis.info\/index.php?rest_route=\/wp\/v2\/posts\/8642\/revisions"}],"predecessor-version":[{"id":8644,"href":"http:\/\/blog.inmontanis.info\/index.php?rest_route=\/wp\/v2\/posts\/8642\/revisions\/8644"}],"wp:featuredmedia":[{"embeddable":true,"href":"http:\/\/blog.inmontanis.info\/index.php?rest_route=\/wp\/v2\/media\/8645"}],"wp:attachment":[{"href":"http:\/\/blog.inmontanis.info\/index.php?rest_route=%2Fwp%2Fv2%2Fmedia&parent=8642"}],"wp:term":[{"taxonomy":"category","embeddable":true,"href":"http:\/\/blog.inmontanis.info\/index.php?rest_route=%2Fwp%2Fv2%2Fcategories&post=8642"},{"taxonomy":"post_tag","embeddable":true,"href":"http:\/\/blog.inmontanis.info\/index.php?rest_route=%2Fwp%2Fv2%2Ftags&post=8642"}],"curies":[{"name":"wp","href":"https:\/\/api.w.org\/{rel}","templated":true}]}}