{"id":864,"date":"2008-01-19T12:00:52","date_gmt":"2008-01-19T10:00:52","guid":{"rendered":"http:\/\/blog.inmontanis.info\/?p=864"},"modified":"2023-08-05T15:47:32","modified_gmt":"2023-08-05T13:47:32","slug":"alpe-di-neggia-19-1-2008-3s3l-tag-1-teil-1","status":"publish","type":"post","link":"http:\/\/blog.inmontanis.info\/?p=864","title":{"rendered":"Alpe di Neggia, 19.1.2008 (3S3L Tag 1 Teil 1)"},"content":{"rendered":"<p><em>[_de]Bilder anklicken zum Vergr\u00f6\u00dfern[\/_de]\u2028[_en]Click photos to enlarge[\/_en]<\/em><\/p>\n<p><img decoding=\"async\" src=\"http:\/\/ski.inmontanis.info\/d\/49758-1\/Tourplan.jpg\"> <\/p>\n<p><strong>Tour de 3 laghi, 1. Tag Teil#1: Samstag, 19.1.2008: Alpe Neggia<\/strong> <\/p>\n<p>Erster kurzer Abstecher war heute im s\u00fcdliche Tessin: Alpe die Neggia. Lange, schmale Auffahrt bis man endlich den Lift sieht&#8230; 1 WSO-Teller-SL mit ca. 500m und 200hm und ein Pony-\u00dcbungslift. Vormittagskarte 15 CHF also ca 10 Euro. Passt. Scheint heute der erste Betriebstag gewesen zu sein, die mussten erst mal aufr\u00e4umen und konnten erst ab 11 Uhr Karten verkaufen :) <\/p>\n<p>Etwas nach 11 hat der Lift gestreikt&#8230; Motorabdeckung weg, schleifpapier geholt, irgendwas drin rumgeschliffen &#8211; und er lief wieder :-) <\/p>\n<p>Es gibt 1 Abfahrt mit einer kleinen Variante &#8211; das allein lohnt sich nicht wirklich. Allerdings hat man neben der Piste etwas Tiefschnee und rechts vom Lift hat man ebenfalls eine sch\u00f6ne Tiefschnee-Abfahrt, die etwas weiter au\u00dfen rum f\u00e4hrt. Pano zum s\u00fcdlichen und n\u00f6rdlichen Teil des Lago Maggiore. Vom Gipfel sollte man mehr sehen.. <\/p>\n<p>War recht nett, v.a. weil der Tiefschnee optimal war. Leider f\u00e4hrt der Lift nicht bis zum Gipfel &#8211; h\u00e4tt ich mir die Felle angeschnallt und w\u00e4re raufgelaufen, h\u00e4tt ichs hier einen Tag aushalten k\u00f6nnen.. <\/p>\n<p>Da ich aber ja noch wo anders hinwollte, bin ich um 12 wieder weiter gefahren&#8230;. <\/p>\n<p><a href='http:\/\/www.alpengallery.at.tf\/d\/49664-1\/P1210834.JPG'><img src=http:\/\/www.alpengallery.at.tf\/d\/49666-3\/P1210834.JPG \/><\/a><br \/>\n^ Auffahrt zur Alpe di Neggia <\/p>\n<p><a href='http:\/\/www.alpengallery.at.tf\/d\/49669-1\/P1210836.JPG'><img src=http:\/\/www.alpengallery.at.tf\/d\/49671-3\/P1210836.JPG \/><\/a><br \/>\n^ Talstation des SL von der Stra\u00dfe aus <\/p>\n<p><a href='http:\/\/www.alpengallery.at.tf\/d\/49673-1\/P1210838.JPG'><img src=http:\/\/www.alpengallery.at.tf\/d\/49675-3\/P1210838.JPG \/><\/a><br \/>\n^ Abfahrt oberer Teil &#8211; es gibt quasi nur eine Abfahrt mit einer kurzen Variante in der Mitte&#8230; <\/p>\n<p><a href='http:\/\/www.alpengallery.at.tf\/d\/49677-1\/P1210841.JPG'><img src=http:\/\/www.alpengallery.at.tf\/d\/49679-3\/P1210841.JPG \/><\/a><br \/>\n^ Bergstation SL, schade dass da kein SL bis zum Gipfel geht, h\u00e4tte man sicher ne super Aussicht auf den Maggiore&#8230;  <\/p>\n<p><a href='http:\/\/www.alpengallery.at.tf\/d\/49681-1\/P1210842.JPG'><img src=http:\/\/www.alpengallery.at.tf\/d\/49683-3\/P1210842.JPG \/><\/a><br \/>\n^ Nordende Lago Maggiore und Cardada-Skigebiet &#8230; <\/p>\n<p><a href='http:\/\/www.alpengallery.at.tf\/d\/49685-1\/P1210850.JPG'><img src=http:\/\/www.alpengallery.at.tf\/d\/49687-3\/P1210850.JPG \/><\/a><br \/>\n^ Halbe Strecke SL und Tiefschnee-Option.. <\/p>\n<p><a href='http:\/\/www.alpengallery.at.tf\/d\/49689-1\/P1210853.JPG'><img src=http:\/\/www.alpengallery.at.tf\/d\/49691-3\/P1210853.JPG \/><\/a><br \/>\n^ Zoom Sendemast am Berg gegen\u00fcber&#8230; <\/p>\n<p><a href='http:\/\/www.alpengallery.at.tf\/d\/49693-1\/P1210855.JPG'><img src=http:\/\/www.alpengallery.at.tf\/d\/49695-3\/P1210855.JPG \/><\/a><br \/>\n^ Bergstation &#8230; ? Tamaro oder so? <\/p>\n<p><a href='http:\/\/www.alpengallery.at.tf\/d\/49697-1\/P1210860.JPG'><img src=http:\/\/www.alpengallery.at.tf\/d\/49699-3\/P1210860.JPG \/><\/a><br \/>\n^ Super Schneeverh\u00e4ltnisse Offpiste und au\u00dfer mir fast keiner gefahren :) <\/p>\n<p><a href='http:\/\/www.alpengallery.at.tf\/d\/49701-1\/P1210862.JPG'><img src=http:\/\/www.alpengallery.at.tf\/d\/49703-3\/P1210862.JPG \/><\/a><br \/>\n^ Off-Piste-Variante rechts des SL. Da ist au\u00dfer mir gar keiner heute gefahren :) <\/p>\n<p><a href='http:\/\/www.alpengallery.at.tf\/d\/49705-1\/P1210863.JPG'><img src=http:\/\/www.alpengallery.at.tf\/d\/49707-3\/P1210863.JPG \/><\/a><br \/>\n^ Schneeh\u00f6hen-Check: Genug! (Meine Stecken sind 115cm&#8230;) <\/p>\n<p><a href='http:\/\/www.alpengallery.at.tf\/d\/49709-1\/P1210864.JPG'><img src=http:\/\/www.alpengallery.at.tf\/d\/49711-3\/P1210864.JPG \/><\/a><br \/>\n^ SL von der Off-Piste-Variante aus <\/p>\n<p><a href='http:\/\/www.alpengallery.at.tf\/d\/49713-1\/P1210865.JPG'><img src=http:\/\/www.alpengallery.at.tf\/d\/49715-3\/P1210865.JPG \/><\/a><br \/>\n^ Powder pur &#8230; <\/p>\n<p><a href='http:\/\/www.alpengallery.at.tf\/d\/49717-1\/P1210866.JPG'><img src=http:\/\/www.alpengallery.at.tf\/d\/49719-3\/P1210866.JPG \/><\/a><br \/>\n^ Noch ein St\u00fcckchen, dann muss man rechts auf den Skiweg wieder retour zum SL <\/p>\n<p><a href='http:\/\/www.alpengallery.at.tf\/d\/49721-1\/P1210867.JPG'><img src=http:\/\/www.alpengallery.at.tf\/d\/49723-3\/P1210867.JPG \/><\/a><br \/>\n^ Stra\u00dfe und SL-Talstation <\/p>\n<p><a href='http:\/\/www.alpengallery.at.tf\/d\/49725-1\/P1210868.JPG'><img src=http:\/\/www.alpengallery.at.tf\/d\/49727-3\/P1210868.JPG \/><\/a><br \/>\n^ Kurz nach 11 streikte der Lift. Motorabdeckung ge\u00f6ffnet, Schleifpapier genommen, etwas rumgefeilt und schon lief er wieder :-) <\/p>\n<p><a href='http:\/\/www.alpengallery.at.tf\/d\/49729-1\/P1210869.JPG'><img src=http:\/\/www.alpengallery.at.tf\/d\/49731-3\/P1210869.JPG \/><\/a><br \/>\n^ Stra\u00dfe, Parkplatz und der Pony-Lift.  <\/p>\n<p><a href='http:\/\/www.alpengallery.at.tf\/d\/49733-1\/P1210874.JPG'><img src=http:\/\/www.alpengallery.at.tf\/d\/49735-3\/P1210874.JPG \/><\/a><br \/>\n^ Pano richtung Norden von meiner  Privat-Piste <\/p>\n<p><a href='http:\/\/www.alpengallery.at.tf\/d\/49737-1\/P1210875.JPG'><img src=http:\/\/www.alpengallery.at.tf\/d\/49739-3\/P1210875.JPG \/><\/a><br \/>\n^ Im SL. H\u00e4tt ich ne Skitour zum Gipfel gemacht, h\u00e4tt ichs hier den Rest des Tages ausgehalten. Rechts meine 5 Spuren &#8230; <\/p>\n<p><img src=http:\/\/www.alpengallery.at.tf\/d\/49741-1\/P1210876.JPG \/><br \/>\n^ Blick zum s\u00fcdlichen Teil des Lago Maggiore <\/p>\n<p><a href='http:\/\/www.alpengallery.at.tf\/d\/49745-1\/P1210877.JPG'><img src=http:\/\/www.alpengallery.at.tf\/d\/49747-3\/P1210877.JPG \/><\/a><br \/>\n^ Zoom Lago Maggiore, dahinter die Westalpen. Die markante Spitze in der Bildmitte &#8211; ist das schon der Monte Viso oder m\u00fcsste der weiter links sein? <\/p>\n<p><a href='http:\/\/www.alpengallery.at.tf\/d\/49749-1\/P1210879.JPG'><img src=http:\/\/www.alpengallery.at.tf\/d\/49751-3\/P1210879.JPG \/><\/a><br \/>\n^ Pony-Lift. Links der Off-Piste-Hang war durch die eher s\u00fcdlichere Lage nicht sooo gut zu fahren, wie man unschwer an der Spur erkennen konnte ;-) <\/p>\n<p><a href='http:\/\/www.alpengallery.at.tf\/d\/49753-1\/P1210880.JPG'><img src=http:\/\/www.alpengallery.at.tf\/d\/49755-3\/P1210880.JPG \/><\/a><br \/>\n^ Bergstation Pony-Lift <\/p>\n<p>&#8212; <\/p>\n<p>Zoom Fotos Cardada:<br \/>\n<a href='http:\/\/www.alpengallery.at.tf\/d\/49638-1\/P1210881.JPG'><img src=http:\/\/www.alpengallery.at.tf\/d\/49640-3\/P1210881.JPG \/><\/a><br \/>\n^ Locarno + Cardada <\/p>\n<p><a href='http:\/\/www.alpengallery.at.tf\/d\/49643-1\/P1210883.JPG'><img src=http:\/\/www.alpengallery.at.tf\/d\/49645-3\/P1210883.JPG \/><\/a><br \/>\n^ Zoom Locarno und PB <\/p>\n<p><a href='http:\/\/www.alpengallery.at.tf\/d\/49647-1\/P1210884.JPG'><img src=http:\/\/www.alpengallery.at.tf\/d\/49649-3\/P1210884.JPG \/><\/a><br \/>\n^ Zoom PB-St\u00fctzen. Noch monstr\u00f6ser w\u00e4r nicht gegangen, oder? <\/p>\n<p><a href='http:\/\/www.alpengallery.at.tf\/d\/49651-1\/P1210885.JPG'><img src=http:\/\/www.alpengallery.at.tf\/d\/49653-3\/P1210885.JPG \/><\/a><br \/>\n^ Zoom Bergstation PB <\/p>\n<p><a href='http:\/\/www.alpengallery.at.tf\/d\/49655-1\/P1210886.JPG'><img src=http:\/\/www.alpengallery.at.tf\/d\/49657-3\/P1210886.JPG \/><\/a><br \/>\n^ Zoom DSB <\/p>\n<p><a href='http:\/\/www.alpengallery.at.tf\/d\/49659-1\/P1210887.JPG'><img src=http:\/\/www.alpengallery.at.tf\/d\/49661-3\/P1210887.JPG \/><\/a><br \/>\n^ Zoom rechter Teil<\/p>\n","protected":false},"excerpt":{"rendered":"<p>Erster kurzer Abstecher war heute im s\u00fcdliche Tessin: Alpe die Neggia. Lange, schmale Auffahrt bis man endlich den Lift sieht&#8230; 1 WSO-Teller-SL mit ca. 500m und 200hm und ein Pony-\u00dcbungslift.  <a href=\"http:\/\/blog.inmontanis.info\/?p=864\">[&#8230;]<\/a><\/p>\n","protected":false},"author":1,"featured_media":0,"comment_status":"open","ping_status":"closed","sticky":false,"template":"","format":"standard","meta":{"footnotes":""},"categories":[70,760,59,14,27],"tags":[52,45,47],"class_list":["post-864","post","type-post","status-publish","format-standard","hentry","category-70","category-alpe-di-neggia","category-nostalgie","category-swiss","category-skifahren-winterskiing-winter","tag-pb","tag-see","tag-sl","odd"],"_links":{"self":[{"href":"http:\/\/blog.inmontanis.info\/index.php?rest_route=\/wp\/v2\/posts\/864","targetHints":{"allow":["GET"]}}],"collection":[{"href":"http:\/\/blog.inmontanis.info\/index.php?rest_route=\/wp\/v2\/posts"}],"about":[{"href":"http:\/\/blog.inmontanis.info\/index.php?rest_route=\/wp\/v2\/types\/post"}],"author":[{"embeddable":true,"href":"http:\/\/blog.inmontanis.info\/index.php?rest_route=\/wp\/v2\/users\/1"}],"replies":[{"embeddable":true,"href":"http:\/\/blog.inmontanis.info\/index.php?rest_route=%2Fwp%2Fv2%2Fcomments&post=864"}],"version-history":[{"count":7,"href":"http:\/\/blog.inmontanis.info\/index.php?rest_route=\/wp\/v2\/posts\/864\/revisions"}],"predecessor-version":[{"id":3236,"href":"http:\/\/blog.inmontanis.info\/index.php?rest_route=\/wp\/v2\/posts\/864\/revisions\/3236"}],"wp:attachment":[{"href":"http:\/\/blog.inmontanis.info\/index.php?rest_route=%2Fwp%2Fv2%2Fmedia&parent=864"}],"wp:term":[{"taxonomy":"category","embeddable":true,"href":"http:\/\/blog.inmontanis.info\/index.php?rest_route=%2Fwp%2Fv2%2Fcategories&post=864"},{"taxonomy":"post_tag","embeddable":true,"href":"http:\/\/blog.inmontanis.info\/index.php?rest_route=%2Fwp%2Fv2%2Ftags&post=864"}],"curies":[{"name":"wp","href":"https:\/\/api.w.org\/{rel}","templated":true}]}}