{"id":8636,"date":"2023-03-08T19:11:42","date_gmt":"2023-03-08T18:11:42","guid":{"rendered":"http:\/\/blog.inmontanis.info\/?p=8636"},"modified":"2023-03-08T19:20:20","modified_gmt":"2023-03-08T18:20:20","slug":"koralpe-4-8-3-2023-endlich-wasserhanggipfellift","status":"publish","type":"post","link":"http:\/\/blog.inmontanis.info\/?p=8636","title":{"rendered":"Koralpe, 4.-8.3.2023 &#8212; endlich Wasserhanggipfellift"},"content":{"rendered":"<p><strong>Sa, 4.3.2023<\/strong><\/p>\n<p>Als ich noch in Tirol gelebt hab und nur am WE skigefahren bin, war das Winterwetter meist so, dass es unter der Woche sonnig, zum Wochenende hin schlechter wurde.<\/p>\n<p>Hier in K\u00e4rnten ist&#8217;s momentan umgekehrt, unter der Woche war&#8217;s jetzt 5 Tage schlecht, dann kommen jetzt 2 sonnige Wochenendtage und n\u00e4chste Woche soll&#8217;s leider wieder recht sonnenlos weiter gehen :(<\/p>\n<p>Wobei mir die seltenen Sonnentage hier ja schon im Herbst aufgefallen sind&#8230;<\/p>\n<p>Auch auf der Koralpe am Liftparkplatz wird sich genauso bescheuert zweireihig l\u00e4ngs hingestellt, obwohl Platz mittig gro\u00df genug zum quer parken w\u00e4re .. ist also kein italienisches Problem. Dann probiere ich es halt mal wieder mittig quer, vielleicht stellen sich noch ein paar neben mich hin ;)<\/p>\n<p>Nope, genauso wenig wie in Italien. Nunja, das erkl\u00e4rt wohl auch die vielen Mitl\u00e4ufer (Hirn ausschalten und so machen wie die anderen) und Gl\u00e4ubige der Corona- und Kriegspropaganda in den letzten Jahren. Als Querdenker steh ich quer und platzsparend (und alleine). Wenn nur einer querparkt, bringt das naturlich nix. Au\u00dfer dass sich bei mir nun wohl keiner in dritter Reihe hinstellen w\u00fcrde. Aber da ich die Dummheit der Anderen nicht \u00fcbernehmen kann, muss ich in so einem Fall quer parken.<\/p>\n<p>Da ich die Skischuhe gestern nicht mit in die Wohnung geschleppt hab, waren sie morgens entsprechend kalt &#8211; aber das Einsteigen in die Heckeinsteiger nat\u00fcrlich trotzdem unproblematisch.<\/p>\n<p>Gegen Mittag bin ich zum Auto, Semmel essen, aufw\u00e4rmen, Ski wechseln (Allmountains f\u00fcr Offpiste) und IR-Zoom-Objektiv mitnehmen.<\/p>\n<p>.. da waren die Autos nicht nur in dritter Reihe geparkt, sondern ein neuer stellte sich sogar in vierter Reihe hin. Ok, hin und wieder fuhr nun einer weg, so dass die eingesperrten rauskommen w\u00fcrden, wenn sich nicht wieder jemand hinstellt..<\/p>\n<p>Die linke Abfahrt am Hipfllift war nicht pr\u00e4pariert (obwohl da im unteren Bereich zu Weihnachten ja mal eine Raupenspur durchging, galt noch f\u00fcr eine weitere kurze Variante rechts vom Lift), wobei es laut Plan ja eigentlich sogar 3 Abfahrten links vom SL geben sollte, aber es ist immer nur 1 pr\u00e4pariert. Auch die rechte Abfahrt am Wasserhanggipfel-SL war nicht pr\u00e4pariert.<\/p>\n<p>Ja, Highlight heute war nat\u00fcrlich der Wasserhanggipfellift, den ich nun endlich fahren konnte und wegen dem das Skigebiet ja schon viele, viele Jahre eine hohe Besuchspriorit\u00e4t bei mir hatte.<\/p>\n<p>Der Hang dort ist relativ steil, sofern man nicht die Umfahrung und den Skiweg f\u00e4hrt.<\/p>\n<p>Der Einstieg ist relativ bescheuert, da man ein St\u00fcck raufgehen muss und der B\u00fcgel dort immer noch viel zu hoch kommt. Als Einzelfahrer kann man etwas weiter rauf gehen und leichter den B\u00fcgel holen, aber unten hab ich so einige verzweifeln gesehen, wenn der Liftler, verst\u00e4ndlicherweise, mal eine Pause vom B\u00fcgelgeben gemacht hat. <\/p>\n<p>Das durch den SL erweiterte Panorama ist nat\u00fcrlich super.<\/p>\n<p>Die Gratabfahrt, zu der man leider aufsteigen muss, fand ich dann aber auch nicht so geil wie erwartet, da gibts echt sch\u00f6nere Gratabfahrten und nach einer recht flachen Abfahrt erreicht man auch schon den Hipfllift.<\/p>\n<p>Wie nicht anders zu erwarten, ists an dem Lift nat\u00fcrlich auch recht windig. \u00dcberhaupt d\u00fcrften die Tage, an denen es hier oben keinen Wind gibt, selten sein. Daher ja auch logischerweise die vielen Schneefangz\u00e4une. <\/p>\n<p>In Summe erweitert er das Skigebiet aber schon enorm, siehe GPS-Track ganz zum Schluss.<\/p>\n<p><a href='http:\/\/ski.inmontanis.info\/d\/314820-2\/DSC02641.jpg'><img src=http:\/\/ski.inmontanis.info\/d\/314819-3\/DSC02641.jpg \/><\/a><br \/>\n^ Kurven-SL Steinschneider<\/p>\n<p><a href='http:\/\/ski.inmontanis.info\/d\/314824-2\/DSC02643.jpg'><img src=http:\/\/ski.inmontanis.info\/d\/314823-3\/DSC02643.jpg \/><\/a><br \/>\n^ SL Hipfl links und Ex-SL Erlenloch rechts<\/p>\n<p><a href='http:\/\/ski.inmontanis.info\/d\/314828-2\/DSC02645.jpg'><img src=http:\/\/ski.inmontanis.info\/d\/314827-3\/DSC02645.jpg \/><\/a><br \/>\n^ Blick vom SL Steinschneider zur 4KSB, ohne Schneefangz\u00e4une s\u00e4he es hier schneearm aus<\/p>\n<p><a href='http:\/\/ski.inmontanis.info\/d\/314832-2\/DSC02646.jpg'><img src=http:\/\/ski.inmontanis.info\/d\/314831-3\/DSC02646.jpg \/><\/a><br \/>\n^ Skiweg zum SL Wasserhanggipfel<\/p>\n<p><a href='http:\/\/ski.inmontanis.info\/d\/314836-2\/DSC02648.jpg'><img src=http:\/\/ski.inmontanis.info\/d\/314835-3\/DSC02648.jpg \/><\/a><br \/>\n^ SL Wasserhanggipfel<\/p>\n<p><a href='http:\/\/ski.inmontanis.info\/d\/314840-2\/DSC02650.jpg'><img src=http:\/\/ski.inmontanis.info\/d\/314839-3\/DSC02650.jpg \/><\/a><br \/>\n^ SL Wasserhanggipfel<\/p>\n<p><a href='http:\/\/ski.inmontanis.info\/d\/314844-2\/DSC02653.jpg'><img src=http:\/\/ski.inmontanis.info\/d\/314843-3\/DSC02653.jpg \/><\/a><br \/>\n^ Radaranlage<\/p>\n<p><a href='http:\/\/ski.inmontanis.info\/d\/314848-2\/DSC02654.jpg'><img src=http:\/\/ski.inmontanis.info\/d\/314847-3\/DSC02654.jpg \/><\/a><br \/>\n^ Radaranlage<\/p>\n<p><a href='http:\/\/ski.inmontanis.info\/d\/314852-2\/DSC02656.jpg'><img src=http:\/\/ski.inmontanis.info\/d\/314851-3\/DSC02656.jpg \/><\/a><br \/>\n^ Unsch\u00f6n: zur Gratabfahrt muss man hier aufsteigen :( Recht gro\u00df auch das Haus der Sendeanlage<\/p>\n<p><a href='http:\/\/ski.inmontanis.info\/d\/314856-2\/DSC02657.jpg'><img src=http:\/\/ski.inmontanis.info\/d\/314855-3\/DSC02657.jpg \/><\/a><br \/>\n^ SL Wasserhanggipfel mit Nebelmeer<\/p>\n<p><a href='http:\/\/ski.inmontanis.info\/d\/314860-2\/DSC02658.jpg'><img src=http:\/\/ski.inmontanis.info\/d\/314859-3\/DSC02658.jpg \/><\/a><br \/>\n^ SL Wasserhanggipfel mit Nebelmeer<\/p>\n<p><a href='http:\/\/ski.inmontanis.info\/d\/314864-2\/DSC02659.jpg'><img src=http:\/\/ski.inmontanis.info\/d\/314863-3\/DSC02659.jpg \/><\/a><br \/>\n^ SL Wasserhanggipfel mit Nebelmeer<\/p>\n<p><a href='http:\/\/ski.inmontanis.info\/d\/314868-2\/DSC05119.jpg'><img src=http:\/\/ski.inmontanis.info\/d\/314867-3\/DSC05119.jpg \/><\/a><br \/>\n^ SL Wasserhanggipfel mit Nebelmeer (IR)<\/p>\n<p><a href='http:\/\/ski.inmontanis.info\/d\/314872-2\/DSC05120.jpg'><img src=http:\/\/ski.inmontanis.info\/d\/314871-3\/DSC05120.jpg \/><\/a><br \/>\n^ SL Wasserhanggipfel mit Nebelmeer (IR)<\/p>\n<p><a href='http:\/\/ski.inmontanis.info\/d\/314876-2\/DSC05121.jpg'><img src=http:\/\/ski.inmontanis.info\/d\/314875-3\/DSC05121.jpg \/><\/a><br \/>\n^ IR-Pano Westen (K\u00e4rnten)<\/p>\n<p><a href='http:\/\/ski.inmontanis.info\/d\/314880-2\/DSC05122.jpg'><img src=http:\/\/ski.inmontanis.info\/d\/314879-3\/DSC05122.jpg \/><\/a><br \/>\n^ .. und etwas gezoomt zu vorhin (IR)<\/p>\n<p><a href='http:\/\/ski.inmontanis.info\/d\/314884-2\/DSC05123.jpg'><img src=http:\/\/ski.inmontanis.info\/d\/314883-3\/DSC05123.jpg \/><\/a><br \/>\n^ IR-Zoom \u00fcbers Nebelmeer; keine Ahnung welche Berge noch in \u00d6sterreich und welche in Slowenien, vielleicht auch Italien, sind<\/p>\n<p><a href='http:\/\/ski.inmontanis.info\/d\/314888-2\/DSC05124.jpg'><img src=http:\/\/ski.inmontanis.info\/d\/314887-3\/DSC05124.jpg \/><\/a><br \/>\n^ IR-Zoom \u00fcbers Nebelmeer; keine Ahnung welche Berge noch in \u00d6sterreich und welche in Slowenien, vielleicht auch Italien, sind<\/p>\n<p><a href='http:\/\/ski.inmontanis.info\/d\/314892-2\/DSC05125.jpg'><img src=http:\/\/ski.inmontanis.info\/d\/314891-3\/DSC05125.jpg \/><\/a><br \/>\n^ IR-Zoom \u00fcbers Nebelmeer; keine Ahnung welche Berge noch in \u00d6sterreich und welche in Slowenien sind<\/p>\n<p><a href='http:\/\/ski.inmontanis.info\/d\/314896-2\/DSC02660.jpg'><img src=http:\/\/ski.inmontanis.info\/d\/314895-3\/DSC02660.jpg \/><\/a><br \/>\n^ SL Wasserhanggipfel mit Nebelmeer<\/p>\n<p><a href='http:\/\/ski.inmontanis.info\/d\/314900-2\/DSC02661.jpg'><img src=http:\/\/ski.inmontanis.info\/d\/314899-3\/DSC02661.jpg \/><\/a><br \/>\n^ SL Wasserhanggipfel mit Nebelmeer<\/p>\n<p><a href='http:\/\/ski.inmontanis.info\/d\/314904-2\/DSC02662.jpg'><img src=http:\/\/ski.inmontanis.info\/d\/314903-3\/DSC02662.jpg \/><\/a><br \/>\n^ SL Wasserhanggipfel<\/p>\n<p><a href='http:\/\/ski.inmontanis.info\/d\/314908-2\/DSC05127.jpg'><img src=http:\/\/ski.inmontanis.info\/d\/314907-3\/DSC05127.jpg \/><\/a><br \/>\n^ Infrarot-Pano zum nicht sichtbaren Skigebiet Weinebene und den Windr\u00e4dern. Wie kann man gegen Windr\u00e4der auf Bergen sein, sind doch sch\u00f6n.<\/p>\n<p><a href='http:\/\/ski.inmontanis.info\/d\/314912-2\/DSC02668.jpg'><img src=http:\/\/ski.inmontanis.info\/d\/314911-3\/DSC02668.jpg \/><\/a><br \/>\n^ Radaranlage<\/p>\n<p><a href='http:\/\/ski.inmontanis.info\/d\/314916-2\/DSC05128.jpg'><img src=http:\/\/ski.inmontanis.info\/d\/314915-3\/DSC05128.jpg \/><\/a><br \/>\n^ IR-Pano ins steirische Flachland<\/p>\n<p><a href='http:\/\/ski.inmontanis.info\/d\/314920-2\/DSC02670.jpg'><img src=http:\/\/ski.inmontanis.info\/d\/314919-3\/DSC02670.jpg \/><\/a><br \/>\n^ Nebelmeer gen Slowenien<\/p>\n<p><a href='http:\/\/ski.inmontanis.info\/d\/314924-2\/DSC02671.jpg'><img src=http:\/\/ski.inmontanis.info\/d\/314923-3\/DSC02671.jpg \/><\/a><br \/>\n^ \u00c4u\u00dfere Abfahrt am SL Wasserhanggipfel und Koralpenschutzhaus und Nebelmeer<\/p>\n<p><a href='http:\/\/ski.inmontanis.info\/d\/314928-2\/DSC02672.jpg'><img src=http:\/\/ski.inmontanis.info\/d\/314927-3\/DSC02672.jpg \/><\/a><br \/>\n^ SL Wasserhanggipfel, diese Abfahrt  ist leider nicht pr\u00e4pariert<\/p>\n<p><a href='http:\/\/ski.inmontanis.info\/d\/314932-2\/DSC02673.jpg'><img src=http:\/\/ski.inmontanis.info\/d\/314931-3\/DSC02673.jpg \/><\/a><br \/>\n^ SL Wasserhanggipfel<\/p>\n<p><a href='http:\/\/ski.inmontanis.info\/d\/314936-2\/DSC02675.jpg'><img src=http:\/\/ski.inmontanis.info\/d\/314935-3\/DSC02675.jpg \/><\/a><br \/>\n^ R\u00fcckseite mit Blick zum nicht sichtbaren Skigebiet Weinebene, das sich zwischen dem Berg in Bildmitte und den Windr\u00e4dern befindet<\/p>\n<p><a href='http:\/\/ski.inmontanis.info\/d\/314940-2\/DSC02678.jpg'><img src=http:\/\/ski.inmontanis.info\/d\/314939-3\/DSC02678.jpg \/><\/a><br \/>\n^ Blick vom Gipfel zum SL Steinschneider und 4KSB<\/p>\n<p><a href='http:\/\/ski.inmontanis.info\/d\/314944-2\/DSC02679.jpg'><img src=http:\/\/ski.inmontanis.info\/d\/314943-3\/DSC02679.jpg \/><\/a><br \/>\n^ Gratabfahrt<\/p>\n<p><a href='http:\/\/ski.inmontanis.info\/d\/314948-2\/DSC02680.jpg'><img src=http:\/\/ski.inmontanis.info\/d\/314947-3\/DSC02680.jpg \/><\/a><br \/>\n^ Gratabfahrt<\/p>\n<p><a href='http:\/\/ski.inmontanis.info\/d\/314952-2\/DSC02681.jpg'><img src=http:\/\/ski.inmontanis.info\/d\/314951-3\/DSC02681.jpg \/><\/a><br \/>\n^ R\u00fcckseitengel\u00e4nde, schade, dass es da nicht noch eine Panoramabfahrt gibt .. und dann noch 2-4 Verbindungslifte zur Weinebene ;)<\/p>\n<p><a href='http:\/\/ski.inmontanis.info\/d\/314956-2\/DSC02682.jpg'><img src=http:\/\/ski.inmontanis.info\/d\/314955-3\/DSC02682.jpg \/><\/a><br \/>\n^ Gratabfahrt<\/p>\n<p><a href='http:\/\/ski.inmontanis.info\/d\/314960-2\/DSC02683.jpg'><img src=http:\/\/ski.inmontanis.info\/d\/314959-3\/DSC02683.jpg \/><\/a><br \/>\n^ Gratabfahrt und SL Hipfl<\/p>\n<p><a href='http:\/\/ski.inmontanis.info\/d\/314964-2\/DSC02684.jpg'><img src=http:\/\/ski.inmontanis.info\/d\/314963-3\/DSC02684.jpg \/><\/a><br \/>\n^ Parkpl\u00e4tze<\/p>\n<p><a href='http:\/\/ski.inmontanis.info\/d\/314968-2\/DSC02686.jpg'><img src=http:\/\/ski.inmontanis.info\/d\/314967-3\/DSC02686.jpg \/><\/a><br \/>\n^ Keiner au\u00dfer mir wollte trotz Platz quer parken, mittlerweile steht man beim silbernen in dritter Reihe, so passen nat\u00fcrlich noch mehr hin ;)<\/p>\n<p><a href='http:\/\/ski.inmontanis.info\/d\/314972-2\/DSC02687.jpg'><img src=http:\/\/ski.inmontanis.info\/d\/314971-3\/DSC02687.jpg \/><\/a><br \/>\n^ Ex-SL Erlenloch und Offpistegel\u00e4nde unterm Gipfel, links die geschlossene schwarze Abfahrt<\/p>\n<p><a href='http:\/\/ski.inmontanis.info\/d\/314976-2\/DSC02689.jpg'><img src=http:\/\/ski.inmontanis.info\/d\/314975-3\/DSC02689.jpg \/><\/a><br \/>\n^ SL Wasserhanggipfel, worunter es ja noch eine 1. Sektion von einem Gasthaus und einer eigenen Zufahrtstra\u00dfe gab<\/p>\n<p><a href='http:\/\/ski.inmontanis.info\/d\/314980-2\/DSC02692.jpg'><img src=http:\/\/ski.inmontanis.info\/d\/314979-3\/DSC02692.jpg \/><\/a><br \/>\n^ Ex-Wasserhangst\u00fcberl<\/p>\n<p><a href='http:\/\/ski.inmontanis.info\/d\/314984-2\/DSC02693.jpg'><img src=http:\/\/ski.inmontanis.info\/d\/314983-3\/DSC02693.jpg \/><\/a><br \/>\n^ Ex-Wasserhang-SL<\/p>\n<p><a href='http:\/\/ski.inmontanis.info\/d\/314988-2\/DSC02694.jpg'><img src=http:\/\/ski.inmontanis.info\/d\/314987-3\/DSC02694.jpg \/><\/a><br \/>\n^ Ex-Wasserhang-SL, der war lt. altem Plan ein St\u00fcck parallel zum aktuellen Gipfellift, fing aber weiter oben an und h\u00f6rte fr\u00fcher auf<\/p>\n<p><a href='http:\/\/ski.inmontanis.info\/d\/314992-2\/DSC02695.jpg'><img src=http:\/\/ski.inmontanis.info\/d\/314991-3\/DSC02695.jpg \/><\/a><br \/>\n^ Hinten die 4KSB-Bergstation, vorne das Skiclubhaus schaut auch stillgelegt aus<\/p>\n<p><a href='http:\/\/ski.inmontanis.info\/d\/314996-2\/DSC02697.jpg'><img src=http:\/\/ski.inmontanis.info\/d\/314995-3\/DSC02697.jpg \/><\/a><br \/>\n^ Ex-Wasserhang-SL<\/p>\n<p><a href='http:\/\/ski.inmontanis.info\/d\/315000-2\/DSC02699.jpg'><img src=http:\/\/ski.inmontanis.info\/d\/314999-3\/DSC02699.jpg \/><\/a><br \/>\n^ Ex-Wasserhang-SL mit geschlossenen Toiletten<\/p>\n<p><a href='http:\/\/ski.inmontanis.info\/d\/315004-2\/DSC02700.jpg'><img src=http:\/\/ski.inmontanis.info\/d\/315003-3\/DSC02700.jpg \/><\/a><br \/>\n^ SL Wasserhanggipfel, etwas d\u00e4mlicher Einstieg<\/p>\n<p><a href='http:\/\/ski.inmontanis.info\/d\/315008-2\/DSC02701.jpg'><img src=http:\/\/ski.inmontanis.info\/d\/315007-3\/DSC02701.jpg \/><\/a><br \/>\n^ SL Wasserhanggipfel<\/p>\n<p><a href='http:\/\/ski.inmontanis.info\/d\/315012-2\/DSC02704.jpg'><img src=http:\/\/ski.inmontanis.info\/d\/315011-3\/DSC02704.jpg \/><\/a><br \/>\n^ Der schwarze B\u00fcgel f\u00fcr das schwarze Schaf im Uhrwerkssystem ,-) Gibt glaub ich 2.<\/p>\n<p><a href='http:\/\/ski.inmontanis.info\/d\/315016-2\/DSC02706.jpg'><img src=http:\/\/ski.inmontanis.info\/d\/315015-3\/DSC02706.jpg \/><\/a><br \/>\n^ Pano mit SL Wasserhanggipfel; schaut mit Nebelmeer sch\u00f6ner aus ;)<\/p>\n<p><a href='http:\/\/ski.inmontanis.info\/d\/315020-2\/DSC05129.jpg'><img src=http:\/\/ski.inmontanis.info\/d\/315019-3\/DSC05129.jpg \/><\/a><br \/>\n^ IR-Pano mit SL Wasserhanggipfel; schaut mit Nebelmeer sch\u00f6ner aus ;)<\/p>\n<p><a href='http:\/\/ski.inmontanis.info\/d\/315024-2\/DSC05132.jpg'><img src=http:\/\/ski.inmontanis.info\/d\/315023-3\/DSC05132.jpg \/><\/a><br \/>\n^ IR-Zoom zu den Grenzgebirge, wo vmtl. einige Gipfel in \u00d6sterreich, andere in Slowenien sein werden<\/p>\n<p><a href='http:\/\/ski.inmontanis.info\/d\/315028-2\/DSC02708.jpg'><img src=http:\/\/ski.inmontanis.info\/d\/315027-3\/DSC02708.jpg \/><\/a><br \/>\n^ Radaranlage<\/p>\n<p><a href='http:\/\/ski.inmontanis.info\/d\/315032-2\/DSC05133.jpg'><img src=http:\/\/ski.inmontanis.info\/d\/315031-3\/DSC05133.jpg \/><\/a><br \/>\n^ IR-Pano in die Steiermark<\/p>\n<p><a href='http:\/\/ski.inmontanis.info\/d\/315036-2\/DSC05137.jpg'><img src=http:\/\/ski.inmontanis.info\/d\/315035-3\/DSC05137.jpg \/><\/a><br \/>\n^ IR-Pano<\/p>\n<p><a href='http:\/\/ski.inmontanis.info\/d\/315040-2\/DSC05138.jpg'><img src=http:\/\/ski.inmontanis.info\/d\/315039-3\/DSC05138.jpg \/><\/a><br \/>\n^ IR-Pano mit vmtl. Graz<\/p>\n<p><a href='http:\/\/ski.inmontanis.info\/d\/315044-2\/DSC02709.jpg'><img src=http:\/\/ski.inmontanis.info\/d\/315043-3\/DSC02709.jpg \/><\/a><br \/>\n^ Der Gelbe hat sich gerade hingestellt, sp\u00e4ter parkte auch vor dem Silbernen wieder einer<\/p>\n<p><a href='http:\/\/ski.inmontanis.info\/d\/315048-2\/DSC02711.jpg'><img src=http:\/\/ski.inmontanis.info\/d\/315047-3\/DSC02711.jpg \/><\/a><br \/>\n^ mit dem Gelben stehen sie jetzt quasi in 4. Reihe, aber mittlerweile ist ja zwischen den wei\u00dfen hinter mir einer rausgefahren&#8230;<\/p>\n<p><a href='http:\/\/ski.inmontanis.info\/d\/315052-2\/DSC02712.jpg'><img src=http:\/\/ski.inmontanis.info\/d\/315051-3\/DSC02712.jpg \/><\/a><br \/>\n^ SL Wasserhanggipfel<\/p>\n<p><a href='http:\/\/ski.inmontanis.info\/d\/315056-2\/DSC05142.jpg'><img src=http:\/\/ski.inmontanis.info\/d\/315055-3\/DSC05142.jpg \/><\/a><br \/>\n^ IR-Zoom ins steirische Flachland mit Mond<\/p>\n<p><a href='http:\/\/ski.inmontanis.info\/d\/315060-2\/DSC05148.jpg'><img src=http:\/\/ski.inmontanis.info\/d\/315059-3\/DSC05148.jpg \/><\/a><br \/>\n^ IR-Zoom ins steirische Flachland<\/p>\n<p><a href='http:\/\/ski.inmontanis.info\/d\/315064-2\/DSC05158.jpg'><img src=http:\/\/ski.inmontanis.info\/d\/315063-3\/DSC05158.jpg \/><\/a><br \/>\n^ IR-Zoom, wird wohl Graz sein<\/p>\n<p><a href='http:\/\/ski.inmontanis.info\/d\/315068-2\/DSC05163.jpg'><img src=http:\/\/ski.inmontanis.info\/d\/315067-3\/DSC05163.jpg \/><\/a><br \/>\n^ IR-Zoom<\/p>\n<p><a href='http:\/\/ski.inmontanis.info\/d\/315072-2\/DSC05165.jpg'><img src=http:\/\/ski.inmontanis.info\/d\/315071-3\/DSC05165.jpg \/><\/a><br \/>\n^ Zoom zur Radaranlage (IR)<\/p>\n<p><a href='http:\/\/ski.inmontanis.info\/d\/315076-2\/DSC02713.jpg'><img src=http:\/\/ski.inmontanis.info\/d\/315075-3\/DSC02713.jpg \/><\/a><br \/>\n^ Offpistegel\u00e4nde vom Gipfel<\/p>\n<p><a href='http:\/\/ski.inmontanis.info\/d\/315080-2\/DSC02715.jpg'><img src=http:\/\/ski.inmontanis.info\/d\/315079-3\/DSC02715.jpg \/><\/a><br \/>\n^ Schwarze Abfahrt und SL Steinschneider. Unten im Tal an der Schattengrenze das ehemalige Lifth\u00e4uschen vom SL, der hier rauf ging<\/p>\n<p><a href='http:\/\/ski.inmontanis.info\/d\/315084-2\/DSC02716.jpg'><img src=http:\/\/ski.inmontanis.info\/d\/315083-3\/DSC02716.jpg \/><\/a><br \/>\n^ Schwarze Abfahrt, offiziell nicht offen, ging ganz gut heute Nachmittag<\/p>\n<p><strong>So, 5.3.2023<\/strong><\/p>\n<p>Um nicht ewig weit weg parken zu m\u00fcssen (und um einen der asphaltierten statt der matschigen Parkpl\u00e4tze zu bekommen), war ich halt wieder schon um 9:20 Uhr droben. Zudem hatte ich einen Rucksack dabei, wo ich die Skier montieren k\u00f6nnte, falls ich zur Radarstation aufsteigen wollen sollte (&#8220;w\u00f6llte&#8221;) ..<\/p>\n<p>.. das war panoramam\u00e4\u00dfig aber nicht lohnenswert, Wolken auf Augenh\u00f6he insbesondere im Osten und S\u00fcden. Gut, dass ich also gestern hier war und nicht wo anders. Vielleicht in einem anderen Winter mehr Gl\u00fcck mit dem Aufstieg.<\/p>\n<p>Gestern war ja ein Rennen am Hipfl-SL und das Wetter besser, heute war sp\u00fcrbar weniger los.<\/p>\n<p>Der gestern noch halbwegs gute Offpisteschnee war gestern Nachmittag noch zu lange in der Sonne und war heute eher zu vergessen, besonders dort mit alten, gefrorenen Spuren. Wollte aber trotzdem mal die Variante vom Gipfel runter machen. Ging bis zum Richtungswechsel auch sch\u00f6n.<\/p>\n<p><a href='http:\/\/ski.inmontanis.info\/d\/315088-2\/DSC02718.jpg'><img src=http:\/\/ski.inmontanis.info\/d\/315087-3\/DSC02718.jpg \/><\/a><br \/>\n^ Infotafel; linke Tafel im vorletzten Absatz steht was interessantes drin, denn daf\u00fcr ist ein Bergwerk geplant.<\/p>\n<p><a href='http:\/\/ski.inmontanis.info\/d\/315092-2\/DSC02720.jpg'><img src=http:\/\/ski.inmontanis.info\/d\/315091-3\/DSC02720.jpg \/><\/a><br \/>\n^ Der gro\u00dfe Betonbogen war wohl doch nicht die PB-Bergstation, evtl. rechts der neu zugemauerte Teil<\/p>\n<p><a href='http:\/\/ski.inmontanis.info\/d\/315096-2\/DSC02722.jpg'><img src=http:\/\/ski.inmontanis.info\/d\/315095-3\/DSC02722.jpg \/><\/a><br \/>\n^ Offpiste unterm Gipfel mit Blick zum SL Steinschneider, Parkpl\u00e4tze etc.<\/p>\n<p><a href='http:\/\/ski.inmontanis.info\/d\/315100-2\/DSC02724.jpg'><img src=http:\/\/ski.inmontanis.info\/d\/315099-3\/DSC02724.jpg \/><\/a><br \/>\n^ Offpiste, da h\u00e4tte man aber noch eine sch\u00f6ne Abfahrt bzw. Skiroute anlegen k\u00f6nnen ..<\/p>\n<p><a href='http:\/\/ski.inmontanis.info\/d\/315104-2\/DSC02725.jpg'><img src=http:\/\/ski.inmontanis.info\/d\/315103-3\/DSC02725.jpg \/><\/a><br \/>\n^ Offpiste<\/p>\n<p><a href='http:\/\/ski.inmontanis.info\/d\/315108-2\/DSC02726.jpg'><img src=http:\/\/ski.inmontanis.info\/d\/315107-3\/DSC02726.jpg \/><\/a><br \/>\n^ Offpiste, vmtl. w\u00e4re der Schnee geradeaus im Schattenbereich besser gewesen, aber ich wollte lieber im breiteren flacheren Bereich bleiben &#8211; wo aber der Schnee gar nicht mehr gut war, daher zur Piste rausgequert<\/p>\n<p><a href='http:\/\/ski.inmontanis.info\/d\/315112-2\/DSC02727.jpg'><img src=http:\/\/ski.inmontanis.info\/d\/315111-3\/DSC02727.jpg \/><\/a><br \/>\n^ Heute eher quer geparkt im vorderen Bereich, aber nicht so optimal, wie man k\u00f6nnte. Aber heut war ja eh nicht so viel los.<\/p>\n<p><a href='http:\/\/ski.inmontanis.info\/d\/315116-2\/DSC02728.jpg'><img src=http:\/\/ski.inmontanis.info\/d\/315115-3\/DSC02728.jpg \/><\/a><br \/>\n^ Abfahrt geradeaus zur 4KSB<\/p>\n<p><a href='http:\/\/ski.inmontanis.info\/d\/315120-2\/DSC02729.jpg'><img src=http:\/\/ski.inmontanis.info\/d\/315119-3\/DSC02729.jpg \/><\/a><br \/>\n^ Die linke 4KSB-Abfahrt<\/p>\n<p><a href='http:\/\/ski.inmontanis.info\/d\/315124-2\/DSC02731.jpg'><img src=http:\/\/ski.inmontanis.info\/d\/315123-3\/DSC02731.jpg \/><\/a><br \/>\n^ die linke 4KSB-Abfahrt<\/p>\n<p><a href='http:\/\/ski.inmontanis.info\/d\/315128-2\/DSC02732.jpg'><img src=http:\/\/ski.inmontanis.info\/d\/315127-3\/DSC02732.jpg \/><\/a><br \/>\n^ Hier ginge es zur 4KSB-Talstation weiter, rechts mit dem Weg retour zu den SL<\/p>\n<p><a href='http:\/\/ski.inmontanis.info\/d\/315132-2\/DSC02734.jpg'><img src=http:\/\/ski.inmontanis.info\/d\/315131-3\/DSC02734.jpg \/><\/a><br \/>\n^ Leider geht der Weg zur\u00fcck ins Skigebiet teilweise in die falsche Richtung<\/p>\n<p><a href='http:\/\/ski.inmontanis.info\/d\/315136-2\/DSC02735.jpg'><img src=http:\/\/ski.inmontanis.info\/d\/315135-3\/DSC02735.jpg \/><\/a><br \/>\n^ R\u00fcckseite von den linken Hipfl-Abfahrten<\/p>\n<p><a href='http:\/\/ski.inmontanis.info\/d\/315140-2\/DSC02736.jpg'><img src=http:\/\/ski.inmontanis.info\/d\/315139-3\/DSC02736.jpg \/><\/a><br \/>\n^ Linke Abfahrt am Hipfllift, nicht pr\u00e4pariert. Laut Plan sollte es ja sogar 3 Abfahrten links geben..<\/p>\n<p><a href='http:\/\/ski.inmontanis.info\/d\/315144-2\/DSC02737.jpg'><img src=http:\/\/ski.inmontanis.info\/d\/315143-3\/DSC02737.jpg \/><\/a><br \/>\n^ 4KSB, ein St\u00fcck kann man hier oben abfahren, dann rechts auf den Weg queren<\/p>\n<p><a href='http:\/\/ski.inmontanis.info\/d\/315148-2\/DSC02739.jpg'><img src=http:\/\/ski.inmontanis.info\/d\/315147-3\/DSC02739.jpg \/><\/a><br \/>\n^ Blick vom Bereich 4KSB ins Skigebiet<\/p>\n<p><a href='http:\/\/ski.inmontanis.info\/d\/315152-2\/DSC02742.jpg'><img src=http:\/\/ski.inmontanis.info\/d\/315151-3\/DSC02742.jpg \/><\/a><br \/>\n^ Noch so ein altes Lifth\u00e4uschen; gem\u00e4\u00df altem Plan gab es hier mal noch eine 2. Sektion Skischullift<\/p>\n<p><a href='http:\/\/ski.inmontanis.info\/d\/315156-2\/DSC02741.jpg'><img src=http:\/\/ski.inmontanis.info\/d\/315155-3\/DSC02741.jpg \/><\/a><br \/>\n^ Ab St\u00fctze 8 sind die St\u00fctzen am Wasserhanggipfel-SL neu<\/p>\n<p>Die Wettervorhersagen f\u00fcr die n\u00e4chsten Tage sind sehr bescheiden, bissl Schneefall und die Tage darauf bedeckt, evtl am Freitag etwas Sonne. In den Gebieten, wo ich ab DO oder FR h\u00e4tte fremdgehen wollen, schaut&#8217;s insofern noch d\u00fcsterer aus, als dass dort f\u00fcr n\u00e4chstes WE Regen gemeldet wird.<\/p>\n<p>Andererseits, ich bin abends mal die Gebiete durchgegangen. 2 hab ich aufgrund von eigentlich doch recht breiten Abfahrten lt. Sat-Bild wieder ein bisschen zur\u00fcckgestuft, einige andere, in der Steiermark, n\u00f6rdlich von hier, haben laut Webcam kaum noch Schnee ..<br \/>\n.. zusammen mit den schlechten Wettervorhersagen also wohl in einem anderen Jahr zu besuchen ..<br \/>\n.. andererseits nat\u00fcrlich nichts gegen Restschnee, insbesondere wenn&#8217;s fr\u00fchlingshaft sulzig firnig weich ist &#8230;<\/p>\n<p>Dr\u00fcben auf der Weinebene werden ja mittlerweile 200cm Schnee gemeldet. Mehr als am Arlberg :-P<br \/>\nLeider aber auch mehr als z.B. am Hintertuxer oder Stubaier Gletscher&#8230; das h\u00f6rt sich momentan wieder nicht gut an f\u00fcr den Sommer &#8230;<\/p>\n<p>Naja, voraussichtlich werd ich am MI oder DO Weinebene fahren und dann wieder umher tingeln.<\/p>\n<p>Aufgrund der hoffentlich bald fr\u00fchlingshaften Schneebedingungen, hab ich nun wieder die Ski, die ich dabei hab, gewechselt, d.h. die langen Carpanis bleiben daheim (werden noch eingewachst), da die bei Pappschnee bremsender und bei Sulzschnee anstregender sind, stattdessen werden die kurzen V\u00f6lkl-Slalom-Sommerski mitgenommen. Und weil ich jetzt wohl auch keine Tiefschneeausfl\u00fcge oder Skitouren mach, bleiben auch die Tourenski daheim. Die hab ich heuer dann gar nicht gefahren. Wobei ich die Felle ja auch noch finden muss.<\/p>\n<p>Somit dann jedenfalls wieder nur noch 2 Paar Ski dabei. Zur Not w\u00e4r ich aber ja nicht weit weg von daheim.<\/p>\n<p><strong>Mo, 6.3.2023<\/strong><\/p>\n<p>Daf\u00fcr, dass es heute mehr oder weniger ganztags h\u00e4tte schneien sollen, blickte am Vormittag recht h\u00e4ufig die Sonne durch. Zugegebenerma\u00dfen daheim mehr als im Skigebiet.<\/p>\n<p>W\u00e4hrend der knapp 2 Stunden, wo ich im Skigebiet war, war es trocken und sichtm\u00e4\u00dfig ok. Aber ein kalter Wind.<\/p>\n<p>Wie erwartet war wetterm\u00e4\u00dfig und wohl auch weil ja nicht viel los war, der Wasserhanggipfel-Lift nicht in Betrieb. Und sollte es auch die n\u00e4chsten Tage nicht sein.<\/p>\n<p>Nervig war aber das Fahrverhalten der V\u00f6lkl-Ski, ein regelrechtes Stop-and-Go, H\u00e4ngenbleiben als wenn der Belag vereist oder die Pisten pappig w\u00e4ren, was beides nicht der Fall war. Der  Belag selbst hatte zwar paar L\u00f6cher, aber sah wesentlich besser aus als die Ski, die ich zuletzt verwendet hab, d.h. auch die Kante ist noch sch\u00e4rfer, vielleicht ist das ja mit das Problem. Oder der Rost an den Kanten.<\/p>\n<p>Also sp\u00e4ter wieder mit rauf ins Haus genommen, um da morgen mal vielleicht das eine oder andere Loch zu stopfen und den Kantenrost abzuschleifen.<\/p>\n<p><a href='http:\/\/extra.inmontanis.info\/d\/98904-3\/DSC02717.jpg'><img src=http:\/\/extra.inmontanis.info\/d\/98903-4\/DSC02717.jpg \/><\/a><br \/>\n^ Die Tage hab ich zwei mal die kleine Waschmaschine getestet..<br \/>\n.. das Waschen funktioniert soweit gut und bequemer als mit Handw\u00e4sche<br \/>\n.. das Schleudern ist eher zu vergessen, da ist man mit Auswringen schneller und gr\u00fcndlicher<br \/>\n.. wenn man zuviel Waschmittel verwendet, bekommt man den Schaum beim Sp\u00fclen nicht raus -> w\u00e4sche raus und unterm Wasserhahn<br \/>\n.. in Summe aber schon praktischer als Handw\u00e4sche, wenn man mehrere (kleine) Teile hat.<\/p>\n<p>Dank elektrischem Luftentfeuchter ist die \u00fcber der Badewanne aufgeh\u00e4ngte W\u00e4sche bis zum n\u00e4chsten Morgen trocken.<\/p>\n<p><strong>Di, 7.3.2023<\/strong><\/p>\n<p>Heute recht neblig, da tut man sich immer schwer, wann man seine 2 Stunden abfahren soll &#8230;<\/p>\n<p>.. aufgrund des kalten Windes blieb ich nur 1 Stunde und war sichtm\u00e4\u00dfig wohl zu fr\u00fch dran. <\/p>\n<p>Zudem testete ich heute Skifahren ohne Rucksack, also nach Jahrzehnten mal wieder mit Bauchtasche, die ich ja im Sommer schon bei Wanderungen eingesetzt hab.<\/p>\n<p>Puh, das f\u00fchlt sich ja sowas von nackig an, ich meinte auf einer Abfahrt, ich h\u00e4tte nicht mal eine Jacke an :) <\/p>\n<p>Bei Sesselliftfahrten ist der Rucksack als Windschutz eh unverzichtbar, aber auch an solchen Tagen wie heute fehlt dann die w\u00e4rmende Wirkung beim SL- und Abfahren. Fazit: Lieber wieder mit Rucksack, auch wenn es in reinen SL-Skigebieten R\u00fcckenschmerzen gibt.<\/p>\n<p><a href='http:\/\/ski.inmontanis.info\/d\/315160-2\/DSC02743.jpg'><img src=http:\/\/ski.inmontanis.info\/d\/315159-3\/DSC02743.jpg \/><\/a><br \/>\n^ Leere Parkpl\u00e4tze unter der Woche<\/p>\n<p>Nachmittags daheim dann noch die V\u00f6lkl-Ski bearbeitet, ja, also die Kanten waren schon sehr rostig, insbesondere im hinteren Teil. Erst etwas abgeschliffen, dann abgekratzt, wenn auch vermutlich nicht ganz, da haben sich einige H\u00e4ufchen gebildet :) L\u00f6cher noch gestopft und bissl Wachs dr\u00fcber. <\/p>\n<p><strong>Mi, 8.3.2023<\/strong><\/p>\n<p>Heute noch st\u00e4rkerer Wind, aber etwas bessere Sicht, teils sah man auch Sonne oder blauen Himmel. <\/p>\n<p>War wieder nach 12 Uhr einige Zeit im Skigebiet. Aber auch heute keine 2 Stunden, der eisige, starke Sturm oberhalb des Waldes machte einfach keinen Spass und im Wald gibt&#8217;s ja nur die eine Abfahrt am \u00dcbungslift.<\/p>\n<p>Wie schon bei einer meiner Schwedenreisen die letzten Jahre gesagt, fand ich die schwedischen Skigebiete fr\u00fcher recht bl\u00f6d, weil sie meist dort aufh\u00f6ren, wo es interessant ist, kaum \u00fcber die Baumgrenze gehen. Aber in den vergangenen 2 Wintern in Schweden hab ich die Vorz\u00fcge der Waldgebiete zu sch\u00e4tzen gelernt. Wenig bis kein Wind, mehr Schnee, besseren Schnee (weil nicht windgepresst), &#8230;<\/p>\n<p>Die V\u00f6lkl lie\u00dfen sich heute jedenfalls wieder gut fahren. Hatte ich also genug Rost abgekratzt.<\/p>\n<p><a href='http:\/\/ski.inmontanis.info\/d\/315164-2\/ge20230304-08a.jpg'><img src=http:\/\/ski.inmontanis.info\/d\/315163-3\/ge20230304-08a.jpg \/><\/a><br \/>\n^ GPS-Track 4.-8.3.2023 in Gelb, vorherige Besuche in Blau; Magenta die 4KSB (wo deren Vorg\u00e4nger verlief, wei\u00df ich nicht), ob die roten Striche der ehemaligen Lifte so korrekt sind, wei\u00df ich auch nicht.<\/p>\n<p>Die Wettervorhersagen f\u00fcr die n\u00e4chsten Tage sind weiterhin schwankend, mal mehr mal weniger Sonne f\u00fcr morgen gemeldet, mittlerweile st\u00e4rkerer Wind &#8230; keine Ahnung. Morgen Weinebene oder nicht? Doch noch fremdgehen weiter n\u00f6rdlich oder auf mehr Schnee in einem anderen Winter hoffen, so die Skigebiete dann noch existieren?<\/p>\n<p>Ganz so eilig h\u00e4tt ichs momentan ja nicht, \u00fcberhaupt sollte ich die n\u00e4chsten Wochen nicht mehr t\u00e4glich die Skigebiete wechseln, warum auch.<\/p>\n","protected":false},"excerpt":{"rendered":"<p>Sa, 4.3.2023<\/p>\n<p>Als ich noch in Tirol gelebt hab und nur am WE skigefahren bin, war das Winterwetter meist so, dass es unter der Woche sonnig, zum Wochenende hin schlechter wurde.<\/p>\n<p>Hier in K\u00e4rnten ist&#8217;s momentan umgekehrt, unter der Woche war&#8217;s jetzt 5 Tage schlecht, dann kommen jetzt 2 sonnige Wochenendtage und n\u00e4chste Woche soll&#8217;s <a href=\"http:\/\/blog.inmontanis.info\/?p=8636\">[&#8230;]<\/a><\/p>\n","protected":false},"author":1,"featured_media":8639,"comment_status":"closed","ping_status":"closed","sticky":false,"template":"","format":"standard","meta":{"footnotes":""},"categories":[200,13,27],"tags":[49,51,90,77,47],"class_list":["post-8636","post","type-post","status-publish","format-standard","has-post-thumbnail","hentry","category-koralpe","category-austria","category-skifahren-winterskiing-winter","tag-4sb","tag-architektur","tag-infrarot","tag-nebelmeer","tag-sl","odd"],"_links":{"self":[{"href":"http:\/\/blog.inmontanis.info\/index.php?rest_route=\/wp\/v2\/posts\/8636","targetHints":{"allow":["GET"]}}],"collection":[{"href":"http:\/\/blog.inmontanis.info\/index.php?rest_route=\/wp\/v2\/posts"}],"about":[{"href":"http:\/\/blog.inmontanis.info\/index.php?rest_route=\/wp\/v2\/types\/post"}],"author":[{"embeddable":true,"href":"http:\/\/blog.inmontanis.info\/index.php?rest_route=\/wp\/v2\/users\/1"}],"replies":[{"embeddable":true,"href":"http:\/\/blog.inmontanis.info\/index.php?rest_route=%2Fwp%2Fv2%2Fcomments&post=8636"}],"version-history":[{"count":2,"href":"http:\/\/blog.inmontanis.info\/index.php?rest_route=\/wp\/v2\/posts\/8636\/revisions"}],"predecessor-version":[{"id":8638,"href":"http:\/\/blog.inmontanis.info\/index.php?rest_route=\/wp\/v2\/posts\/8636\/revisions\/8638"}],"wp:featuredmedia":[{"embeddable":true,"href":"http:\/\/blog.inmontanis.info\/index.php?rest_route=\/wp\/v2\/media\/8639"}],"wp:attachment":[{"href":"http:\/\/blog.inmontanis.info\/index.php?rest_route=%2Fwp%2Fv2%2Fmedia&parent=8636"}],"wp:term":[{"taxonomy":"category","embeddable":true,"href":"http:\/\/blog.inmontanis.info\/index.php?rest_route=%2Fwp%2Fv2%2Fcategories&post=8636"},{"taxonomy":"post_tag","embeddable":true,"href":"http:\/\/blog.inmontanis.info\/index.php?rest_route=%2Fwp%2Fv2%2Ftags&post=8636"}],"curies":[{"name":"wp","href":"https:\/\/api.w.org\/{rel}","templated":true}]}}