{"id":8628,"date":"2023-03-03T18:57:18","date_gmt":"2023-03-03T17:57:18","guid":{"rendered":"http:\/\/blog.inmontanis.info\/?p=8628"},"modified":"2023-03-07T19:24:35","modified_gmt":"2023-03-07T18:24:35","slug":"hochrindl-flattnitz-3-3-2023-ikea-fahrstrecke-poi-kosten","status":"publish","type":"post","link":"http:\/\/blog.inmontanis.info\/?p=8628","title":{"rendered":"Hochrindl + Flattnitz, 3.3.2023  + IKEA + Fahrstrecke &#038; POI + Kosten"},"content":{"rendered":"<p><strong>Fr, 3.3.2023<\/strong><\/p>\n<p>Auf dem Weg ins Skigbiet Hochrindl regnete es erst, dann schneite es recht ordentlich, Nebel inklusive. Erst gegen 11:10 Uhr kam ich an &#8211; das spricht ja eigentlich nicht mehr f\u00fcr noch einen Wechsel nach Flattnitz heute&#8230;<\/p>\n<p>(Laut Bergfex-Wetter h\u00e4tte es nat\u00fcrlich um die Uhrzeit nicht mehr schneien sollen.)<\/p>\n<p>Da ich nach l\u00e4ngerem \u00dcberlegen keinen sinnvollen Plan inklusive Flattnitz f\u00fcr die n\u00e4chsten Tage erarbeiten konnte, fuhr ich also doch recht bald wieder los (als die Sonne rauskam, quasi), nachdem ich alles einmal abgefahren bin.<\/p>\n<p><a href='http:\/\/ski.inmontanis.info\/d\/314764-2\/DSC02620.jpg'><img src=http:\/\/ski.inmontanis.info\/d\/314763-3\/DSC02620.jpg \/><\/a><br \/>\n^ SL Kegel<\/p>\n<p><a href='http:\/\/ski.inmontanis.info\/d\/314768-2\/DSC02623.jpg'><img src=http:\/\/ski.inmontanis.info\/d\/314767-3\/DSC02623.jpg \/><\/a><br \/>\n^ Diese Abfahrt am SL Krucken ist offiziell immer noch gesperrt &#8211; liegt aber genug Schnee. Gegen\u00fcber 4SB<\/p>\n<p><a href='http:\/\/ski.inmontanis.info\/d\/314772-2\/DSC02624.jpg'><img src=http:\/\/ski.inmontanis.info\/d\/314771-3\/DSC02624.jpg \/><\/a><br \/>\n^ SL Stoichart<\/p>\n<p><a href='http:\/\/ski.inmontanis.info\/d\/314776-2\/ge20230303a.jpg'><img src=http:\/\/ski.inmontanis.info\/d\/314775-3\/ge20230303a.jpg \/><\/a><br \/>\n^ GPS-Track 3.3.2023 in Gelb, vorherige Besuche in Blau<\/p>\n<p>In Flattnitz an der DSB nur 3 Autos, am SL etwas mehr, Sonne hier weniger. Der rechte, neuere SL mit der neuitaliensich-modellierteren Abfahrt ist lt. vergangener Schneeberichte schon die ganze Woche nicht in Betrieb, was mich aber nicht st\u00f6rte. Hauptbesuchsgrund ist ja die schmale Kanonenrohr-Abfahrt. Entweder geschlossen oder generell unpr\u00e4pariert, bin sie 2x gefahren, Schnee war jetzt nicht sooo geil. Pisten ansonsten weich und griffig, sch\u00f6ner also als bei meinem letzten Besuch.<\/p>\n<p>Schneebericht meldet 60-100cm, naja also unter der DSB-Trasse hatte es mal weit weniger.<\/p>\n<p><a href='http:\/\/ski.inmontanis.info\/d\/314780-2\/DSC02629.jpg'><img src=http:\/\/ski.inmontanis.info\/d\/314779-3\/DSC02629.jpg \/><\/a><br \/>\n^ Wohl defekte Pistenraupe am Start der Kanonenrohr-Abfahrt<\/p>\n<p><a href='http:\/\/ski.inmontanis.info\/d\/314784-2\/DSC02630.jpg'><img src=http:\/\/ski.inmontanis.info\/d\/314783-3\/DSC02630.jpg \/><\/a><br \/>\n^ Kanonenrohr-Abfahrt Start. Sperrschild steht keins da, lt. interaktivem Plan soll sie geschlossen sein<\/p>\n<p><a href='http:\/\/ski.inmontanis.info\/d\/314788-2\/DSC02631.jpg'><img src=http:\/\/ski.inmontanis.info\/d\/314787-3\/DSC02631.jpg \/><\/a><br \/>\n^ Kanonenrohr-Abfahrt, schon recht urig f\u00fcr eine Abfahrt in \u00d6sterreich<\/p>\n<p><a href='http:\/\/ski.inmontanis.info\/d\/314792-2\/DSC02632.jpg'><img src=http:\/\/ski.inmontanis.info\/d\/314791-3\/DSC02632.jpg \/><\/a><br \/>\n^ Kanonenrohr-Abfahrt<\/p>\n<p><a href='http:\/\/ski.inmontanis.info\/d\/314796-2\/DSC02633.jpg'><img src=http:\/\/ski.inmontanis.info\/d\/314795-3\/DSC02633.jpg \/><\/a><br \/>\n^ Kanonenrohr-Abfahrt<\/p>\n<p><a href='http:\/\/ski.inmontanis.info\/d\/314800-2\/DSC02634.jpg'><img src=http:\/\/ski.inmontanis.info\/d\/314799-3\/DSC02634.jpg \/><\/a><br \/>\n^ Kanonenrohr-Abfahrt<\/p>\n<p><a href='http:\/\/ski.inmontanis.info\/d\/314804-2\/DSC02635.jpg'><img src=http:\/\/ski.inmontanis.info\/d\/314803-3\/DSC02635.jpg \/><\/a><br \/>\n^ SL Platzermulde<\/p>\n<p><a href='http:\/\/ski.inmontanis.info\/d\/314808-2\/DSC02637.jpg'><img src=http:\/\/ski.inmontanis.info\/d\/314807-3\/DSC02637.jpg \/><\/a><br \/>\n^ SL Platzermulde<\/p>\n<p><a href='http:\/\/ski.inmontanis.info\/d\/314812-2\/DSC02638.jpg'><img src=http:\/\/ski.inmontanis.info\/d\/314811-3\/DSC02638.jpg \/><\/a><br \/>\n^ DSB<\/p>\n<p><a href='http:\/\/ski.inmontanis.info\/d\/314816-2\/ge20230303b.jpg'><img src=http:\/\/ski.inmontanis.info\/d\/314815-3\/ge20230303b.jpg \/><\/a><br \/>\n^ GPS-Track 3.3.2023 in Gelb, vorheriger Besuch in Blau<\/p>\n<p>Danach wollte ich noch die einzige Ikea K\u00e4rntens anfahren, die am Rand von Klagenfurt ist. Brauch mal wieder ein bisschen schwedische Leckereien (viel gibts ja nicht), inklusive K\u00f6ttbullar und Zimtschnecken.<\/p>\n<p><a href='http:\/\/extra.inmontanis.info\/d\/98872-2\/IMG_20230303_173252.jpg'><img src=http:\/\/extra.inmontanis.info\/d\/98871-3\/IMG_20230303_173252.jpg \/><\/a><br \/>\n^ K\u00f6ttbullar und eine Mischung aus Himbeer- und Preisselbeersaft<br \/>\n7,99 \u20ac f\u00fcr 12 St\u00fcck, 1,50 f\u00fcr das Getr\u00e4nk zum Selbstzapfen inkl. Nachf\u00fcllen<\/p>\n<p>Was ich schon lang mal kaufen wollte, ist so ein Schalensitz, weil er mich an die Graffer-Sessel erinnert und die halt auch stylisch und bequem sind. H\u00e4tte nicht durchgehen m\u00fcssen, bins aber trotzdem.<\/p>\n<p><a href='http:\/\/extra.inmontanis.info\/d\/98876-2\/IMG_20230303_175158.jpg'><img src=http:\/\/extra.inmontanis.info\/d\/98875-3\/IMG_20230303_175158.jpg \/><\/a><br \/>\n^ Den Plastik-Schalensitz-Drehstuhl gibts in verschiedenen Farben, auch in Gr\u00fcn, hat hinten eine \u00d6ffnung (\u00e4hnlich glaub alte M\u00fcller-DSB-Sessel, aber nicht so dreieckig), ca. 60 \u20ac, aber trotz der d\u00fcnnen Filzauflage schon recht hart zum Sitzen<\/p>\n<p><a href='http:\/\/extra.inmontanis.info\/d\/98880-2\/IMG_20230303_175353.jpg'><img src=http:\/\/extra.inmontanis.info\/d\/98879-3\/IMG_20230303_175353.jpg \/><\/a><br \/>\n^ Dieser Schalensitzdrehstuhl ist da schon wesentlich bequemer zu sitzen, aber auch teurer (120-130,- \u20ac, auch als Stoff grau).<\/p>\n<p>Gekauft hab ich mir mal keinen, da ich im Sommer mal analog zu meinen letzten Wochen im UK ein paar Antik\/Flohmarkt-Shops in AT besuchen m\u00f6chte &#8211; vielleicht find ich da ja auch noch was g\u00fcnstiges Gebrauchtes.<\/p>\n<p><a href='http:\/\/extra.inmontanis.info\/d\/98888-2\/IMG_20230303_180823.jpg'><img src=http:\/\/extra.inmontanis.info\/d\/98887-3\/IMG_20230303_180823.jpg \/><\/a><br \/>\n^ Cooles Lampendesign &#8211; und sogar leistbar.<\/p>\n<p>Erst dachte ich ja, das sind verschiedene Lampen und dass die rechte zwar cool ausschaut, aber ja nicht besonders viel Licht durchl\u00e4sst&#8230;<br \/>\n.. aber daheim am Bild hab ich das erst gecheckt, dass das die gleiche Lampe ist, mittels einer Kordel \/ eines Seilzugs kann man die Lampe \u00f6ffnen und schlie\u00dfen und somit die Helligkeit regulieren. Sehr, sehr geil und stylisch, die werd ich mir wohl kaufen m\u00fcssen&#8230; Nat\u00fcrlich die wei\u00dfe au\u00dfen mit der Kupferglanzfarbe drinnen. Sofern sie mir bei meinem n\u00e4chsten Besuch auch noch so gef\u00e4llt.<\/p>\n<p><a href='http:\/\/extra.inmontanis.info\/d\/98884-2\/IMG_20230303_175941.jpg'><img src=http:\/\/extra.inmontanis.info\/d\/98883-3\/IMG_20230303_175941.jpg \/><\/a><br \/>\n^ Oh Mann, da bin ich ja wieder hin und weg, ein Raum mit dunkelgr\u00fcnen W\u00e4nden, wie geil ist das denn. (Wobei ich die Holzvert\u00e4felung unten wohl dunkelbraun machen w\u00fcrde.)<\/p>\n<p>Ihr wisst ja, ich steh seit einigen Jahren auf dunkelgr\u00fcne W\u00e4nde. Hab meine Bad-Fliesen in Innsbruck damals gr\u00fcn gestrichen. Mir auch \u00fcberlegt, das in der neuen Wohnung wieder zu machen. Aber das Nachmalen der wei\u00dfen Fugen war so extrem zeitaufw\u00e4ndig und auch anstrengend. Daher bisher nur die Fliesen in der K\u00fcche lackiert und dabei nicht so stark aufgedr\u00fcckt, dass die Fugen noch halbwegs wei\u00df geblieben sind. Und f\u00fcrs Badezimmer hab ich mich noch nicht entscheiden k\u00f6nnen, wie und in welcher Farbe ich da welche Fliesen streichen m\u00f6chte.<\/p>\n<p>Jedenfalls mit diesem kleinen Eck heut in der Ikea ist meine alte Flamme wieder st\u00e4rker entfacht. H\u00e4tte ich mir das Wei\u00dfmalen der W\u00e4nde der neuen Wohnung sparen sollen? Aber was in Gr\u00fcn machen, den Flur? Oder Hauptraum? (Fenster und Kleiderschrank und K\u00fcchenfliesen hab ich ja bereits gr\u00fcn gestrichen, aber so gr\u00fcne W\u00e4nde und nicht nur eine, sind halt schon wesentlich &#8220;immersiver&#8221;, Fenster m\u00fcsste ich dann eher wieder als Kontrast andersfarbig streichen.)<\/p>\n<p>K\u00f6nnte mir auch vorstellen, dass diese wei\u00df-kupferne-Kugellampe exqusit zu gr\u00fcner Wand und ggf. gr\u00fcner Decke passen w\u00fcrde. (Ob Decke auch gr\u00fcn oder wei\u00df, w\u00e4r ja noch eine andere \u00dcberlegung, die hab ich aktuell im Hauptraum ja auch noch nicht komplett wei\u00df gestrichen, einerseits weil noch keine Zeit, weil anstrengend und weil ich mich nicht entscheiden konnte, ob ich nicht was von der alten hellblauen Abt\u00f6nfarbe reinsch\u00fctte und die eine oder andere Decke Himmelblau mache. Was wiederum eh auch zu dunkelgr\u00fcnen W\u00e4nden passen k\u00f6nnte.)<\/p>\n<p>(F\u00fcr \u00d6sterreicher: Streichen = Malen)<\/p>\n<p>Was ich mir auch mal \u00fcberlegt hatte, als ich so die kleinen Zimmerchen in den diversen Museen im UK im Sommer sah .. ob ich mein gro\u00dfes Zimmer nicht in kleine Zimmerchen unterteilen sollte? Da bin ich mit mir ja nicht so ganz einig sozusagen, denn einerseits bin ich ein Einzimmertyp, von mir aus kann gerne alles in einem Zimmer sein, Schlafen, Essen, Kochen, war mir bei meinen bisherigen Wohnungen auch lieber so im Gegensatz zu einem zus\u00e4tzlichen kleinen Schlafzimmer z.B.<\/p>\n<p>Aktuell ist der Schlafbereich in meiner Wohnung vom Vorbesitzer in einer Nische  mit dem Kleiderschrank davor, so dass es wie ein eigenes Zimmer wirkt, auch OK, spart Heizkosten, weil dort nicht so viel W\u00e4rme hingelangt, daf\u00fcr brauch ich dann die Heizdecke zum Vorw\u00e4rmen ;)<\/p>\n<p>Aber eben, die kleinen Zimmerchen in den UK-Museen, das gefiel mir schon auch. Hat aber auch einige Nachteile, z.B. beleuchtungstechnisch (Fenster), heiztechnisch (wobei das auch vorteilhaft sein kann, wenn man z.B. einen Teil der Wohnung dann weniger heizt, z.B. einen Schrankraum oder die K\u00fcche), luftaustauschm\u00e4\u00dfig (Feuchtigkeit..), beleuchtungstechnisch, thematisch (was genau au\u00dfer der K\u00fcche und evtl. das Bett macht in eigenen Zimmerabteilen \u00fcberhaupt Sinn, was bringt man da dann unter) und f\u00fcr mein Home-Cinema brauch ich ja auch einen gewissen langen Raum f\u00fcr Projektor und Soundanlage etc&#8230;<\/p>\n<p>Im Zuge des Berichtschreibens ein paar Tage danach kamen mir nat\u00fcrlich noch ein paar Ideen, z.B. zu einer Trennwand mit Buntglas. Ich werd es mir zwar wohl nicht antun, Bleiglas selbst l\u00f6ten zu wollen, aber einen St\u00e4nder aus Holzschienen o.\u00e4. und farbige oder folierte Plexiglasscheiben einzusetzen, trau ich mir noch zu &#8211; und irgendwas mit Buntglas wollt ich ja auch schon lange &#8230;<\/p>\n<p>Auch was die Videoprojektionsfl\u00e4che angeht, k\u00f6nnte mir eine andere Aufteilung des Raums eingefallen sein: Die R\u00fcckwand hinterm Bett, die aktuelle Zimmerkoje, k\u00f6nnte passend sein. Dann m\u00fcsste aber der gro\u00dfe Kleiderschrank als bisheriger Raumtrenner verschoben werden, z.B. zu einer Wand oder in einen anderen Raumteil &#8211; was sehr schwer werden d\u00fcrfte, zur Not muss ich den wohl halb zerlegen. Und nat\u00fcrlich wieder alles ausr\u00e4umen.<\/p>\n<p>Bei solchen Verschiebungen und Ver\u00e4nderung stellt sich auch die Frage, ob ich dann nicht doch gleich den Teppichboden auswechsel. Der h\u00e4tte es nicht nur ob seines Zustands n\u00f6tig (diverse Zigarettenbrandflecken vom Vorbesitzer, entweder schimmlige oder schmutzige Ecken), sondern w\u00e4re vielleicht auch hinsichtlich Geruch sinnvoll (vmtl. sondert der trotz Reinigung immer noch den alten Rauchgeruch ab), andererseits ist der Zustand ja auch ein Vorteil: Es schert mich nicht, wenn der noch weiter verdreckt. Zudem kostet ein neuer Teppich nicht nur Geld und Aufwand, den dann zu verlegen, sondern ich muss die jetzige Einrichtung ja zwischenzeitlich irgendwo hin r\u00e4umen, mehrmals in verschiedene Ecken verr\u00e4umen&#8230; (Alternativ k\u00f6nnte man auch einfach abschnittsweise andere Teppiche, L\u00e4ufer drauflegen und so evtl. f\u00fcr mehr W\u00e4rmed\u00e4mmung sorgen, ggf. gleich eine Heizmatte drunter legen f\u00fcr eine Fu\u00dfbodenheizung.)<\/p>\n<p>&#8211;<\/p>\n<p>Die Frage nach der Ikea war dann: wohin morgen? Bodental w\u00e4r von Klagenfurt recht nah, aber nur sinnvoll, wenn auch der Kurven-SL liefe und das ist eben fraglich, ob der nur unter der Woche nicht l\u00e4uft oder eingestellt wurde. Einfach mal hinfahren und um 9 Uhr schauen, hei\u00dft halt auch, dass ich, wenn da nix ist, im n\u00e4chsten Skigebiet entsprechend sp\u00e4ter ankommen w\u00fcrde. Und das ist Richtung Koralpe entweder Koralpe oder Petzen. Will ich einen endlich mal sonnigen Tag ausgerechnet im Petzen-Skigebiet verbringen??<\/p>\n<p>Nope, also doch noch heute heimfahren. Dann m\u00fcsste ich noch wo einkaufen, 10min vor Schluss noch geklappt, und war dann gegen 20:30 Uhr daheim. <\/p>\n<p><a href='http:\/\/extra.inmontanis.info\/d\/98892-2\/DSC02640.jpg'><img src=http:\/\/extra.inmontanis.info\/d\/98891-3\/DSC02640.jpg \/><\/a><br \/>\n^ Auf der Koralpe liegt nat\u00fcrlich Schnee<\/p>\n<p>\u00dcbrigens, ein L\u00e4ngsparkproblem gibts nicht nur in Italien, auch vor meiner Haust\u00fcre, obwohl die Hausverwaltung im Herbst extra geschrieben hat, man solle schr\u00e4g parken, wird das nur sehr selten von den anderen gemacht&#8230;<\/p>\n<p>Wieder interessant nat\u00fcrlich, aber unterschiedlich, der Blick auf die Thermometer:<br \/>\nDie schaltbare Steckdose f\u00fcr das IR-Heizpanel zeigte 9.0\u00b0,<br \/>\ndas alte, analoge am Schrank in der Zimmermitte 13\u00b0,<br \/>\ngegen\u00fcber, in Wohnungsmitte,  das Thermostat f\u00fcr den bei der Abwesenheit in Betrieb befindlichen Elektrokonvektor schaltete bei ca. 8\u00b0,<br \/>\ndas Digitalthermometer im Bad zeigte 14\u00b0,<br \/>\ndas alte, analoge im ge\u00f6ffneten K\u00fchlschrank zeigte 9\u00b0 an.<\/p>\n<p>Tjo, was auch immer, jedenfalls also warm genug, k\u00f6nnte auch k\u00e4lter sein, wenn ich nicht da bin.<\/p>\n<p>Stromverbrauch (Heizung) w\u00e4hrend der knapp 2 Monate Abwesenheit: lediglich 32,8 kWh oder 0,58 kWh\/Tag.<\/p>\n<p>Die 2x 250g-Luftentfeuchter in der Sp\u00fcle waren komplett aufgebraucht, die 2 in der Badewanne fast,<br \/>\ndie 2 in den Ecken an den Au\u00dfenw\u00e4nden war einer leer, einer voll,<br \/>\nLuftfeuchte im Bad bei dem 14\u00b0-Thermometer 51%.<\/p>\n<p>Der Tabakgeruch hielt sich in Grenzen, aber ich hab ja auch noch ein bisschen verschnupfte Nase. Sp\u00e4ter merkte ich es schon und am n\u00e4chsten Morgen hatte ich nach langer Zeit mal wieder Nasenbluten, sollte ich mal beobachten, ob ich das nach der n\u00e4chsten l\u00e4ngeren Abwesenheit in der ersten Nacht daheim wieder habe ..<\/p>\n<p>Hinsichtlich der Temperaturen usw. ist es ja mal ganz interessant, \u00f6fters im Winter daheim zu sein (ha ha, \u00f6fters sagt er), aber davon abgesehen bin ich kein Fan davon, nicht nur weil ein paar Sachen vom Auto in die Wohnung und sp\u00e4ter wieder ins Auto m\u00fcssen (wo man nichts vergessen sollte), sondern weil nun das Auto wieder stark ausk\u00fchlt, evtl. Fl\u00fcssigkeiten (z.B. im WC) gefrieren k\u00f6nnten etc.<\/p>\n<p>Voraussichtlich gehts Mittwoch oder Donnerstag, je nach Wetter und wie&#8217;s mir auf der Koralpe gef\u00e4llt, wieder weiter.<\/p>\n<p>Bei der Gelegenheit:<\/p>\n<p><a href='http:\/\/extra.inmontanis.info\/d\/98896-2\/ge20230220-0303a.jpg'><img src=http:\/\/extra.inmontanis.info\/d\/98895-3\/ge20230220-0303a.jpg \/><\/a><br \/>\n^ Tracks und POIs 20.2.-5.3., ca. 2300km<\/p>\n<p>A) St. Gree<br \/>\nB) Cerreto Laghi<br \/>\nC) Abetone<br \/>\nD) Doganaccia<br \/>\nE) Bolognola &#038; Sarnano-Sassotetto<br \/>\nF) Ussita-Frontignano<br \/>\nG) Monte Prata<br \/>\nH) Forca Canapine<br \/>\nI) Monte Piselli<br \/>\nJ) Sappada<br \/>\nK) Nassfeld<br \/>\nL) Weissbriach<br \/>\nM) Lienz Hochstein &#038; Zettersfeld<br \/>\nN) Kartitsch<br \/>\nO) Obertilliach<br \/>\nP) K\u00f6tschach<br \/>\nQ) Hochrindl<br \/>\nR) Flattnitz<br \/>\nS) Koralpe<\/p>\n<p>Die E45, die ich hier kurz in Italien gefahren bin (mautfreie 4-spurige Appennindurchquerung), ist in Schweden \u00fcbrigens der &#8220;Inlandsv\u00e4gen&#8221;, die E45 f\u00fchrt n\u00e4mlich von Alta\/Norwegen \u00fcber Innsbruck bis nach Sizilien:<br \/>\n<a href='https:\/\/de.wikipedia.org\/wiki\/Europastra%C3%9Fe_45'>https:\/\/de.wikipedia.org\/wiki\/Europastra%C3%9Fe_45<\/a><\/p>\n<p><a href='http:\/\/extra.inmontanis.info\/d\/98900-2\/ge20230220-0303i.jpg'><img src=http:\/\/extra.inmontanis.info\/d\/98899-3\/ge20230220-0303i.jpg \/><\/a><br \/>\n^ Und im Gesamt\u00fcberblick der heurige Italien\/Frankreich-Ausflug mit der nicht gefahrenen Strecke nach S\u00fcditalien und Sizilien ..<\/p>\n<p>Daheim bin ich die n\u00e4chsten Tage auch mal wieder Depots und Kosten durchgegangen. Was die Depots angeht, immerhin teilweise wieder etwas gestiegen.<\/p>\n<p>Da ich im Gegensatz zu Skandinavien und UK in AT\/IT\/FR nicht nur mit Kreditkarte zahl, sondern auch mal mit baren Euros oder mit Bankomatkarte, ist eine Auflistung der Kreditkartenabrechnungen nicht mehr sinnvoll.<\/p>\n<p>Das einzige, was ich angeben k\u00f6nnte, w\u00e4ren die monatlichen Ausgaben gem\u00e4\u00df Bankkontoauszug, da sind dann die Kreditkartenabrechnungen um 1 Monat verschoben drin .. und eben auch andere Kosten, die ich bisher bei den genannten Kreditkartenabrechnungen ja nie drin hatte.. also m\u00fcsste ich den letzten Winter zum Vergleich gleich mit angeben.. <\/p>\n<p>Da h\u00e4tten wir dann<\/p>\n<p>Nov. 2021 1.343,06 (wenn ich die Depotk\u00e4ufe richtig rausgerechnet hab)<br \/>\nDez. 2021 1.898,44<br \/>\nJan. 2022 2.969,90<br \/>\nFeb. 2022 1.862,85<br \/>\nM\u00e4r. 2022 1.669,62 (wenn ich die Depotk\u00e4ufe richtig rausgerechnet hab)<br \/>\nApr. 2022 2.044,34<br \/>\nMai. 2022 1.575,39<br \/>\nJun. 2022 4.578,87 (u.a. die teure Autoreparatur)<br \/>\nJul. 2022 1.492,59<br \/>\nAug. 2022 1.364,93<br \/>\nSep. 2022 1.324,88<br \/>\nOkt. 2022 981,77<br \/>\nNov. 2022 1.307,10<br \/>\nDez. 2022 2.173,95<br \/>\nJan. 2023 2.356,87<br \/>\nFeb. 2023 2.013,43<\/p>\n<p>Tja.. eigentlich h\u00e4tt ich gedacht, ich w\u00e4re diesen Winter deutlich g\u00fcnstiger unterwegs als letzten, aber wohl doch nur minimal. In Summe bin ich 2022 durchaus in meinem Rahmen geblieben, aber nicht, wenn ich zuk\u00fcnftige Fahrzeuganschaffungskosten mit ber\u00fccksichtigen w\u00fcrde.<\/p>\n<p>Jedenfalls, falls ihr immer schon mal wissen wollt, wieviel Euro pro Monat ich brauch oder mein Lebensstil letztes Jahr gekostet hat, jetzt wisst ihr es.<\/p>\n<p>Achja, Keycards hatte ich \u00fcbrigens ca. 10 daheim gelassen, also nicht alle dabei gehabt.<\/p>\n","protected":false},"excerpt":{"rendered":"<p>Fr, 3.3.2023<\/p>\n<p>Auf dem Weg ins Skigbiet Hochrindl regnete es erst, dann schneite es recht ordentlich, Nebel inklusive. Erst gegen 11:10 Uhr kam ich an &#8211; das spricht ja eigentlich nicht mehr f\u00fcr noch einen Wechsel nach Flattnitz heute&#8230;<\/p>\n<p>(Laut Bergfex-Wetter h\u00e4tte es nat\u00fcrlich um die Uhrzeit nicht mehr schneien sollen.)<\/p>\n<p>Da ich nach l\u00e4ngerem <a href=\"http:\/\/blog.inmontanis.info\/?p=8628\">[&#8230;]<\/a><\/p>\n","protected":false},"author":1,"featured_media":8633,"comment_status":"closed","ping_status":"closed","sticky":false,"template":"","format":"standard","meta":{"footnotes":""},"categories":[241,208,13,27],"tags":[38,47],"class_list":["post-8628","post","type-post","status-publish","format-standard","has-post-thumbnail","hentry","category-flattnitz","category-hochrindl","category-austria","category-skifahren-winterskiing-winter","tag-dsb","tag-sl","odd"],"_links":{"self":[{"href":"http:\/\/blog.inmontanis.info\/index.php?rest_route=\/wp\/v2\/posts\/8628","targetHints":{"allow":["GET"]}}],"collection":[{"href":"http:\/\/blog.inmontanis.info\/index.php?rest_route=\/wp\/v2\/posts"}],"about":[{"href":"http:\/\/blog.inmontanis.info\/index.php?rest_route=\/wp\/v2\/types\/post"}],"author":[{"embeddable":true,"href":"http:\/\/blog.inmontanis.info\/index.php?rest_route=\/wp\/v2\/users\/1"}],"replies":[{"embeddable":true,"href":"http:\/\/blog.inmontanis.info\/index.php?rest_route=%2Fwp%2Fv2%2Fcomments&post=8628"}],"version-history":[{"count":3,"href":"http:\/\/blog.inmontanis.info\/index.php?rest_route=\/wp\/v2\/posts\/8628\/revisions"}],"predecessor-version":[{"id":8634,"href":"http:\/\/blog.inmontanis.info\/index.php?rest_route=\/wp\/v2\/posts\/8628\/revisions\/8634"}],"wp:featuredmedia":[{"embeddable":true,"href":"http:\/\/blog.inmontanis.info\/index.php?rest_route=\/wp\/v2\/media\/8633"}],"wp:attachment":[{"href":"http:\/\/blog.inmontanis.info\/index.php?rest_route=%2Fwp%2Fv2%2Fmedia&parent=8628"}],"wp:term":[{"taxonomy":"category","embeddable":true,"href":"http:\/\/blog.inmontanis.info\/index.php?rest_route=%2Fwp%2Fv2%2Fcategories&post=8628"},{"taxonomy":"post_tag","embeddable":true,"href":"http:\/\/blog.inmontanis.info\/index.php?rest_route=%2Fwp%2Fv2%2Ftags&post=8628"}],"curies":[{"name":"wp","href":"https:\/\/api.w.org\/{rel}","templated":true}]}}