{"id":8624,"date":"2023-03-02T16:47:17","date_gmt":"2023-03-02T15:47:17","guid":{"rendered":"http:\/\/blog.inmontanis.info\/?p=8624"},"modified":"2023-03-11T19:17:52","modified_gmt":"2023-03-11T18:17:52","slug":"kotschach-weissbriach-2-3-2023","status":"publish","type":"post","link":"http:\/\/blog.inmontanis.info\/?p=8624","title":{"rendered":"K\u00f6tschach &#038; Weissbriach, 2.3.2023"},"content":{"rendered":"<p><strong>Do, 2.3.2023<\/strong><\/p>\n<p>Letzte Woche wurden f\u00fcr diese Woche ja ein paar sonnige Tage in K\u00e4rnten gemeldet. Stattdessen nun auch heute und morgen keine Sonne mehr, sondern bedeckt und leichter Schneefall gemeldet. Am Camping\/Stellplatz netterweise heute nur 2 statt 3 N\u00e4chte zahlen m\u00fcssen.<\/p>\n<p>Wetterm\u00e4\u00dfig also nicht lohnenswert, Emberger Alm oder den weiteren Umweg nach Ankogel zu fahren, daher nur nach K\u00f6tschach und nochmals Weissbriach geschaut und in Villach \u00fcbernachtet. Beide Skigebiete werden ja das n\u00e4chste Mal, wenn ich wieder in der Gegend bin, geschlossen sein, da wohl Saisonschluss \u00fcbern\u00e4chstes WE.<\/p>\n<p>Auch in K\u00f6tschach leichter Schneefall, was bei einer Sesselbahn ja weniger angenehm ist, aber dank russischem Sitzpolster zumindest sitzfl\u00e4chenm\u00e4\u00dfig besser &#8211; da wird man bei einem Tellerlift manchmal selbst bei Sonnenschein n\u00e4sser.<\/p>\n<p><a href='http:\/\/ski.inmontanis.info\/d\/314744-2\/DSC02613.jpg'><img src=http:\/\/ski.inmontanis.info\/d\/314743-3\/DSC02613.jpg \/><\/a><br \/>\n^ \u00dcbungslift, dient auch als Zubringer zur DSB von den Parkpl\u00e4tzen<\/p>\n<p><a href='http:\/\/ski.inmontanis.info\/d\/314748-2\/DSC02615.jpg'><img src=http:\/\/ski.inmontanis.info\/d\/314747-3\/DSC02615.jpg \/><\/a><br \/>\n^ Diese untere Abfahrtsvariante konnte ich heuer nicht fahren, aber heute laufen ein paar Enten (oder G\u00e4nse?) darauf<\/p>\n<p><a href='http:\/\/ski.inmontanis.info\/d\/314752-2\/DSC02616.jpg'><img src=http:\/\/ski.inmontanis.info\/d\/314751-3\/DSC02616.jpg \/><\/a><br \/>\n^ DSB-Abfahrt<\/p>\n<p><a href='http:\/\/ski.inmontanis.info\/d\/314756-2\/ge20230302a.jpg'><img src=http:\/\/ski.inmontanis.info\/d\/314755-3\/ge20230302a.jpg \/><\/a><br \/>\n^ GPS-Track 2.3.2023 in Gelb, vorheriger Besuch in Blau, wegen Schneemangel oder generell nicht ge\u00f6ffneter SL in Magenta<\/p>\n<p>Bis ich dann in Weissbriach war, war es schon wieder fast 14 Uhr, wenn die Lifte ja nur bis 15:30 fahren, wieder recht kurz :(<\/p>\n<p>Auch beim Wiederholungsbesuch gefiel es mir hier, d.h. von den zuletzt besuchten Skigebieten seit und mit zumindest Sonntag gefiel mir das hier am besten. (Das Samstag-Gebiet, also Monte Piselli, w\u00fcrde bei sonnigem Meerpanorama naturlich gewinnen.)<\/p>\n<p><a href='http:\/\/ski.inmontanis.info\/d\/314760-2\/DSC02617.jpg'><img src=http:\/\/ski.inmontanis.info\/d\/314759-3\/DSC02617.jpg \/><\/a><br \/>\n^ Linker SL bei gerade etwas besserem Wetter; der Tellerlift ist hier noch weiter links<\/p>\n<p><a href='http:\/\/ski.inmontanis.info\/d\/314596-2\/ge202302270302b.jpg'><img src=http:\/\/ski.inmontanis.info\/d\/314595-3\/ge202302270302b.jpg \/><\/a><br \/>\n^ GPS-Track vorheriger Besuch in Blau, 27.2. und 2.3.2023 in Magenta und Gelb<\/p>\n<p>Der Campingplatz in Villach, der ja egtl. das ganze Jahr offen sein sollte, ist bis ca. Ende M\u00e4rz lt. Betreiberin eigentlich im Betriebsurlaub, aber man k\u00f6nne sich trotzdem hinstellen, wobei der Strom verrechnet werden w\u00fcrde und ich m\u00fcsste mich an einem bestimmten Platz hinstellen, wo ein Stromz\u00e4hler ist. Der ist allerdings mitten auf der &#8220;Verkehrsinsel&#8221; und bereits zwei Autos samt Wohnwagen stehen da, also hab ich mein Kabel halt etwas quer \u00fcber die Stra\u00dfe verlegen m\u00fcssen.<\/p>\n<p>\u00dcbrigens liegt hier in Villach momentan mal wieder mehr Schnee als bei meinem letzten Besuch vor ca. 1,5 Monaten!<\/p>\n<p><a href='http:\/\/extra.inmontanis.info\/d\/98868-2\/DSC02618.jpg'><img src=http:\/\/extra.inmontanis.info\/d\/98867-3\/DSC02618.jpg \/><\/a><br \/>\n^ Campingplatz<\/p>\n<p>Bisher in der Wintersaison musste ich ja 10 \u20ac pauschal mit Strom zahlen. Hatte bis zum n\u00e4chsten Morgen 2,7 kWh verbraucht, die Chefin war nicht da, als ich zahlen wollte, der Sohn hatte dann was von 5 \u20ac gesagt .. also wenn der Campingplatz zu ist, ist er noch g\u00fcnstiger? Ich hab dann gesagt, dass sie im Dez\/Jan immer 10 \u20ac verlangt hatte, also bleiben wir halt bei den 10,- und hab ihm 2 5er gegeben&#8230; Man muss es ja auch nicht untertreiben. War ja im Prinzip eh nicht anders wie bei meinen letzten Besuchen. H\u00e4tt ich mich gleich auf &#8220;meinen alten&#8221; Platz stellen k\u00f6nnen dann..<\/p>\n<p>Die n\u00e4chsten Tage werden ein wenig eng, denn zwischen 5.-12.3. sollen folgende Skigebiete meiner Saisonkarte schon ihr Saisonende haben: Simonh\u00f6he, Weissensee,  3l\u00e4ndereck, Bodental, Flattnitz, Hochrindl, K\u00f6tschach, Lienz-Hochstein, Wei\u00dfbriach<\/p>\n<p>.. und da ich am WE und auch wegen des dann folgenden schlechten Wetters ein paar Tage daheim auf der Koralpe bleiben will, werd ich die, die ich nochmals fahren will, eher jetzt fahren m\u00fcssen.<\/p>\n<p>Das w\u00e4re nat\u00fcrlich Hochrindl, aber auch Flattnitz wollte ich nochmals fahren. Die liegen nahe beieinander und ggf. kein sinnvoller Nachtplatz dazwischen, somit w\u00fcrde sich das morgen anbieten. Hab mir vorsichtshalber einen halben Tag frei genommen. Hochrindl w\u00fcrd ichs nat\u00fcrlich auch den halben\/dreiviertel Tag locker aushalten.<\/p>\n<p>Simonh\u00f6he, ohne zus\u00e4tzliche Lifte wie bei meinem Besuch, brauch ich dagegen nicht nochmals.<\/p>\n<p>Ob ich Bodental besuchen will oder nicht, wei\u00df ich auch nicht. Die zwei SL sind ja wirklich recht kurz, wobei der zweite SL auch noch parallel zum Haupt-SL keine eigene Abfahrt erschlie\u00dft. Der Haupt-SL wiederum ist aber ein Kurven-SL, was einen Besuch ja schon rechtfertigen w\u00fcrde. Sofern er l\u00e4uft, was er aktuell, evtl. weil unter der Woche, nicht tut. Zudem ist das nat\u00fcrlich nichts f\u00fcr einen ganzen Tag und in direkter N\u00e4he kein weiteres Gebiet, evtl. am ehesten noch Petzen. Ob man da am Samstag dann ab Mittag aber so leicht einen Parkplatz findet .. Petzen wiederum macht eine Woche sp\u00e4ter, am 19.3., zu.<\/p>\n<p>Wenn aber dann der Sonntag doch nicht mehr so sonnig werden sollte oder der Wasserhanggipfellift auf der Koralpe aus irgendeinem Grund nur am Samstag und nicht am Sonntag in Betrieb sein sollte, w\u00fcrd ich mich nat\u00fcrlich sch\u00f6n \u00e4rgern, wenn ich nicht schon am Samstag, sondern erst am Sonntag auf der Koralpe w\u00e4re. Hei\u00dft also eher: Doch morgen Hochrindl+Flattnitz und \u00fcbermorgen Samstag dann Koralpe.<\/p>\n<p>2 Bilder hab ich gestern vergessen:<\/p>\n<p><a href='http:\/\/extra.inmontanis.info\/d\/98860-3\/DSC02599.jpg'><img src=http:\/\/extra.inmontanis.info\/d\/98859-4\/DSC02599.jpg \/><\/a><br \/>\n^ Aguntum, die ehemalige, r\u00f6mische Stadt nahe Lienz. M\u00fcsste ich mir auch mal im Sommer anschauen.<\/p>\n<p><a href='http:\/\/extra.inmontanis.info\/d\/98864-3\/DSC02609.jpg'><img src=http:\/\/extra.inmontanis.info\/d\/98863-4\/DSC02609.jpg \/><\/a><br \/>\n^ Von Kartitsch nach Obertilliach lag ein wenig Schnee auf der Stra\u00dfe<\/p>\n<p>&#8212;<\/p>\n<p>Weil der heutige Bericht ja recht kurz war, gibts mal wieder was zum C-Thema..<\/p>\n<p>.. der neusten These nach war Covid-19 nicht als Virus, sondern als Impfung gedacht, bevor es aus dem von den USA finanzierten Labor in China absichtlich oder unabsichtlich freigesetzt wurde (was wiederum ja auch mehr oder weniger mittlerweile von den USA zugegeben wird):<\/p>\n<p><a href='https:\/\/www.anti-spiegel.ru\/2023\/die-ablenkungsmanoever-der-usa\/'>https:\/\/www.anti-spiegel.ru\/2023\/die-ablenkungsmanoever-der-usa\/<\/a><\/p>\n","protected":false},"excerpt":{"rendered":"<p>Do, 2.3.2023<\/p>\n<p>Letzte Woche wurden f\u00fcr diese Woche ja ein paar sonnige Tage in K\u00e4rnten gemeldet. Stattdessen nun auch heute und morgen keine Sonne mehr, sondern bedeckt und leichter Schneefall gemeldet. Am Camping\/Stellplatz netterweise heute nur 2 statt 3 N\u00e4chte zahlen m\u00fcssen.<\/p>\n<p>Wetterm\u00e4\u00dfig also nicht lohnenswert, Emberger Alm oder den weiteren Umweg nach Ankogel zu <a href=\"http:\/\/blog.inmontanis.info\/?p=8624\">[&#8230;]<\/a><\/p>\n","protected":false},"author":1,"featured_media":8626,"comment_status":"closed","ping_status":"closed","sticky":false,"template":"","format":"standard","meta":{"footnotes":""},"categories":[211,13,27,238],"tags":[38,47],"class_list":["post-8624","post","type-post","status-publish","format-standard","has-post-thumbnail","hentry","category-kotschach","category-austria","category-skifahren-winterskiing-winter","category-weissbriach","tag-dsb","tag-sl","odd"],"_links":{"self":[{"href":"http:\/\/blog.inmontanis.info\/index.php?rest_route=\/wp\/v2\/posts\/8624","targetHints":{"allow":["GET"]}}],"collection":[{"href":"http:\/\/blog.inmontanis.info\/index.php?rest_route=\/wp\/v2\/posts"}],"about":[{"href":"http:\/\/blog.inmontanis.info\/index.php?rest_route=\/wp\/v2\/types\/post"}],"author":[{"embeddable":true,"href":"http:\/\/blog.inmontanis.info\/index.php?rest_route=\/wp\/v2\/users\/1"}],"replies":[{"embeddable":true,"href":"http:\/\/blog.inmontanis.info\/index.php?rest_route=%2Fwp%2Fv2%2Fcomments&post=8624"}],"version-history":[{"count":3,"href":"http:\/\/blog.inmontanis.info\/index.php?rest_route=\/wp\/v2\/posts\/8624\/revisions"}],"predecessor-version":[{"id":8647,"href":"http:\/\/blog.inmontanis.info\/index.php?rest_route=\/wp\/v2\/posts\/8624\/revisions\/8647"}],"wp:featuredmedia":[{"embeddable":true,"href":"http:\/\/blog.inmontanis.info\/index.php?rest_route=\/wp\/v2\/media\/8626"}],"wp:attachment":[{"href":"http:\/\/blog.inmontanis.info\/index.php?rest_route=%2Fwp%2Fv2%2Fmedia&parent=8624"}],"wp:term":[{"taxonomy":"category","embeddable":true,"href":"http:\/\/blog.inmontanis.info\/index.php?rest_route=%2Fwp%2Fv2%2Fcategories&post=8624"},{"taxonomy":"post_tag","embeddable":true,"href":"http:\/\/blog.inmontanis.info\/index.php?rest_route=%2Fwp%2Fv2%2Ftags&post=8624"}],"curies":[{"name":"wp","href":"https:\/\/api.w.org\/{rel}","templated":true}]}}