{"id":8621,"date":"2023-03-01T17:27:09","date_gmt":"2023-03-01T16:27:09","guid":{"rendered":"http:\/\/blog.inmontanis.info\/?p=8621"},"modified":"2023-03-05T17:32:28","modified_gmt":"2023-03-05T16:32:28","slug":"kartitsch-obertilliach-1-3-2023","status":"publish","type":"post","link":"http:\/\/blog.inmontanis.info\/?p=8621","title":{"rendered":"Kartitsch &#038; Obertilliach, 1.3.2023"},"content":{"rendered":"<p><strong>Mi, 1.3.2023<\/strong><\/p>\n<p>War nicht erst f\u00fcr morgen Schneefall angek\u00fcndigt? Jedenfalls &#8220;flockte&#8221; es heute Vormittag. Paar Webcams gecheckt ..  also eigentlich kamen ja heute 2 Skigebiete in die Auswahl, Embergeralm oder Kartitsch, f\u00fcr ersteres sollte es dann doch etwas sonniger sein. Um 11 Uhr bedeckt, bei beiden. <\/p>\n<p>Hochstein-SL auch heute zu, d.h. kein Zwischenstopp dort auf dem Weg nach Kartitsch. Wobei das vom Nachtplatz aus und retour eine Runde mit etwas \u00fcber 100km ist, also eigentlich ja sinnlos weit entfernt.<\/p>\n<p>Trotzdem also \u00fcber Lienz nach Kartitsch gefahren. Dort schneite bzw. graupelte es erst leicht, dann st\u00e4rker. Soviel  zum gestern f\u00fcr heute gemeldeten &#8220;sonnig in Osttiorl bis zum fr\u00fchen Nachmittag&#8221; &#8230; da w\u00e4r ich mal besser gestern nach Hochstein noch hier her gefahren :( Oder gleich am Sonntag &#038; Montag in Osttirol gewesen, w\u00e4r der SL am Hochstein wohl noch gefahren.<\/p>\n<p>Also nein, der Weg hier her hat sich nicht gelohnt. Erstens wegen Wetter, aber auch die Abfahrt war langweiliger  als in Erinnerung, Pistenpr\u00e4parierung war auch nicht so geil &#8211; da hatte es mir an den k\u00fcrzeren SL in Weissbriach vorgestern viel beser gefallen.<\/p>\n<p>Was man in Kartitsch nat\u00fcrlich lobenswert erw\u00e4hnen muss, dass das mittlerweile wohl das interessanteste Einzel-SL-Skigebiet Tirols ist, vielleicht auch der l\u00e4ngste Einzel-SL-Gebiet-SL in \u00d6sterreich, mit ca. 1900m L\u00e4nge und ca. 450hm.<\/p>\n<p>Aber was mir heute vielleicht auch inbesondere durch den vorherigen Besuch in Weissbriach klar geworden ist: 2 halb so lange SL mit ebenfalls nur 1 Abfahrt sind interessanter als 1 doppelt so langer SL mit auch nur 1 Abfahrt.<\/p>\n<p><a href='http:\/\/ski.inmontanis.info\/d\/314700-2\/DSC02600.jpg'><img src=http:\/\/ski.inmontanis.info\/d\/314699-3\/DSC02600.jpg \/><\/a><br \/>\n^ Talstation SL Dorfberg Kartitsch<\/p>\n<p><a href='http:\/\/ski.inmontanis.info\/d\/314704-2\/DSC02601.jpg'><img src=http:\/\/ski.inmontanis.info\/d\/314703-3\/DSC02601.jpg \/><\/a><br \/>\n^ Strecke und Abfahrt<\/p>\n<p><a href='http:\/\/ski.inmontanis.info\/d\/314708-2\/DSC02602.jpg'><img src=http:\/\/ski.inmontanis.info\/d\/314707-3\/DSC02602.jpg \/><\/a><br \/>\n^ Oberer Liftstreckenteil<\/p>\n<p><a href='http:\/\/ski.inmontanis.info\/d\/314712-2\/DSC02603.jpg'><img src=http:\/\/ski.inmontanis.info\/d\/314711-3\/DSC02603.jpg \/><\/a><br \/>\n^ Bergstation<\/p>\n<p><a href='http:\/\/ski.inmontanis.info\/d\/314716-2\/DSC02604.jpg'><img src=http:\/\/ski.inmontanis.info\/d\/314715-3\/DSC02604.jpg \/><\/a><br \/>\n^ Abfahrt<\/p>\n<p><a href='http:\/\/ski.inmontanis.info\/d\/314720-2\/DSC02605.jpg'><img src=http:\/\/ski.inmontanis.info\/d\/314719-3\/DSC02605.jpg \/><\/a><br \/>\n^ Abfahrt<\/p>\n<p><a href='http:\/\/ski.inmontanis.info\/d\/314724-2\/DSC02607.jpg'><img src=http:\/\/ski.inmontanis.info\/d\/314723-3\/DSC02607.jpg \/><\/a><br \/>\n^ Kurze, unpr\u00e4parierte Abfahrtsvariante im unteren Bereich<\/p>\n<p><a href='http:\/\/ski.inmontanis.info\/d\/314728-2\/ge20230301a.jpg'><img src=http:\/\/ski.inmontanis.info\/d\/314727-3\/ge20230301a.jpg \/><\/a><br \/>\n^ GPS-Track 1.3.2023 in Gelb, vorheriger Besuch in Blau<\/p>\n<p>So, was heute noch anfahren? Den kurzen SL unten im Tal hier in Kartitsch oder gleich weiter nach Obertilliach, das auf dem Weg retour liegt? Dort w\u00e4re der obere SL wegen schlechter Sicht heute jedenfalls nicht in Betrieb.<\/p>\n<p>.. aber trotzdem dort gehalten, machte dann auch wesentlich mehr Spa\u00df als in Kartitsch (und auch mehr als gestern in Lienz) und der Schneefall hat auch gerade aufgeh\u00f6rt. Ich denke, damit h\u00e4tte ich dieses abgelegene Obertilliach heuer wirklich oft genug besucht.<\/p>\n<p>Praktisch auch, dass ich die verfangz\u00e4unte Serpentinenabfahrt nochmals mit der Abfahrt in Sappada vergleichen konnte: Die hier ist aber viel sch\u00f6ner und man kommt wenigstens noch an einem netten SL unten raus ;) Was nicht hei\u00dfen soll, dass mir die Abfahrt jetzt gefallen w\u00fcrde. <\/p>\n<p><a href='http:\/\/ski.inmontanis.info\/d\/314732-2\/DSC02610.jpg'><img src=http:\/\/ski.inmontanis.info\/d\/314731-3\/DSC02610.jpg \/><\/a><br \/>\n^ Auch in Obertilliach liegt abseits im unteren Bereich kaum noch Schnee<\/p>\n<p><a href='http:\/\/ski.inmontanis.info\/d\/314736-2\/DSC02611.jpg'><img src=http:\/\/ski.inmontanis.info\/d\/314735-3\/DSC02611.jpg \/><\/a><br \/>\n^ Wohl eine oder die ehemalige Abfahrtsschneise der Ralsabfahrt, der rechten Talabfahrt<\/p>\n<p><a href='http:\/\/ski.inmontanis.info\/d\/314740-2\/ge20230301b.jpg'><img src=http:\/\/ski.inmontanis.info\/d\/314739-3\/ge20230301b.jpg \/><\/a><br \/>\n^ GPS-Track 1.3.2023 in Gelb, vorherige Besuche in Blau<\/p>\n<p>(Da ich aus beiden Skigebieten ja schon bessere Fotos online hab, hab ich heut nicht viel fotografiert. Morgen wird wieder in K\u00e4rnten Ski gefahren.)<\/p>\n","protected":false},"excerpt":{"rendered":"<p>Mi, 1.3.2023<\/p>\n<p>War nicht erst f\u00fcr morgen Schneefall angek\u00fcndigt? Jedenfalls &#8220;flockte&#8221; es heute Vormittag. Paar Webcams gecheckt .. also eigentlich kamen ja heute 2 Skigebiete in die Auswahl, Embergeralm oder Kartitsch, f\u00fcr ersteres sollte es dann doch etwas sonniger sein. Um 11 Uhr bedeckt, bei beiden. <\/p>\n<p>Hochstein-SL auch heute zu, d.h. kein Zwischenstopp dort <a href=\"http:\/\/blog.inmontanis.info\/?p=8621\">[&#8230;]<\/a><\/p>\n","protected":false},"author":1,"featured_media":8623,"comment_status":"closed","ping_status":"closed","sticky":false,"template":"","format":"standard","meta":{"footnotes":""},"categories":[240,207,13,27],"tags":[72,47],"class_list":["post-8621","post","type-post","status-publish","format-standard","has-post-thumbnail","hentry","category-kartitsch","category-obertilliach","category-austria","category-skifahren-winterskiing-winter","tag-10eub","tag-sl","odd"],"_links":{"self":[{"href":"http:\/\/blog.inmontanis.info\/index.php?rest_route=\/wp\/v2\/posts\/8621","targetHints":{"allow":["GET"]}}],"collection":[{"href":"http:\/\/blog.inmontanis.info\/index.php?rest_route=\/wp\/v2\/posts"}],"about":[{"href":"http:\/\/blog.inmontanis.info\/index.php?rest_route=\/wp\/v2\/types\/post"}],"author":[{"embeddable":true,"href":"http:\/\/blog.inmontanis.info\/index.php?rest_route=\/wp\/v2\/users\/1"}],"replies":[{"embeddable":true,"href":"http:\/\/blog.inmontanis.info\/index.php?rest_route=%2Fwp%2Fv2%2Fcomments&post=8621"}],"version-history":[{"count":2,"href":"http:\/\/blog.inmontanis.info\/index.php?rest_route=\/wp\/v2\/posts\/8621\/revisions"}],"predecessor-version":[{"id":9194,"href":"http:\/\/blog.inmontanis.info\/index.php?rest_route=\/wp\/v2\/posts\/8621\/revisions\/9194"}],"wp:featuredmedia":[{"embeddable":true,"href":"http:\/\/blog.inmontanis.info\/index.php?rest_route=\/wp\/v2\/media\/8623"}],"wp:attachment":[{"href":"http:\/\/blog.inmontanis.info\/index.php?rest_route=%2Fwp%2Fv2%2Fmedia&parent=8621"}],"wp:term":[{"taxonomy":"category","embeddable":true,"href":"http:\/\/blog.inmontanis.info\/index.php?rest_route=%2Fwp%2Fv2%2Fcategories&post=8621"},{"taxonomy":"post_tag","embeddable":true,"href":"http:\/\/blog.inmontanis.info\/index.php?rest_route=%2Fwp%2Fv2%2Ftags&post=8621"}],"curies":[{"name":"wp","href":"https:\/\/api.w.org\/{rel}","templated":true}]}}