{"id":8615,"date":"2023-02-28T19:27:03","date_gmt":"2023-02-28T18:27:03","guid":{"rendered":"http:\/\/blog.inmontanis.info\/?p=8615"},"modified":"2023-03-04T19:58:24","modified_gmt":"2023-03-04T18:58:24","slug":"lienz-hochstein-zettersfeld-28-2-2023","status":"publish","type":"post","link":"http:\/\/blog.inmontanis.info\/?p=8615","title":{"rendered":"Lienz Hochstein &#038; Zettersfeld, 28.2.2023"},"content":{"rendered":"<p><strong>Di, 28.2.2023<\/strong><\/p>\n<p>Wie fr\u00fcher und wie \u00fcblich kann man die Wettervorhersagen von Bergfex in die Tonne treten. Lienz h\u00e4tte eigentlich heute halbwegs sonnig sein sollen. Na vormittags wars mal komplett bedeckt bzw. hochneblig laut Webcams.<\/p>\n<p>Wobei es auch sonst nirgends viel anders aussah, also blieb ich bei Hochstein heute. <\/p>\n<p>Nervig schon wieder: bis gestern war die ganze Zeit der SL Sektion 3 als offen markiert, was ist, wenn ich heut da bin? Richtig, geschlossen. Eigentlich h\u00e4tt ich also heute Hochstein und morgen Zettersfeld fahren wollen, aber ohne den oberen SL kotzt mich das hier schon wieder an, dass ich da nicht nochmals beim Aussteigen aus dem Auto aufgepasst hab. Daher nur 1x EUB\/Kombibahn und 1x DSB gefahren und wieder zusammengepackt und zur 4EUB r\u00fcber.<\/p>\n<p>Was dabei noch \u00e4rgerlicher ist, am Hochstein w\u00e4r auf ganzer L\u00e4nge gute Sicht gewesen, Zettersfeld schien komplett in Nebel bzw. in einer Hangwolke zu stecken.<\/p>\n<p><a href='http:\/\/ski.inmontanis.info\/d\/314600-2\/DSC02564.jpg'><img src=http:\/\/ski.inmontanis.info\/d\/314599-3\/DSC02564.jpg \/><\/a><br \/>\n^ Skigebiet Lienz-Hochstein vom Tal aus<\/p>\n<p><a href='http:\/\/ski.inmontanis.info\/d\/314604-2\/DSC02566.jpg'><img src=http:\/\/ski.inmontanis.info\/d\/314603-3\/DSC02566.jpg \/><\/a><br \/>\n^ Warum manche kleine Skigebiete immer den gr\u00f6\u00dften und unhandlichsten Pistenplan haben m\u00fcssen .. hab ihn sp\u00e4ter (Talfahrt 4EUB) nicht mal mitgenommen, sondern in der Gondel liegen lassen.<\/p>\n<p><a href='http:\/\/ski.inmontanis.info\/d\/314608-2\/DSC02567.jpg'><img src=http:\/\/ski.inmontanis.info\/d\/314607-3\/DSC02567.jpg \/><\/a><br \/>\n^ Kombibahn Hochstein 1<\/p>\n<p><a href='http:\/\/ski.inmontanis.info\/d\/314612-2\/DSC02568.jpg'><img src=http:\/\/ski.inmontanis.info\/d\/314611-3\/DSC02568.jpg \/><\/a><br \/>\n^ DSB Hochstein 2<\/p>\n<p><a href='http:\/\/ski.inmontanis.info\/d\/314616-2\/DSC02569.jpg'><img src=http:\/\/ski.inmontanis.info\/d\/314615-3\/DSC02569.jpg \/><\/a><br \/>\n^ DSB Hochstein 2<\/p>\n<p><a href='http:\/\/ski.inmontanis.info\/d\/314620-2\/DSC02571.jpg'><img src=http:\/\/ski.inmontanis.info\/d\/314619-3\/DSC02571.jpg \/><\/a><br \/>\n^ DSB Hochstein 2, ja, die alte Wito-DSB ist noch ganz nett<\/p>\n<p><a href='http:\/\/ski.inmontanis.info\/d\/314624-2\/DSC02573.jpg'><img src=http:\/\/ski.inmontanis.info\/d\/314623-3\/DSC02573.jpg \/><\/a><br \/>\n^ Lienz<\/p>\n<p><a href='http:\/\/ski.inmontanis.info\/d\/314628-2\/DSC02575.jpg'><img src=http:\/\/ski.inmontanis.info\/d\/314627-3\/DSC02575.jpg \/><\/a><br \/>\n^ DSB Hochstein 2, anscheinend hat Lienz im Vergleich zum Rest Osttirols kaum Schnee heuer abbekommen<\/p>\n<p><a href='http:\/\/ski.inmontanis.info\/d\/314632-2\/DSC02576.jpg'><img src=http:\/\/ski.inmontanis.info\/d\/314631-3\/DSC02576.jpg \/><\/a><br \/>\n^ DSB Hochstein 2<\/p>\n<p><a href='http:\/\/ski.inmontanis.info\/d\/314636-2\/DSC02577.jpg'><img src=http:\/\/ski.inmontanis.info\/d\/314635-3\/DSC02577.jpg \/><\/a><br \/>\n^ Skifahrerisch sch\u00f6ner, insb. die linke Abfahrt, w\u00e4re halt SL Hochstein 3, aber leider seit glaub heute nicht mehr in Betrieb :(<\/p>\n<p><a href='http:\/\/ski.inmontanis.info\/d\/314640-2\/ge20230228a.jpg'><img src=http:\/\/ski.inmontanis.info\/d\/314639-3\/ge20230228a.jpg \/><\/a><br \/>\n^ GPS-Track 28.2.2023 in Gelb, vorheriger Besuch in Blau<\/p>\n<p>Wohl einziges Highlight am Zettersfeld, zumindest heute, weil auch hier der SL nicht in Betrieb ist, ist die Zubringerbahn, eine 4EUB mit noch alten Klappt\u00fcr-Kabinen. Ich kann mich ja nicht \u00fcber zu wenig 4EUBs auf meiner Saisonkarte beschweren ;) Aber jetzt m\u00fcsste ich dann alle durch haben. Lienz, Gerlitzen, Bad Kleinkirchheim und die beiden Sektionen in Heiligenblut. Die sch\u00f6nsten Kabinen hat nat\u00fcrlich die in Bad Kleinkirchheim, die roten CWA sind sch\u00f6ner als die silbernen Swoboda hier.<\/p>\n<p>Wie gesagt, leider auch auf der Zettersfeld-Seite heute der interessanteste Lift = SL zu. Rest ja nur 4SB, 4KSB und 6KSB.<\/p>\n<p>H\u00e4tte mir in den Kopf schie\u00dfen k\u00f6nnen, daf\u00fcr, dass ich nicht aufgepasst hab und es erst am Einstieg bemerkt hab, dass hier die bescheurtste aller Liftgattungen ist: eine fu\u00dfrasterlose Sesselbahn mit Zwangsverriegelung :( Da geh ich ja noch fast lieber zu Fu\u00df den Berg hinauf. Hier h\u00e4tte man sie aber mit Tellerlift und 4KSB umfahren k\u00f6nnen. <\/p>\n<p>W\u00e4r ich mal besser gleich in die andere Richtung, nach Kartitsch gefahren, dort Sonnenschein zumindest lt. Webcam um 14:00 :(<\/p>\n<p>Vielleicht weil der SL und ein paar Abfahrten geschlossen waren, vielleicht weil schlechte Sicht, aber ich fand das Skigebit heute bescheuert, brauch ich nicht noch einmal, zumindest nicht in dieser Saison. Da gefiel es mir gestern in Weissbriach mit den drei Talliften aber viel besser.<\/p>\n<p>Die gr\u00f6\u00dfte Nationalit\u00e4tsgruppe heut auf dem Parkplatz d\u00fcrfte NL gewesen sein.<\/p>\n<p><a href='http:\/\/ski.inmontanis.info\/d\/314644-2\/DSC02579.jpg'><img src=http:\/\/ski.inmontanis.info\/d\/314643-3\/DSC02579.jpg \/><\/a><br \/>\n^ Talstation 4EUB Zettersfeld<\/p>\n<p><a href='http:\/\/ski.inmontanis.info\/d\/314648-3\/DSC02580.jpg'><img src=http:\/\/ski.inmontanis.info\/d\/314647-3\/DSC02580.jpg \/><\/a><br \/>\n^ 4EUB Zettersfeld<\/p>\n<p><a href='http:\/\/ski.inmontanis.info\/d\/314652-3\/DSC02581.jpg'><img src=http:\/\/ski.inmontanis.info\/d\/314651-3\/DSC02581.jpg \/><\/a><br \/>\n^ 4EUB Zettersfeld, noch mit alten Klappt\u00fcr-Kabinen, sch\u00f6n<\/p>\n<p><a href='http:\/\/ski.inmontanis.info\/d\/314656-3\/DSC02583.jpg'><img src=http:\/\/ski.inmontanis.info\/d\/314655-3\/DSC02583.jpg \/><\/a><br \/>\n^ 4EUB Zettersfeld Bergstation<\/p>\n<p><a href='http:\/\/ski.inmontanis.info\/d\/314660-2\/DSC02584.jpg'><img src=http:\/\/ski.inmontanis.info\/d\/314659-3\/DSC02584.jpg \/><\/a><br \/>\n^ 4SB Wartschenbrunn, verdammt nochmal, dass ich da nicht aufgepasst hab und das erst am Einstieg gemerkt hab, dass das so eine bescheuerte 4SB mit Zwangsverriegelung ohne Fu\u00dfraster ist. Daf\u00fcr k\u00f6nnt ich mir in den Kopf schie\u00dfen, Weiterleben wegen Dummheit verwirkt.<\/p>\n<p><a href='http:\/\/ski.inmontanis.info\/d\/314664-2\/DSC02586.jpg'><img src=http:\/\/ski.inmontanis.info\/d\/314663-3\/DSC02586.jpg \/><\/a><br \/>\n^ 6KSB Faschingalm, sehr lang, aber sehr weite Abst\u00e4nde und somit wohl wenig F\u00f6rderleistung, Abfahrten auch irgendwie bescheuert (langes flaches St\u00fcck unten).<\/p>\n<p><a href='http:\/\/ski.inmontanis.info\/d\/314668-2\/DSC02588.jpg'><img src=http:\/\/ski.inmontanis.info\/d\/314667-3\/DSC02588.jpg \/><\/a><br \/>\n^ 4KSB Steinermandl mit ihrem coolen Design (Tal wie Berg)<\/p>\n<p><a href='http:\/\/ski.inmontanis.info\/d\/314672-2\/DSC02589.jpg'><img src=http:\/\/ski.inmontanis.info\/d\/314671-3\/DSC02589.jpg \/><\/a><br \/>\n^ 4KSB Steinermandl; ungew\u00f6hnlich, dass man so dichte, hohe B\u00e4ume mit einer Sesselbahn \u00fcberf\u00e4hrt<\/p>\n<p><a href='http:\/\/ski.inmontanis.info\/d\/314676-2\/DSC02590.jpg'><img src=http:\/\/ski.inmontanis.info\/d\/314675-3\/DSC02590.jpg \/><\/a><br \/>\n^ Leider auch hier der wichtigste Lift heute zu: SL Schoberk\u00f6pfl<\/p>\n<p><a href='http:\/\/ski.inmontanis.info\/d\/314680-2\/DSC02591.jpg'><img src=http:\/\/ski.inmontanis.info\/d\/314679-3\/DSC02591.jpg \/><\/a><br \/>\n^ 6KSB Faschingalm, auch auf dieser Seite von Lienz liegt kaum Schnee<\/p>\n<p><a href='http:\/\/ski.inmontanis.info\/d\/314684-2\/DSC02592.jpg'><img src=http:\/\/ski.inmontanis.info\/d\/314683-3\/DSC02592.jpg \/><\/a><br \/>\n^ Panoramatechnisch ists hier ja ganz nett, f\u00fcr die nette Abfahrt in Bildmitte h\u00e4tte aber der SL in Betrieb sein m\u00fcssen :(<\/p>\n<p><a href='http:\/\/ski.inmontanis.info\/d\/314688-2\/DSC02593.jpg'><img src=http:\/\/ski.inmontanis.info\/d\/314687-3\/DSC02593.jpg \/><\/a><br \/>\n^ Pano mit Nebel-Wolkenmeer, was ja nicht ganz stimmt, weil die Wolken ja nur noch hier am Hang waren<\/p>\n<p><a href='http:\/\/ski.inmontanis.info\/d\/314692-2\/DSC02594.jpg'><img src=http:\/\/ski.inmontanis.info\/d\/314691-3\/DSC02594.jpg \/><\/a><br \/>\n^ Talblick (quasi in Richtung K\u00e4rnten)<\/p>\n<p><a href='http:\/\/ski.inmontanis.info\/d\/314696-2\/ge20230228b.jpg'><img src=http:\/\/ski.inmontanis.info\/d\/314695-3\/ge20230228b.jpg \/><\/a><br \/>\n^ GPS-Track 28.2.2023 in Gelb, vorheriger Besuch in Blau<\/p>\n<p>Sp\u00e4ter hielt ich noch an einem Action-Markt und nahm ein 2,19 \u20ac HDMI-Kabel mit, um die Verbindung mit meiner kleinen USB-C-Dockingstation und Handy und Projektor zu testen; falls es nicht funktioniert, k\u00f6nnte ich mir dann ja ein USB-C-HDMI-Kabel nach Hause bestellen f\u00fcr Anfang n\u00e4chter Woche, wobei durch das Nichtfunktionieren da im italienischen Mediamarkt\/Mediaworld wei\u00df ich nicht recht, worauf man da achten muss. Aber \u00fcberraschenderweise funktionierte es abends!<\/p>\n<p>Danach noch in einem Penny-Supermarkt eingekauft. Scheint ja ein bisschen die Discounter-Schiene von Rewe zu sein (unter Billa, obwohl das ja f\u00fcr &#8220;Billiger Laden&#8221; steht oder zumindest mal stand), aber r\u00e4umlich kleiner und eingeschr\u00e4nkteres Sortiment, was vielleicht auch dann und wann wechselt. Von der Gesch\u00e4ftsausstattung und dem Einkaufsambiente her aber sch\u00f6ner als Hofer\/Aldi und Lidl.<\/p>\n<p><a href='http:\/\/extra.inmontanis.info\/d\/98856-2\/DSC02595.jpg'><img src=http:\/\/extra.inmontanis.info\/d\/98855-3\/DSC02595.jpg \/><\/a><br \/>\n^ Handy mittels USB-C-Hub\/Dockingstation mit HDMI am Projektor, h\u00e4tte ja nicht gedacht, dass das funktioniert, aber l\u00e4uft. Endlich wieder ordentlich Filme\/Serien schauen ;) Allerdings etwas unhandlich, weil das Kabel recht starr ist &#8211; aber vielleicht hab ich daheim ein leichteres Kabel zum Austauschen.<\/p>\n<p>Ich bin in dem Fall ja in &#8220;Couchposition&#8221;, an der R\u00fccksitzlehne des Beifahrersits r\u00fcckseitig angelehnt (Schlafsack dient am R\u00fccken als Polster), der Projektor steht dann rechts neben mir auf dem Bildschirm-Kissen, das ich normalerweise f\u00fcr den Computerbildschirm verwende (au\u00dfer am Lenkrad), wobei es dann f\u00fcr den Projektor gedreht neben mir auf dem Bett steht.<\/p>\n<p>Das ist zwar einerseits praktisch, weil man damit verschiedene Dinge f\u00fcr mehrere Zwecke verwendet, aber es war und bleibt eine Notl\u00f6sung, denn der Projektor steht danach nicht wirklich gerade (teilweise steht er auch halb an der Fahrersitzlehne, was dann noch schiefer ist) und beleuchtet dann auch die Leinwand, die ja auch nach wie vor die Notl\u00f6sung vom letzten Winter ist und nicht wirklich gut gespannt ist, schr\u00e4g. <\/p>\n<p>.. aber man muss halt nehmen was da ist und besser als der kleine Handybildschirm ist das allemal. Und mir f\u00e4llt da keine einfache und bessere L\u00f6sung ein. Ja, man k\u00f6nnte sich irgendwas basteln, was man auf die Fahrersitzlehne steckt, worauf man dann den Projektor stellt. Aber: Das muss dann nicht nur wieder irgendwo extra verstaut werden, sondern die Fahrersitzlehne ist ja auch nicht immer gleich hoch. Denn der Fahrersitz sinkt mit der Zeit und wenn ich mir dann beim Fahren so vorkomme, dass ich nicht mehr vern\u00fcnftig aus dem Fenster schauen kann, korrigier ich die Sitzh\u00f6he mit dem Seitenhebel wieder. Das wiederum hat ja dann auch Auswirkung auf meine Tischbefestigung &#8230;<\/p>\n<p>Alles in Allem st\u00f6rt mich das aber nicht so sehr, au\u00dfer an manchen Tagen, wenn das Bild mal noch schiefer ist als \u00fcblich und gerade nichts da ist, was man drunter legen k\u00f6nnte..<\/p>\n<p>Tja, was morgen&#8230; Kartitsch oder Emberger Alm. Bissl sonnig ist f\u00fcr beide gemeldet (ha ha, wer&#8217;s glaubt), aber Kartitsch ist viel weiter weg, m\u00fcsst ich ggf. wieder durch Lienz durch und w\u00fcrde ggf. morgen Abend wieder hier \u00fcbernachten. Emberger Alm spr\u00e4che eher f\u00fcr eine andere \u00dcbernachtungsm\u00f6glichkeit, dann m\u00fcsste ich hier aber morgen fr\u00fch zahlen ..<\/p>\n","protected":false},"excerpt":{"rendered":"<p>Di, 28.2.2023<\/p>\n<p>Wie fr\u00fcher und wie \u00fcblich kann man die Wettervorhersagen von Bergfex in die Tonne treten. Lienz h\u00e4tte eigentlich heute halbwegs sonnig sein sollen. Na vormittags wars mal komplett bedeckt bzw. hochneblig laut Webcams.<\/p>\n<p>Wobei es auch sonst nirgends viel anders aussah, also blieb ich bei Hochstein heute. <\/p>\n<p>Nervig schon wieder: bis gestern <a href=\"http:\/\/blog.inmontanis.info\/?p=8615\">[&#8230;]<\/a><\/p>\n","protected":false},"author":1,"featured_media":8617,"comment_status":"closed","ping_status":"closed","sticky":false,"template":"","format":"standard","meta":{"footnotes":""},"categories":[239,13,27],"tags":[42,49,56,38,77,47],"class_list":["post-8615","post","type-post","status-publish","format-standard","has-post-thumbnail","hentry","category-lienz","category-austria","category-skifahren-winterskiing-winter","tag-4eub","tag-4sb","tag-6sb","tag-dsb","tag-nebelmeer","tag-sl","odd"],"_links":{"self":[{"href":"http:\/\/blog.inmontanis.info\/index.php?rest_route=\/wp\/v2\/posts\/8615","targetHints":{"allow":["GET"]}}],"collection":[{"href":"http:\/\/blog.inmontanis.info\/index.php?rest_route=\/wp\/v2\/posts"}],"about":[{"href":"http:\/\/blog.inmontanis.info\/index.php?rest_route=\/wp\/v2\/types\/post"}],"author":[{"embeddable":true,"href":"http:\/\/blog.inmontanis.info\/index.php?rest_route=\/wp\/v2\/users\/1"}],"replies":[{"embeddable":true,"href":"http:\/\/blog.inmontanis.info\/index.php?rest_route=%2Fwp%2Fv2%2Fcomments&post=8615"}],"version-history":[{"count":3,"href":"http:\/\/blog.inmontanis.info\/index.php?rest_route=\/wp\/v2\/posts\/8615\/revisions"}],"predecessor-version":[{"id":8620,"href":"http:\/\/blog.inmontanis.info\/index.php?rest_route=\/wp\/v2\/posts\/8615\/revisions\/8620"}],"wp:featuredmedia":[{"embeddable":true,"href":"http:\/\/blog.inmontanis.info\/index.php?rest_route=\/wp\/v2\/media\/8617"}],"wp:attachment":[{"href":"http:\/\/blog.inmontanis.info\/index.php?rest_route=%2Fwp%2Fv2%2Fmedia&parent=8615"}],"wp:term":[{"taxonomy":"category","embeddable":true,"href":"http:\/\/blog.inmontanis.info\/index.php?rest_route=%2Fwp%2Fv2%2Fcategories&post=8615"},{"taxonomy":"post_tag","embeddable":true,"href":"http:\/\/blog.inmontanis.info\/index.php?rest_route=%2Fwp%2Fv2%2Ftags&post=8615"}],"curies":[{"name":"wp","href":"https:\/\/api.w.org\/{rel}","templated":true}]}}