{"id":8610,"date":"2023-02-27T22:14:30","date_gmt":"2023-02-27T21:14:30","guid":{"rendered":"http:\/\/blog.inmontanis.info\/?p=8610"},"modified":"2023-03-03T22:30:56","modified_gmt":"2023-03-03T21:30:56","slug":"nassfeld-weissbriach-27-2-2023","status":"publish","type":"post","link":"http:\/\/blog.inmontanis.info\/?p=8610","title":{"rendered":"Nassfeld &#038; Weissbriach, 27.2.2023"},"content":{"rendered":"<p><strong>Mo, 27.2.2023<\/strong><\/p>\n<p>Um das auch nochmals f\u00fcr mich zusammenzufassen, was zu der \u00fcberst\u00fcrzten Abreise diese Woche gef\u00fchrt hat..<\/p>\n<p>.. urspr\u00fcnglich geplant hatte ich, dass ich am WE um den 12.3. wieder in K\u00e4rnten bin, einerseits weil dann schon die ersten Skigebiete schlie\u00dfen, andererseits um auch noch etwas von der Saisonkarte zu haben und nat\u00fcrlich auch weil Spikereifen in Italien nur bis Mitte M\u00e4rz zugelassen sind, wobei sie in Frankreich noch etwas l\u00e4nger erlaubt w\u00e4ren.<br \/>\n.. wegen Theater in Frankreich hinsichtlich KSSL (dass ich nicht die H\u00e4nde in den Stockschlaufen lassen darf, als w\u00e4r ich ein Anf\u00e4nger und der Gefahren nicht bewusst) und auch das eigene Keycards-Thema hab ich ja vor 2 Wochen Frankreich genervt verlassen<br \/>\n.. in Italien gab&#8217;s \u00e4hnliche Probleme, dass immer mehr Gebiete auf ihre eigenen Keycards bestehen, die sie meist um 2-3 \u20ac verkaufen, was also eine zus\u00e4tzlich Abzocke ist (weil man vom System her problemlos fremde Keycards erlauben k\u00f6nnte) und man zus\u00e4tzlich noch mehr von diesen Plastikkarten unn\u00f6tigerweise rumschleppen muss, weshalb ich derartige Skigebiete mittlerweile boykottiere; ein Anfahren von heuer noch nicht angefahrenen Skigebieten ist somit immer ein Risiko und macht mittlerweile keinen Spa\u00df mehr<br \/>\n.. dazu das Verhalten, trotz genug Schnee bei sch\u00f6nem Wetter und warmen Temperaturen die Skigebiete nicht aufzusperren<br \/>\n.. die mittlerweile wieder geringe Schneelage, wobei sich das hier und da bis in einer Woche \u00e4ndern k\u00f6nnte, je nach Schneefallgrenze allerdings, also unbekannt<br \/>\n.. die t\u00e4gliche Unsicherheit bis sp\u00e4t am Abend, ob das morgig geplante Skigebiet nun offen hat und falls ja, dann nicht auf seine eigenen Keycards pocht<br \/>\n.. also der t\u00e4gliche \u00c4rger \u00fcber Nicht-\u00d6ffnung, Keycards, Parkgeb\u00fchren, &#8230;<br \/>\n.. die Wettervorhersage f\u00fcr den mittleren und s\u00fcdlichen Appennin, demnach quasi die ganze Woche Wolken, Regen und Schnee gemeldet sind. Au\u00dfer im S\u00fcden, wo aber fast kein Schnee liegt. Das st\u00f6rt mich alles nicht auf Saisonkartengebieten oder in Gegenden, wo man nun eh nicht viel sieht, aber im Appennin, wo man h\u00e4ufig Meerpano und\/oder Flachlandpano hat, ist das eben noch was anderes<br \/>\n.. die noch weite Fahrstrecke bis runter nach Sizilien, die stressige Fahrerei in Italien<br \/>\n.. Italienische Skigebiete werden auch von Jahr zu Jahr langweiliger, nerviger, verfangz\u00e4unter, moderner, mehr und mehr ehemals interessante Gebiete geschlossen und wie schon die letzten Jahre in Skandinavien gemerkt: Ich fahr momentan lieber Schlepplifte anstatt Sessellifte. Und brauchbare SL sind in Italien leider sehr rar geworden.<br \/>\n.. zeitgleich hab ich aber auch gemerkt, dass mir die alten Lifte oftmals auch nicht mehr das geben, was ich fr\u00fcher f\u00fcr sie empfand. Klar, verrostete St\u00fctzen oder blaue\/rote\/gelbe St\u00fctzen f\u00e4nd ich auch nach wie vor geil, aber sie sind selten und unterm Strich braucht&#8217;s doch mehr.<br \/>\n.. auch auf meiner Saisonkarte gibt&#8217;s etliche sch\u00f6ne Skigebiete, die ich eigentlich noch ein paar Mal besuchen m\u00f6chte, insbesondere falls ich doch n\u00e4chstes Jahr wieder nach Schweden fahren sollte<br \/>\n.. zudem gibt&#8217;s auch in K\u00e4rnten zumindest in einigen Gebieten nun viel Schnee und einige hatte ich ja noch gar nicht besucht<br \/>\n.. also w\u00e4r es bl\u00f6d,  weiterhin in Italien Geld auszugeben, ewig rumzufahren und sich \u00fcber Italien zu \u00e4rgern ..<br \/>\n.. nutz ich lieber meine Saisonkarte aus und spar mir etwas Geld, das mir die EU mit ihren Anti-Russland-Sanktionen quasi &#8220;geklaut&#8221; hat.<br \/>\n.. evtl. geh ich aber auch in AT noch etwas fremd .. wobei, bei den teils doppelt so hohen Preisen f\u00fcr vergleichbare Skigebiete wie in IT\/FR bleiben wohl nur wenig Gebiete unter meiner 40\u20ac-Grenze &#8211; f\u00fcr \u00e4hnliche Skigebiete zahlt man in IT\/FR halt teils nur um die 20 \u20ac ..<\/p>\n<p>Ob mich die Skigebiete daheim dann in den n\u00e4chsten Wochen genauso nerven oder nicht, wird man sehen ;) Das eine und andere hatte ich ja schon f\u00fcr den Rest der Saison auf die Boykottliste gesetzt&#8230;<\/p>\n<p>Geplant heute h\u00e4tte ich die Tal-SL in Wei\u00dfbriach gehabt, weil es oben sehr kalt werden soll. Durch&#8217;s Einkaufen gestern Abend war dann aber die Strecke \u00fcber den Nassfeld-Pass die k\u00fcrzere Strecke. Und wenn man dann eh schon dort vorbei f\u00e4hrt, muss man wenigstens kurz dort Ski fahren, vielleicht 1-2 Stunden, bis man erfroren ist, damit man sich sp\u00e4ter im Auto wieder aufw\u00e4rmen kann.<\/p>\n<p><a href='http:\/\/extra.inmontanis.info\/d\/98832-2\/DSC02533.jpg'><img src=http:\/\/extra.inmontanis.info\/d\/98831-3\/DSC02533.jpg \/><\/a><br \/>\n^ Grabh\u00fcgel, M\u00fclldeponie, .. ? :)<\/p>\n<p><a href='http:\/\/extra.inmontanis.info\/d\/98836-2\/DSC02534.jpg'><img src=http:\/\/extra.inmontanis.info\/d\/98835-3\/DSC02534.jpg \/><\/a><br \/>\n^ Auffahrt Nassfeldpass von Italien aus<\/p>\n<p><a href='http:\/\/extra.inmontanis.info\/d\/98840-2\/DSC02535.jpg'><img src=http:\/\/extra.inmontanis.info\/d\/98839-3\/DSC02535.jpg \/><\/a><br \/>\n^ Auffahrt Nassfeldpass von Italien aus<\/p>\n<p><a href='http:\/\/extra.inmontanis.info\/d\/98844-2\/DSC02538.jpg'><img src=http:\/\/extra.inmontanis.info\/d\/98843-3\/DSC02538.jpg \/><\/a><br \/>\n^ Auffahrt Nassfeldpass von Italien aus<\/p>\n<p>Am Nassfeld um 10:20 angekommen, schneite es leicht, sollte lt. Bergfex aber ab 11h trocken bleiben&#8230; ha ha<\/p>\n<p>Geh\u00f6rte Sprachen in den Liften:<br \/>\nslawisch<br \/>\nslawisch<br \/>\nfranz\u00f6sisch<br \/>\nslawisch<br \/>\ndeutsch<br \/>\nslawisch<br \/>\nfranz\u00f6sisch<br \/>\nenglisch eines \u00f6sterreichischen Skischullehrers<\/p>\n<p>&#8230; krasser Unterschied zu den letzten Wochen, wo entweder nur Franz\u00f6sisch oder nur Italienisch zu h\u00f6ren war ..<\/p>\n<p>Schnee war sch\u00f6n pulvrig, sofern genug und verfestigt genug, einige st\u00e4rker befahrenere, steilere H\u00e4nge waren aber schon auch eisig.<\/p>\n<p><a href='http:\/\/ski.inmontanis.info\/d\/314536-2\/DSC02539.jpg'><img src=http:\/\/ski.inmontanis.info\/d\/314535-3\/DSC02539.jpg \/><\/a><br \/>\n^ Der im Plan linke Teil<\/p>\n<p><a href='http:\/\/ski.inmontanis.info\/d\/314540-2\/DSC02540.jpg'><img src=http:\/\/ski.inmontanis.info\/d\/314539-3\/DSC02540.jpg \/><\/a><br \/>\n^ Wartezeiten an dem \u00dcbungslift, daher die anderen Abfahrten nicht gefahren<\/p>\n<p><a href='http:\/\/ski.inmontanis.info\/d\/314544-2\/DSC02541.jpg'><img src=http:\/\/ski.inmontanis.info\/d\/314543-3\/DSC02541.jpg \/><\/a><br \/>\n^ EUB und weitere \u00dcbungslifte<\/p>\n<p><a href='http:\/\/ski.inmontanis.info\/d\/314548-2\/DSC02542.jpg'><img src=http:\/\/ski.inmontanis.info\/d\/314547-3\/DSC02542.jpg \/><\/a><br \/>\n^ Der SL ist wohl stillgelegt, das \u00dcbungsgel\u00e4nde rechts hab ich dann nicht mehr angeschaut<\/p>\n<p><a href='http:\/\/ski.inmontanis.info\/d\/314552-2\/ge20230227a.jpg'><img src=http:\/\/ski.inmontanis.info\/d\/314551-3\/ge20230227a.jpg \/><\/a><br \/>\n^ GPS-Track 27.2.2023 in Magenta (wieder ein paar L\u00fcckenschl\u00fcsse), vorherige Besuche in Gelb<\/p>\n<p>Nach knapp 2h hab ich aufgeh\u00f6rt. Kalt und schon sehr voll die Pisten, im Vergleich zu zuletzt auffallend voll. Leicht geschneit hatte es immer noch.<\/p>\n<p>Beim Wegfahren am Parkplatz mal auf die L\u00e4nderkennzeichen der Autos geachtet:<br \/>\nbg<br \/>\ncz<br \/>\ncz<br \/>\ncz<br \/>\na<br \/>\ncz<br \/>\ncz<br \/>\ncz<br \/>\ncz<br \/>\ni<br \/>\ncz<br \/>\ncz<br \/>\nh<br \/>\ncz<br \/>\nslo<br \/>\ncz<br \/>\ncz<br \/>\ncz<br \/>\ncz<br \/>\ncz<br \/>\ni<br \/>\na<br \/>\nslo<br \/>\na<\/p>\n<p>.. dann werden die slawischen Sprachen wohl eher tschechisch als slowenisch gewesen sein ;)<\/p>\n<p>Um 13:30 in Weissbriach angekommen, war ich schon etwas \u00fcberrascht, dass zwar der Parkplatz recht leer, aber an den Liften durchaus einiges Gewusel herrschte (etliche Niederl\u00e4nder). Immerhin schien es zuletzt bis hier runter geschneit zu haben und ein paar Flocken tanzten weiterhin durch die Luft.<\/p>\n<p>Direkt an der Talstation gibt&#8217;s einen Campingplatz &#8211; komm mir ja vor in Schweden ;) Allerdings h\u00e4tten die beiden Lifte dort wohl ein paar mehr Abfahrtsvarinten als nur eine einzige wie hier. Das ist der vielleicht gr\u00f6\u00dfte Nachteil hier. Daf\u00fcr w\u00e4ren sie in Schweden vielleicht etwas k\u00fcrzer und h\u00e4tten weniger H\u00f6henmeter.<\/p>\n<p>Vielleicht der gr\u00f6\u00dfte Unterschied zu Schweden: An der Talstation hing ein Schild, dass das Befahren des Waldes verboten sei und man angezeigt w\u00fcrde. In Schweden ist das normalerweise nicht nur erlaubt, sondern mittels Skirouten manchmal ja sogar &#8220;erw\u00fcnscht&#8221;. <\/p>\n<p>Pisten waren dann tats\u00e4chlich fast \u00fcberall sch\u00f6n griffig, nur vereinzelte Altschneeeisplatten, die man umfahren konnte und durch die braune Farbe auch gut genug sah. Anscheinend werden die Lifte mittlerweile vom Nassfeld betrieben, lt. Aushang bis 15:30 in Betrieb.<\/p>\n<p>Der linke SL ist der interessantere von beiden, sch\u00f6ne steile Waldtrasse und die Abfahrt nicht direkt. Zackig schnell waren beide SL unterwegs. <\/p>\n<p>H\u00e4tte ich nicht so viel interessante Gebiete auf der Saisonkarte, w\u00e4r ich wohl am Campingplatz hier geblieben um morgen nochmals 3h zu fahren, war also doch recht nett hier heute Nachmittag.<\/p>\n<p><a href='http:\/\/ski.inmontanis.info\/d\/314556-2\/DSC02545.jpg'><img src=http:\/\/ski.inmontanis.info\/d\/314555-3\/DSC02545.jpg \/><\/a><br \/>\n^ Links der Tellerlift und dar\u00fcber die Abfahrt vom linken SL, der rechts vom Bild quasi in der Mulde startet<\/p>\n<p><a href='http:\/\/ski.inmontanis.info\/d\/314560-2\/DSC02546.jpg'><img src=http:\/\/ski.inmontanis.info\/d\/314559-3\/DSC02546.jpg \/><\/a><br \/>\n^ Rechter SL<\/p>\n<p><a href='http:\/\/ski.inmontanis.info\/d\/314564-2\/DSC02547.jpg'><img src=http:\/\/ski.inmontanis.info\/d\/314563-3\/DSC02547.jpg \/><\/a><br \/>\n^ Linker SL, dessen Trasse steiler und Abfahrt weiter entfernt verl\u00e4uft<\/p>\n<p><a href='http:\/\/ski.inmontanis.info\/d\/314568-2\/DSC02548.jpg'><img src=http:\/\/ski.inmontanis.info\/d\/314567-3\/DSC02548.jpg \/><\/a><br \/>\n^ Abfahrt am linken SL<\/p>\n<p><a href='http:\/\/ski.inmontanis.info\/d\/314572-2\/DSC02549.jpg'><img src=http:\/\/ski.inmontanis.info\/d\/314571-3\/DSC02549.jpg \/><\/a><br \/>\n^ Nette Waldtrasse am linken SL<\/p>\n<p><a href='http:\/\/ski.inmontanis.info\/d\/314576-2\/DSC02551.jpg'><img src=http:\/\/ski.inmontanis.info\/d\/314575-3\/DSC02551.jpg \/><\/a><br \/>\n^ Bergstation rechter SL<\/p>\n<p><a href='http:\/\/ski.inmontanis.info\/d\/314580-2\/DSC02552.jpg'><img src=http:\/\/ski.inmontanis.info\/d\/314579-3\/DSC02552.jpg \/><\/a><br \/>\n^ Rechter SL<\/p>\n<p><a href='http:\/\/ski.inmontanis.info\/d\/314584-2\/DSC02554.jpg'><img src=http:\/\/ski.inmontanis.info\/d\/314583-3\/DSC02554.jpg \/><\/a><br \/>\n^ Rechter SL Talstation, wie auch am linken SL steigt man von hinten, nicht seitw\u00e4rts zu<\/p>\n<p><a href='http:\/\/ski.inmontanis.info\/d\/314588-2\/DSC02555.jpg'><img src=http:\/\/ski.inmontanis.info\/d\/314587-3\/DSC02555.jpg \/><\/a><br \/>\n^ Rechter SL und rechts hinten zu sehen der Start der Abfahrt vom linken SL<\/p>\n<p><a href='http:\/\/ski.inmontanis.info\/d\/314592-2\/DSC02556.jpg'><img src=http:\/\/ski.inmontanis.info\/d\/314591-3\/DSC02556.jpg \/><\/a><br \/>\n^ Tellerlift,  auch nicht so \u00fcbel<\/p>\n<p><a href='http:\/\/ski.inmontanis.info\/d\/314596-2\/ge202302270302b.jpg'><img src=http:\/\/ski.inmontanis.info\/d\/314595-3\/ge202302270302b.jpg \/><\/a><br \/>\n^ GPS-Track vorheriger Besuch in Blau, 27.2. und 2.3.2023 in Magenta und Gelb<\/p>\n<p>Sch\u00f6n auch mal wieder die g\u00fcnstigen Spritpreise um die 1,60 \u20ac f\u00fcrs Benzin. Morgen gesehen: 1,54-1,67<\/p>\n<p><a href='http:\/\/extra.inmontanis.info\/d\/98848-2\/DSC02557.jpg'><img src=http:\/\/extra.inmontanis.info\/d\/98847-3\/DSC02557.jpg \/><\/a><br \/>\n^ Kleiner SL unten im Tal nahe Greifenburg<\/p>\n<p>In so einen d\u00f6rflichen Adeg-Supermarkt darf man auch nicht mehr gehen bei den Preisen mittlerweile in AT&#8230; 4 Semmeln 1,80 \u20ac, 750ml Kakao 2 \u20ac, Stange Baguette 1,90 oder 1,99 &#8211; alles daher nicht gekauft. Vielleicht komm ich morgen an einem g\u00fcnstigeren Supermarkt\/Discounter vorbei. F\u00fcr Abend hab ich ja noch die gestern in IT gekaufte TK-Pizza. Die wohl italienischste aller Pizzavarianten ;) Zmindest hab ich das noch nirgends sonst gesehen, in IT ja quasi Standard in fast jeder Pizzeria.<\/p>\n<p>Um 17h am Stellplatz angekommen, schien der Neuschnee mal wieder unger\u00e4umt, auch vor der Rezeption lagen einige cm Schnee und unter der \u00fcblichen Handynr kam nur die Mobilbox. Lt. Aushang sollte man sich einfach hinstellen, der Platzwart k\u00e4me abends oder morgens zum abkassieren &#8211; aber w\u00e4r halt sch\u00f6n, wenn die T\u00fcr f\u00fcr&#8217;s WC aufgemacht werden w\u00fcrde &#8211; ohne WC nur wegen Strom br\u00e4ucht ich mich hier ja auch nicht unbedingt hinstellen. Au\u00dfer bei kalten Temperaturen.<\/p>\n<p>Nach einigen weiteren Versuchen ging ich r\u00fcber ins Hotel, war auch zu. Also dann halt rauf zum Stellplatz durch den nicht zu tiefen Schnee gefahren, Schranke war ja offen, Strom angeschlossen usw. Kurz vor 18h hatte er zur\u00fcckgerufen, er hat wohl noch eine andere Arbeit als nur den Stellplatz hier. Hotel hat zudem Betriebsurlaub bis Sommer (Renovierungsarbeiten). Hab gesagt, dass ich 2-4 N\u00e4chte bleiben m\u00f6chte.<\/p>\n<p><a href='http:\/\/extra.inmontanis.info\/d\/98852-2\/DSC02562.jpg'><img src=http:\/\/extra.inmontanis.info\/d\/98851-3\/DSC02562.jpg \/><\/a><br \/>\n^ Die italienischste aller Pizzasorten d\u00fcrfte Pizza mit W\u00fcrstel und Pommes sein. Schaut auf der Verpackung aber sch\u00f6ner aus&#8230;<\/p>\n","protected":false},"excerpt":{"rendered":"<p>Mo, 27.2.2023<\/p>\n<p>Um das auch nochmals f\u00fcr mich zusammenzufassen, was zu der \u00fcberst\u00fcrzten Abreise diese Woche gef\u00fchrt hat..<\/p>\n<p>.. urspr\u00fcnglich geplant hatte ich, dass ich am WE um den 12.3. wieder in K\u00e4rnten bin, einerseits weil dann schon die ersten Skigebiete schlie\u00dfen, andererseits um auch noch etwas von der Saisonkarte zu haben und nat\u00fcrlich auch <a href=\"http:\/\/blog.inmontanis.info\/?p=8610\">[&#8230;]<\/a><\/p>\n","protected":false},"author":1,"featured_media":8613,"comment_status":"closed","ping_status":"closed","sticky":false,"template":"","format":"standard","meta":{"footnotes":""},"categories":[214,13,27,238],"tags":[49,47],"class_list":["post-8610","post","type-post","status-publish","format-standard","has-post-thumbnail","hentry","category-nassfeld","category-austria","category-skifahren-winterskiing-winter","category-weissbriach","tag-4sb","tag-sl","odd"],"_links":{"self":[{"href":"http:\/\/blog.inmontanis.info\/index.php?rest_route=\/wp\/v2\/posts\/8610","targetHints":{"allow":["GET"]}}],"collection":[{"href":"http:\/\/blog.inmontanis.info\/index.php?rest_route=\/wp\/v2\/posts"}],"about":[{"href":"http:\/\/blog.inmontanis.info\/index.php?rest_route=\/wp\/v2\/types\/post"}],"author":[{"embeddable":true,"href":"http:\/\/blog.inmontanis.info\/index.php?rest_route=\/wp\/v2\/users\/1"}],"replies":[{"embeddable":true,"href":"http:\/\/blog.inmontanis.info\/index.php?rest_route=%2Fwp%2Fv2%2Fcomments&post=8610"}],"version-history":[{"count":2,"href":"http:\/\/blog.inmontanis.info\/index.php?rest_route=\/wp\/v2\/posts\/8610\/revisions"}],"predecessor-version":[{"id":8612,"href":"http:\/\/blog.inmontanis.info\/index.php?rest_route=\/wp\/v2\/posts\/8610\/revisions\/8612"}],"wp:featuredmedia":[{"embeddable":true,"href":"http:\/\/blog.inmontanis.info\/index.php?rest_route=\/wp\/v2\/media\/8613"}],"wp:attachment":[{"href":"http:\/\/blog.inmontanis.info\/index.php?rest_route=%2Fwp%2Fv2%2Fmedia&parent=8610"}],"wp:term":[{"taxonomy":"category","embeddable":true,"href":"http:\/\/blog.inmontanis.info\/index.php?rest_route=%2Fwp%2Fv2%2Fcategories&post=8610"},{"taxonomy":"post_tag","embeddable":true,"href":"http:\/\/blog.inmontanis.info\/index.php?rest_route=%2Fwp%2Fv2%2Ftags&post=8610"}],"curies":[{"name":"wp","href":"https:\/\/api.w.org\/{rel}","templated":true}]}}