{"id":8604,"date":"2023-02-26T20:23:27","date_gmt":"2023-02-26T19:23:27","guid":{"rendered":"http:\/\/blog.inmontanis.info\/?p=8604"},"modified":"2023-07-31T19:40:17","modified_gmt":"2023-07-31T17:40:17","slug":"sappada-27-2-2023-kein-sabber-da-adriakuste","status":"publish","type":"post","link":"http:\/\/blog.inmontanis.info\/?p=8604","title":{"rendered":"Sappada, 26.2.2023 &#8212; kein Sabber da  + Adriak\u00fcste"},"content":{"rendered":"<p><strong>So, 26.2.2023<\/strong><\/p>\n<p>Morgens fuhr ich noch an Venedig vorbei, dann ein kurzes St\u00fcck mautpflichtige Autobahn bis in die Berge. Ich habs ja hin und wieder in meinen Berichten mit Ortsnamen, die man nicht so leicht auseinanderhalten kann. In Norditalien gibts da ja auch einige, hier ist die Schwierigkeit mit Ortsnamen, die mit T beginnen und irgendwo ein R drin haben und teilweise auch noch deutsche Namen haben.<\/p>\n<p>Turin\/Torino, kann man sich ja noch halbwegs merken.<\/p>\n<p>Schwieriger wirds dann schon mit Trient\/Trento (das s\u00fcdlich von Bozen) und Triest\/Trieste (bei Slowenien\/Kroatien), weil im Deutschen nur ein Buchstabe anders ist.<\/p>\n<p>Aber dann gibts auch noch Treviso und Tarvisio\/Tarvis. An Treviso kam ich heute vorbei. Tarvisio ist das mit dem Skigebiet n\u00e4he \u00d6sterreich &#8211; wo \u00fcbrigens im Pistenplan die obere Sektion der Agudio-6EUB mittlerweile nicht mehr existent ist :-(<\/p>\n<p>Quasi in einer Linie nebeneinander gibts hier auch noch 3 St\u00e4dte mit V: Verona, Vicenza und Venezia<\/p>\n<p>Ich checkte auf der Fahrt noch kurz den Status in San Vito di Cadore, falls der linke Lift in Betrieb gewesen w\u00e4re, h\u00e4tte ich vielleicht dort Halt gemacht. War er nicht, also ging&#8217;s doch nach Sappada, weil es mir bei meinem damaligen Besuch ja teilweise gefallen hatte.<\/p>\n<p><a href='http:\/\/extra.inmontanis.info\/d\/98800-2\/DSC02439.jpg'><img src=http:\/\/extra.inmontanis.info\/d\/98799-3\/DSC02439.jpg \/><\/a><br \/>\n^ Wohl die vorletzte Br\u00fccke \u00fcber den Po vor dem Meer<\/p>\n<p><a href='http:\/\/extra.inmontanis.info\/d\/98804-2\/DSC02444.jpg'><img src=http:\/\/extra.inmontanis.info\/d\/98803-3\/DSC02444.jpg \/><\/a><br \/>\n^ Laguna Veneta<\/p>\n<p><a href='http:\/\/extra.inmontanis.info\/d\/98808-2\/DSC02450.jpg'><img src=http:\/\/extra.inmontanis.info\/d\/98807-3\/DSC02450.jpg \/><\/a><br \/>\n^ Laguna Veneta mit Blick zu den verschneiten Bergen<\/p>\n<p><a href='http:\/\/extra.inmontanis.info\/d\/98812-2\/DSC02453.jpg'><img src=http:\/\/extra.inmontanis.info\/d\/98811-3\/DSC02453.jpg \/><\/a><br \/>\n^ So nah war ich vermutlich noch nie an Venedig<\/p>\n<p><a href='http:\/\/extra.inmontanis.info\/d\/98816-2\/DSC02460.jpg'><img src=http:\/\/extra.inmontanis.info\/d\/98815-3\/DSC02460.jpg \/><\/a><br \/>\n^ Ein St\u00fcck mautpflichtige Autobahn bin ich dann doch noch gefahren, das zweite heuer (das andere war ja um Genua, aber l\u00e4nger und somit teurer)<\/p>\n<p>Achja, Genua ist ja auch so ein Namensproblemkindchen. Genova ist das in Italien (Genua), Geneve ist das in der Schweiz (Genf) und w\u00e4hrend man im Deutschen beide mit einem &#8220;weichen K&#8221;-G ausspricht, ist es im Italienischen und Franz\u00f6sischen jeweils ein Sch-Laut (Dschenowa bzw. Schenev) ;-)<\/p>\n<p>Da k\u00f6nnt ich mich auch schon wieder \u00fcber unser lateinisches Alphabet aufregen, weil in jedem Land so viele Buchstaben so unterschiedlich ausgesprochen werden. Schlie\u00dflich wird das &#8220;G&#8221; nicht nur in einigen Dialekten Deutschlands, sondern auch in Skandinavien dann wiederum teilweise als &#8220;j&#8221; ausgesprochen, wobei ein &#8220;j&#8221; ja hier und da auch wieder ein &#8220;sch&#8221;-Laut ist. Da lob ich mir die slawischen Haken auf s, z und c f\u00fcr die Sch-Laute.<\/p>\n<p><a href='http:\/\/extra.inmontanis.info\/d\/98820-2\/DSC02463.jpg'><img src=http:\/\/extra.inmontanis.info\/d\/98819-3\/DSC02463.jpg \/><\/a><br \/>\n^ See nahe Belluno<\/p>\n<p><a href='http:\/\/extra.inmontanis.info\/d\/98824-2\/DSC02469.jpg'><img src=http:\/\/extra.inmontanis.info\/d\/98823-3\/DSC02469.jpg \/><\/a><br \/>\n^ Pieve di Cadore<\/p>\n<p><a href='http:\/\/extra.inmontanis.info\/d\/98828-2\/DSC02475.jpg'><img src=http:\/\/extra.inmontanis.info\/d\/98827-3\/DSC02475.jpg \/><\/a><br \/>\n^ Richtung Sappada<\/p>\n<p>Eigentlich h\u00e4tt ich mir in Sappada eine 4h-Karte kaufen wollen, aber mit dieser bescheuerten Parkplatzsituation (kein Parkplatz an der DSB Miravalle) und den weiten Fu\u00dfwegen dann zwischen den Liften, nahm ich nur die 3h-Karte.<\/p>\n<p>Skip\u00e4sse, \u00fcbrigens Einwegkarten in den FVG-Promotur-Gebieten, kosten anscheinend in allen Friaul\/V\/G-Gebieten gleich und sollen somit wohl auch \u00fcberall g\u00fcltig sein, also k\u00f6nnte man evtl. auch mit der Tageskarte zwischen den einzelnen Gebieten wechseln?. Da, wie gesagt, die Agudio-6EUB in Tarvisio wohl nun endg\u00fcltig stillgelegt ist, brauch ich da nicht vorbei fahren und der Rest, naja, auch nichts, was ich unbedingt nochmals br\u00e4uchte. <\/p>\n<p>Was ich mir allerdings vorstellen k\u00f6nnte, wo ich heuer vielleicht mal noch vorbei schau, w\u00e4re Sella Nevea. Aber nur wenn die Verbindung nach Slowenien geht, wenn die Lifte in Slowenien (Kanin) alle laufen, wenn die Wettervorhersage sonnig und nicht zu st\u00fcrmisch ist und wenn es nicht WE ist.<\/p>\n<p>Im Gegensatz zu Skidata bekommt man hier bei Axess keine Zusatztzeit, sondern exakt 3h.<\/p>\n<p>Wie schon der Wetterbericht gemeldet hatte, war es eisig kalt und somit die Pisten eisig hart gefroren, wobei es einen d\u00fcnnen Neuschneefilm gab.<\/p>\n<p>Ich klapperte z\u00fcgig das langweiligere Gebiet im S\u00fcden ab um dann bald zur weiter oben startenden DSB der 2 Sektionen raufzugehen.<\/p>\n<p>Was f\u00fcr ein Schei\u00df. Hatte leider ganz vergessen, wie extrem langweililg modelliert und verfangz\u00e4unt die im s\u00fcdlich gelegene Seite ist. Aber auch die n\u00f6rdliche Seite kann man seit Stillelegung des oberen Mulden-SL vergessen, bleibt ja quasi nur noch eine verfangz\u00e4unte Serpentinenabfahrt, m\u00fcllig wie in Obertilliach. Was noch nicht mal stimmt, da ich ein paar Tage sp\u00e4ter nochmals in Obertilliach war und verglichen mit der hier ist die in Obertilliach noch wesentlich sch\u00f6ner.<\/p>\n<p><a href='http:\/\/ski.inmontanis.info\/d\/314444-2\/DSC02481.jpg'><img src=http:\/\/ski.inmontanis.info\/d\/314443-3\/DSC02481.jpg \/><\/a><br \/>\n^ DSB Miravalle<\/p>\n<p><a href='http:\/\/ski.inmontanis.info\/d\/314448-2\/DSC02483.jpg'><img src=http:\/\/ski.inmontanis.info\/d\/314447-3\/DSC02483.jpg \/><\/a><br \/>\n^ DSB Pian dei Nidi<\/p>\n<p><a href='http:\/\/ski.inmontanis.info\/d\/314452-2\/DSC02485.jpg'><img src=http:\/\/ski.inmontanis.info\/d\/314451-3\/DSC02485.jpg \/><\/a><br \/>\n^ DSB Pian dei Nidi<\/p>\n<p><a href='http:\/\/ski.inmontanis.info\/d\/314456-2\/DSC02488.jpg'><img src=http:\/\/ski.inmontanis.info\/d\/314455-3\/DSC02488.jpg \/><\/a><br \/>\n^ Weioweiowei. Abfahrtsstart an der DSB Pian dei Nidi, extra breit und extra hohe Fangz\u00e4une, daf\u00fcr, dass man hier quasi schieben muss&#8230;<\/p>\n<p><a href='http:\/\/ski.inmontanis.info\/d\/314460-2\/DSC02490.jpg'><img src=http:\/\/ski.inmontanis.info\/d\/314459-3\/DSC02490.jpg \/><\/a><br \/>\n^ DSB Monte Siera mit bescheuertem Kidstop<\/p>\n<p><a href='http:\/\/ski.inmontanis.info\/d\/314464-2\/DSC02491.jpg'><img src=http:\/\/ski.inmontanis.info\/d\/314463-3\/DSC02491.jpg \/><\/a><br \/>\n^ DSB Monte Siera<\/p>\n<p><a href='http:\/\/ski.inmontanis.info\/d\/314468-2\/DSC02492.jpg'><img src=http:\/\/ski.inmontanis.info\/d\/314467-3\/DSC02492.jpg \/><\/a><br \/>\n^ DSB Monte Siera<\/p>\n<p><a href='http:\/\/ski.inmontanis.info\/d\/314472-2\/DSC02493.jpg'><img src=http:\/\/ski.inmontanis.info\/d\/314471-3\/DSC02493.jpg \/><\/a><br \/>\n^ DSB Monte Siera<\/p>\n<p><a href='http:\/\/ski.inmontanis.info\/d\/314476-2\/DSC02496_001.jpg'><img src=http:\/\/ski.inmontanis.info\/d\/314475-3\/DSC02496_001.jpg \/><\/a><br \/>\n^ SL Creta Forata, der netteste Lift in Sappada, aber leider ja viel zu kurz<\/p>\n<p><a href='http:\/\/ski.inmontanis.info\/d\/314480-2\/DSC02497.jpg'><img src=http:\/\/ski.inmontanis.info\/d\/314479-3\/DSC02497.jpg \/><\/a><br \/>\n^ Ex-SL nebendran<\/p>\n<p><a href='http:\/\/ski.inmontanis.info\/d\/314484-2\/DSC02501_001.jpg'><img src=http:\/\/ski.inmontanis.info\/d\/314483-3\/DSC02501_001.jpg \/><\/a><br \/>\n^ DSB Miravalle<\/p>\n<p><a href='http:\/\/ski.inmontanis.info\/d\/314488-2\/DSC02505.jpg'><img src=http:\/\/ski.inmontanis.info\/d\/314487-3\/DSC02505.jpg \/><\/a><br \/>\n^ DSB Miravalle, St\u00fctzen wurden neu gestrichen, leider sind auch die Rollenwippen\/batterien nicht mehr rot :(<\/p>\n<p><a href='http:\/\/ski.inmontanis.info\/d\/314492-2\/DSC02510.jpg'><img src=http:\/\/ski.inmontanis.info\/d\/314491-3\/DSC02510.jpg \/><\/a><br \/>\n^ .. gilt leider auch f\u00fcr die DSB Hochbolt. Ist die 2. Sektion und von der Bergstation der 2. Sektion kann man nicht zur Mittelstation abfahren.<\/p>\n<p><a href='http:\/\/ski.inmontanis.info\/d\/314496-2\/DSC02512.jpg'><img src=http:\/\/ski.inmontanis.info\/d\/314495-3\/DSC02512.jpg \/><\/a><br \/>\n^ Talblick von der DSB Hochbolt<\/p>\n<p><a href='http:\/\/ski.inmontanis.info\/d\/314500-2\/DSC02514.jpg'><img src=http:\/\/ski.inmontanis.info\/d\/314499-3\/DSC02514.jpg \/><\/a><br \/>\n^ Links der hintere Teil der Tal-Berg-Tal-DSB Hochbolt. Der Schneesch\u00fcssel-SL in Bildmitte, der mir bei meinem letzten Besuch so gefiel, wurde ja leider stillgelegt &#8211; daher ist hier kaum noch was los.<\/p>\n<p><a href='http:\/\/ski.inmontanis.info\/d\/314504-2\/DSC02515_001.jpg'><img src=http:\/\/ski.inmontanis.info\/d\/314503-3\/DSC02515_001.jpg \/><\/a><br \/>\n^ DSB Hochbolt<\/p>\n<p><a href='http:\/\/ski.inmontanis.info\/d\/314508-2\/DSC02516_001.jpg'><img src=http:\/\/ski.inmontanis.info\/d\/314507-3\/DSC02516_001.jpg \/><\/a><br \/>\n^ Talabfahrt DSB Hochbolt \/ Miravalle, die Fangz\u00e4une wurden seit meinem letzten Besuch nochmals erweitert und erneuert<\/p>\n<p><a href='http:\/\/ski.inmontanis.info\/d\/314512-2\/DSC02518.jpg'><img src=http:\/\/ski.inmontanis.info\/d\/314511-3\/DSC02518.jpg \/><\/a><br \/>\n^ Talabfahrt DSB Hochbolt \/ Miravalle &#8211; warum mir die Abfahrt damals noch halbwegs gefiel &#8230;<\/p>\n<p><a href='http:\/\/ski.inmontanis.info\/d\/314516-2\/DSC02521.jpg'><img src=http:\/\/ski.inmontanis.info\/d\/314515-3\/DSC02521.jpg \/><\/a><br \/>\n^ .. kann ich mir nicht mehr erkl\u00e4ren. Bescheuert, langweillig, verfangz\u00e4unt und wegen der Vereisung gef\u00e4hrlich.<\/p>\n<p><a href='http:\/\/ski.inmontanis.info\/d\/314520-2\/DSC02524.jpg'><img src=http:\/\/ski.inmontanis.info\/d\/314519-3\/DSC02524.jpg \/><\/a><br \/>\n^ .. und beim letzten Querst\u00fcck musste man auch ein St\u00fcck schieben.<\/p>\n<p><a href='http:\/\/ski.inmontanis.info\/d\/314524-2\/DSC02525_001.jpg'><img src=http:\/\/ski.inmontanis.info\/d\/314523-3\/DSC02525_001.jpg \/><\/a><br \/>\n^ Treppen unter der DSB Hochbolt<\/p>\n<p><a href='http:\/\/ski.inmontanis.info\/d\/314528-2\/DSC02526_001.jpg'><img src=http:\/\/ski.inmontanis.info\/d\/314527-3\/DSC02526_001.jpg \/><\/a><br \/>\n^ Treppen unter der DSB Hochbolt. Ob das wohl stimmt, dass diese Fu\u00dfwege unter den Sesselbahnen in Italien deshalb waren, weil der Bergstations-Liftler jeden Morgen zu Fu\u00df rauf musste, um den Lift zu inspizieren? Arme Italiener. (Hatte uns mal ein Liftler am Kronplatz erz\u00e4hlt, weil wir uns gewundert hatten, was die Wege und Fu\u00dfspuren unterm Lift sollen.)<\/p>\n<p><a href='http:\/\/ski.inmontanis.info\/d\/314532-2\/ge20230226b.jpg'><img src=http:\/\/ski.inmontanis.info\/d\/314531-3\/ge20230226b.jpg \/><\/a><br \/>\n^ GPS-Track 26.2.2023 in Rosa, vorheriger Besuch in Gelb, einige ehemalige Lifte  in Rot, wobei ja neben der DSB  Miravalle auch noch SL-Reste rumstehen, also bei weitem nicht komplett.<\/p>\n<p>Nach 2,5h hatte ich genug und res\u00fcmierte, dass ich nach Sappada nun wirklich kein drittes Mal mehr muss. W\u00e4r ich stattdessen lieber auf meine Saisonkartengebiete in Osttirol gefahren, w\u00e4r ja auch nicht mehr weit gewesen.<\/p>\n<p>&#8230; aber ich wollte noch wo vorbeifahren, und zwar in Ravascletto Zoncolan, die hatten ja eine stillgelegte Graffer-DSB mit Schalensitzen und mir wurde per E-Email vor vielen, vielen Jahren ein Sessel versprochen &#8211; aber man wusste nicht, wann man die Bahn abbauen w\u00fcrde. Mindestens einmal hatte ich da mal noch nachgefragt, dann ja auch nicht mehr. Naja, mittlerweile will ich nur noch einen Sitz und wenn der Lift noch st\u00fcnde, k\u00f6nnte man den ja dann einfacher haben?<\/p>\n<p>Viele Jahre sp\u00e4ter, als ich hier 2015 skifahren war, hing Seil und Sessel noch. Aber leider hatte man mich wohl vergessen, mittlerweile wurde Seil und Sessel abgebaut :( Nur noch St\u00fctzen stehen und an der ersten h\u00e4ngen zwei Sessel, aber zumindest der linke ohne Sitzfl\u00e4che.<\/p>\n<p>Schade. H\u00e4tte ich vielleicht noch weiter in den Appennin fahren sollen, vielleicht w\u00e4r da noch wo was gewesen. Vielleicht h\u00e4tt ich mir damit auch nicht so viel Jahre Zeit lassen sollen :( Allerdings wollte ich urspr\u00fcnglich ja einen ganzen Doppelsessel &#8230;<\/p>\n<p><a href='http:\/\/ski.inmontanis.info\/d\/314436-2\/DSC02531.jpg'><img src=http:\/\/ski.inmontanis.info\/d\/314435-3\/DSC02531.jpg \/><\/a><br \/>\n^ Ex-Graffer-DSB<\/p>\n<p><a href='http:\/\/ski.inmontanis.info\/d\/314440-2\/DSC02532.jpg'><img src=http:\/\/ski.inmontanis.info\/d\/314439-3\/DSC02532.jpg \/><\/a><br \/>\n^ Ex-Graffer-DSB<\/p>\n<p>2015:<br \/>\n<a href='http:\/\/ski.inmontanis.info\/d\/198108-3\/DSC08114.jpg'><img src=http:\/\/ski.inmontanis.info\/d\/198107-4\/DSC08114.jpg \/><\/a><\/p>\n<p><a href='http:\/\/ski.inmontanis.info\/d\/198112-3\/DSC08124.jpg'><img src=http:\/\/ski.inmontanis.info\/d\/198111-4\/DSC08124.jpg \/><\/a><\/p>\n<p>Ich fuhr noch etwas Umweg zu einem noch offenen Supermarkt. Bl\u00f6derweise muss ich da noch bis Tolmezzo runter und somit dann \u00fcbers Nassfeld nach K\u00e4rnten zu dem eigentlich morgen vorgesehenen Skigebiet &#8211; dann w\u00fcrd ich doch gleich Nassfeld fahren, wenn ich dort schon am Pass bin? Wird halt bitterkalt werden so weit oben.<\/p>\n<p>Supermarkt deshalb, damit ich nicht gar so \u00fcberst\u00fcrzt abreise wie aus Frankreich und noch ein bissl was einkaufen kann. Wobei ich nat\u00fcrlich \u00f6fters mal nach Italien r\u00fcber zum Einkaufen k\u00f6nnte, ist ja nicht so der Umweg nach Tarivisio z.B.<\/p>\n<p>Hab ich das recht in Erinnerung, dass ich heuer nur 1 oder 2 Salsiccia-Semmeln gekauft hab? Nur 1x Essen (Pizza) gegangen bin? Schon etwas schade, hatte ja eigentlich gedacht, ich w\u00fcrde in Italien mir \u00f6fters ne Pizza kaufen &#8211; aber wie schon bei der Frankreichabreise geschrieben, es ist nicht so einfach. Meist sind Pizzerien nicht ganztags offen, abends dann erst ab 18:30 oder 19 Uhr oder 19:30 Uhr ge\u00f6ffnet. Um die Uhrzeit hab ich normalerweise schon lange einen Nachtplatz und mein Auto entsprechend umgebaut, so dass ich nicht mehr gehen m\u00f6chte &#8211; und sowieso schon l\u00e4ngst gegessen, weil ohne Mittagessen ess ich dann halt zwischen 16-18 Uhr warm, weil hungrig.<\/p>\n<p>Fertiggerichtstechnisch ist Italien weiterhin ziemlich komplett zu vergessen, also maximal scheinen sie Suppen und Nudelgerichte im K\u00fchlregal zu haben &#8211; auf Suppen steh ich nicht so (Soljanka z.B. ausgenommen) und Nudel kann ich auch so einzeln machen, also Nudeln und irgendein Ragu oder Pesto dazu, da brauch ich kein Fertiggericht, das dann viel teurer ist.<\/p>\n<p>Pizzam\u00e4\u00dfig, ja, da gibts einige TK-Varianten (wenn auch doch recht eingeschr\u00e4nkt) und preislich auch OK, aber wenn man um &#8220;das doppelte Geld&#8221; eine zig mal leckerere und gr\u00f6\u00dfere Pizza (und viele andere Varianten) aus der Pizzeria bekommt &#8230; blo\u00df hat die dann wieder nicht offen ..<\/p>\n<p>Leider auch kein Skiservice mehr in Italien gemacht, w\u00e4re ja vielleicht g\u00fcnstiger als in AT gewesen.<\/p>\n<p>Ich fuhr einen nahen Parkplatz an, der dann aber irgendwie gesperrt war, jedenfalls nicht so einfach festzustellen&#8230; Die n\u00e4chste Alternative war dann auch etwas fragw\u00fcridg, aber es kam sonst nichts mehr und ich war mittleweile entschieden weit auf der falschen Richtung, wenn ich zum g\u00fcnstigen Stellplatz in K\u00e4rnten h\u00e4tte fahren wollen, also blieb ich dort.<\/p>\n","protected":false},"excerpt":{"rendered":"<p>So, 26.2.2023<\/p>\n<p>Morgens fuhr ich noch an Venedig vorbei, dann ein kurzes St\u00fcck mautpflichtige Autobahn bis in die Berge. Ich habs ja hin und wieder in meinen Berichten mit Ortsnamen, die man nicht so leicht auseinanderhalten kann. In Norditalien gibts da ja auch einige, hier ist die Schwierigkeit mit Ortsnamen, die mit T beginnen und <a href=\"http:\/\/blog.inmontanis.info\/?p=8604\">[&#8230;]<\/a><\/p>\n","protected":false},"author":1,"featured_media":8608,"comment_status":"closed","ping_status":"closed","sticky":false,"template":"","format":"standard","meta":{"footnotes":""},"categories":[15,237,27,374],"tags":[38,37,45,47],"class_list":["post-8604","post","type-post","status-publish","format-standard","has-post-thumbnail","hentry","category-italienitaly","category-sappada","category-skifahren-winterskiing-winter","category-zum-zeri","tag-dsb","tag-meer","tag-see","tag-sl","odd"],"_links":{"self":[{"href":"http:\/\/blog.inmontanis.info\/index.php?rest_route=\/wp\/v2\/posts\/8604","targetHints":{"allow":["GET"]}}],"collection":[{"href":"http:\/\/blog.inmontanis.info\/index.php?rest_route=\/wp\/v2\/posts"}],"about":[{"href":"http:\/\/blog.inmontanis.info\/index.php?rest_route=\/wp\/v2\/types\/post"}],"author":[{"embeddable":true,"href":"http:\/\/blog.inmontanis.info\/index.php?rest_route=\/wp\/v2\/users\/1"}],"replies":[{"embeddable":true,"href":"http:\/\/blog.inmontanis.info\/index.php?rest_route=%2Fwp%2Fv2%2Fcomments&post=8604"}],"version-history":[{"count":5,"href":"http:\/\/blog.inmontanis.info\/index.php?rest_route=\/wp\/v2\/posts\/8604\/revisions"}],"predecessor-version":[{"id":8614,"href":"http:\/\/blog.inmontanis.info\/index.php?rest_route=\/wp\/v2\/posts\/8604\/revisions\/8614"}],"wp:featuredmedia":[{"embeddable":true,"href":"http:\/\/blog.inmontanis.info\/index.php?rest_route=\/wp\/v2\/media\/8608"}],"wp:attachment":[{"href":"http:\/\/blog.inmontanis.info\/index.php?rest_route=%2Fwp%2Fv2%2Fmedia&parent=8604"}],"wp:term":[{"taxonomy":"category","embeddable":true,"href":"http:\/\/blog.inmontanis.info\/index.php?rest_route=%2Fwp%2Fv2%2Fcategories&post=8604"},{"taxonomy":"post_tag","embeddable":true,"href":"http:\/\/blog.inmontanis.info\/index.php?rest_route=%2Fwp%2Fv2%2Ftags&post=8604"}],"curies":[{"name":"wp","href":"https:\/\/api.w.org\/{rel}","templated":true}]}}