{"id":8594,"date":"2023-02-24T21:11:59","date_gmt":"2023-02-24T20:11:59","guid":{"rendered":"http:\/\/blog.inmontanis.info\/?p=8594"},"modified":"2023-08-04T18:29:01","modified_gmt":"2023-08-04T16:29:01","slug":"monti-sibillini-24-2-2023-italien-nervt-entschluss-zum-abbruch","status":"publish","type":"post","link":"http:\/\/blog.inmontanis.info\/?p=8594","title":{"rendered":"Monti Sibillini, 24.2.2023 &#8211; Italien nervt &#8211; Entschluss zum Abbruch"},"content":{"rendered":"<p><strong>Fr, 24.2.2023<\/strong><\/p>\n<p><a href='http:\/\/extra.inmontanis.info\/d\/98732-2\/DSC02318.jpg'><img src=http:\/\/extra.inmontanis.info\/d\/98731-3\/DSC02318.jpg \/><\/a><br \/>\n^ Auf dem Weg in die Monti Sibillini<\/p>\n<p><a href='http:\/\/extra.inmontanis.info\/d\/98736-2\/DSC02320.jpg'><img src=http:\/\/extra.inmontanis.info\/d\/98735-3\/DSC02320.jpg \/><\/a><br \/>\n^ Auf dem Weg in die Monti Sibillini, die Region ist immer noch von dem Erdbeben von 2016 gezeichnet und dem Wiederaufbau, man sieht viele Kr\u00e4ne und auch noch viele verfallene H\u00e4user<\/p>\n<p><a href='http:\/\/extra.inmontanis.info\/d\/98740-2\/DSC02322.jpg'><img src=http:\/\/extra.inmontanis.info\/d\/98739-3\/DSC02322.jpg \/><\/a><br \/>\n^ Richtung Skigebiet Bolognola<\/p>\n<p>Im Skigebiet Bolognola angekommen, einige \u00dcberraschungen:<br \/>\n.. weit weniger Schnee als erwartet und vor einer Woche noch gemeldet, wo quasi alles offen war<br \/>\n.. sehr windig<br \/>\n.. Parkgeb\u00fchren!! 2 \u20ac heute unter der Woche, 5 \u20ac am WE. Nervt dann, wenn ich ja nicht wei\u00df, ob ich einen Skipass bekomm, weil die hier wohl auch Keycards mittlerweile eingef\u00fchrt haben.<br \/>\n.. aber: kein Parkscheinautomat sichtbar. Da m\u00fcsste man sich extra eine App runterladen, also umst\u00e4ndlich ohne Ende. Da hab ich dann erst gar nicht geschaut\/gefragt, ob sie eine Keycard von mir akzeptieren, egal, also das n\u00e4chste Skigebiet auf der Boykottliste, schade, ausgerechnet das hier, eins der sch\u00f6nsten im Appennin mit sch\u00f6nem Meerblick. Wobei, wenn die Sesselbahn mal gebaut wird anstelle der SL, dann w\u00fcrds mich eh weit weniger interessieren.<\/p>\n<p>Der Oberhohn ist ja, dass sich das &#8220;easypark&#8221; nennt. &#8220;Einfach parken&#8221; w\u00e4re, wenn es einen Parkautomaten g\u00e4be, wo ich meine RFID-Kreditkarte hinhalte und das Ticket bekomm. So wie an den Autobahnmautstationen. Das Runterladen einer App, wo man vermutlich hunderte Daten eingeben muss, samt Adresse und Autokennzeichen, wohl ein Benutzerkonto mit mindestens einem Passwort anlegen muss, Kredikarte hinterlegen muss, evtl. noch mittels SMS-Tan und Verified-by-Visa-Passwort best\u00e4tigen muss, etc. etc. &#8212; was soll daran noch &#8220;easy&#8221; sein??? <\/p>\n<p>Ich hab echt langsam die Schnauze voll, noch irgendwelche ehemals geliebte oder neue Skigebiete anzufahren.<\/p>\n<p><a href='http:\/\/ski.inmontanis.info\/d\/314344-2\/DSC02326.jpg'><img src=http:\/\/ski.inmontanis.info\/d\/314343-3\/DSC02326.jpg \/><\/a><br \/>\n^ Weit weniger Schnee auf den Pisten in Bolognola als erwartet<\/p>\n<p><a href='http:\/\/ski.inmontanis.info\/d\/314348-2\/DSC02330.jpg'><img src=http:\/\/ski.inmontanis.info\/d\/314347-3\/DSC02330.jpg \/><\/a><br \/>\n^ Weit weniger Schnee auf den Pisten in Bolognola als erwartet, der 3. SL ist wg. Schneemangel wohl zu, der 2. wohl auch nur noch halb offen<\/p>\n<p>Leider sonst nix offenes heute in der Gegend, Ussita und Sarnano erst morgen wieder offen, Piselli heut ja nur bis 13h, also nicht mehr erreichbar, andere sind sowieso noch seit dem Erdbeben 2016 geschlossen&#8230;<\/p>\n<p>Terminillo w\u00e4r viellecht das n\u00e4heste in 3 Stunden, d.h. 14h w\u00e4r ich dort &#8211; bringts ja auch fast nicht.<\/p>\n<p>Soll ich jetzt noch weiter in den S\u00fcden fahren oder es einsehen, dass Italien und Frankreich mit mir nicht mehr kompatibel sind? Ob Piselli morgen \u00fcberhaupt und wenn, wie lang offen hat, ist noch nicht verlautbart. Derweil Campostella komplett bis auf weiteres geschlossen hat.<\/p>\n<p>Was noch dazu kommt, dass es ab Sonntag kalt, bew\u00f6lkt sein oder Schneefall geben wird und das geht wohl die ganze Woche so weiter und zieht sich wohl bis in den S\u00fcden runter :(<\/p>\n<p>.. und es liegt auch nicht viel Schnee da \u00fcberall, teils nur 20cm. Also lass es da regnen statt schneien oder zwischendrin, dann geht da wieder gar nix mehr.<\/p>\n<p>Ein Skigebiet in Kalabrien schreibt auf Facebook:<br \/>\n&#8220;purtroppo con le alte temperature le condizioni della neve non sono ottimali per sciare, e per garantire l incolumit\u00e0 dei nostri clienti e gli standard di sicurezza siamo costretti a chiuderla&#8221;<\/p>\n<p>Also ich sag ja, Italien ist in den letzten 3 Jahren echt nochmals bescheuerter geworden. Darf ich als Skifahrer nicht mehr selbst entscheiden, ob mir weicher Sulzschnee bei warmen Temperaturen gefallen??<\/p>\n<p>Wenn&#8217;s zu warm ist und es zu tiefe Sulzbuckel gibt, \u00fcberlasst man das nicht mal mehr den Skifahren, ob ihnen das gef\u00e4llt, sondern sie schreiben es dir vor, sie schliessen, weil es ihrer Meinung nach nicht &#8220;sicher&#8221; genug ist.<\/p>\n<p>Boah.<\/p>\n<p>Gambarie, das Skigebiet ganz unten in Kalabrien, mit Blick zum Meer und dem \u00c4tna, Erfahrungsberichte auf Facebook der letzten WE: 2 Stunden am Skiverleih und Skipasskasse angestanden und dann nochmals Warteschlange f\u00fcr den Skibus\/Pullmann, da die vordere DSB wegen eines Lifthausbrandes vor 2 Jahren geschlossen ist und man daher zu den neuen hinteren DSBen gebracht wird. Auch andere berichten von ewigen Wartezeiten, 3h bis sie auf der Piste waren  (wobei man ja eh nicht wei\u00df, ob die t\u00e4glich offen h\u00e4tten. Wenn ja, w\u00e4re das vielleicht was diese Woche f\u00fcr 2-3 Tage, da es da unten eher sonniger bleiben sollte.)<\/p>\n<p>Am \u00c4tna hat man es auch immer noch nicht gschafft, nach dem gro\u00dfen Schneefall (und eigentlich ist da ja immer entweder kein Schnee oder ein gro\u00dfer Schneefall?!) vern\u00fcnftigen Skibetrieb anzubieten, s\u00fcdseitig mit Seilbahn nix, nordseitig mit 4KSB aber nur 1 von 3 SL, jedenfalls hab ich da auch keine Lust auf den Stress mit F\u00e4hre und Fahrt durch Messina, wenn nicht beide Seiten skibar sind. Zudem solls auch dort entweder regnen oder schneien n\u00e4chste Woche und kaum Sonne sein, was mir da wegen des Meerblicks nat\u00fcrlich schon sehr wichtig w\u00e4re.<\/p>\n<p>Das Land kann man nicht mehr ernst nehmen. Also der S\u00fcden war ja sowieso schon immer schlimmer, aber &#8230; ne ich mag nicht mehr. Bye bye Italy, das war&#8217;s dann mit mir und Italien. Zum Gl\u00fcck hat mir Schweden die letzten Jahre und auch K\u00e4rnten heuer zumindest teilweise so gut gefallen, das ich ab sofort auf diesen Italien-Bullshit verzichten kann. Naja, bis auf vielleicht die Gegend um Cuneo, das hat ja heuer schon halbwegs gepasst dort. Aber in 3 Jahren wird man das wohl auch vergessen k\u00f6nnen. Es wird einfach alles \u00fcberall immer schlimmer und nerviger. Nicht nur in Italien, sondern \u00fcberall, schreib ich ja alle paar Monate.<\/p>\n<p>Alternativ zur K\u00e4rnten-Osttirol-Saisonkarte k\u00f6nnte vielleicht mal noch der Gopass sein, also M\u00f6lltaler f\u00fcr Saisonanfang\/ende und auch einige Gebiete in der Slowakei, Tschechien, Polen. Allerdings m\u00fcsste man sich f\u00fcr die Saisonkarte dann gleich im April entscheiden, da ist sie am g\u00fcnstigsten und gilt dann wohl schon im Mai (wenn l\u00e4nger offen) und ggf. Sommer am M\u00f6lltaler, aber Sommerski wirds ja evtl nicht mehr geben dort. Zumindest nicht bei den momentan gemeldeten 90cm. Da wird&#8217;s selbst mit einer Verl\u00e4ngerung bis Mitte oder Ende Mai schwierig werden.<\/p>\n<p>Jedenfalls w\u00e4r dann diese Gopass-Saisonkarte fast sinnvoller zu kaufen, wenn ich im Winter nicht in Schweden bin, weil ich dann wohl bis Ende Mai in Riksgr\u00e4nsen w\u00e4re und ggf. auch noch im Juni in den norwegischen Sommerskigebieten vorbeischauen w\u00fcrde. Wobei die ja teilweise mit ihren Mautstrassen mittlerweile eh sinnlos teuer sind, da hab ich ja auch schon keine Lust mehr drauf. Somit m\u00fcsste ich den Gopass dann in der Vorsaison &#8220;einfahren&#8221; &#8230; da kommts dann halt drauf an, wie sp\u00e4t der M\u00f6lltaler aufmacht ..<\/p>\n<p>Es scheint jedenfalls keinen Sinn f\u00fcr mich zu haben, die jetzige Schlechtwetterphase hier auszusitzen. Obwohl vielleicht ein halber Meter Schnee um Cuneo bis in einer Woche dazu kommen k\u00f6nnte, evtl. w\u00fcrde ja der Moro-ESL  fahren. Aber eben, wo soll ich das dann hier aussitzen? In Skigebieten wie Campo Felice usw.? Wenn die interssanten kleinen Gebiete dann wegen Schlechtwetter zu haben? Bzw. bei Nebel, Sturm und Schneefall auch gar keinen Spa\u00df machen?<\/p>\n<p>Also werde ich jetzt fr\u00fcher zur\u00fcck nach K\u00e4rnten fahren. Koralpe meldet alles offen (bis auf eine schwarze Abfahrt) &#8211; da will ich dort sein, bevor der Schnee weggeschmolzen ist ;)<\/p>\n<p>Wie unterschiedlich die Schneeh\u00f6henmeldungen mal wieder. Weinebene schreibt 170cm, quasi nebendran Koralpe 70cm. Anderes Ende von K\u00e4rnten, K\u00f6tschach, 30cm. H\u00e4tte ich mir vor ein paar Jahren auch nicht gedacht. Da meint man &#8220;K\u00e4rnten liegt s\u00fcdlich des Alpenhauptkamms, also hat&#8217;s in den Skigebieten in K\u00e4rnten entweder \u00fcberall sehr viel oder \u00fcberall sehr wenig.&#8221; Pustekuchen.<\/p>\n<p>Ansonsten hat sich aber seit meiner Abreise trotztdem nicht so viel ver\u00e4ndert. Klar, Ankogel hat nun fast alles statt nix offen, aber zB. in Flattnitz, Hochrindl, Embergeralm, Simonh\u00f6he sind die selben Abfahrten offen bzw. geschlossen, die Anzeige am 3l\u00e4ndereck ist immernoch falsch (Abfahrten offen, SL zu, geht nicht), auch in BKK ist noch nicht alles offen (trotz gemeldeten 35-125cm Schnee). Selbst am M\u00f6lltaler ist noch einiges zu, inkl. der SB an der Mittelstation&#8230;<\/p>\n<p>Ich blieb einige Stunden oben am Pass vom Skigebiet Sarnano-Sassotetto, quasi um die Ecke und auf der selben Bergstra0e nach Bolognola, und checkte die Lage der Nation &#8211; siehe Text oben &#8211; und wartete auch ein wenig ab, in welche Richtung ich denn fahren sollte, schlie\u00dflich scheint es noch nicht fix zu sein, ob Piselli \u00f6ffnen w\u00fcrde. Falls die noch, wie fr\u00fcher, fremde Alfi-Keycards akzeptieren, weiss man ja auch nicht. Wobei es auch sein k\u00f6nnte, dass ich eine meiner Alfi-Karten dort kaufen musste. Manche der leeren wei\u00df ich ja nicht mehr, wo di eher sind. Noch weiter in den S\u00fcden nur f\u00fcr morgen zu fahren, darauf hab ich auch keine Lust.<\/p>\n<p><a href='http:\/\/ski.inmontanis.info\/d\/314352-2\/DSC02328.jpg'><img src=http:\/\/ski.inmontanis.info\/d\/314351-3\/DSC02328.jpg \/><\/a><br \/>\n^ In Sarnano-Sassotetto (hier die rechte Seite) s\u00e4h es schneem\u00e4\u00dfig noch besser aus, die beiden hier zu sehenden SL wurden stillgelegt<\/p>\n<p>Fast etwas zu sp\u00e4t entschied ich mich, doch noch die anderen und ehemaligen Skgiebiete hier in den Monti Sibillini abklappern zu wollen, also mit etwas Umweg nach Ascoli Piceno (Piselli) zu fahrne.<\/p>\n<p><a href='http:\/\/extra.inmontanis.info\/d\/98744-2\/DSC02336.jpg'><img src=http:\/\/extra.inmontanis.info\/d\/98743-3\/DSC02336.jpg \/><\/a><br \/>\n^ Richtung Ussita-Frontignano<\/p>\n<p><a href='http:\/\/ski.inmontanis.info\/d\/314356-2\/DSC02337.jpg'><img src=http:\/\/ski.inmontanis.info\/d\/314355-3\/DSC02337.jpg \/><\/a><br \/>\n^ Blick ins Skigebiet Ussita Frontignano. Der linke Teil mit der sch\u00f6nen Rinne, dem ESL und der alten DSB und dem SL oben, ist geschlossen. Bzw. war das ja fr\u00fcher der mittlere Teil, da ja noch eine PB nach links hauf ging, wo es einen SL und eine Abfahrt retour gegeben haben soll<\/p>\n<p><a href='http:\/\/ski.inmontanis.info\/d\/314360-2\/DSC02340.jpg'><img src=http:\/\/ski.inmontanis.info\/d\/314359-3\/DSC02340.jpg \/><\/a><br \/>\n^ Weg zum ESL, steil und vermutlich eisig, daher nicht gegangen<\/p>\n<p><a href='http:\/\/extra.inmontanis.info\/d\/98748-2\/DSC02352.jpg'><img src=http:\/\/extra.inmontanis.info\/d\/98747-3\/DSC02352.jpg \/><\/a><br \/>\n^ Monti Sibillini, die Hochebene zwischen Skigebiet Monte Prata und Forca Canapine<\/p>\n<p><a href='http:\/\/ski.inmontanis.info\/d\/314364-2\/DSC02354.jpg'><img src=http:\/\/ski.inmontanis.info\/d\/314363-3\/DSC02354.jpg \/><\/a><br \/>\n^ Skigebiet Monte Prata, seit dem Erdbeben 2016 noch nicht wieder in Betrieb gegangen ..<\/p>\n<p><a href='http:\/\/ski.inmontanis.info\/d\/314368-2\/DSC02355.jpg'><img src=http:\/\/ski.inmontanis.info\/d\/314367-3\/DSC02355.jpg \/><\/a><br \/>\n^ .. zumindest w\u00fcrden die Lifte noch stehen. Die DSB war ja eh nicht lang in Betrieb<\/p>\n<p><a href='http:\/\/ski.inmontanis.info\/d\/314372-2\/DSC02357.jpg'><img src=http:\/\/ski.inmontanis.info\/d\/314371-3\/DSC02357.jpg \/><\/a><br \/>\n^ DSB-SL<\/p>\n<p>16:30 Monte Prata, immer noch keine Info wegen Piselli morgen..<\/p>\n<p><a href='http:\/\/extra.inmontanis.info\/d\/98752-2\/DSC02362.jpg'><img src=http:\/\/extra.inmontanis.info\/d\/98751-3\/DSC02362.jpg \/><\/a><br \/>\n^ Was in Skandinavien Rentiere, im UK Schafe sind, sind in Mittel- und S\u00fcditalien Hunde, die auf der Stra\u00dfe liegen<\/p>\n<p><a href='http:\/\/extra.inmontanis.info\/d\/98756-2\/DSC02366.jpg'><img src=http:\/\/extra.inmontanis.info\/d\/98755-3\/DSC02366.jpg \/><\/a><br \/>\n^ Monti Sibillini, die sch\u00f6ne und wirklich sehr flache Hochebene zwischen Skigebiet Monte Prata und Forca Canapine<\/p>\n<p><a href='http:\/\/extra.inmontanis.info\/d\/98760-2\/DSC02368.jpg'><img src=http:\/\/extra.inmontanis.info\/d\/98759-3\/DSC02368.jpg \/><\/a><br \/>\n^ Rechts geht die Stra\u00dfe zu Forca Canapine, links direkter zu Ascoli Piceno; das war die Stra\u00dfe, die ich mal im Schneesturm fahren musste und einen liegengebliebenen Italiener mitnehmen musste<\/p>\n<p><a href='http:\/\/extra.inmontanis.info\/d\/98764-2\/DSC02369.jpg'><img src=http:\/\/extra.inmontanis.info\/d\/98763-3\/DSC02369.jpg \/><\/a><br \/>\n^ Stra\u00dfe durch die Hochebene, wirkt sehr skandinavisch hier<\/p>\n<p><a href='http:\/\/extra.inmontanis.info\/d\/98768-2\/DSC02370.jpg'><img src=http:\/\/extra.inmontanis.info\/d\/98767-3\/DSC02370.jpg \/><\/a><br \/>\n^ Vielleicht die l\u00e4ngste gerade Stra\u00dfe im Appennin &#8211; italientypisch darf man hier wohl wie schnell fahren?<\/p>\n<p>Aufl\u00f6sung: Nur 50 km\/h!<\/p>\n<p><a href='http:\/\/extra.inmontanis.info\/d\/98772-2\/DSC02371.jpg'><img src=http:\/\/extra.inmontanis.info\/d\/98771-3\/DSC02371.jpg \/><\/a><br \/>\n^ links hinauf dann zu Forca Canapine<\/p>\n<p><a href='http:\/\/extra.inmontanis.info\/d\/98776-2\/DSC02373.jpg'><img src=http:\/\/extra.inmontanis.info\/d\/98775-3\/DSC02373.jpg \/><\/a><br \/>\n^ Hochebene Blick retour<\/p>\n<p><a href='http:\/\/ski.inmontanis.info\/d\/314376-2\/DSC02378.jpg'><img src=http:\/\/ski.inmontanis.info\/d\/314375-3\/DSC02378.jpg \/><\/a><br \/>\n^ Einer der Lifte im Skigebiet Forca Canapine, auch die wollen seit dem Erdbeben 2016 nicht mehr offen haben, aber es war ja auch schon zuvor ein Gro\u00dfteil des Skigebiets geschlossen<\/p>\n<p><a href='http:\/\/extra.inmontanis.info\/d\/98780-2\/DSC02380.jpg'><img src=http:\/\/extra.inmontanis.info\/d\/98779-3\/DSC02380.jpg \/><\/a><br \/>\n^ Landschaft im Bereich Forca Canapine<\/p>\n<p><a href='http:\/\/extra.inmontanis.info\/d\/98784-2\/DSC02382.jpg'><img src=http:\/\/extra.inmontanis.info\/d\/98783-3\/DSC02382.jpg \/><\/a><br \/>\n^ Eingest\u00fcrzt<\/p>\n<p><a href='http:\/\/extra.inmontanis.info\/d\/98788-2\/DSC02386.jpg'><img src=http:\/\/extra.inmontanis.info\/d\/98787-3\/DSC02386.jpg \/><\/a><br \/>\n^ Pano talw\u00e4rts<\/p>\n<p><a href='http:\/\/ski.inmontanis.info\/d\/314380-2\/DSC02389.jpg'><img src=http:\/\/ski.inmontanis.info\/d\/314379-3\/DSC02389.jpg \/><\/a><br \/>\n^ Abgelegener SL evtl. von einem eigenen Rifugio<\/p>\n<p><a href='http:\/\/extra.inmontanis.info\/d\/98792-2\/DSC02393.jpg'><img src=http:\/\/extra.inmontanis.info\/d\/98791-3\/DSC02393.jpg \/><\/a><br \/>\n^ Bl\u00f6derweise war die Ostseite der Forca Canapine &#8211; Passstra\u00dfe gesperrt :( Musste daher umwegm\u00e4\u00dfig die Westrampe runter und die Tunnelstrecke untendurch nehmen. Oder wieder auf die Hochebene im Norden<\/p>\n<p>Wenigstens konnte ich all die heute &#8220;besuchten&#8221; Skigebiete vor einigen Jahren mal im Betrieb fahren, teils auch mehrmals, umso bedauerlicher, was da alles verloren ging. Bolognola, Sarnano, Ussita, Monte Prata, Forca Canapine. Die alten Berichte sind vermutlich online.<\/p>\n<p>Dann war also auch noch die Stra\u00dfe ab Forca Canapine gesperrt, entschied mich f\u00fcr die neuere Tunnelstra\u00dfe darunter, weil etwas k\u00fcrzer und schneller als die Passstra\u00dfe oben dr\u00fcber, die ich nicht wieder teilweise retour fahren wollte. W\u00e4r aber vielleicht sinnvoller gewesen, da 2 Baustellen mit Ampel. Bei einer Gl\u00fcck gehabt und gleich durchfahren k\u00f6nnen, die zweite und l\u00e4ngere Baustelle knapp verpasst, gerade rot geworden und lange Warten m\u00fcssen.<\/p>\n<p>Sp\u00e4ter noch eine dritte und vierte und f\u00fcnfte Baustelle mit Ampel&#8230; h\u00e4tte auf diesen heutigen Ausflug nach Ussita\/Prata\/Canapine verzichten sollen.<\/p>\n<p>An der vierten war nach ein paar Autos wieder rot, sind nat\u00fcrlich noch etliche, auch einer hinter mir mich also \u00fcberholend, durch gefahren &#8211; da war sie schon einige Sekunden auf Rot. Das Land kotzt mich an. Ich hasse Italien f\u00fcr seine teilweise schwachsinnig niedrigen Tempolimits (quasi alle Baustellen 40 km\/h, auch auf Autobahnen) und ich hasse die italienischen Autofahrer daf\u00fcr, dass sie sich so gar nicht daran halten (mit 55-60 km\/h bin ich in besagten Autobahnbaustellen der mit Abstand langsamste und es gibt eine lange Schlange hinter mir). In etlchen Tunnels darf man nur 50 fahren &#8230;<\/p>\n<p><a href='http:\/\/extra.inmontanis.info\/d\/98796-2\/DSC02397.jpg'><img src=http:\/\/extra.inmontanis.info\/d\/98795-3\/DSC02397.jpg \/><\/a><br \/>\n^ Tunnelrenovierung<\/p>\n<p>Mangels sinnvollerer \u00dcbernachtungsalternativen und weil es immer noch keine Meldung vom Skigebiet gab, fuhr ich halt weiter rauf in Richtung Skigebiet Monte Piselli und nahm einen Nachtplatz kurz vorm Skigebiet. Auch um 19:30 Uhr noch keine Meldung, obwohl es vor 10 Stunden hie\u00df, dass &#8220;bald&#8221; ein Update wegen morgen k\u00e4me. Wenig sp\u00e4ter war ich dann am Parkplatz, wo ich n\u00e4chtigen wollte. Eher bescheuerter Platz, weil fast \u00fcberall stark abfallend.<\/p>\n<p>Lt. Handy gab&#8217;s eigentlich guten 4G-Empfang abends, aber das Netz schien stark verstopft zu sein, genau wie meine Nase. <\/p>\n<p>Abends ging ich nochmals die Optionen und Wetterberichte durch, ob ich nicht doch noch im Appennin bleiben k\u00f6nnte&#8230; Was selbst ohne Bilder qu\u00e4lend langsam war, um 22:30 ging fast gar nix mehr. Trotz fast vollem 4G-Empfang. <\/p>\n<p>Sarnano Sassotetto, das heute beim Vorbeifahren ja gar nicht so schlecht aussah, vermeldete abends, dass morgen nur ein einziger SL (+2 F\u00f6rderb\u00e4nder) offen w\u00e4re, keine der beiden Sesselbahnen. <\/p>\n<p>Boah, das Land kotzt mich nur noch an. Ein anderes kleines Skigebiet im Appennin vermeldet, dass man noch viel, \u00fcber 1m Schnee h\u00e4tte (und evtl. kommt ab Sonntag und die n\u00e4chsten Tage 30-50cm dazu). Aber am Freitag (heute) und morgen Samstag mache man nur das Skischulf\u00f6rderband auf, nicht den langen SL. Erst wieder am Sonntag, weil da kehre die K\u00e4lte zur\u00fcck. <\/p>\n<p>Wie nicht anders zu erwarten, macht nat\u00fcrlich Monte Catria doch nicht auf am WE wegen des gemeldeten Schlechtwetters. Hab ichs nicht gesagt? Bei Sch\u00f6nwetter wollte man ja nicht \u00f6ffnen diese Woche weil &#8220;Temperaturen zu hoch&#8221; &#8230;<\/p>\n<p>Ich halt das nicht mehr aus hier. Ich kapiers nicht. Die Italiener waren doch eigentlich mal Fr\u00fchjahrs- und Sommerskifans?! Das war&#8217;s. Fick dich Frankreich, fick dich Italien und sowieso fick dich USA und fick dich (neue) Welt gleich mit dazu. <\/p>\n<p>Gegen 22 Uhr gab&#8217;s dann auch endlich eine Info vom Monte Piselli: auch morgen nur von 8:30-13:00 offen wegen &#8220;zu hoher Temperaturen&#8221;. Halbtageskarte morgens gibts bis 12:30. Ok, man k\u00f6nnte das F\u00f6rderband unten im Tal in San Giacomo noch fahren, das ist wie die Tage zuvor bis 1630 offen. <\/p>\n<p>Naja, dann fahr ich ab Mittag eben zur\u00fcck nach Norden, m\u00f6glichst mautfrei, hab ja dann Zeit. Evtl. noch der eine oder andere Tag in der italienischen Nordalpen, Lombardei? Wobei am Maniva sonntags ja immer die H\u00f6lle los ist, das brauch ich eigentlich auch nicht. Appennin f\u00e4llt aber wetterm\u00e4\u00dfig aus am Sonntag und schneem\u00e4\u00dfig ja momentan sowieso.<\/p>\n<p>Appennin muss man einfach spontan fahren, wenn es gerade mal wieder 2m geschneit hat und 2 Wochen sp\u00e4ter dann eine l\u00e4ngere sonnige Phase ist. So war es fr\u00fcher. Heutzutage kann man dann trotzdem Pech haben, weil die Skigebiete ab +10\u00b0 anscheinend auch nicht mehr aufsperren wollen.<\/p>\n<p>Habe fertig.<\/p>\n","protected":false},"excerpt":{"rendered":"<p>Fr, 24.2.2023<\/p>\n<p> ^ Auf dem Weg in die Monti Sibillini<\/p>\n<p> ^ Auf dem Weg in die Monti Sibillini, die Region ist immer noch von dem Erdbeben von 2016 gezeichnet und dem Wiederaufbau, man sieht viele Kr\u00e4ne und auch noch viele verfallene H\u00e4user<\/p>\n<p> ^ Richtung Skigebiet Bolognola<\/p>\n<p>Im Skigebiet Bolognola angekommen, einige \u00dcberraschungen: <a href=\"http:\/\/blog.inmontanis.info\/?p=8594\">[&#8230;]<\/a><\/p>\n","protected":false},"author":1,"featured_media":8596,"comment_status":"closed","ping_status":"closed","sticky":false,"template":"","format":"standard","meta":{"footnotes":""},"categories":[523,486,483,15,449,400],"tags":[38,47],"class_list":["post-8594","post","type-post","status-publish","format-standard","has-post-thumbnail","hentry","category-bolognola","category-forca-canapine","category-frontignano","category-italienitaly","category-monte-prata","category-sarnano-sassotetto","tag-dsb","tag-sl","odd"],"_links":{"self":[{"href":"http:\/\/blog.inmontanis.info\/index.php?rest_route=\/wp\/v2\/posts\/8594","targetHints":{"allow":["GET"]}}],"collection":[{"href":"http:\/\/blog.inmontanis.info\/index.php?rest_route=\/wp\/v2\/posts"}],"about":[{"href":"http:\/\/blog.inmontanis.info\/index.php?rest_route=\/wp\/v2\/types\/post"}],"author":[{"embeddable":true,"href":"http:\/\/blog.inmontanis.info\/index.php?rest_route=\/wp\/v2\/users\/1"}],"replies":[{"embeddable":true,"href":"http:\/\/blog.inmontanis.info\/index.php?rest_route=%2Fwp%2Fv2%2Fcomments&post=8594"}],"version-history":[{"count":2,"href":"http:\/\/blog.inmontanis.info\/index.php?rest_route=\/wp\/v2\/posts\/8594\/revisions"}],"predecessor-version":[{"id":8597,"href":"http:\/\/blog.inmontanis.info\/index.php?rest_route=\/wp\/v2\/posts\/8594\/revisions\/8597"}],"wp:featuredmedia":[{"embeddable":true,"href":"http:\/\/blog.inmontanis.info\/index.php?rest_route=\/wp\/v2\/media\/8596"}],"wp:attachment":[{"href":"http:\/\/blog.inmontanis.info\/index.php?rest_route=%2Fwp%2Fv2%2Fmedia&parent=8594"}],"wp:term":[{"taxonomy":"category","embeddable":true,"href":"http:\/\/blog.inmontanis.info\/index.php?rest_route=%2Fwp%2Fv2%2Fcategories&post=8594"},{"taxonomy":"post_tag","embeddable":true,"href":"http:\/\/blog.inmontanis.info\/index.php?rest_route=%2Fwp%2Fv2%2Ftags&post=8594"}],"curies":[{"name":"wp","href":"https:\/\/api.w.org\/{rel}","templated":true}]}}