{"id":8585,"date":"2023-02-23T20:51:21","date_gmt":"2023-02-23T19:51:21","guid":{"rendered":"http:\/\/blog.inmontanis.info\/?p=8585"},"modified":"2023-02-27T21:20:15","modified_gmt":"2023-02-27T20:20:15","slug":"doganaccia-23-2-2023-toskana","status":"publish","type":"post","link":"http:\/\/blog.inmontanis.info\/?p=8585","title":{"rendered":"Doganaccia, 23.2.2023 (Toskana)"},"content":{"rendered":"<p><strong>Do, 23.2.2023<\/strong><\/p>\n<p>Ich fuhr wie letztes Mal hinauf bis nach Doganaccia zur SL-Talstation, da der Skipass mit Seilbahn aus Cutigliano ja teurer ist und zumindest zuletzt auch Parkgeb\u00fchren verlangt wurden. Daf\u00fcr muss man halt ca. eine halbe Stunde auf schlechter Stra\u00dfe rauffahren.<\/p>\n<p>Obwohl nach meinem Erstbesuch hier der \u00dcbungs-SL mit einem SL von CCM ersetzt oder wieder aufgebaut wurde, steht hier mittlerweile eine (vmtl. gebrauchte) 3SB.<\/p>\n<p>Bei meinem Erstbesuch waren hier noch die gr\u00fcnen Skidata-Leser, danach hatten sie Axess, die neutrale Keycrd hab ich ja nach wie vor, obwohl sie auf Kaution war, aber weil mein Auto zu weit weg stand und die neutrale vielleicht in anderen Gebieten eher akzeptiert werden w\u00fcrde, hatte ich sie damals behalten.<\/p>\n<p>Als ich die Skier angezogen und vom Parkplatz zur Piste aufgestiegen bin, zwei \u00dcberraschungen:<\/p>\n<p>1. der Haupt-SL Faggio di Maria wurde mit einem neuen SL ersetzt. Wie sich sp\u00e4ter herausstellte, wurde da evtl. ein Teil vom alten &#8220;neuen&#8221; \u00dcbungs-SL wiederverwendet, die CCM-Talstation schaut mal gleich aus, die Tellergeh\u00e4nge sind unterschiedlich verblichen. Sch\u00f6n: braune St\u00fctzen! Das gibt einen extra Punkt, weil selten.<\/p>\n<p>2. viel schlimmer: er ist wegen Schneemangel nur zur bis zum Zwischenausstieg offen<\/p>\n<p>Soll ich dann hier einen Skipass kaufen? Noch dazu eine Tageskarte um 21,- oder soll ich auf die HTK warten, die 16 kostet, aber unbekannt ist, wann die gilt? Toilette gitbs ja auch nirgends.<\/p>\n<p>Mangels besserer Alternativen nahm ich halt doch die Tageskarte und wollte dann fr\u00fcher aufh\u00f6ren, weil ja noch l\u00e4ngere Fahrt vor mir. Wenn ich heut Abend noch was les, dass Monte Falco morgen offen hat, fahr ich dort und dann Samstag Monte Catria, ansonsten fahr ich morgen gleich weiter s\u00fcdlich, Sarnano und Samstag Bolognola. Gesetz ich krieg einen Skipass ohne eigener Keycard.<\/p>\n<p>Meine hier also 2015 gekaufte Axess-Keycard wurde akzeptiert, aber wurde ersetzt mit einer neuen, neutralen Axess-Keycard. Teils praktisch, weil ich den Code nun wieder lesen kann, teils unpraktisch, weil die alte ggf. in einigen Skipassgebieten gespeichert ist und die alte auch mehr nach einer neutralen Karte ausschaut als die neue.<\/p>\n<p>Was ich auch dabei hab heuer: meine Skistar-Axess-Karte von 2011 &#8211; hatte ich die letzten Jahre nie dabei, warum auch immer. Damals hatte ich noch keine Axess-Karte, weshalb ich die ja kaufen musste.<\/p>\n<p>Schnee war sch\u00f6n firnig-sulzig und insbesondere an den wenig befahrenen SL-Abfahrten toll zu fahren.<\/p>\n<p>Bei einer 3SB-Fahrt sprach mich ein Skischullehrer an, sprachen dann englisch, er f\u00e4hrt hier 70-100 Tage, aber ihm wirds nicht langweilig, war aber vor ein paar Tagen in Abetone, aber da ist es ihm zu voll und zu industriell. Schau an, es gibt noch mehr, die so denken. Wobei ich vergessen hab, ihn auf die Fangz\u00e4une hier hinzuweisen. Ich sagte ihm dann, dass ich jetzt dann s\u00fcdlich fahr, Abruzzen, aber nicht nach Roccaraso, zu teuer, zu voll, zu industriell ;)<\/p>\n<p>Der Sessellift quasi leer, aber eine lange Schlange unten? Weil sich die Anf\u00e4nger so derma\u00dfen anstellen, unglaublich. Hinterm Drehkreuz wird diskutiert, wer mit wem f\u00e4hrt und dann kommen sie so langsam vorw\u00e4rts, dass sie  vom Liftler oder Skischullehrer angeschrien werden m\u00fcssen, dass sie doch endlich weitergehen<\/p>\n<p>Sp\u00e4ter nochmals erlebt, das ist ja noch viel schlimmer. 20 &#8211; 50 Kids in einer Gruppe, Zombiekids wie in K\u00e4rnten auf der Simonh\u00f6he vor ein paar Wochen. Damals hatte ich ja berichtet, dass kleine Kinder vom Skischullehrer zum Lifteinstieg getragen werden, weil sie nicht von selbst gehen.<\/p>\n<p>Hier sinds aber Jugendliche, eher 10-14 Jahre alt und h\u00f6ren sich auch nicht nach Behinderte an. Selbst mit dem &#8220;Vai, Vai&#8221; der Lehrerin gehen sie nicht weiter, der B\u00fcgel wird nicht geschlossen, wenns der Liftler nicht machen w\u00fcrde, genauer gesagt wird der B\u00fcgel genau so gelassen, wie es vom Liftler im Schwung geschlossen wird, mal sind die Fu\u00dfraster unten, mal irgendwo vor ihnen, die F\u00fc\u00dfe werden nicht aufs Fu\u00dfraster gestellt.<\/p>\n<p>Auch oben muss der Liftler die Leute dazu bewegen, den B\u00fcgel zu \u00f6ffnen oder es selbst machen, teilweise muss er sie vom Lift zerren, von den umfahrenden Sesseln wegschubsen etc. etc. <\/p>\n<p>Unglaublich, ich war echt komplett sprachlos. Solche passiven Skisch\u00fcler hab ich noch nie gesehen. Wie muss man sich die Kids in der Schule vorstellen? Dass der Lehrer ihnen die Seiten im Buch umbl\u00e4ttert? <\/p>\n<p>Ich bin bis 15:15 geblieben, h\u00e4tte es aber bis zum Schluss ausgehalten, die 5 Abfahrten sind auch ohne das obere St\u00fcck sch\u00f6n abwechslungsreich und der Schnee war eh sch\u00f6n heute.<\/p>\n<p><a href='http:\/\/ski.inmontanis.info\/d\/314260-2\/DSC02280.jpg'><img src=http:\/\/ski.inmontanis.info\/d\/314259-3\/DSC02280.jpg \/><\/a><br \/>\n^ SL Faggio di Maria, leider wg. Schmeemangel heut nur bis Zwischenausstieg offen<\/p>\n<p><a href='http:\/\/ski.inmontanis.info\/d\/314264-2\/DSC02281.jpg'><img src=http:\/\/ski.inmontanis.info\/d\/314263-3\/DSC02281.jpg \/><\/a><br \/>\n^ Neue bzw. gebrauchte 3SB Campo Scuola<\/p>\n<p><a href='http:\/\/ski.inmontanis.info\/d\/314268-2\/DSC02282.jpg'><img src=http:\/\/ski.inmontanis.info\/d\/314267-3\/DSC02282.jpg \/><\/a><br \/>\n^ Pistenplan mit 3SB und auch schon mit der PB Sektion 2, die ja noch nicht wieder aufgebaut wurde<\/p>\n<p><a href='http:\/\/ski.inmontanis.info\/d\/314272-2\/DSC02283.jpg'><img src=http:\/\/ski.inmontanis.info\/d\/314271-3\/DSC02283.jpg \/><\/a><br \/>\n^ 3SB Talstation<\/p>\n<p><a href='http:\/\/ski.inmontanis.info\/d\/314276-2\/DSC02285.jpg'><img src=http:\/\/ski.inmontanis.info\/d\/314275-3\/DSC02285.jpg \/><\/a><br \/>\n^ Die alte SL-Trasse wurde teilweise zur Piste umfunktioniert<\/p>\n<p><a href='http:\/\/ski.inmontanis.info\/d\/314280-2\/DSC02287.jpg'><img src=http:\/\/ski.inmontanis.info\/d\/314279-3\/DSC02287.jpg \/><\/a><br \/>\n^ 3SB und viele Fangz\u00e4une<\/p>\n<p><a href='http:\/\/ski.inmontanis.info\/d\/314284-2\/DSC02288.jpg'><img src=http:\/\/ski.inmontanis.info\/d\/314283-3\/DSC02288.jpg \/><\/a><br \/>\n^ Abfahrt zwischen 3SB und SL, noch unverfangz\u00e4unt<\/p>\n<p><a href='http:\/\/ski.inmontanis.info\/d\/314288-2\/DSC02291.jpg'><img src=http:\/\/ski.inmontanis.info\/d\/314287-3\/DSC02291.jpg \/><\/a><br \/>\n^ SL Faggio di Maria, neu gebaut, evtl. aber teilweise vom ehemals neuen Campo Scuola-SL verl\u00e4ngert.<\/p>\n<p>Hier alte Bilder vom Campo-Scuola-SL vor der 3SB:<\/p>\n<p>27.2.2007:<br \/>\n<a href='http:\/\/ski.inmontanis.info\/d\/34749-2\/P1140731.jpg'><img src=http:\/\/ski.inmontanis.info\/d\/34749-2\/P1140731.jpg \/><\/a><br \/>\n^ Doppel-SL von Zemella. Eine Stunde sp\u00e4ter musste ich hier 10min warten, weil so viel Anf\u00e4nger da waren, die nicht Lift fahren konnten. Ufz!<\/p>\n<p>(.. da hat sich nicht viel ge\u00e4ndert, nur dass die Kids jetzt nicht 3SB fahren k\u00f6nnen ..)<\/p>\n<p>17.2.2015:<br \/>\n<a href='http:\/\/ski.inmontanis.info\/d\/192612-3\/DSC01446.jpg'><img src=http:\/\/ski.inmontanis.info\/d\/192611-4\/DSC01446.jpg \/><\/a><br \/>\n^ Neuer SL Campo Scuola und die Reste des ehemaligen SL (Zemella) links<\/p>\n<p>17.2.2015:<br \/>\n<a href='http:\/\/ski.inmontanis.info\/d\/192716-3\/DSC01524.jpg'><img src=http:\/\/ski.inmontanis.info\/d\/192715-4\/DSC01524.jpg \/><\/a><br \/>\n^ SL Campo Scuola, zeitweise enorme Wartezeiten, weil zu viel Anf\u00e4nger, die nicht Lift fahren k\u00f6nnen.<\/p>\n<p>(.. da hat sich nicht viel ge\u00e4ndert, nur dass die Kids jetzt nicht 3SB fahren k\u00f6nnen ..)<\/p>\n<p>17.2.2015:<br \/>\n<a href='http:\/\/ski.inmontanis.info\/d\/192628-3\/DSC01453.jpg'><img src=http:\/\/ski.inmontanis.info\/d\/192627-4\/DSC01453.jpg \/><\/a><br \/>\n^ SL Faggio di Maria<\/p>\n<p>17.2.2015:<br \/>\n<a href='http:\/\/ski.inmontanis.info\/d\/192692-3\/DSC00983.jpg'><img src=http:\/\/ski.inmontanis.info\/d\/192691-4\/DSC00983.jpg \/><\/a><br \/>\n^ SL Faggio di Maria und Meer-Pano (IR)<\/p>\n<p>\u00dcbrigens, zur Erinnerung, soll&#8217;s hier die erste Mattenskipiste Italiens gegeben haben<br \/>\n<a href='http:\/\/ski.inmontanis.info\/d\/192648-3\/DSC01480.jpg'><img src=http:\/\/ski.inmontanis.info\/d\/192647-4\/DSC01480.jpg \/><\/a><\/p>\n<p>&#8211;<\/p>\n<p><a href='http:\/\/ski.inmontanis.info\/d\/314292-2\/DSC02293.jpg'><img src=http:\/\/ski.inmontanis.info\/d\/314291-3\/DSC02293.jpg \/><\/a><br \/>\n^ SL Faggio di Maria mit braunen St\u00fctzen auch mal sch\u00f6n<\/p>\n<p><a href='http:\/\/ski.inmontanis.info\/d\/314296-2\/DSC02294.jpg'><img src=http:\/\/ski.inmontanis.info\/d\/314295-3\/DSC02294.jpg \/><\/a><br \/>\n^ Abfahrt links SL Faggio di Maria, viele Fangz\u00e4une<\/p>\n<p><a href='http:\/\/ski.inmontanis.info\/d\/314300-2\/DSC02296.jpg'><img src=http:\/\/ski.inmontanis.info\/d\/314299-3\/DSC02296.jpg \/><\/a><br \/>\n^ SL Faggio di Maria oberer Bereich geschlossen und zu wenig Schnee<\/p>\n<p><a href='http:\/\/ski.inmontanis.info\/d\/314304-2\/DSC02298.jpg'><img src=http:\/\/ski.inmontanis.info\/d\/314303-3\/DSC02298.jpg \/><\/a><br \/>\n^ 3SB von der Bergstation<\/p>\n<p><a href='http:\/\/ski.inmontanis.info\/d\/314308-2\/DSC02299.jpg'><img src=http:\/\/ski.inmontanis.info\/d\/314307-3\/DSC02299.jpg \/><\/a><br \/>\n^ SL Faggio di Maria vom Zwischenausstieg Skiweg nach rechts zu den beiden Abfahrten<\/p>\n<p><a href='http:\/\/ski.inmontanis.info\/d\/314312-2\/DSC02301.jpg'><img src=http:\/\/ski.inmontanis.info\/d\/314311-3\/DSC02301.jpg \/><\/a><br \/>\n^ Pistenplan und \u00d6ffnungsanzeige<\/p>\n<p><a href='http:\/\/ski.inmontanis.info\/d\/314316-2\/DSC02302.jpg'><img src=http:\/\/ski.inmontanis.info\/d\/314315-3\/DSC02302.jpg \/><\/a><br \/>\n^ PB-Bergstation bzw. Mittelstation, wobei im Haus ein Hotel, Restaurant usw. ist (und renoviert wurde) &#8211; keine Ahnung, wo dann die 2. Sektion losgehen soll<\/p>\n<p><a href='http:\/\/ski.inmontanis.info\/d\/314320-2\/DSC02304.jpg'><img src=http:\/\/ski.inmontanis.info\/d\/314319-3\/DSC02304.jpg \/><\/a><br \/>\n^ SL Faggio di Maria rechte Abfahrt, viele Fangz\u00e4une<\/p>\n<p><a href='http:\/\/ski.inmontanis.info\/d\/314324-2\/DSC02305.jpg'><img src=http:\/\/ski.inmontanis.info\/d\/314323-3\/DSC02305.jpg \/><\/a><br \/>\n^ Zoom Skigebiet Abetone mit 4KSB Regine<\/p>\n<p><a href='http:\/\/ski.inmontanis.info\/d\/314328-2\/DSC02308.jpg'><img src=http:\/\/ski.inmontanis.info\/d\/314327-3\/DSC02308.jpg \/><\/a><br \/>\n^ 3SB und eine der gro\u00dfen Gruppen<\/p>\n<p><a href='http:\/\/ski.inmontanis.info\/d\/314332-2\/DSC02310.jpg'><img src=http:\/\/ski.inmontanis.info\/d\/314331-3\/DSC02310.jpg \/><\/a><br \/>\n^ 3SB Bergstation und eine der gro\u00dfen Gruppen mit den Zombie-Kids<\/p>\n<p><a href='http:\/\/ski.inmontanis.info\/d\/314336-3\/ge20230223c.jpg'><img src=http:\/\/ski.inmontanis.info\/d\/314335-4\/ge20230223c.jpg \/><\/a><br \/>\n^ GPS-Track 23.2.2023 in Blau, vorherige Besuche in Gelb, Ex-PB Sektion 2 in Rot<\/p>\n<p><a href='http:\/\/ski.inmontanis.info\/d\/314340-3\/ge20230223a.jpg'><img src=http:\/\/ski.inmontanis.info\/d\/314339-4\/ge20230223a.jpg \/><\/a><br \/>\n^ GPS-Track mit PB Sektion 1 und alternativer Stra\u00dfe<\/p>\n<p>&#8211;<\/p>\n<p><a href='http:\/\/extra.inmontanis.info\/d\/98724-3\/DSC02198.jpg'><img src=http:\/\/extra.inmontanis.info\/d\/98723-4\/DSC02198.jpg \/><\/a><br \/>\n^ Naja, daf\u00fcr war&#8217;s ja g\u00fcnstig, hoffentlich haben sie keine Schraube beim Kupplungszug vergessen ;)<\/p>\n<p><a href='http:\/\/extra.inmontanis.info\/d\/98728-3\/DSC02313.jpg'><img src=http:\/\/extra.inmontanis.info\/d\/98727-4\/DSC02313.jpg \/><\/a><br \/>\n^ <\/p>\n<p>Nicht nur am Monte Catria hat man diese Woche zu, auch in Sarnano Sasotetto wegen welchem Wetterpoblem auch immer, da h\u00e4tte ich ja morgen hinfahren wollen, wenn sonst nix fr\u00fcher auf dem Weg geht. Italien nervt.  Wetter heute etwas Regen, aber morgen? Nachts unter 0\u00b0, mittags +7\u00b0, 20 km\/h Wind &#8211; lt. Wettervorhersage, was soll das mit der Liftschlie\u00dfung??<\/p>\n<p>Das dort nahe Bolognola hatte die Woche offen, hoffentlich auch morgen.<\/p>\n<p>Auch der nahe Monte Piselli s\u00fcdlicher dreht am selben Rad und hat wegen den &#8220;hohen Temperaturen&#8221; nur bis 13 Uhr momentan offen&#8230;<\/p>\n<p>.. ich glaub, ich werd n\u00e4chsten Winter wieder Skandinavien fahren. Ja, da haben die Skigebiete bei unter -20\u00b0 auch mal wegen K\u00e4lte zu, aber was n\u00fctzen einem die sch\u00f6nen warmen Temperaturen in Italien, wenn die Skigebiete jetzt bei +10\u00b0 nicht mehr offen haben?!<\/p>\n<p>.. und \u00fcbernachstes Jahr wieder K\u00e4rnten Saisonkarte mit 1-2 Monaten durch S\u00fcdosteuropa. Das wird ja vermutlich ebenso nervig werden wie Italien, also l\u00e4nger werd ichs da auch nicht aushalten.<\/p>\n<p>Ab Sonntag wird das Wetter in der Gegend jedenfalls zu vergessen sein.<\/p>\n<p>Vor Florenz soll ein KFC sein, den wollte ich mal anfahren. Der ist in einem RIESIGEN Einkaufszentrum. \u00dcbrigens gerade mal 15\u00b0 auf der Fahrt gehabt.<\/p>\n<p>Im Einkaufszentrum noch im Mediamarkt kurz wg. einem USB-C-HDMI-Kabel geschaut. 35 \u20ac, teuer, naja, wenns geht&#8230;&#8230; aber ausprobieren sollte man es dann wenigstens vorher. Mein altes Kabel hatte zuletzt laufend Wackelkontakte, so dass ich das Kabel mehrmals ein- und ausstecken musste, bis es hoffentlich irgendwann das Bild am Projektor angezeigt wurde. Hatte es daher entsorgt.<\/p>\n<p>Hier laufen auch noch etliche mit Maske\/MNS rum, teils Mitarbeiter, teils Kunden. Ich bat also einen Verk\u00e4ufer, dass wir das testen k\u00f6nnen &#8211; hat leider nicht funktioniert. Ein Bild wurde zwar angezeigt, aber es war komplett verschoben, also aufl\u00f6sungstechnisch irgendwie nicht ganz gepasst. An 2 Fernsehern nicht. Er redete dann auch noch laufend was von Displayport (keine Ahnung warum, will ich nicht, hab ich nicht) und wollte mir noch einen Chromecast andrehen &#8211; bringt mir hier auch nix.<\/p>\n<p>Ich h\u00e4tte ja noch eine USB-C-Dockingstation\/HUB mit HDMI dabei, aber leider kein HDMI-Kabel mitgenommen, aber da w\u00fcrd ich mir zum Testen maximal ein g\u00fcnstiges kaufen &#8211; oder bis daheim warten.<\/p>\n<p>Beim KFC entschied ich mich aus Preisgr\u00fcnden f\u00fcr eine Snackbox mit Pommes + 2 Hotwings um 2,- \u20ac plus 2 H\u00e4hnchenteile um 5,40 \u20ac.<\/p>\n<p>Danach war&#8217;s dunkel und ich wollte ja eigentlich noch ein paar Stunden fahren. Um 22:20 kam ich dann endlich an meinem Schlafplatz an, Batterie wieder voll, PC nicht mehr aufgebaut, morgen noch 0,5-1h ins Skigebiet. Boah, die Fahrereien hier .. wie sch\u00f6n es doch war, in Schweden z.B. den Inlandsv\u00e4gen nach Norden zu fahren, so entspannend&#8230;<\/p>\n<p>Es scheint in Italien Wohnmobilparkpl\u00e4tze zu geben, wo man sogar gratis Strom nehmen kann. Soll aber nicht immer funktionieren. Hab ich nicht getestet, da nicht ben\u00f6tigt heute Nacht. Leider gibt&#8217;s kein WC hier &#8211; wohl aber eine gratis Entsorgungsm\u00f6glichkeit.<\/p>\n<p>Was meine &#8220;Erk\u00e4ltung&#8221; angeht: Im Laufe der Nacht erreichte ich die Schnupfen-Phase.<\/p>\n","protected":false},"excerpt":{"rendered":"<p>Do, 23.2.2023<\/p>\n<p>Ich fuhr wie letztes Mal hinauf bis nach Doganaccia zur SL-Talstation, da der Skipass mit Seilbahn aus Cutigliano ja teurer ist und zumindest zuletzt auch Parkgeb\u00fchren verlangt wurden. Daf\u00fcr muss man halt ca. eine halbe Stunde auf schlechter Stra\u00dfe rauffahren.<\/p>\n<p>Obwohl nach meinem Erstbesuch hier der \u00dcbungs-SL mit einem SL von CCM ersetzt <a href=\"http:\/\/blog.inmontanis.info\/?p=8585\">[&#8230;]<\/a><\/p>\n","protected":false},"author":1,"featured_media":8590,"comment_status":"closed","ping_status":"closed","sticky":false,"template":"","format":"standard","meta":{"footnotes":""},"categories":[235,15,27],"tags":[55,47],"class_list":["post-8585","post","type-post","status-publish","format-standard","has-post-thumbnail","hentry","category-doganaccia","category-italienitaly","category-skifahren-winterskiing-winter","tag-3sb","tag-sl","odd"],"_links":{"self":[{"href":"http:\/\/blog.inmontanis.info\/index.php?rest_route=\/wp\/v2\/posts\/8585","targetHints":{"allow":["GET"]}}],"collection":[{"href":"http:\/\/blog.inmontanis.info\/index.php?rest_route=\/wp\/v2\/posts"}],"about":[{"href":"http:\/\/blog.inmontanis.info\/index.php?rest_route=\/wp\/v2\/types\/post"}],"author":[{"embeddable":true,"href":"http:\/\/blog.inmontanis.info\/index.php?rest_route=\/wp\/v2\/users\/1"}],"replies":[{"embeddable":true,"href":"http:\/\/blog.inmontanis.info\/index.php?rest_route=%2Fwp%2Fv2%2Fcomments&post=8585"}],"version-history":[{"count":4,"href":"http:\/\/blog.inmontanis.info\/index.php?rest_route=\/wp\/v2\/posts\/8585\/revisions"}],"predecessor-version":[{"id":8593,"href":"http:\/\/blog.inmontanis.info\/index.php?rest_route=\/wp\/v2\/posts\/8585\/revisions\/8593"}],"wp:featuredmedia":[{"embeddable":true,"href":"http:\/\/blog.inmontanis.info\/index.php?rest_route=\/wp\/v2\/media\/8590"}],"wp:attachment":[{"href":"http:\/\/blog.inmontanis.info\/index.php?rest_route=%2Fwp%2Fv2%2Fmedia&parent=8585"}],"wp:term":[{"taxonomy":"category","embeddable":true,"href":"http:\/\/blog.inmontanis.info\/index.php?rest_route=%2Fwp%2Fv2%2Fcategories&post=8585"},{"taxonomy":"post_tag","embeddable":true,"href":"http:\/\/blog.inmontanis.info\/index.php?rest_route=%2Fwp%2Fv2%2Ftags&post=8585"}],"curies":[{"name":"wp","href":"https:\/\/api.w.org\/{rel}","templated":true}]}}