{"id":8576,"date":"2023-02-21T22:04:56","date_gmt":"2023-02-21T21:04:56","guid":{"rendered":"http:\/\/blog.inmontanis.info\/?p=8576"},"modified":"2023-08-03T22:28:51","modified_gmt":"2023-08-03T20:28:51","slug":"cerreto-laghi-val-di-luce-abetone-21-2-2023","status":"publish","type":"post","link":"http:\/\/blog.inmontanis.info\/?p=8576","title":{"rendered":"Cerreto Laghi &#8211; Val di Luce (Abetone), 21.2.2023"},"content":{"rendered":"<p><strong>Di, 21.2.2023<\/strong><\/p>\n<p>In Cerreto Laghi war ich bisher nur 1x, im M\u00e4rz 2007. Wenn ich mich recht erinnere, fand ich am nervigsten die Parkplatzsituation (nix direkt am Lift), wobei damals auch einige der sch\u00f6nen alten DSBen (Graffer Schalensitze!) und andere SL nicht liefen &#8211; nur 4SB Sektion 1 und 3SB Sektion 2. Mittlerweile sind alle anderen Lifte offiziell stillgelegt und sowieso nur noch 4SB+3SB in Betrieb, also hat das Warten auf die \u00d6ffnung der restlichen Lifte auch keinen Zweck mehr.<\/p>\n<p>Bei meinem alten Bild sah es so aus, als durfte man vor dem See parken &#8211; das ist anscheinend nicht mehr der Fall. Die anderen Parkpl\u00e4tze sind entsprechend weiter weg und wohl auch nicht sonderlich viel vorhanden. <\/p>\n<p>Der Appennin-Hauptkamm dient heute als Wetterscheide, im Westen (wie die letzten Tage) wolkig, im Osten sonnig, entsprechend  windig und manchmal \u00fcberschwappende Nebelwoken. Da aber ja sonst nix in der Gegend in Betrieb sein wird (oder wenn, dann nicht lohnenswert), nahm ich den weiteren Fu\u00dfweg vom Parkplatz heute eben in Kauf.<\/p>\n<p>Der Skipassverkauf war auch wieder so eine Verarsche. Da gibt&#8217;s am Anfang vom See am Kreisverkehr eine &#8220;Bar Skipass&#8221; &#8211; also geht man davon aus, dass die Bar so heisst, wenn man in der Ferne neben dem Sesseleingang genau das sieht: Biglietteria. Also dort hin gelaufen. Nur ist sie da nicht mehr, also musste ich den Weg wieder zur\u00fcck gehen. Normalerweise schon wieder ein Grund, abzureisen. <\/p>\n<p><a href='http:\/\/ski.inmontanis.info\/d\/313972-2\/DSC02141.jpg'><img src=http:\/\/ski.inmontanis.info\/d\/313971-3\/DSC02141.jpg \/><\/a><br \/>\n^ Blick ins Skigebiet nach dem Aufstieg vom Parkplatz<\/p>\n<p><a href='http:\/\/ski.inmontanis.info\/d\/313976-2\/DSC02142.jpg'><img src=http:\/\/ski.inmontanis.info\/d\/313975-3\/DSC02142.jpg \/><\/a><br \/>\n^ Die Graffer-DSB links der 4SB ist mittlerweile abgebaut :(<\/p>\n<p><a href='http:\/\/ski.inmontanis.info\/d\/313980-2\/DSC02143.jpg'><img src=http:\/\/ski.inmontanis.info\/d\/313979-3\/DSC02143.jpg \/><\/a><br \/>\n^ Den Schriftzug Biglietteria hab ich von der anderen Seeseite gesehen &#8211; aber anstelle eines Verk\u00e4ufers steht ein Lautsprecher darin und zwangsbeschallt einen mit lauter Musik anstatt Skip\u00e4sse zu verkaufen<\/p>\n<p><a href='http:\/\/ski.inmontanis.info\/d\/313984-2\/DSC02144.jpg'><img src=http:\/\/ski.inmontanis.info\/d\/313983-3\/DSC02144.jpg \/><\/a><br \/>\n^ Gibts den Skipass also doch in der Skipass-Bar? Nein, denn die war zu. N\u00e4chste Haus? Skischule. Noch weiter? Ja endlich.<\/p>\n<p>Nervigerweise bestand der Kassierer auf seine eigenen Keycards und wollte meine noch nicht mal probieren oder ansehen. Vielleicht h\u00e4tte ich gleich online kaufen sollen, denn da wird explizit nur von einer Alfi-Karte im Format 5-5-4-Ziffern gesprochen und es ist sogar eine von Schia als Muster abgebildet &#8211; genau die h\u00e4tte ich ihm als erste Karte angeboten. Hab noch nachgefragt, ob Kaution oder nicht, n\u00f6, kostet 3 \u20ac extra. Also bin ich mit einem &#8220;dann will ich hier nicht Skifahren&#8221; abgezogen. Arschl\u00f6cher hier, wieder ein Skigebiet mehr auf der Boykottliste.<\/p>\n<p>(\u00dcbrigens kostet der Skipass am WE satte 10 \u20ac mehr als unter der Woche!)<\/p>\n<p>Tja was nun..<br \/>\nSchia ist wegen Schneemangel ja mittlerweile zu,<br \/>\nVentasso Laghi vermutlich auch &#8211; keine aktuellen Infos,<br \/>\ndie meisten anderen Skigebiete in der Gegend sind LSAP,<br \/>\nder ESL in Lagdei ist auch nur am WE offen,<br \/>\netc. etc.<\/p>\n<p>In Abetone gibts mininimalst nur Halbtageskarten, aber bei 2-3h Fahrzeit lohnt sich das nicht mehr. Hab dann noch die einzelnen Liftgesellschaften angesehen, im Val di Luce g\u00e4be es g\u00fcnstige 1\/2\/3\/4h &#8211; Karten. Also eben dort hin gefahren.<\/p>\n<p><a href='http:\/\/extra.inmontanis.info\/d\/98704-2\/DSC02146.jpg'><img src=http:\/\/extra.inmontanis.info\/d\/98703-3\/DSC02146.jpg \/><\/a><br \/>\n^ Cerreto-Febbio<\/p>\n<p><a href='http:\/\/extra.inmontanis.info\/d\/98708-2\/DSC02148.jpg'><img src=http:\/\/extra.inmontanis.info\/d\/98707-3\/DSC02148.jpg \/><\/a><br \/>\n^ Cerreto-Febbio<\/p>\n<p><a href='http:\/\/extra.inmontanis.info\/d\/98712-2\/DSC02155.jpg'><img src=http:\/\/extra.inmontanis.info\/d\/98711-3\/DSC02155.jpg \/><\/a><br \/>\n^ N\u00e4he Civago<\/p>\n<p><a href='http:\/\/ski.inmontanis.info\/d\/313988-2\/DSC02158.jpg'><img src=http:\/\/ski.inmontanis.info\/d\/313987-3\/DSC02158.jpg \/><\/a><br \/>\n^ Der SL in Civago steht auch noch. Das Skigebiet hab ich glaub ich leider knapp verpasst, war nur wegen Schneemangel oder weil nicht WE bei meiner damaligen Vorbeifahrt nicht offen<\/p>\n<p><a href='http:\/\/ski.inmontanis.info\/d\/313992-2\/DSC02160.jpg'><img src=http:\/\/ski.inmontanis.info\/d\/313991-3\/DSC02160.jpg \/><\/a><br \/>\n^ .. schade, sehr schade ..<\/p>\n<p><a href='http:\/\/extra.inmontanis.info\/d\/98716-2\/DSC02163.jpg'><img src=http:\/\/extra.inmontanis.info\/d\/98715-3\/DSC02163.jpg \/><\/a><br \/>\n^ Civago-Pievepelago<\/p>\n<p><a href='http:\/\/ski.inmontanis.info\/d\/313996-2\/DSC02165.jpg'><img src=http:\/\/ski.inmontanis.info\/d\/313995-3\/DSC02165.jpg \/><\/a><br \/>\n^ In Sant&#8217;Anna wurde also tats\u00e4chlich eine neue CCM-DSB gebaut &#8211; aber kein Betreiber gefunden. Ob die Graffer-DSB oben in Betrieb gewesen w\u00e4re?<\/p>\n<p><a href='http:\/\/ski.inmontanis.info\/d\/314000-2\/DSC02166.jpg'><img src=http:\/\/ski.inmontanis.info\/d\/313999-3\/DSC02166.jpg \/><\/a><br \/>\n^ Hinter der neuen DSB steht noch die alte Talstation<\/p>\n<p>Im Val di Luce um kurz nach 14h angekommen, sind die Parkpl\u00e4tze an den untersten Liften (\u00dcbungsbereich) mit Bezahlung, weiter oben im Ort scheint mal nix von wegen Bezahlunng zu stehen &#8211; aber ist hier irgendwo eine Biglietteria? Auf Skiern runterfahren w\u00e4r bescheuert, wenn ich dann nicht fahren wollte, weil sie keine Keycard-Kaution mehr h\u00e4tten und meine nicht akzeptieren w\u00fcrden. Bzw w\u00e4r es auch mit Kaution bl\u00f6d, weil ich ja dann nicht mehr raufk\u00e4me.<\/p>\n<p>Laut Markierung im Pistenplam soll hier aber eine sein, hab sie dann auch gefunden. Um 14:39 diskutierte ich an der Kasse schon fast so lang wie ein Italiener :) Jedenfalls sollen die Lifte bis 16:15\/16:20 in Betrieb sein. 1h kostet 12,50, 2h 16,50, die ich dann gar nicht auskosten k\u00f6nnte. Meine Axess-Karte wurde nicht akzeptiert, die haben nach wie vor ihre eigenen, aber immerhin auf Kautionsbasis, k\u00f6nnte ich aber morgen verwenden und anderswo abgeben, da es eine Multipass-Karte ist, also keine spezielle Val-di-Luce-Karte.<\/p>\n<p>3h 18,50, 4h 22,50 &#8211; das Verh\u00e4ltnis zu den 2h passt da nicht ganz. Entschied mich f\u00fcr die 2h-Karte.<\/p>\n<p>An den 3 Hauptliften stand dann 16:15 letzte Fahrt, bei den \u00dcbungsliften stand nirgends eine Zeit. Schon weit vor 16h wurden die Sessel hochgeklappt, also hab ich halt schon um 16:05 die letzte Bergfahrt gemacht. Schnee war sch\u00f6n fr\u00fchlingshaft-weich, aber aufgrund des starken Windes war es gef\u00fchlt doch sehr eisig kalt.<\/p>\n<p>Daf\u00fcr, dass lt. Website mal wieder alle Abfahrten hier offen sein sollten, waren viele gesperrt. Irgendein Schild, das auf eine Toilette hinweisen w\u00fcrde, w\u00e4r mir auch nicht aufgefallen.<\/p>\n<p>Positiv ist, das ich mich dann morgen ganz auf den vorderen Teil von Abetone konzentrieren kann und nicht ins Val di Luce wechseln muss.<\/p>\n<p><a href='http:\/\/ski.inmontanis.info\/d\/314004-2\/DSC02168.jpg'><img src=http:\/\/ski.inmontanis.info\/d\/314003-3\/DSC02168.jpg \/><\/a><br \/>\n^ Der untere, gro\u00dfe Parkplatz im Val di Luce ist kostenpflichtig &#8230; hier oben gibts aber auch viele kostenlose Parkpl\u00e4tze wie&#8217;s scheint. Die Parkordnung da in L\u00e4ngsrichtung inmitten der Stra\u00dfe muss man mal wieder nicht verstehen ;)<\/p>\n<p><a href='http:\/\/ski.inmontanis.info\/d\/314008-2\/DSC02169.jpg'><img src=http:\/\/ski.inmontanis.info\/d\/314007-3\/DSC02169.jpg \/><\/a><br \/>\n^ Die Familie mit ihren Kids stand da einige Minuten rum, der Vater rauchte und ganz logisch wehte der starke Wind nat\u00fcrlich genau den Qualm zu mir, als ich mich umzug und die Skier vom Dach nahm. Grrrr<\/p>\n<p><a href='http:\/\/ski.inmontanis.info\/d\/314012-2\/DSC02171.jpg'><img src=http:\/\/ski.inmontanis.info\/d\/314011-3\/DSC02171.jpg \/><\/a><br \/>\n^ 3SB Annibale<\/p>\n<p><a href='http:\/\/ski.inmontanis.info\/d\/314016-2\/DSC02172.jpg'><img src=http:\/\/ski.inmontanis.info\/d\/314015-3\/DSC02172.jpg \/><\/a><br \/>\n^ 4SB Tre Potenze und ggf. ehemalige Lifttrasse<\/p>\n<p><a href='http:\/\/ski.inmontanis.info\/d\/314020-2\/DSC02177.jpg'><img src=http:\/\/ski.inmontanis.info\/d\/314019-3\/DSC02177.jpg \/><\/a><br \/>\n^ Wolken-Nebelmeer<\/p>\n<p><a href='http:\/\/ski.inmontanis.info\/d\/314024-2\/DSC02178.jpg'><img src=http:\/\/ski.inmontanis.info\/d\/314023-3\/DSC02178.jpg \/><\/a><br \/>\n^ 4SB Luce-Gomito<\/p>\n<p><a href='http:\/\/ski.inmontanis.info\/d\/314028-2\/DSC02182.jpg'><img src=http:\/\/ski.inmontanis.info\/d\/314027-3\/DSC02182.jpg \/><\/a><br \/>\n^ Gipfelpano von Bergstationen Monte Gomito<\/p>\n<p><a href='http:\/\/ski.inmontanis.info\/d\/314032-2\/DSC02183.jpg'><img src=http:\/\/ski.inmontanis.info\/d\/314031-3\/DSC02183.jpg \/><\/a><br \/>\n^ 4SB Luce-Gomito<\/p>\n<p><a href='http:\/\/ski.inmontanis.info\/d\/314036-2\/DSC02184.jpg'><img src=http:\/\/ski.inmontanis.info\/d\/314035-3\/DSC02184.jpg \/><\/a><br \/>\n^ Auch auf der Abetone-Seite gabs das Wolken-Nebelmeer<\/p>\n<p><a href='http:\/\/ski.inmontanis.info\/d\/314040-2\/DSC02186.jpg'><img src=http:\/\/ski.inmontanis.info\/d\/314039-3\/DSC02186.jpg \/><\/a><br \/>\n^ Abfahrt 4SB Luce-Gomito<\/p>\n<p><a href='http:\/\/ski.inmontanis.info\/d\/314044-2\/DSC02187.jpg'><img src=http:\/\/ski.inmontanis.info\/d\/314043-3\/DSC02187.jpg \/><\/a><br \/>\n^ SL Abetina<\/p>\n<p><a href='http:\/\/ski.inmontanis.info\/d\/314048-2\/DSC02189.jpg'><img src=http:\/\/ski.inmontanis.info\/d\/314047-3\/DSC02189.jpg \/><\/a><br \/>\n^ Der kurze SL Jolly hat noch alte (bunte) Geh\u00e4nge mit Stahlseil<\/p>\n<p><a href='http:\/\/ski.inmontanis.info\/d\/314052-2\/DSC02190.jpg'><img src=http:\/\/ski.inmontanis.info\/d\/314051-3\/DSC02190.jpg \/><\/a><br \/>\n^ Der kurze (Marchisio?) SL Jolly hat noch alte (bunte) Geh\u00e4nge mit Stahlseil<\/p>\n<p><a href='http:\/\/ski.inmontanis.info\/d\/314056-2\/DSC02192.jpg'><img src=http:\/\/ski.inmontanis.info\/d\/314055-3\/DSC02192.jpg \/><\/a><br \/>\n^ \u00dcbungs-4SB Sprella, die Abfahrt bin ich nicht gefahren.<\/p>\n<p><a href='http:\/\/ski.inmontanis.info\/d\/314060-2\/DSC02194.jpg'><img src=http:\/\/ski.inmontanis.info\/d\/314059-3\/DSC02194.jpg \/><\/a><br \/>\n^ Wolken-Nebelmeer<\/p>\n<p><a href='http:\/\/ski.inmontanis.info\/d\/314064-2\/DSC02195.jpg'><img src=http:\/\/ski.inmontanis.info\/d\/314063-3\/DSC02195.jpg \/><\/a><br \/>\n^ 3SB Annibale, schon \u00fcber 15 Minuten vor Liftschluss waren die Sessel schon fast alle hochgeklappt<\/p>\n<p><a href='http:\/\/ski.inmontanis.info\/d\/314068-2\/DSC02196.jpg'><img src=http:\/\/ski.inmontanis.info\/d\/314067-3\/DSC02196.jpg \/><\/a><br \/>\n^ Sabber! Ein Graffer-Drilling. Sogar noch mit den Holzsitzen. Das w\u00e4r mir die liebste Variante f\u00fcr daheim.<\/p>\n<p><a href='http:\/\/ski.inmontanis.info\/d\/314072-2\/ge2023022122.jpg'><img src=http:\/\/ski.inmontanis.info\/d\/314071-3\/ge2023022122.jpg \/><\/a><br \/>\n^ GPS-Track 21.2.2023 in T\u00fcrkis, 22.2.2023 in Blau, vorherige Besuche in Gelb und ehemalige Lifte (ungef\u00e4hr) in Rot<\/p>\n<p>Fuhr noch einen kleinen Supermarkt an und n\u00e4chtigte an einem Parkplatz in dem Ort.<\/p>\n<p><a href='http:\/\/extra.inmontanis.info\/d\/98720-2\/DSC02197.jpg'><img src=http:\/\/extra.inmontanis.info\/d\/98719-3\/DSC02197.jpg \/><\/a><br \/>\n^ Abendessen (Gnocchi auf 2 Tage aufgeteilt)<\/p>\n<p>Nachtrag: Verlinkung alte St.Gree-Berichte nachgeholt + alte Fotos im gestrigen Bericht erg\u00e4nzt<\/p>\n","protected":false},"excerpt":{"rendered":"<p>Di, 21.2.2023<\/p>\n<p>In Cerreto Laghi war ich bisher nur 1x, im M\u00e4rz 2007. Wenn ich mich recht erinnere, fand ich am nervigsten die Parkplatzsituation (nix direkt am Lift), wobei damals auch einige der sch\u00f6nen alten DSBen (Graffer Schalensitze!) und andere SL nicht liefen &#8211; nur 4SB Sektion 1 und 3SB Sektion 2. Mittlerweile sind alle <a href=\"http:\/\/blog.inmontanis.info\/?p=8576\">[&#8230;]<\/a><\/p>\n","protected":false},"author":1,"featured_media":8578,"comment_status":"closed","ping_status":"closed","sticky":false,"template":"","format":"standard","meta":{"footnotes":""},"categories":[234,509,15,403,27],"tags":[55,49,77,47],"class_list":["post-8576","post","type-post","status-publish","format-standard","has-post-thumbnail","hentry","category-abetone","category-cerreto-laghi","category-italienitaly","category-santanna-pelago","category-skifahren-winterskiing-winter","tag-3sb","tag-4sb","tag-nebelmeer","tag-sl","odd"],"_links":{"self":[{"href":"http:\/\/blog.inmontanis.info\/index.php?rest_route=\/wp\/v2\/posts\/8576","targetHints":{"allow":["GET"]}}],"collection":[{"href":"http:\/\/blog.inmontanis.info\/index.php?rest_route=\/wp\/v2\/posts"}],"about":[{"href":"http:\/\/blog.inmontanis.info\/index.php?rest_route=\/wp\/v2\/types\/post"}],"author":[{"embeddable":true,"href":"http:\/\/blog.inmontanis.info\/index.php?rest_route=\/wp\/v2\/users\/1"}],"replies":[{"embeddable":true,"href":"http:\/\/blog.inmontanis.info\/index.php?rest_route=%2Fwp%2Fv2%2Fcomments&post=8576"}],"version-history":[{"count":2,"href":"http:\/\/blog.inmontanis.info\/index.php?rest_route=\/wp\/v2\/posts\/8576\/revisions"}],"predecessor-version":[{"id":8579,"href":"http:\/\/blog.inmontanis.info\/index.php?rest_route=\/wp\/v2\/posts\/8576\/revisions\/8579"}],"wp:featuredmedia":[{"embeddable":true,"href":"http:\/\/blog.inmontanis.info\/index.php?rest_route=\/wp\/v2\/media\/8578"}],"wp:attachment":[{"href":"http:\/\/blog.inmontanis.info\/index.php?rest_route=%2Fwp%2Fv2%2Fmedia&parent=8576"}],"wp:term":[{"taxonomy":"category","embeddable":true,"href":"http:\/\/blog.inmontanis.info\/index.php?rest_route=%2Fwp%2Fv2%2Fcategories&post=8576"},{"taxonomy":"post_tag","embeddable":true,"href":"http:\/\/blog.inmontanis.info\/index.php?rest_route=%2Fwp%2Fv2%2Ftags&post=8576"}],"curies":[{"name":"wp","href":"https:\/\/api.w.org\/{rel}","templated":true}]}}