{"id":8561,"date":"2023-02-19T20:01:19","date_gmt":"2023-02-19T19:01:19","guid":{"rendered":"http:\/\/blog.inmontanis.info\/?p=8561"},"modified":"2023-02-22T20:20:27","modified_gmt":"2023-02-22T19:20:27","slug":"garessio-19-2-2023-fahrstrecke-pois-1-1-19-2-2023","status":"publish","type":"post","link":"http:\/\/blog.inmontanis.info\/?p=8561","title":{"rendered":"Garessio, 19.2.2023 + Fahrstrecke &#038; POIs 1.1.-19.2.2023"},"content":{"rendered":"<p><strong>So, 19.2.2023<\/strong><\/p>\n<p>Kurz vor 9 Uhr kam ich im Skigebiet Garessio an und es war viel leerer als in Lurisia gestern, ok die hatten ja auch ein Skirennen dort. Wie erwartet ist der obere Kurven-SL noch nicht in Betrieb oder mittlerweile stillgelegt.<\/p>\n<p>Ich ging vorsichtshalber erst zur Kasse, wo es zwei \u00dcberraschungen gab: wenn man heute am Faschingssonntag verkleidet k\u00e4me, w\u00fcrde man nur 18 statt 28 \u20ac zahlen. Na Pech gehabt :) Zweitens, es gab eine Pappkarte mit Schnur, das ist ja nochmals seltener als Klebeskip\u00e4sse mittlerweile. Der vorherige Betreiber hatte ja Handsfree-Karten, aber keine fest installierten Leser, sondern Mitarbeiter mit Handlesern.<\/p>\n<p>Leider waren etliche Abfahrten nicht pr\u00e4pariert. Nach einer Fahrt mit dem einzig offenen SL zur DSB gefahren, die schon bei meiner Vorbeifahrt vom Auto aus fuhr, war aber noch nicht offen um 9:35. Liftler deutete an noch 5 Minuten&#8230; nur in Italien ;)<\/p>\n<p>Wie schon die letzten Tage war auch heute wieder eine Woken\/Nebeldecke \u00fcber Genua und dem Mittelmeer, schade.<\/p>\n<p>Entgegen der Ank\u00fcndigungen vor meinem letzten Besuch hier, wurden die alten Korbliftreste doch noch nicht entfernt, bzw. zumindest nicht der obere Teil. Als ich sp\u00e4ter unten war, hatte man an den Talstationen schon etwas entfernt. Allerdings ist die Bergstation ohne den Kurven-SL nur mit kurzem Aufstieg zu erreichen.<\/p>\n<p>Den Zwischenausstieg an der DSB hat man auch stillgelegt. Es war dann nicht mal die Panorama-Abfahrt links von der DSB-Bergstation offen :( Die Pr\u00e4parierung lie\u00df auch sehr zu w\u00fcnschen \u00fcbrig, nachmittags fiel das nicht mehr auf.<\/p>\n<p>Der Liftler an der Bergstation kontrollierte morgens die Skip\u00e4sse.<\/p>\n<p>Wenn ich nicht jeden Tag skifahren w\u00fcrde, h\u00e4tte ich wohl zu Mittag r\u00fcber nach Viola St.Gree gewechselt. So stieg ich halt schon vormittags zum Ex-Korblift auf, wo man mehr Panorama hatte und hoffte auf weichere Schneeverh\u00e4ltnisse sp\u00e4ter.<\/p>\n<p>Der Korblift soll ja kurioserweise nie offiziell in Betrieb gewesen sein!<\/p>\n<p>Das Wolken-Nebelmeer war so hoch, dass man gar keine Berge sah, hoffentlich geht das bald mal weg, wenn ich dann n\u00e4chste Woche im Appennin bin. <\/p>\n<p>Verglichen mit den Fotos mit dem Meer vom letzten Mal ist das h\u00f6here, sichtbarere und dadurch gr\u00f6\u00dfere Nebelmeer heute schon auch spektakul\u00e4r, auch wenn man das nat\u00fcrlich &#8220;\u00fcberall&#8221; haben kann.<\/p>\n<p>Man versteht&#8217;s halt einfach nicht, genug Schnee, so kompakt, dass eine Pistenraupe den Schnee gar nicht viel weiter verfestigen w\u00fcrde, sondern einfach nur gl\u00e4tten w\u00fcrde, um sie offiziell zu \u00f6ffnen &#8211; aber man machts nicht. Wie in San Giacomo nebendran.<\/p>\n<p>Auch tags\u00fcber, selten an einem sonnigen Sonntag in Italien so wenig Skifahrer gesehen. Ist ja auch teurer als St. Gree, San Giacomo\/Alpet und Lurisia, hat aber eher weniger zu bieten. So wird das auf Dauer wieder nix mit dem Gebiet. F\u00f6rderband \/ \u00dcbungslift gibt&#8217;s am Parkplatz auch nicht mehr. <\/p>\n<p>Ab vor 15 Uhr leider laute L\u00e4rmbel\u00e4stigung \u00fcber die DSB-Lautsprecher, daher wieder zum SL gefahren, wo ich noch eine nette Abfahrt vorfand.<\/p>\n<p>Zum Schluss hatte ich noch eine kleine Verabredung&#8230; hatte beim Vorbeifahren laufend aufgepasst und endlich eine alte Liftstation entdeckt, also bin ich das St\u00fcck raufgegangen, es war dies die Bergstation des KSSL &#8211; und die letzte St\u00fctze war auch tief vom Wald \u00fcberwachsen!<\/p>\n<p>Wir erinnern uns: Auch in Italien und \u00d6sterreich gab es fr\u00fcher mal KSSL. Leider ja mittlerweile alle ausgestorben. Wann genau die Hoch-Zeit des KSSL in Italien war, wei\u00df ich nicht, d\u00fcrfte recht kurz gewesen sein. Bei den Korbliften war es ja so, dass die Hoch-Zeit in Italien eigentlich erst war, als die in Frankreich schon wieder ersetzt wurden. Daher gab es in diesem Jahrtausend und auch jetzt noch in Italien noch ein bisschen mehr. In Frankreich ist der letzte ja damals auf der S\u00fcdseite von Praloup gewesen, den konnte ich damals noch fahren. Klar, es gibt auch die neueren Inner-Orts-Korblifte in franz\u00f6sischen Skigebieten, meist f\u00fcr 4 oder mehr Personen, zudem den kurzen 2er Korblift im Grand Massif. Der ja zumindest fr\u00fcher kostenlos war. Leider nicht dran gedacht, als ich vor ein paar Wochen in der Gegend war&#8230;<\/p>\n<p>Nach dem Skifahren hab ich noch kurz zu den alten Talstationen geschaut, da wurde mittlerweile dann doch einiges abgerissen. Die Abfahrtsschneisen sind mittlweile auch komplett \u00fcberwuchert, das sah 2008 noch ganz anders aus. <\/p>\n<p><a href='http:\/\/ski.inmontanis.info\/d\/313552-2\/DSC01897.jpg'><img src=http:\/\/ski.inmontanis.info\/d\/313551-3\/DSC01897.jpg \/><\/a><br \/>\n^ Blick von der Stra\u00dfe r\u00fcber zur DSB und rechts der Kurven-SL<\/p>\n<p><a href='http:\/\/ski.inmontanis.info\/d\/313556-2\/DSC01898.jpg'><img src=http:\/\/ski.inmontanis.info\/d\/313555-3\/DSC01898.jpg \/><\/a><br \/>\n^ Skipass, laminierte Pappkarte mit Aufkleber<\/p>\n<p><a href='http:\/\/ski.inmontanis.info\/d\/313560-2\/DSC01902.jpg'><img src=http:\/\/ski.inmontanis.info\/d\/313559-3\/DSC01902.jpg \/><\/a><br \/>\n^ SL Praietto, dar\u00fcber die linke DSB-Abfahrt Primo Sole, leider gesperrt<\/p>\n<p><a href='http:\/\/ski.inmontanis.info\/d\/313564-2\/DSC01903.jpg'><img src=http:\/\/ski.inmontanis.info\/d\/313563-3\/DSC01903.jpg \/><\/a><br \/>\n^ Auch diese Variante h\u00e4tte man pr\u00e4parieren k\u00f6nnen<\/p>\n<p><a href='http:\/\/ski.inmontanis.info\/d\/313568-2\/DSC01904.jpg'><img src=http:\/\/ski.inmontanis.info\/d\/313567-3\/DSC01904.jpg \/><\/a><br \/>\n^ Die Leitner-DSB wurde wohl von Vico serviciert<\/p>\n<p><a href='http:\/\/ski.inmontanis.info\/d\/313572-2\/DSC01905.jpg'><img src=http:\/\/ski.inmontanis.info\/d\/313571-3\/DSC01905.jpg \/><\/a><br \/>\n^ DSB Berlino<\/p>\n<p><a href='http:\/\/ski.inmontanis.info\/d\/313576-2\/DSC01908.jpg'><img src=http:\/\/ski.inmontanis.info\/d\/313575-3\/DSC01908.jpg \/><\/a><br \/>\n^ DSB Berlino und evtl. Vorg\u00e4nger-SL-St\u00fctze<\/p>\n<p><a href='http:\/\/ski.inmontanis.info\/d\/313580-2\/DSC01910.jpg'><img src=http:\/\/ski.inmontanis.info\/d\/313579-3\/DSC01910.jpg \/><\/a><br \/>\n^ Heute Nebelmeer statt Mittelmeer<\/p>\n<p><a href='http:\/\/ski.inmontanis.info\/d\/313584-2\/DSC01921.jpg'><img src=http:\/\/ski.inmontanis.info\/d\/313583-3\/DSC01921.jpg \/><\/a><br \/>\n^ DSB-Mittelstation, deaktiviert<\/p>\n<p><a href='http:\/\/ski.inmontanis.info\/d\/313588-2\/DSC01925.jpg'><img src=http:\/\/ski.inmontanis.info\/d\/313587-3\/DSC01925.jpg \/><\/a><br \/>\n^ H\u00e4user oberhalb der Stra\u00dfe auf der anderen Seite, evtl. sind da einige leer<\/p>\n<p><a href='http:\/\/ski.inmontanis.info\/d\/313592-2\/DSC01926.jpg'><img src=http:\/\/ski.inmontanis.info\/d\/313591-3\/DSC01926.jpg \/><\/a><br \/>\n^ Auch die Abfahrt am SL Praietto h\u00e4tte genug Schnee f\u00fcr die \u00d6ffnung gehabt. Wobei, es steht ja kein Sperrschild da.<\/p>\n<p><a href='http:\/\/ski.inmontanis.info\/d\/313596-2\/DSC01927.jpg'><img src=http:\/\/ski.inmontanis.info\/d\/313595-3\/DSC01927.jpg \/><\/a><br \/>\n^ Ex-Korblift-St\u00fctze<\/p>\n<p><a href='http:\/\/ski.inmontanis.info\/d\/313600-2\/DSC01929.jpg'><img src=http:\/\/ski.inmontanis.info\/d\/313599-3\/DSC01929.jpg \/><\/a><br \/>\n^ SL Giassetti, geschlossen, zu wenig Schnee auf der Trasse, die linke Abfahrt ging nachmittags aber sch\u00f6n zu fahren<\/p>\n<p><a href='http:\/\/ski.inmontanis.info\/d\/313604-2\/DSC01932.jpg'><img src=http:\/\/ski.inmontanis.info\/d\/313603-3\/DSC01932.jpg \/><\/a><br \/>\n^ Ex-Korblift-Bergstation<\/p>\n<p><a href='http:\/\/ski.inmontanis.info\/d\/313608-2\/DSC01933.jpg'><img src=http:\/\/ski.inmontanis.info\/d\/313607-3\/DSC01933.jpg \/><\/a><br \/>\n^ Nebelmeer statt Mittelmeer<\/p>\n<p><a href='http:\/\/ski.inmontanis.info\/d\/313612-2\/DSC01935.jpg'><img src=http:\/\/ski.inmontanis.info\/d\/313611-3\/DSC01935.jpg \/><\/a><br \/>\n^ Ex-Korbliftst\u00fctzen. Die schauen auch jedes Jahr etwas anders aus, beim letzten Mal waren die Rollenwippen bei beiden St\u00fctzen anders und es fehlen nun auch 2 Seilrollen vorne<\/p>\n<p><a href='http:\/\/ski.inmontanis.info\/d\/313616-2\/DSC01936.jpg'><img src=http:\/\/ski.inmontanis.info\/d\/313615-3\/DSC01936.jpg \/><\/a><br \/>\n^ Ex-Korblift-St\u00fctze (Teletrasporti)<\/p>\n<p><a href='http:\/\/ski.inmontanis.info\/d\/313620-2\/DSC01943.jpg'><img src=http:\/\/ski.inmontanis.info\/d\/313619-3\/DSC01943.jpg \/><\/a><br \/>\n^ Ex-Korblift-St\u00fctzen und Nebelmeer<\/p>\n<p><a href='http:\/\/ski.inmontanis.info\/d\/313624-2\/DSC01946.jpg'><img src=http:\/\/ski.inmontanis.info\/d\/313623-3\/DSC01946.jpg \/><\/a><br \/>\n^ Ex-Korblift-St\u00fctze (Teletrasporti)<\/p>\n<p><a href='http:\/\/ski.inmontanis.info\/d\/313628-2\/DSC01950.jpg'><img src=http:\/\/ski.inmontanis.info\/d\/313627-3\/DSC01950.jpg \/><\/a><br \/>\n^ Ex-Korblift-St\u00fctze (Teletrasporti)<\/p>\n<p><a href='http:\/\/ski.inmontanis.info\/d\/313632-2\/DSC01956.jpg'><img src=http:\/\/ski.inmontanis.info\/d\/313631-3\/DSC01956.jpg \/><\/a><br \/>\n^ Ex-Korblift-St\u00fctze<\/p>\n<p><a href='http:\/\/ski.inmontanis.info\/d\/313636-2\/DSC01957.jpg'><img src=http:\/\/ski.inmontanis.info\/d\/313635-3\/DSC01957.jpg \/><\/a><br \/>\n^ DSB Berlino und Po-Ebene<\/p>\n<p><a href='http:\/\/ski.inmontanis.info\/d\/313640-2\/DSC01959.jpg'><img src=http:\/\/ski.inmontanis.info\/d\/313639-3\/DSC01959.jpg \/><\/a><br \/>\n^ Ex-Korblift-St\u00fctze<\/p>\n<p><a href='http:\/\/ski.inmontanis.info\/d\/313644-2\/DSC01960.jpg'><img src=http:\/\/ski.inmontanis.info\/d\/313643-3\/DSC01960.jpg \/><\/a><br \/>\n^ Ex-Bergstation. Hab ich ja alles letztes Mal schon ausf\u00fchrlich fotografiert<\/p>\n<p><a href='http:\/\/ski.inmontanis.info\/d\/313648-2\/DSC01961.jpg'><img src=http:\/\/ski.inmontanis.info\/d\/313647-3\/DSC01961.jpg \/><\/a><br \/>\n^ Talblick mit Nebelmeer<\/p>\n<p><a href='http:\/\/ski.inmontanis.info\/d\/313652-2\/DSC05076.jpg'><img src=http:\/\/ski.inmontanis.info\/d\/313651-3\/DSC05076.jpg \/><\/a><br \/>\n^ Nebelmeer in IR<\/p>\n<p><a href='http:\/\/ski.inmontanis.info\/d\/313656-2\/DSC05077.jpg'><img src=http:\/\/ski.inmontanis.info\/d\/313655-3\/DSC05077.jpg \/><\/a><br \/>\n^ Nebelmeer in IR<\/p>\n<p><a href='http:\/\/ski.inmontanis.info\/d\/313660-2\/DSC05082.jpg'><img src=http:\/\/ski.inmontanis.info\/d\/313659-3\/DSC05082.jpg \/><\/a><br \/>\n^ Nebelmeer in IR<\/p>\n<p><a href='http:\/\/ski.inmontanis.info\/d\/313664-2\/DSC05083.jpg'><img src=http:\/\/ski.inmontanis.info\/d\/313663-3\/DSC05083.jpg \/><\/a><br \/>\n^ IR-Zoom \u00fcber die Ebene zu Monte Rosa &amp; Co<\/p>\n<p><a href='http:\/\/ski.inmontanis.info\/d\/313668-2\/DSC01964.jpg'><img src=http:\/\/ski.inmontanis.info\/d\/313667-3\/DSC01964.jpg \/><\/a><br \/>\n^ Naja, mittlerweile ist es schon nicht ganz ungef\u00e4hrlich, in der Ex-Bergstation zu sein, wenn man da einen Blick auf die Decke wirft&#8230;<\/p>\n<p><a href='http:\/\/ski.inmontanis.info\/d\/313672-2\/DSC01966.jpg'><img src=http:\/\/ski.inmontanis.info\/d\/313671-3\/DSC01966.jpg \/><\/a><br \/>\n^ Zerf\u00e4llt so langsam<\/p>\n<p><a href='http:\/\/ski.inmontanis.info\/d\/313676-2\/DSC01968.jpg'><img src=http:\/\/ski.inmontanis.info\/d\/313675-3\/DSC01968.jpg \/><\/a><br \/>\n^ Ex-Korblift<\/p>\n<p><a href='http:\/\/ski.inmontanis.info\/d\/313680-2\/DSC01970.jpg'><img src=http:\/\/ski.inmontanis.info\/d\/313679-3\/DSC01970.jpg \/><\/a><br \/>\n^ Das wird wohl vom Vorg\u00e4nger-SL der DSB sein<\/p>\n<p><a href='http:\/\/ski.inmontanis.info\/d\/313684-2\/DSC01971.jpg'><img src=http:\/\/ski.inmontanis.info\/d\/313683-3\/DSC01971.jpg \/><\/a><br \/>\n^ Blick zum Kurven-SL und seinen Abfahrten<\/p>\n<p><a href='http:\/\/ski.inmontanis.info\/d\/313688-2\/DSC01978.jpg'><img src=http:\/\/ski.inmontanis.info\/d\/313687-3\/DSC01978.jpg \/><\/a><br \/>\n^ DSB Berlino und gegen\u00fcber ein vielleicht unvollendetes Hausfundament. Auf der R\u00fcckseite dieses Berges befand ich einst ja der hintere Teil vom Skigebiet von St. Gree<\/p>\n<p><a href='http:\/\/ski.inmontanis.info\/d\/313692-2\/DSC01981.jpg'><img src=http:\/\/ski.inmontanis.info\/d\/313691-3\/DSC01981.jpg \/><\/a><br \/>\n^ Ex-Bergstation, St\u00fctze und Nebelmeer<\/p>\n<p><a href='http:\/\/ski.inmontanis.info\/d\/313696-2\/DSC01983.jpg'><img src=http:\/\/ski.inmontanis.info\/d\/313695-3\/DSC01983.jpg \/><\/a><br \/>\n^ Nebelmeer<\/p>\n<p><a href='http:\/\/ski.inmontanis.info\/d\/313700-2\/DSC05088.jpg'><img src=http:\/\/ski.inmontanis.info\/d\/313699-3\/DSC05088.jpg \/><\/a><br \/>\n^ .. vielleicht sind unter den Wolken am Horizont ein paar hohe Berge<\/p>\n<p><a href='http:\/\/ski.inmontanis.info\/d\/313704-2\/DSC01984.jpg'><img src=http:\/\/ski.inmontanis.info\/d\/313703-3\/DSC01984.jpg \/><\/a><br \/>\n^ Das Nebelmeer l\u00e4uft \u00fcber ;-)<\/p>\n<p><a href='http:\/\/ski.inmontanis.info\/d\/313708-2\/DSC01985.jpg'><img src=http:\/\/ski.inmontanis.info\/d\/313707-3\/DSC01985.jpg \/><\/a><br \/>\n^ Ex-Korblift-St\u00fctze und DSB-Bergstation<\/p>\n<p><a href='http:\/\/ski.inmontanis.info\/d\/313712-2\/DSC01986.jpg'><img src=http:\/\/ski.inmontanis.info\/d\/313711-3\/DSC01986.jpg \/><\/a><br \/>\n^ Ex-Korblift-St\u00fctze<\/p>\n<p><a href='http:\/\/ski.inmontanis.info\/d\/313716-2\/DSC01987.jpg'><img src=http:\/\/ski.inmontanis.info\/d\/313715-3\/DSC01987.jpg \/><\/a><br \/>\n^ Ab zur Abfahrt<\/p>\n<p><a href='http:\/\/ski.inmontanis.info\/d\/313720-2\/DSC01991.jpg'><img src=http:\/\/ski.inmontanis.info\/d\/313719-3\/DSC01991.jpg \/><\/a><br \/>\n^ Primo Sole links der DSB, genug Schnee f\u00fcr eine P\u00e4rparierung, aber geschlossen mit Zaun \u00fcber die ganze Breite&#8230;<\/p>\n<p><a href='http:\/\/ski.inmontanis.info\/d\/313724-2\/DSC01994.jpg'><img src=http:\/\/ski.inmontanis.info\/d\/313723-3\/DSC01994.jpg \/><\/a><br \/>\n^ SL Praietto<\/p>\n<p><a href='http:\/\/ski.inmontanis.info\/d\/313728-2\/DSC01995.jpg'><img src=http:\/\/ski.inmontanis.info\/d\/313727-3\/DSC01995.jpg \/><\/a><br \/>\n^ Kurven-SL<\/p>\n<p><a href='http:\/\/ski.inmontanis.info\/d\/313732-2\/DSC01998.jpg'><img src=http:\/\/ski.inmontanis.info\/d\/313731-3\/DSC01998.jpg \/><\/a><br \/>\n^ Die eine Abfahrt am SL Praietto war dann doch ein St\u00fcck pr\u00e4pariert, hier gings gut zu fahren<\/p>\n<p><a href='http:\/\/ski.inmontanis.info\/d\/313736-2\/DSC02001.jpg'><img src=http:\/\/ski.inmontanis.info\/d\/313735-3\/DSC02001.jpg \/><\/a><br \/>\n^ Parkpl\u00e4tze und Passstra\u00dfe<\/p>\n<p><a href='http:\/\/ski.inmontanis.info\/d\/313740-2\/DSC02002.jpg'><img src=http:\/\/ski.inmontanis.info\/d\/313739-3\/DSC02002.jpg \/><\/a><br \/>\n^ Pistenplan<\/p>\n<p><a href='http:\/\/ski.inmontanis.info\/d\/313744-2\/DSC02003.jpg'><img src=http:\/\/ski.inmontanis.info\/d\/313743-3\/DSC02003.jpg \/><\/a><br \/>\n^ .. asuch hier wird wieder sinnloserweise hintereinander l\u00e4ngs statt nebeneinander quer geparkt ;-)<\/p>\n<p><a href='http:\/\/ski.inmontanis.info\/d\/313748-2\/DSC02004.jpg'><img src=http:\/\/ski.inmontanis.info\/d\/313747-3\/DSC02004.jpg \/><\/a><br \/>\n^ DSB-Fundament<\/p>\n<p><a href='http:\/\/ski.inmontanis.info\/d\/313752-2\/DSC02007.jpg'><img src=http:\/\/ski.inmontanis.info\/d\/313751-3\/DSC02007.jpg \/><\/a><br \/>\n^ Ex-SL-St\u00fctze<\/p>\n<p><a href='http:\/\/ski.inmontanis.info\/d\/313756-2\/DSC02008.jpg'><img src=http:\/\/ski.inmontanis.info\/d\/313755-3\/DSC02008.jpg \/><\/a><br \/>\n^ Kurzer Aufstieg zum Ex-KSSL<\/p>\n<p><a href='http:\/\/ski.inmontanis.info\/d\/313760-2\/DSC02009.jpg'><img src=http:\/\/ski.inmontanis.info\/d\/313759-3\/DSC02009.jpg \/><\/a><br \/>\n^ Blick zur Ex-KSSL-Bergstation. In Bildmitte. Nochmal hinschaun.<\/p>\n<p><a href='http:\/\/ski.inmontanis.info\/d\/313764-2\/DSC02011.jpg'><img src=http:\/\/ski.inmontanis.info\/d\/313763-3\/DSC02011.jpg \/><\/a><br \/>\n^ Ex-KSSL &#8211; St\u00fctze und Trasse. Genauer hinsehen. Nochmal hinsehen.<\/p>\n<p><a href='http:\/\/ski.inmontanis.info\/d\/313768-2\/DSC02013.jpg'><img src=http:\/\/ski.inmontanis.info\/d\/313767-3\/DSC02013.jpg \/><\/a><br \/>\n^ Ex-KSSL &#8211; St\u00fctze und Trasse<\/p>\n<p><a href='http:\/\/ski.inmontanis.info\/d\/313772-2\/DSC02014.jpg'><img src=http:\/\/ski.inmontanis.info\/d\/313771-3\/DSC02014.jpg \/><\/a><br \/>\n^ Ex-KSSL &#8211; Bergstation<\/p>\n<p><a href='http:\/\/ski.inmontanis.info\/d\/313776-2\/DSC02016.jpg'><img src=http:\/\/ski.inmontanis.info\/d\/313775-3\/DSC02016.jpg \/><\/a><br \/>\n^ Ex-KSSL &#8211; Bergstation<\/p>\n<p><a href='http:\/\/ski.inmontanis.info\/d\/313780-2\/DSC02018.jpg'><img src=http:\/\/ski.inmontanis.info\/d\/313779-3\/DSC02018.jpg \/><\/a><br \/>\n^ Ex-KSSL &#8211; Bergstation<\/p>\n<p><a href='http:\/\/ski.inmontanis.info\/d\/313784-2\/DSC02020.jpg'><img src=http:\/\/ski.inmontanis.info\/d\/313783-3\/DSC02020.jpg \/><\/a><br \/>\n^ War dann wohl die Abfahrt rechts vom KSSL zu den noch in Betrieb befindenlichen SL.<\/p>\n<p><a href='http:\/\/ski.inmontanis.info\/d\/313788-2\/DSC02021.jpg'><img src=http:\/\/ski.inmontanis.info\/d\/313787-3\/DSC02021.jpg \/><\/a><br \/>\n^ .. und hier zweigt die kurze Verbindung in die aktuelle Abfahrt ein<\/p>\n<p><a href='http:\/\/ski.inmontanis.info\/d\/313792-2\/DSC02024.jpg'><img src=http:\/\/ski.inmontanis.info\/d\/313791-3\/DSC02024.jpg \/><\/a><br \/>\n^ Ex-Talstationen Korblift links und KSSL rechts, mittlerweile sind die St\u00fctzen und auch die KSSL-Talstation und auch der andere SL leider weg<\/p>\n<p><a href='http:\/\/ski.inmontanis.info\/d\/313796-2\/DSC02028.jpg'><img src=http:\/\/ski.inmontanis.info\/d\/313795-3\/DSC02028.jpg \/><\/a><br \/>\n^ Ex-KSSL-Trasse<\/p>\n<p><a href='http:\/\/ski.inmontanis.info\/d\/313800-2\/DSC02030.jpg'><img src=http:\/\/ski.inmontanis.info\/d\/313799-3\/DSC02030.jpg \/><\/a><br \/>\n^ Ex-Korblift-Talstation<\/p>\n<p><a href='http:\/\/ski.inmontanis.info\/d\/313804-2\/DSC02031.jpg'><img src=http:\/\/ski.inmontanis.info\/d\/313803-3\/DSC02031.jpg \/><\/a><br \/>\n^ Ex-Rifugio<\/p>\n<p><a href='http:\/\/ski.inmontanis.info\/d\/313808-2\/DSC02044.jpg'><img src=http:\/\/ski.inmontanis.info\/d\/313807-3\/DSC02044.jpg \/><\/a><br \/>\n^ Ex-Rifugio<\/p>\n<p><a href='http:\/\/ski.inmontanis.info\/d\/313812-2\/DSC02045.jpg'><img src=http:\/\/ski.inmontanis.info\/d\/313811-3\/DSC02045.jpg \/><\/a><br \/>\n^ Lt. Satbild ginge der Weg dort bis zur Bergstation des Korblifts rauf, d.h. da k\u00f6nnte man vielleicht noch einige Varianten fahren<\/p>\n<p><a href='http:\/\/ski.inmontanis.info\/d\/313816-2\/ge20230219c.jpg'><img src=http:\/\/ski.inmontanis.info\/d\/313815-3\/ge20230219c.jpg \/><\/a><br \/>\n^ GPS-Track 19.2.2023 in T\u00fcrkis, vorherige Besuche in Orange und ca. ehemalige Lifte in Rot<\/p>\n<p><a href='http:\/\/ski.inmontanis.info\/d\/313820-2\/ge20230219a.jpg'><img src=http:\/\/ski.inmontanis.info\/d\/313819-3\/ge20230219a.jpg \/><\/a><br \/>\n^ .. bei einem alten Sat-Bild kann man noch ein paar Abfahrtsschneisen besser erkennen<\/p>\n<p>Ich fuhr noch nach St. Gree, aber das kommt dann im n\u00e4chsten Bericht.<\/p>\n<p>Zudem verweise ich noch auf meine vorherigen Berichte. Unten in der Fu\u00dfzeile auf &#8220;Garessio&#8221; klicken.<\/p>\n<p><a href='http:\/\/ski.inmontanis.info\/d\/173441-3\/DSC09511.jpg'><img src=http:\/\/ski.inmontanis.info\/d\/173440-4\/DSC09511.jpg \/><\/a><br \/>\n^ 2014<\/p>\n<p><a href='http:\/\/ski.inmontanis.info\/d\/56976-3\/P1250210.JPG'><img src=http:\/\/ski.inmontanis.info\/d\/56975-4\/P1250210.JPG \/><\/a><br \/>\n^ Ex-KSSL \/ Ex-SSL, 2008<\/p>\n<p><a href='http:\/\/extra.inmontanis.info\/d\/98664-2\/ge20230101-0219g.jpg'><img src=http:\/\/extra.inmontanis.info\/d\/98663-3\/ge20230101-0219g.jpg \/><\/a><br \/>\n^ Fahrstrecke und POIs 1.1.-19.2.2023, ca. 3640km<br \/>\n(Wenn ich mir die Karte so ansehe, m\u00fcsste es bei der Heimfahrt schon sehr gute Gr\u00fcnde geben, dass ich dann nochmals in die Westalpen oder bis nach Frankreich fahren wollen w\u00fcrde&#8230;.)<\/p>\n<p>A\tWeinebene 1.1.<br \/>\nB\tKoralpe<br \/>\nC\tPetzen<br \/>\nD\tHochrindl<br \/>\nE\tBad Kleinkirchheim<br \/>\nF\tGerlitzen<br \/>\nG\tNassfeld<br \/>\nH\tObertilliach<br \/>\nI\tHeiligenblut<br \/>\nJ\tSillian<br \/>\nK\tOga\/Isolaccia\/Valdidentro<br \/>\nL\tTeglio<br \/>\nM\tPescegallo<br \/>\nN\tVigezzo<br \/>\nO\tFouly \/ Liddes-Vicheres \/ Champex<br \/>\nP\tRoc d&#8217;Enfer St. Jean d&#8217;Aulps<br \/>\nQ\tAbondance<br \/>\nR\tThollon<br \/>\nS\tCordon<br \/>\nT\tSambuy<br \/>\nU\tAlbiez-Montrand &#038; Karellis<br \/>\nV\tSt. Pierre Chartreuse<br \/>\nW\tLans-en-Vercors<br \/>\nX\tFont d&#8217;Urle<br \/>\nY\tCol de Rousset<br \/>\nZ\tCol d&#8217;Ornon<br \/>\n1\tChazelet (La Grave)<br \/>\n2\tUsseglio<br \/>\n3\tPrali<br \/>\n4\tPian Mun\u00e9<br \/>\n5\tSampeyre<br \/>\n6\tMondole Artesina\/Prato Nevoso\/Frabosa<br \/>\n7\tSan Giacomo di Roburent<br \/>\n8\tLurisia<br \/>\n9\tGaressio<br \/>\n10\tViola St. Gree 20.2.<\/p>\n<p>.. puh, ganz sch\u00f6n viel ;)<\/p>\n","protected":false},"excerpt":{"rendered":"<p>So, 19.2.2023<\/p>\n<p>Kurz vor 9 Uhr kam ich im Skigebiet Garessio an und es war viel leerer als in Lurisia gestern, ok die hatten ja auch ein Skirennen dort. Wie erwartet ist der obere Kurven-SL noch nicht in Betrieb oder mittlerweile stillgelegt.<\/p>\n<p>Ich ging vorsichtshalber erst zur Kasse, wo es zwei \u00dcberraschungen gab: wenn man <a href=\"http:\/\/blog.inmontanis.info\/?p=8561\">[&#8230;]<\/a><\/p>\n","protected":false},"author":1,"featured_media":8566,"comment_status":"closed","ping_status":"closed","sticky":false,"template":"","format":"standard","meta":{"footnotes":""},"categories":[232,15,27,32],"tags":[38,90,63,48,77,47],"class_list":["post-8561","post","type-post","status-publish","format-standard","has-post-thumbnail","hentry","category-garessio","category-italienitaly","category-skifahren-winterskiing-winter","category-lostplaces","tag-dsb","tag-infrarot","tag-korblift","tag-kssl","tag-nebelmeer","tag-sl","odd"],"_links":{"self":[{"href":"http:\/\/blog.inmontanis.info\/index.php?rest_route=\/wp\/v2\/posts\/8561","targetHints":{"allow":["GET"]}}],"collection":[{"href":"http:\/\/blog.inmontanis.info\/index.php?rest_route=\/wp\/v2\/posts"}],"about":[{"href":"http:\/\/blog.inmontanis.info\/index.php?rest_route=\/wp\/v2\/types\/post"}],"author":[{"embeddable":true,"href":"http:\/\/blog.inmontanis.info\/index.php?rest_route=\/wp\/v2\/users\/1"}],"replies":[{"embeddable":true,"href":"http:\/\/blog.inmontanis.info\/index.php?rest_route=%2Fwp%2Fv2%2Fcomments&post=8561"}],"version-history":[{"count":4,"href":"http:\/\/blog.inmontanis.info\/index.php?rest_route=\/wp\/v2\/posts\/8561\/revisions"}],"predecessor-version":[{"id":8567,"href":"http:\/\/blog.inmontanis.info\/index.php?rest_route=\/wp\/v2\/posts\/8561\/revisions\/8567"}],"wp:featuredmedia":[{"embeddable":true,"href":"http:\/\/blog.inmontanis.info\/index.php?rest_route=\/wp\/v2\/media\/8566"}],"wp:attachment":[{"href":"http:\/\/blog.inmontanis.info\/index.php?rest_route=%2Fwp%2Fv2%2Fmedia&parent=8561"}],"wp:term":[{"taxonomy":"category","embeddable":true,"href":"http:\/\/blog.inmontanis.info\/index.php?rest_route=%2Fwp%2Fv2%2Fcategories&post=8561"},{"taxonomy":"post_tag","embeddable":true,"href":"http:\/\/blog.inmontanis.info\/index.php?rest_route=%2Fwp%2Fv2%2Ftags&post=8561"}],"curies":[{"name":"wp","href":"https:\/\/api.w.org\/{rel}","templated":true}]}}