{"id":856,"date":"2007-12-29T23:59:37","date_gmt":"2007-12-29T21:59:37","guid":{"rendered":"http:\/\/blog.inmontanis.info\/?p=856"},"modified":"2023-07-30T18:55:17","modified_gmt":"2023-07-30T16:55:17","slug":"sudelfeld-29-12-2007","status":"publish","type":"post","link":"http:\/\/blog.inmontanis.info\/?p=856","title":{"rendered":"Sudelfeld, 29.12.2007"},"content":{"rendered":"<p>In der reihe &#8220;urt\u00fcmlicher bayrischer Skigebiete&#8221; stand ja das Sudelfeld auch lange auf meinem Plan. Am Samstag, den 29.12., war es soweit. <!--more--><\/p>\n<p>Mit 1x4SB, 1x3SB, 1xESL und 14 SL (davon 3x parallel) ist es &#8220;deutschlands fl\u00e4chenm\u00e4\u00dfig gr\u00f6\u00dftes zusammenh\u00e4ngendes Skigebiet&#8221;. <\/p>\n<p>Nungut, bis man alle Abfahrtsvarianten durchgefahren ist, ist man auch fast den ganzen Tag unterwegs. <\/p>\n<p>Wartezeiten hielten sich in Grenzen, an einigen Liften zwar an &#038; \u00fcber 10 Minuten, aber man konnte ja zu anderen Liften weiterfahren. Ansonsten eher 0-1 Minuten. <\/p>\n<p>Schnee war teilweise recht grenzwertig wenig, die Lifte gr\u00f6\u00dftenteils recht kurz, der ESL leider ohne Fu\u00dfraster. <\/p>\n<p>Alles in Allem ganz nett, aber ein zweites Mal brauch ich&#8217;s so schnell nicht mehr. Etwas wehm\u00fctig hab ich ja schon zum Wendelstein raufgeschaut &#8230; <\/p>\n<p>Sehr negativ aufgefallen ist mir die hohe Anzahl an Verbotsschilder. An einigen SL h\u00e4ngen an mind. 70% der St\u00fctzen ein Aufkleber &#8220;GEFAHR! Aus der Spur fahren verboten&#8221;. Und zus\u00e4tzlich nochmal daneben nochmal handschriftlich auf einem Holzschild. Aua. <\/p>\n<p><em>[_de]Bilder anklicken zum Vergr\u00f6\u00dfern[\/_de]\u2028[_en]Click photos to enlarge[\/_en]<\/em><\/p>\n<p><a href='http:\/\/www.alpengallery.at.tf\/alpengallery\/d\/49291-1\/P1210549.JPG'><img src=http:\/\/www.alpengallery.at.tf\/alpengallery\/d\/49293-3\/P1210549.JPG \/><\/a><br \/>\n^ Pistenplan und Status. <\/p>\n<p><a href='http:\/\/www.alpengallery.at.tf\/alpengallery\/d\/49296-1\/P1210514.JPG'><img src=http:\/\/www.alpengallery.at.tf\/alpengallery\/d\/49298-3\/P1210514.JPG \/><\/a><br \/>\n^ Auffahrt zum SL Rosengasse (9) <\/p>\n<p><a href='http:\/\/www.alpengallery.at.tf\/alpengallery\/d\/49300-1\/P1210516.JPG'><img src=http:\/\/www.alpengallery.at.tf\/alpengallery\/d\/49302-3\/P1210516.JPG \/><\/a><br \/>\n^ Talstation SL Rosengasse (9) <\/p>\n<p><a href='http:\/\/www.alpengallery.at.tf\/alpengallery\/d\/49304-1\/P1210517.JPG'><img src=http:\/\/www.alpengallery.at.tf\/alpengallery\/d\/49306-3\/P1210517.JPG \/><\/a><br \/>\n^ Parkplatz SL Rosengasse (9) <\/p>\n<p><a href='http:\/\/www.alpengallery.at.tf\/alpengallery\/d\/49308-1\/P1210518.JPG'><img src=http:\/\/www.alpengallery.at.tf\/alpengallery\/d\/49310-3\/P1210518.JPG \/><\/a><br \/>\n^ SL Rosengasse (9), oberer Teil, mit der steilsten, schwarzen Abfahrt im Skigebiet <\/p>\n<p><a href='http:\/\/www.alpengallery.at.tf\/alpengallery\/d\/49312-1\/P1210520.JPG'><img src=http:\/\/www.alpengallery.at.tf\/alpengallery\/d\/49314-3\/P1210520.JPG \/><\/a><br \/>\n^ SL Vogelsang (10), zum h\u00f6chsten Punkt des Skigebiets (ca. 1.560m) <\/p>\n<p><a href='http:\/\/www.alpengallery.at.tf\/alpengallery\/d\/49316-1\/P1210521.JPG'><img src=http:\/\/www.alpengallery.at.tf\/alpengallery\/d\/49318-3\/P1210521.JPG \/><\/a><br \/>\n^ 4SB Kitzlahner (2) und rechts dahinter der Wendelstein <\/p>\n<p><a href='http:\/\/www.alpengallery.at.tf\/alpengallery\/d\/49320-1\/P1210524.JPG'><img src=http:\/\/www.alpengallery.at.tf\/alpengallery\/d\/49322-3\/P1210524.JPG \/><\/a><br \/>\n^ Oberes Sudelfeld, vlnr: 4SB Kitzlahner (2), SL Oberes Sudelfeld (12), Bergstation SL Rosengasse (9) und dar\u00fcber Bergstation Doppel-SL Sudelfeldkopf (3) <\/p>\n<p><a href='http:\/\/www.alpengallery.at.tf\/alpengallery\/d\/49324-1\/P1210529.JPG'><img src=http:\/\/www.alpengallery.at.tf\/alpengallery\/d\/49326-3\/P1210529.JPG \/><\/a><br \/>\n^ Talstation Doppel-SL Sudelfeldkopf (3). Trotz gro\u00dfem Andrang wurde der linke SL erst zu Mittag in Betrieb genommen &#8230; aber man musste es ja nicht fahren, man kommt hier ja weiter zu den n\u00e4chsten SL .. <\/p>\n<p><a href='http:\/\/www.alpengallery.at.tf\/alpengallery\/d\/49328-1\/P1210530.JPG'><img src=http:\/\/www.alpengallery.at.tf\/alpengallery\/d\/49330-3\/P1210530.JPG \/><\/a><br \/>\n^ Mittleres\/Oberes Sudelfeld. Links oben: 3SB Sch\u00f6ngrat (16), Doppel-SL Sudelfeldkopf (3), Bildmitte die 2 dzt. stillgelegten SL Mittleres Sudelfeld (6) und SL Platten (7), rechts die 4SB Kitzlahner (2) <\/p>\n<p><a href='http:\/\/www.alpengallery.at.tf\/alpengallery\/d\/49332-1\/P1210532.JPG'><img src=http:\/\/www.alpengallery.at.tf\/alpengallery\/d\/49334-3\/P1210532.JPG \/><\/a><br \/>\n^ SL Oswald (8) <\/p>\n<p><a href='http:\/\/www.alpengallery.at.tf\/alpengallery\/d\/49336-1\/P1210533.JPG'><img src=http:\/\/www.alpengallery.at.tf\/alpengallery\/d\/49338-3\/P1210533.JPG \/><\/a><br \/>\n^ 3SB Sch\u00f6ngrat (16) <\/p>\n<p><a href='http:\/\/www.alpengallery.at.tf\/alpengallery\/d\/49340-1\/P1210534.JPG'><img src=http:\/\/www.alpengallery.at.tf\/alpengallery\/d\/49342-3\/P1210534.JPG \/><\/a><br \/>\n^ 3SB Sch\u00f6ngrat (16), rechts dr\u00fcber Doppel-SL Sudelfeldkopf (3). Schneeverh\u00e4ltnisse mager bis grenzwertig in diesem oberen Teil, drunter war es wesentlich besser&#8230; <\/p>\n<p><a href='http:\/\/www.alpengallery.at.tf\/alpengallery\/d\/49344-1\/P1210535.JPG'><img src=http:\/\/www.alpengallery.at.tf\/alpengallery\/d\/49346-3\/P1210535.JPG \/><\/a><br \/>\n^ Abfahrt 3SB Sch\u00f6ngrat (w\u00e4re weiter links) <\/p>\n<p><a href='http:\/\/www.alpengallery.at.tf\/alpengallery\/d\/49348-1\/P1210536.JPG'><img src=http:\/\/www.alpengallery.at.tf\/alpengallery\/d\/49350-3\/P1210536.JPG \/><\/a><br \/>\n^ Blick zum SL Rosengasse mit Abfahrt und Skiweg vom 3SB Sch\u00f6ngrat <\/p>\n<p><a href='http:\/\/www.alpengallery.at.tf\/alpengallery\/d\/49352-1\/P1210537.JPG'><img src=http:\/\/www.alpengallery.at.tf\/alpengallery\/d\/49354-3\/P1210537.JPG \/><\/a><br \/>\n^ Bergstation ESL Bayrischzell (1) und Talstation 4SB Kitzlahner (2), an der es bis ca. 14 Uhr Wartezeiten von +- 10 Minuten gab. Bins daher auch erst am sp\u00e4teren Nachmittag gefahren &#8230; <\/p>\n<p><a href='http:\/\/www.alpengallery.at.tf\/alpengallery\/d\/49356-1\/P1210538.JPG'><img src=http:\/\/www.alpengallery.at.tf\/alpengallery\/d\/49358-3\/P1210538.JPG \/><\/a><br \/>\n^ Schwarze Talabfahrt Bayrischzell <\/p>\n<p><a href='http:\/\/www.alpengallery.at.tf\/alpengallery\/d\/49360-1\/P1210540.JPG'><img src=http:\/\/www.alpengallery.at.tf\/alpengallery\/d\/49362-3\/P1210540.JPG \/><\/a><br \/>\n^ Schwarze Talabfahrt Bayrischzell <\/p>\n<p><a href='http:\/\/www.alpengallery.at.tf\/alpengallery\/d\/49364-1\/P1210541.JPG'><img src=http:\/\/www.alpengallery.at.tf\/alpengallery\/d\/49366-3\/P1210541.JPG \/><\/a><br \/>\n^ Ich fand den Hang ja genial, aber manch einer hat sogar abgeschnallt :) Wobei der steinige Teil der Talabfahrt erst weiter unten kam &#8230; <\/p>\n<p><a href='http:\/\/www.alpengallery.at.tf\/alpengallery\/d\/49368-1\/P1210542.JPG'><img src=http:\/\/www.alpengallery.at.tf\/alpengallery\/d\/49370-3\/P1210542.JPG \/><\/a><br \/>\n^ Variante an der Talabfahrt zum ESL. Sehr nettes, aber sehr kurzes Hangerl &#8230; <\/p>\n<p><a href='http:\/\/www.alpengallery.at.tf\/alpengallery\/d\/49372-1\/P1210543.JPG'><img src=http:\/\/www.alpengallery.at.tf\/alpengallery\/d\/49374-3\/P1210543.JPG \/><\/a><br \/>\n^ Talabfahrt &#8211; der Wegteil war doch schon stark grenzwertig &#8211; und zur Abwechslung hier und da nicht nur Erdklumpen, sondern auch Steinchen &#8230; <\/p>\n<p><a href='http:\/\/www.alpengallery.at.tf\/alpengallery\/d\/49376-1\/P1210566.JPG'><img src=http:\/\/www.alpengallery.at.tf\/alpengallery\/d\/49378-3\/P1210566.JPG \/><\/a><br \/>\n^ Noch eine Variante an der Talabfahrt zum ESL: Ein schmaler Skiweg. Starlistyle ;) <\/p>\n<p><a href='http:\/\/www.alpengallery.at.tf\/alpengallery\/d\/49380-1\/P1210544.JPG'><img src=http:\/\/www.alpengallery.at.tf\/alpengallery\/d\/49382-3\/P1210544.JPG \/><\/a><br \/>\n^ Talstation ESL (1) <\/p>\n<p><a href='http:\/\/www.alpengallery.at.tf\/alpengallery\/d\/49384-1\/P1210545.JPG'><img src=http:\/\/www.alpengallery.at.tf\/alpengallery\/d\/49386-3\/P1210545.JPG \/><\/a><br \/>\n^ Strecke ESL <\/p>\n<p><a href='http:\/\/www.alpengallery.at.tf\/alpengallery\/d\/49388-1\/P1210546.JPG'><img src=http:\/\/www.alpengallery.at.tf\/alpengallery\/d\/49390-3\/P1210546.JPG \/><\/a><br \/>\n^ Strecke ESL mit Talstation <\/p>\n<p><a href='http:\/\/www.alpengallery.at.tf\/alpengallery\/d\/49392-1\/P1210548.JPG'><img src=http:\/\/www.alpengallery.at.tf\/alpengallery\/d\/49394-3\/P1210548.JPG \/><\/a><br \/>\n^ Oberer Teil \/ Bergstation ESL. Dummerweise hat der ESL keine Fu\u00dfraster, was doch recht anstrengend ist &#8230; <\/p>\n<p><a href='http:\/\/www.alpengallery.at.tf\/alpengallery\/d\/49396-1\/P1210568.JPG'><img src=http:\/\/www.alpengallery.at.tf\/alpengallery\/d\/49398-3\/P1210568.JPG \/><\/a><br \/>\n^ Bergstation ESL (1) <\/p>\n<p><a href='http:\/\/www.alpengallery.at.tf\/alpengallery\/d\/49400-1\/P1210550.JPG'><img src=http:\/\/www.alpengallery.at.tf\/alpengallery\/d\/49402-3\/P1210550.JPG \/><\/a><br \/>\n^ links SL Unteres Sudelfeld (14), Doppel-SL Wedel (13), SL Waldkopf 3 (15, nicht in Betrieb) <\/p>\n<p><a href='http:\/\/www.alpengallery.at.tf\/alpengallery\/d\/49404-1\/P1210553.JPG'><img src=http:\/\/www.alpengallery.at.tf\/alpengallery\/d\/49406-3\/P1210553.JPG \/><\/a><br \/>\n^ vorne Doppel-SL Wedel (13), Gegenhang Doppel-SL Waldkopf (4), SL Waldkopf 3 (15), SL Unteres Sudelfeld (14) <\/p>\n<p><a href='http:\/\/www.alpengallery.at.tf\/alpengallery\/d\/49408-1\/P1210554.JPG'><img src=http:\/\/www.alpengallery.at.tf\/alpengallery\/d\/49410-3\/P1210554.JPG \/><\/a><br \/>\n^ Unteres Sudelfeld, links Doppel-SL Wedel (13), vorne SL Unt. Sudelfeld (14), dahinter die 3 Waldkopf-Lifte (4, 15) <\/p>\n<p><a href='http:\/\/www.alpengallery.at.tf\/alpengallery\/d\/49412-1\/P1210556.JPG'><img src=http:\/\/www.alpengallery.at.tf\/alpengallery\/d\/49414-3\/P1210556.JPG \/><\/a><br \/>\n^ Rechts in der Mulde SL Ranken (5), dahinter nach rechts hinaufgehend SL Grafenherberg (11) <\/p>\n<p><a href='http:\/\/www.alpengallery.at.tf\/alpengallery\/d\/49416-1\/P1210560.JPG'><img src=http:\/\/www.alpengallery.at.tf\/alpengallery\/d\/49418-3\/P1210560.JPG \/><\/a><br \/>\n^ Kurven-SL Ranken (5) <\/p>\n<p><a href='http:\/\/www.alpengallery.at.tf\/alpengallery\/d\/49420-1\/P1210569.JPG'><img src=http:\/\/www.alpengallery.at.tf\/alpengallery\/d\/49422-3\/P1210569.JPG \/><\/a><br \/>\n^ 4SB Kitzlahner (2) von LST <\/p>\n<p><a href='http:\/\/www.alpengallery.at.tf\/alpengallery\/d\/49424-1\/P1210570.JPG'><img src=http:\/\/www.alpengallery.at.tf\/alpengallery\/d\/49426-3\/P1210570.JPG \/><\/a><br \/>\n^ Abfahrt Sch\u00f6ner Tobel an der 3SB  <\/p>\n<p><a href='http:\/\/www.alpengallery.at.tf\/alpengallery\/d\/49428-1\/P1210572.JPG'><img src=http:\/\/www.alpengallery.at.tf\/alpengallery\/d\/49430-3\/P1210572.JPG \/><\/a><br \/>\n^ Durchfahrt verboten? \u00c4h, muss ich jetzt aussteigen? Mach ich mich strafbar? <\/p>\n<p><a href='http:\/\/www.alpengallery.at.tf\/alpengallery\/d\/49432-1\/P1210573.JPG'><img src=http:\/\/www.alpengallery.at.tf\/alpengallery\/d\/49434-3\/P1210573.JPG \/><\/a><br \/>\n^ An jedem 2. SL steht an 50% der St\u00fctzen &quot;Gefahr! Nicht aus der Spur fahren&quot;. Und auch sonst geizt man hier nicht mit Verbotsschilder. Hab noch nie in einem Skigebiet so viel Verbotsschilder gesehen. Boah, nerv!! <\/p>\n<p><a href='http:\/\/www.alpengallery.at.tf\/alpengallery\/d\/49436-1\/P1210576.JPG'><img src=http:\/\/www.alpengallery.at.tf\/alpengallery\/d\/49438-3\/P1210576.JPG \/><\/a><br \/>\n^ Abendstimmung <\/p>\n<p><a href='http:\/\/www.alpengallery.at.tf\/alpengallery\/d\/49440-1\/P1210578.JPG'><img src=http:\/\/www.alpengallery.at.tf\/alpengallery\/d\/49442-3\/P1210578.JPG \/><\/a><br \/>\n^ Abendstimmung mit 4SB Kitzlahner <\/p>\n<p><a href='http:\/\/www.alpengallery.at.tf\/alpengallery\/d\/49444-1\/P1210579.JPG'><img src=http:\/\/www.alpengallery.at.tf\/alpengallery\/d\/49446-3\/P1210579.JPG \/><\/a><br \/>\n^ Abendstimmung <\/p>\n<p>Wendelstein: <\/p>\n<p><a href='http:\/\/www.alpengallery.at.tf\/alpengallery\/d\/49274-1\/P1210561.JPG'><img src=http:\/\/www.alpengallery.at.tf\/alpengallery\/d\/49276-3\/P1210561.JPG \/><\/a><br \/>\n^ Wendelstein, vom Sudelfeld gezoomt <\/p>\n<p><a href='http:\/\/www.alpengallery.at.tf\/alpengallery\/d\/49278-1\/P1210562.JPG'><img src=http:\/\/www.alpengallery.at.tf\/alpengallery\/d\/49280-3\/P1210562.JPG \/><\/a><br \/>\n^ SL Bockstein, gezoomt vom Sudelfeld. Da war wohl recht wenig los heute &#8230; <\/p>\n<p><a href='http:\/\/www.alpengallery.at.tf\/alpengallery\/d\/49282-1\/P1210565.JPG'><img src=http:\/\/www.alpengallery.at.tf\/alpengallery\/d\/49284-3\/P1210565.JPG \/><\/a><br \/>\n^ Wendelstein &#8211; Gipfelzoom vom Sudelfeld <\/p>\n<p><a href='http:\/\/www.alpengallery.at.tf\/alpengallery\/d\/49286-1\/P1210582.JPG'><img src=http:\/\/www.alpengallery.at.tf\/alpengallery\/d\/49288-3\/P1210582.JPG \/><\/a><br \/>\n^ Zoom Wendelstein-Gipfel vom Sudelfeld im Abendlicht <\/p>\n<p><a href='http:\/\/www.alpengallery.at.tf\/alpengallery\/d\/49448-1\/sudelfeld-ge.jpg'><img src=http:\/\/www.alpengallery.at.tf\/alpengallery\/d\/49450-3\/sudelfeld-ge.jpg \/><\/a><br \/>\n^ GPS-Track <\/p>\n","protected":false},"excerpt":{"rendered":"<p>In der reihe &#8220;urt\u00fcmlicher bayrischer Skigebiete&#8221; stand ja das Sudelfeld auch lange auf meinem Plan. Am Samstag, den 29.12., war es soweit. <\/p>\n<p> <a href=\"http:\/\/blog.inmontanis.info\/?p=856\">[&#8230;]<\/a><\/p>\n","protected":false},"author":1,"featured_media":0,"comment_status":"open","ping_status":"closed","sticky":false,"template":"","format":"standard","meta":{"footnotes":""},"categories":[12,24,59,27,278],"tags":[55,49,35,47],"class_list":["post-856","post","type-post","status-publish","format-standard","hentry","category-germany","category-tagestour","category-nostalgie","category-skifahren-winterskiing-winter","category-sudelfeld","tag-3sb","tag-4sb","tag-esl","tag-sl","odd"],"_links":{"self":[{"href":"http:\/\/blog.inmontanis.info\/index.php?rest_route=\/wp\/v2\/posts\/856","targetHints":{"allow":["GET"]}}],"collection":[{"href":"http:\/\/blog.inmontanis.info\/index.php?rest_route=\/wp\/v2\/posts"}],"about":[{"href":"http:\/\/blog.inmontanis.info\/index.php?rest_route=\/wp\/v2\/types\/post"}],"author":[{"embeddable":true,"href":"http:\/\/blog.inmontanis.info\/index.php?rest_route=\/wp\/v2\/users\/1"}],"replies":[{"embeddable":true,"href":"http:\/\/blog.inmontanis.info\/index.php?rest_route=%2Fwp%2Fv2%2Fcomments&post=856"}],"version-history":[{"count":4,"href":"http:\/\/blog.inmontanis.info\/index.php?rest_route=\/wp\/v2\/posts\/856\/revisions"}],"predecessor-version":[{"id":860,"href":"http:\/\/blog.inmontanis.info\/index.php?rest_route=\/wp\/v2\/posts\/856\/revisions\/860"}],"wp:attachment":[{"href":"http:\/\/blog.inmontanis.info\/index.php?rest_route=%2Fwp%2Fv2%2Fmedia&parent=856"}],"wp:term":[{"taxonomy":"category","embeddable":true,"href":"http:\/\/blog.inmontanis.info\/index.php?rest_route=%2Fwp%2Fv2%2Fcategories&post=856"},{"taxonomy":"post_tag","embeddable":true,"href":"http:\/\/blog.inmontanis.info\/index.php?rest_route=%2Fwp%2Fv2%2Ftags&post=856"}],"curies":[{"name":"wp","href":"https:\/\/api.w.org\/{rel}","templated":true}]}}