{"id":8552,"date":"2023-02-18T19:46:33","date_gmt":"2023-02-18T18:46:33","guid":{"rendered":"http:\/\/blog.inmontanis.info\/?p=8552"},"modified":"2023-02-21T20:40:40","modified_gmt":"2023-02-21T19:40:40","slug":"lurisia-18-2-2023-nostalschi","status":"publish","type":"post","link":"http:\/\/blog.inmontanis.info\/?p=8552","title":{"rendered":"Lurisia, 18.2.2023 &#8212; Nostalschi"},"content":{"rendered":"<p><strong>Sa, 18.2.2023<\/strong><\/p>\n<p>Eigentlich zu p\u00fcnktlich war ich um 8:40 schon an der Talstation in Luriisa, um festzustellen, dass die oberen Parkpl\u00e4tze doch schon recht voll sind &#8211; und italientypisch nat\u00fcrlich wieder kompett bescheuert l\u00e4ngs in der Mitte geparkt wird, obwohl genug Platz zum Querparken gewesen w\u00e4re, also stellte ich mich in 2. Reihe eben quer hin. Sogar ein kuzer, alter Fiat stellte sich dann neben mich trotzdem noch l\u00e4ngs hin &#8211; obwohl sich mehr h\u00e4tten hinstellen k\u00f6nnen, wenn er sich einfach neben mich gestellt h\u00e4tte. <\/p>\n<p>Man k\u00f6nnte meinen, Italiener schalten ihr Gehirn aus, sobald sie in ihrem Auto sitzen. Oder das sinnlose Handeln steckt ihnen im Blut. Man wei\u00df es nicht.<\/p>\n<p>Wenigstens kann dann neben mir keiner mehr in dritter Reihe parken, wie es sonst h\u00e4tte passieren k\u00f6nnen.<\/p>\n<p>Als ich dann angezogen vom Auto wegging, kam mal wieder eine mit einem kleinen Auto, hab ihr angedeutet, sie solle sich neben mich hinstellen, weil der n\u00e4chste so ewig viel Platz gelassen hat, wollte sie aber nicht und fuhr lieber runter zu den anderen Pl\u00e4tzen. Ok, man muss auch sagen, dass es nachmittags hier sehr matschig war, aber da gab&#8217;s noch wesentlich schlechtere Pl\u00e4tze auf dieser Ebene.<\/p>\n<p>Die Talabfahrt war nicht pr\u00e4pariert, also nicht offen. Sollte also gehen, aber vielleicht wegen Vereisung nicht zu fr\u00fch fahren. An der Talstation steht neuerdings ein handgeschriebener Zettel, wo man seinen Rucksack haben und nicht haben sollte. Kapierte ich nicht, einerseits wegen der W\u00f6rter, aber dann auch sonst nicht, weil der Liftler mir zu bedeuten gab, ich solle ja mit der linken Hand dien Griff an der Kabine halten beim Einsteigen, also kann ich ja nicht den Rucksack und\/oder die Stecken in der Hand halten, hab ja mal nur 2 H\u00e4nde, 2 Stecken plus halb runtergenommener Rucksack geht maximal auf der linken Seite bei mir. Ganz runter genommener Rucksack plus Stecken in einer Hand geht nicht. <\/p>\n<p>Also Rucksack wieder auf den R\u00fccken und gut wars, keiner hat sich beschwert, auch nicht bei den n\u00e4chsten Fahrten.<\/p>\n<p>Am Monte Catria, wo es, als ich dort zuletzt war, ja noch den Korblift gab, hat man diesen ja, wie hier in Lurisia damals, aber eben sp\u00e4ter, auch mit so einem 2er CCM-Gondellift mit den gleichen Kabinen ersetzt. Dann waren sie nicht zufrieden, weil sie wohl mit einer kuppelbaren Bahn gerechnet hatten und ihnen der Lift somit am Ein\/Ausstieg zu schnell war. Danach wurde er zu einer GUB umgebaut. Keine Ahnung, wiviel Gruppen \u00e0 wieviel Kabinen, aber seit dem wurde ja oben eine 3SB und eine 4SB gebaut (vmtl. gebraucht), aber trotzdem einerseits enorme Kosten, daf\u00fcr, dass die Skisaison oft sehr kurz ist, andererseits mit dem vmtl. sehr schwachen Zubringer doppelt erstaunlich&#8230; <\/p>\n<p>Hier in Lurisia sind ja nur noch 2 Haupt- und 1 \u00dcbungs-SL offen, da kann es trotz des Zubringers zu l\u00e4ngeren Wartezeiten kommen, wenn die Talabfahrt nicht offen ist. Der Rest vom Skigebiet ist ja leider geschlossen, aber zum Gl\u00fcck l\u00e4uft noch der SL Genzianella und zusammen mit den anderen SL kann man ja nach wie vor alles auf der rechten Skigebitestsseite fahren, nur eben die DSB-SL-Seite links geht gar nicht mehr.<\/p>\n<p>Hatte vergessen, Cola nachzuf\u00fcllen, also fuhr ich vor Mittag die Talabfahrt und zum Auto, lie\u00df dann auch die IR-Cam im Auto. Da war tats\u00e4chlich mittlerweile ein Auto neben mir gestanden. Der Tourengeher fuhr wohl gerade vor mir die Talabfahrt und dann mit dem Auto wieder weg. Zum Schluss war wieder ein Auto neben mir. Geht doch.<\/p>\n<p>Der 2er Gondellift f\u00e4hrt langsam und lang genug, dass man sch\u00f6n ausruhen und essen kann. Es gibt ja eine kleine Holzbank zum seitlich sitzen.<\/p>\n<p>W\u00e4hrend es bei mir auch heute wieder wolkenlos sonnig war, sah man, wie schon die letzten Tage, die Wolken oder eine Hochnebdeldecke \u00fcber dem n\u00f6rdlichen Appennin bzw. \u00fcber dem Meer um Genua. Vermutlich werd ich auch n\u00e4chste Woche dort nicht mehr so sonniges Wetter haben. Naja, in den letzten 4 Wochen oder so hatte ich ja bis auf ein, zwei Tage zu Beginn (und wenn ich nicht gerade unter dem genfer Nebelmeer war) immer Sonne, ist ja schon unversch\u00e4mtes Gl\u00fcck, so lang so sch\u00f6nes Wetter zu haben, aber meist wird&#8217;s daf\u00fcr dann zu Saisonschluss schlechter.<\/p>\n<p>\u00dcberhaupt, eine ganze Woche im Bereich Cuneo\/Mondovi, meiner quasi Lieblingsskiregion, bei angenehm sonnigem Wetter Ski fahren zu k\u00f6nnen, macht viel wieder gut.<\/p>\n<p>Das bisschen Lauferei st\u00f6rt ja nicht f\u00fcr die sch\u00f6ne Talabfahrt und die anschlie\u00dfende Pause im Gondellift, daher um 14h nochmals runter und wieder rauf gefahren.<\/p>\n<p><a href='http:\/\/extra.inmontanis.info\/d\/98652-2\/DSC01813.jpg'><img src=http:\/\/extra.inmontanis.info\/d\/98651-3\/DSC01813.jpg \/><\/a><br \/>\n^ Schwedisches Polarbr\u00f6d (aus Frankreich) und mein letzter Rentier-Tubenk\u00e4se aus Schweden<\/p>\n<p><a href='http:\/\/extra.inmontanis.info\/d\/98656-2\/DSC01814.jpg'><img src=http:\/\/extra.inmontanis.info\/d\/98655-3\/DSC01814.jpg \/><\/a><br \/>\n^ Campingplatz der letzten Tage<\/p>\n<p><a href='http:\/\/ski.inmontanis.info\/d\/313396-2\/DSC01815.jpg'><img src=http:\/\/ski.inmontanis.info\/d\/313395-3\/DSC01815.jpg \/><\/a><br \/>\n^ Parkplatz, hier h\u00e4tte man mindestens eine Reihe in der Mitte quer parken k\u00f6nnen, aber nein, nicht mal als ich mich als einziger so hingestellt hatte &#8230;<\/p>\n<p><a href='http:\/\/ski.inmontanis.info\/d\/313400-2\/DSC01816.jpg'><img src=http:\/\/ski.inmontanis.info\/d\/313399-3\/DSC01816.jpg \/><\/a><br \/>\n^ .. derweil die Italiener auf diesem Parkplatz nicht nur quer parken k\u00f6nnen, sondern so eng, dass die unteren linken Fahrzeuge wohl nur schwer rauskommen &#8211; und durch diese schmale Gasse musste sp\u00e4ter auch noch ein Krankenwagen fahren (eines der Rennkids) &#8230;<\/p>\n<p><a href='http:\/\/ski.inmontanis.info\/d\/313404-2\/DSC01818.jpg'><img src=http:\/\/ski.inmontanis.info\/d\/313403-3\/DSC01818.jpg \/><\/a><br \/>\n^ Die stillgelegte Marchisio-DSB, einst zweiter Zubringer, zu dem linken Skigebietsteil, steht auch noch. \u00dcberhaupt die sch\u00f6nste Marchisio-DSB-Talstation. Die Metallsitze waren nat\u00fcrlich etwas kalt.<\/p>\n<p><a href='http:\/\/ski.inmontanis.info\/d\/313408-2\/DSC01824.jpg'><img src=http:\/\/ski.inmontanis.info\/d\/313407-3\/DSC01824.jpg \/><\/a><br \/>\n^ Die sch\u00f6nen Marchisio-Bergstationen der SL Margherita und Betulla<\/p>\n<p><a href='http:\/\/ski.inmontanis.info\/d\/313412-2\/DSC01825.jpg'><img src=http:\/\/ski.inmontanis.info\/d\/313411-3\/DSC01825.jpg \/><\/a><br \/>\n^ SL Genzianella f\u00e4hrt auch noch, sch\u00f6n<\/p>\n<p><a href='http:\/\/ski.inmontanis.info\/d\/313416-2\/DSC01827.jpg'><img src=http:\/\/ski.inmontanis.info\/d\/313415-3\/DSC01827.jpg \/><\/a><br \/>\n^ Alle 3 SL haben noch Stahlseil an den Tellern<\/p>\n<p><a href='http:\/\/ski.inmontanis.info\/d\/313420-2\/DSC01829.jpg'><img src=http:\/\/ski.inmontanis.info\/d\/313419-3\/DSC01829.jpg \/><\/a><br \/>\n^ Der sch\u00f6ne Marchisio-SL Genzianella<\/p>\n<p><a href='http:\/\/ski.inmontanis.info\/d\/313424-2\/DSC01831.jpg'><img src=http:\/\/ski.inmontanis.info\/d\/313423-3\/DSC01831.jpg \/><\/a><br \/>\n^ Pano mit SL Genzianella<\/p>\n<p><a href='http:\/\/ski.inmontanis.info\/d\/313428-2\/DSC01833.jpg'><img src=http:\/\/ski.inmontanis.info\/d\/313427-3\/DSC01833.jpg \/><\/a><br \/>\n^ SL Margherita und dar\u00fcber SL Genzianella<\/p>\n<p><a href='http:\/\/ski.inmontanis.info\/d\/313432-2\/DSC01835.jpg'><img src=http:\/\/ski.inmontanis.info\/d\/313431-3\/DSC01835.jpg \/><\/a><br \/>\n^ SL Genzianella und aufgest\u00e4ndertes F\u00f6rderband<\/p>\n<p><a href='http:\/\/ski.inmontanis.info\/d\/313436-2\/DSC01836.jpg'><img src=http:\/\/ski.inmontanis.info\/d\/313435-3\/DSC01836.jpg \/><\/a><br \/>\n^ Die Abfahrt links vom SL Betulla war auch nicht immer offen\/pr\u00e4pariert<\/p>\n<p><a href='http:\/\/ski.inmontanis.info\/d\/313440-2\/DSC01839.jpg'><img src=http:\/\/ski.inmontanis.info\/d\/313439-3\/DSC01839.jpg \/><\/a><br \/>\n^ Von der Au\u00dfenrumabfahrt zur Talstation SL Genzianella \/ Gondellift und dahinter der stillgelegte Sektor<\/p>\n<p><a href='http:\/\/ski.inmontanis.info\/d\/313444-2\/DSC01840.jpg'><img src=http:\/\/ski.inmontanis.info\/d\/313443-3\/DSC01840.jpg \/><\/a><br \/>\n^ Die sch\u00f6ne Au\u00dfenrumabfahrt am Grat entlang<\/p>\n<p><a href='http:\/\/ski.inmontanis.info\/d\/313448-2\/DSC01841.jpg'><img src=http:\/\/ski.inmontanis.info\/d\/313447-3\/DSC01841.jpg \/><\/a><br \/>\n^ SL Pineta, leider stillgelegt. Daher muss man von hier aus via Skiweg zum SL Betulla, dann entweder aufsteigen oder den SL Margherita nehmen und dann kommt man mit dem SL Genzianella zur Bergstation von diesem gelben SL<\/p>\n<p><a href='http:\/\/ski.inmontanis.info\/d\/313452-2\/DSC01844.jpg'><img src=http:\/\/ski.inmontanis.info\/d\/313451-3\/DSC01844.jpg \/><\/a><br \/>\n^ Gondellift und SL Betulla<\/p>\n<p><a href='http:\/\/ski.inmontanis.info\/d\/313456-2\/DSC01847.jpg'><img src=http:\/\/ski.inmontanis.info\/d\/313455-3\/DSC01847.jpg \/><\/a><br \/>\n^ SL Pineta<\/p>\n<p><a href='http:\/\/ski.inmontanis.info\/d\/313460-2\/DSC05059.jpg'><img src=http:\/\/ski.inmontanis.info\/d\/313459-3\/DSC05059.jpg \/><\/a><br \/>\n^ IR-Zoom zum Monte Rosa<\/p>\n<p><a href='http:\/\/ski.inmontanis.info\/d\/313464-2\/DSC05060.jpg'><img src=http:\/\/ski.inmontanis.info\/d\/313463-3\/DSC05060.jpg \/><\/a><br \/>\n^ Cuneo und Monviso<\/p>\n<p><a href='http:\/\/ski.inmontanis.info\/d\/313468-2\/DSC01849.jpg'><img src=http:\/\/ski.inmontanis.info\/d\/313467-3\/DSC01849.jpg \/><\/a><br \/>\n^ Die sch\u00f6ne Talabfahrt verl\u00e4uft auch etwas grat-m\u00e4\u00dfig<\/p>\n<p><a href='http:\/\/ski.inmontanis.info\/d\/313472-2\/DSC01852.jpg'><img src=http:\/\/ski.inmontanis.info\/d\/313471-3\/DSC01852.jpg \/><\/a><br \/>\n^ Weiter unten musste man ein St\u00fcck abschnallen<\/p>\n<p><a href='http:\/\/ski.inmontanis.info\/d\/313476-2\/DSC01854.jpg'><img src=http:\/\/ski.inmontanis.info\/d\/313475-3\/DSC01854.jpg \/><\/a><br \/>\n^ Gondelkabine mit Holzsitz<\/p>\n<p><a href='http:\/\/ski.inmontanis.info\/d\/313480-2\/DSC01856.jpg'><img src=http:\/\/ski.inmontanis.info\/d\/313479-3\/DSC01856.jpg \/><\/a><br \/>\n^ Skipass<\/p>\n<p><a href='http:\/\/ski.inmontanis.info\/d\/313484-2\/DSC01857.jpg'><img src=http:\/\/ski.inmontanis.info\/d\/313483-3\/DSC01857.jpg \/><\/a><br \/>\n^ SL Betulla und Gondellift<\/p>\n<p><a href='http:\/\/ski.inmontanis.info\/d\/313488-2\/DSC01865.jpg'><img src=http:\/\/ski.inmontanis.info\/d\/313487-3\/DSC01865.jpg \/><\/a><br \/>\n^ Mehrere Abfahrten waren allerdings nicht pr\u00e4pariert<\/p>\n<p><a href='http:\/\/ski.inmontanis.info\/d\/313492-2\/DSC01864.jpg'><img src=http:\/\/ski.inmontanis.info\/d\/313491-3\/DSC01864.jpg \/><\/a><br \/>\n^ Die urige Waldvariante in Verl\u00e4ngerung geht wohl auch (bald) nicht mehr &#8211; unten sah man auch umgest\u00fcrzte B\u00e4ume<\/p>\n<p><a href='http:\/\/ski.inmontanis.info\/d\/313496-2\/DSC01866.jpg'><img src=http:\/\/ski.inmontanis.info\/d\/313495-3\/DSC01866.jpg \/><\/a><br \/>\n^ SL Pineta<\/p>\n<p><a href='http:\/\/ski.inmontanis.info\/d\/313500-2\/DSC01869.jpg'><img src=http:\/\/ski.inmontanis.info\/d\/313499-3\/DSC01869.jpg \/><\/a><br \/>\n^ SL Betulla, Gondellift und SL Genzianella<\/p>\n<p><a href='http:\/\/ski.inmontanis.info\/d\/313504-2\/DSC01870.jpg'><img src=http:\/\/ski.inmontanis.info\/d\/313503-3\/DSC01870.jpg \/><\/a><br \/>\n^ SL Betulla und Gondellift<\/p>\n<p><a href='http:\/\/ski.inmontanis.info\/d\/313508-2\/DSC01872.jpg'><img src=http:\/\/ski.inmontanis.info\/d\/313507-3\/DSC01872.jpg \/><\/a><br \/>\n^ SL Betulla und Gondellift<\/p>\n<p><a href='http:\/\/ski.inmontanis.info\/d\/313512-2\/DSC01876.jpg'><img src=http:\/\/ski.inmontanis.info\/d\/313511-3\/DSC01876.jpg \/><\/a><br \/>\n^ F\u00f6rderband, war aufgest\u00e4ndert und ein St\u00fcck \u00fcber der Schneeh\u00f6he, was ein durchaus unsicheres Gef\u00fchl erzeugte &#8211; mal eben absteigen oder hinfallen sollte man nicht<\/p>\n<p><a href='http:\/\/ski.inmontanis.info\/d\/313516-2\/DSC01877.jpg'><img src=http:\/\/ski.inmontanis.info\/d\/313515-3\/DSC01877.jpg \/><\/a><br \/>\n^ Talabfahrt<\/p>\n<p><a href='http:\/\/ski.inmontanis.info\/d\/313520-2\/DSC01878.jpg'><img src=http:\/\/ski.inmontanis.info\/d\/313519-3\/DSC01878.jpg \/><\/a><br \/>\n^ Talabfahrt<\/p>\n<p><a href='http:\/\/ski.inmontanis.info\/d\/313524-2\/DSC01880.jpg'><img src=http:\/\/ski.inmontanis.info\/d\/313523-3\/DSC01880.jpg \/><\/a><br \/>\n^ Aktueller Pistenplan mit nur noch den 3 SL<\/p>\n<p>Pistenplan anno 2006:<br \/>\n<a href='http:\/\/ski.inmontanis.info\/d\/33931-2\/P1040098.jpg'><img src=http:\/\/ski.inmontanis.info\/d\/33931-2\/P1040098.jpg \/><\/a><br \/>\n^ 2006<\/p>\n<p><a href='http:\/\/ski.inmontanis.info\/d\/313528-2\/DSC01879.jpg'><img src=http:\/\/ski.inmontanis.info\/d\/313527-3\/DSC01879.jpg \/><\/a><br \/>\n^ Talstation \/ Kasse \/ Korb<\/p>\n<p><a href='http:\/\/ski.inmontanis.info\/d\/313532-2\/DSC01884.jpg'><img src=http:\/\/ski.inmontanis.info\/d\/313531-3\/DSC01884.jpg \/><\/a><br \/>\n^ Strecke Gondellift<\/p>\n<p><a href='http:\/\/ski.inmontanis.info\/d\/313536-2\/DSC01888.jpg'><img src=http:\/\/ski.inmontanis.info\/d\/313535-3\/DSC01888.jpg \/><\/a><br \/>\n^ Strecke Gondellift<\/p>\n<p><a href='http:\/\/ski.inmontanis.info\/d\/313540-2\/DSC01891.jpg'><img src=http:\/\/ski.inmontanis.info\/d\/313539-3\/DSC01891.jpg \/><\/a><br \/>\n^ SL Pineta<\/p>\n<p><a href='http:\/\/ski.inmontanis.info\/d\/313544-2\/DSC01895.jpg'><img src=http:\/\/ski.inmontanis.info\/d\/313543-3\/DSC01895.jpg \/><\/a><br \/>\n^ Die Au\u00dfenrumabfahrt ganz rechts vom Plan, vielleicht die sch\u00f6nste Abfahrt aller Skigebiete hier in der Gegend<\/p>\n<p><a href='http:\/\/ski.inmontanis.info\/d\/313548-2\/ge20230218a.jpg'><img src=http:\/\/ski.inmontanis.info\/d\/313547-3\/ge20230218a.jpg \/><\/a><br \/>\n^ GPS-Track 18.2.2013 in T\u00fcrkis und vorherige Besuche in Orange<\/p>\n<p>So fotogen der Gondellift zwar ist, aber der Korblift mit seinen roten und blauen K\u00f6rben war nat\u00fcrlich schon sch\u00f6ner. Hier ein paar alte Fotos von damals:<\/p>\n<p><a href='http:\/\/ski.inmontanis.info\/d\/34281-2\/P1030909.jpg'><img src=http:\/\/ski.inmontanis.info\/d\/34281-2\/P1030909.jpg \/><\/a><br \/>\n^ 7.3.2006<\/p>\n<p><a href='http:\/\/ski.inmontanis.info\/d\/33999-2\/P1030766.jpg'><img src=http:\/\/ski.inmontanis.info\/d\/33999-2\/P1030766.jpg \/><\/a><br \/>\n^ 7.3.2006<\/p>\n<p><a href='http:\/\/ski.inmontanis.info\/d\/34110-2\/P1030812.jpg'><img src=http:\/\/ski.inmontanis.info\/d\/34110-2\/P1030812.jpg \/><\/a><br \/>\n^ die mittlerweile stillgelegte DSB, 7.3.2006<\/p>\n<p><a href='http:\/\/ski.inmontanis.info\/d\/34116-2\/P1030817.jpg'><img src=http:\/\/ski.inmontanis.info\/d\/34116-2\/P1030817.jpg \/><\/a><br \/>\n^ der mittlerweile stillgelegte SL Bucaneve oberhalb der DSB (obwohl in beiden Richtungen vom restlichen Skigebiet erreichbar), 7.3.2006<\/p>\n<p><a href='http:\/\/ski.inmontanis.info\/d\/34221-2\/P1030868.jpg'><img src=http:\/\/ski.inmontanis.info\/d\/34221-2\/P1030868.jpg \/><\/a><br \/>\n^ SL Margherita (links) hatte auch mal eine sch\u00f6nere St\u00fctzenfarbe als aktuell; daneben mittlerweile abgebaut  SL Erica (7.3.2006)<\/p>\n<p>Nicht nur die Parkplatzthematik, auch einige andere Vorkommnisse heute im Skigebiet w\u00fcrde ich mit einem &#8220;das gibts nur in Italien, typisch Italien&#8221; kategorisieren. <\/p>\n<p>Fing schon beim Skipasskauf an:<\/p>\n<p>Zwei Kassen, eigentlich beide mit Bankomatsymbol, bei der linken stand handschriftlich &#8220;nur Bargeld&#8221;. Also rechts hingestellt. Da kaufte wohl eine f\u00fcr eine ganze Gruppe ein, was zu l\u00e4ngeren Diskussionen mit der Kassiererin folgte, evtl. weil auch P\u00e4sse f\u00fcr Kids gekauft wurden. <\/p>\n<p>Als ich an der Reihe war, telefonierte die Kassiererin und hat f\u00fcr mich nat\u00fcrlich keine Zeit. Es kam dann auch noch eine andere Frau hinter mir, die eine T\u00fcte mit Zeug hatte, die sie der Kassiererin geben wollte. Also entschuldigt sich die Kassiererin bei mir und verschwindet zur T\u00fcr, l\u00e4sst die andere rein, ratscht erst mal mit ihr und die eine oder andere Minute sp\u00e4ter ist sie dann endlich bei mir und kann mir den Skipass verkaufen.<\/p>\n<p>Oder .. SL Betulla ist mit &#8220;nur f\u00fcr Experten&#8221; oder so angeschrieben. F\u00e4hrt eine Familie mit ihrem vielleicht 5-j\u00e4hrigen Sohn, evtl. etwas minderbemittelt, ab, der nach dem Einstieg, der bei manchen Geh\u00e4ngen zu einem Sprung wie in Frankreich f\u00fchrt, gleich mal rausf\u00e4llt. Vater kommt dazu und die Eltern erz\u00e4hlen den Sohn, was er machen muss oder wie er sich verhalten muss oder was auch immer. Aber: Der Vater steht mitten im Einstieg, dass ich derweil nicht einfach den n\u00e4chsten Teller nehmen kann, bevor nach einigen leeren Tellern (und langer Schlange) der Liftler doch mal mir ein Zeichen gibt, dasss ich fahren solle &#8211; was dann auch der Vater gecheckt hat und auf Seite gefahren ist.<\/p>\n<p>Oben am Restaurant (an der Baita) lagen nachmittags die Skier so verstreut, dass man vom SL Margherita zum SL Genzianella kaum noch durchkam, erst recht nicht, wenn dann die Kids von ihrem Rennen alle noch zus\u00e4tzlich herumwuselten. Deren Verhalten man sich beim Anstehen am SL Genzianella ja eh denken kann.<\/p>\n<p>Und keine Ahnung, was noch alles war &#8211; so viel konnte ich mir auch nicht merken. Aber bei der Gelegenheit erinner ich nochmals an den Park-Vorfall in Sampeyre mit den Skiern &#8230; <\/p>\n<p>Ja ich wei\u00df, wegen dieser &#8220;Unperfektheit&#8221; mag man ja Italien, aber manchmal tut das einfach weh. <\/p>\n<p>&#8211;<\/p>\n<p>Zwischen 18 und 19 Uhr, am Campingplatz, klopfte es an der Scheibe, allerdings an der falschen, verdunkelten, was es etwas schwerer machte. Eine alte Frau fragte mich, wann ich morgen gehen wollte, was ich mit 8 Uhr beantwortete, wonach sie heute noch das Geld kassiert hatte (obwohl der &#8220;Junge&#8221; ja heut fr\u00fch gemeint hatte, ich solle morgen zahlen und vorher an der Rezeption war auch jemand und hatte nichts gesagt) &#8212; waren dann komischerweise nur 12,- \u20ac. Auch recht.<\/p>\n<p>Alternativ k\u00f6nnte ich am Dienstag ja auch nochmals kurz nach Frankreich r\u00fcberschauen, hinter dem Pass kommt man ja gleich mal nach Sauze-Supersauze und noch ein paar andere Gebiete um Gap, die ich eigentlich gern wieder besucht h\u00e4tte. W\u00e4re aber eben 170km in die falsche Richtung. Aber vielleicht schneits ja in den n\u00e4chsten 2 Wochen mal und ich k\u00f6nnte beim Rauffahren dann die Ecke noch mitnehmen &#8211; inkl. Greolieres. Nach den Vorkommnissen in den letzten Wochen in Frankreich w\u00fcrd ich aber heuer nur dann nochmals nach Frankreich wollen, wenn es 1. schneem\u00e4\u00dfig lohnenswert ist und 2. nicht in Italien bessere Ziele g\u00e4be.<\/p>\n<p>Schia meldet nur noch 15-25cm Schnee und nur noch SA+SO Skibetrieb, f\u00e4llt also n\u00e4chste Woche auch als &#8220;Failover&#8221; aus, Ventasso nach wie vor keine aktuellen Infos, muss ich also von ausgehen, dass das alles wegf\u00e4llt.<\/p>\n<p>.. dann schaut&#8217;s aber schlecht aus, dass ich n\u00e4chstes WE noch das eine oder andere Skigebiete in der Toskana \/ Emilia Romagna mitnehmen k\u00f6nnte, weil ich so viel Ziele unter der Woche eigentlich gar nicht habe .. ansonsten w\u00e4re ich mal wieder schneller weiter, was mir auf dieser Reise ja auch schon \u00f6fters passiert ist&#8230;<\/p>\n<p>Wobei es wetterm\u00e4\u00dfig vielleicht sinnvoller sein k\u00f6nnte, am Freitag bereits Monte Catria zu sein, zumindest sind die Wettervorhersagen nur noch n\u00e4chste Woche sonnig, danach, ab WE, k\u00f6nnte es wieder schlechter werden und bisschen schneien. Wobei ich ja ggf. in  Abetone den einen oder anderen Zusatztag einlegen k\u00f6nnte, falls n\u00f6tig. Monte Catria h\u00e4tte ich nat\u00fcrlich schon gern bei sonnigem Wetter mit Meerblick.<\/p>\n<p>(Kleiner Nachtrag: Es k\u00f6nnte auch sein, dass einige als Marchisio bezeichnete Lifte von einem anderen Hersteller stammen.)<\/p>\n","protected":false},"excerpt":{"rendered":"<p>Sa, 18.2.2023<\/p>\n<p>Eigentlich zu p\u00fcnktlich war ich um 8:40 schon an der Talstation in Luriisa, um festzustellen, dass die oberen Parkpl\u00e4tze doch schon recht voll sind &#8211; und italientypisch nat\u00fcrlich wieder kompett bescheuert l\u00e4ngs in der Mitte geparkt wird, obwohl genug Platz zum Querparken gewesen w\u00e4re, also stellte ich mich in 2. Reihe eben quer <a href=\"http:\/\/blog.inmontanis.info\/?p=8552\">[&#8230;]<\/a><\/p>\n","protected":false},"author":1,"featured_media":8557,"comment_status":"closed","ping_status":"closed","sticky":false,"template":"","format":"standard","meta":{"footnotes":""},"categories":[15,231,59,27,32],"tags":[38,90,63,80,78,47],"class_list":["post-8552","post","type-post","status-publish","format-standard","has-post-thumbnail","hentry","category-italienitaly","category-lurisia","category-nostalgie","category-skifahren-winterskiing-winter","category-lostplaces","tag-dsb","tag-infrarot","tag-korblift","tag-marchisio","tag-restschnee","tag-sl","odd"],"_links":{"self":[{"href":"http:\/\/blog.inmontanis.info\/index.php?rest_route=\/wp\/v2\/posts\/8552","targetHints":{"allow":["GET"]}}],"collection":[{"href":"http:\/\/blog.inmontanis.info\/index.php?rest_route=\/wp\/v2\/posts"}],"about":[{"href":"http:\/\/blog.inmontanis.info\/index.php?rest_route=\/wp\/v2\/types\/post"}],"author":[{"embeddable":true,"href":"http:\/\/blog.inmontanis.info\/index.php?rest_route=\/wp\/v2\/users\/1"}],"replies":[{"embeddable":true,"href":"http:\/\/blog.inmontanis.info\/index.php?rest_route=%2Fwp%2Fv2%2Fcomments&post=8552"}],"version-history":[{"count":7,"href":"http:\/\/blog.inmontanis.info\/index.php?rest_route=\/wp\/v2\/posts\/8552\/revisions"}],"predecessor-version":[{"id":8560,"href":"http:\/\/blog.inmontanis.info\/index.php?rest_route=\/wp\/v2\/posts\/8552\/revisions\/8560"}],"wp:featuredmedia":[{"embeddable":true,"href":"http:\/\/blog.inmontanis.info\/index.php?rest_route=\/wp\/v2\/media\/8557"}],"wp:attachment":[{"href":"http:\/\/blog.inmontanis.info\/index.php?rest_route=%2Fwp%2Fv2%2Fmedia&parent=8552"}],"wp:term":[{"taxonomy":"category","embeddable":true,"href":"http:\/\/blog.inmontanis.info\/index.php?rest_route=%2Fwp%2Fv2%2Fcategories&post=8552"},{"taxonomy":"post_tag","embeddable":true,"href":"http:\/\/blog.inmontanis.info\/index.php?rest_route=%2Fwp%2Fv2%2Ftags&post=8552"}],"curies":[{"name":"wp","href":"https:\/\/api.w.org\/{rel}","templated":true}]}}