{"id":8548,"date":"2023-02-17T21:39:31","date_gmt":"2023-02-17T20:39:31","guid":{"rendered":"http:\/\/blog.inmontanis.info\/?p=8548"},"modified":"2023-08-03T21:51:23","modified_gmt":"2023-08-03T19:51:23","slug":"mondole-artesina-prato-nevoso-frabosa-malanotte-17-2-2023","status":"publish","type":"post","link":"http:\/\/blog.inmontanis.info\/?p=8548","title":{"rendered":"Mondol\u00e8: Artesina &#8211; Prato Nevoso &#8211; Frabosa (Malanotte), 17.2.2023"},"content":{"rendered":"<p><strong>Fr, 17.2.2023<\/strong><\/p>\n<p>Ich fuhr also vormittags nach Artesina rauf, weil da 2 Sessellifte bis 16:40 laufen sollten. Letzte Talfahrt DSB Rastello 16:15, aber da die Anfahrt rauf nach Artesina l\u00e4nger ist, insbesondere von meinem Campingplatz aus, w\u00e4re ich mit gefahrener Talabfahrt in Rastello in Summe wohl l\u00e4nger auf Skiern gewesen.<\/p>\n<p>Fernsichtm\u00e4\u00dfig war&#8217;s heut schlechter wie vorgestern und vorvorgestern, die Dunst-Smog-Suppe in der Po-Ebene  verwandelte diese farbm\u00e4\u00dfig fast in einen gro\u00dfen See &#8211; oder in ein Meer ;)<\/p>\n<p>Wollte in Prato Nevoso aufs WC gehen, hab ich drau\u00dfen schon ein Schild gesehen, dass das kostenpflichtig ist. Prato Nevoso war und ist und wird f\u00fcr mich immer das unsympathischste der 3 Mondole-Gebiete bleiben. Leider auch nirgends Busch oder Baum im Bereich Artesina\/Nevoso, weil ja auch da oben fast alles baumfrei ist. Und die einzige Toilette, die ich hier kenn, in Artesina, lag so gar nicht auf dem Weg gerade.<\/p>\n<p>Entschied mich dann doch f\u00fcr eine Fahrt mit der Verbindungs-DSB nach Frabosa, und wenn&#8217;s nur zum Waldpinkeln ist ;)<\/p>\n<p>Puh.. Frabosa warb mit allen Abfahrten ge\u00f6ffnet auf der Malanotte-Seite.. naja, also da hab ich aber schon etliche H\u00e4nge mehr pr\u00e4pariert gesehen, eigentlich war nur eine einzige Abfahrt von oben bis unten offen mit ein, zwei  kurzen Umfahrungen.<\/p>\n<p>Nachteil der kurzen EUB-Fahrerei in Prato Nevoso, dass man schnell nasse Handschuhe bekommt. Hab dann gerade so alles geschafft, was ich fahren wollte und war um 16:55 am Auto. Da zahl ich lieber die H\u00e4lfte in einem kleinen Gebiet ggf. f\u00fcr nur eine Halbtatgeskarte bzw. h\u00f6r dann fr\u00fcher auf, macht mehr Spa\u00df und ist weniger stressig. Hei\u00dft, heute leider nur 3 Sterne hier, keine 5 wie vorgestern. San Giacomo hab ich gestern und vorgestern mit jeweils 4 bewertet.<\/p>\n<p><a href='http:\/\/ski.inmontanis.info\/d\/313332-2\/DSC01772.jpg'><img src=http:\/\/ski.inmontanis.info\/d\/313331-3\/DSC01772.jpg \/><\/a><br \/>\n^ DSB Trucca Turra<\/p>\n<p><a href='http:\/\/ski.inmontanis.info\/d\/313336-2\/DSC01773.jpg'><img src=http:\/\/ski.inmontanis.info\/d\/313335-3\/DSC01773.jpg \/><\/a><br \/>\n^ DSB Trucca Turra<\/p>\n<p><a href='http:\/\/ski.inmontanis.info\/d\/313340-2\/DSC01775.jpg'><img src=http:\/\/ski.inmontanis.info\/d\/313339-3\/DSC01775.jpg \/><\/a><br \/>\n^ Skigebietsteil Artesina<\/p>\n<p><a href='http:\/\/ski.inmontanis.info\/d\/313344-2\/DSC05049.jpg'><img src=http:\/\/ski.inmontanis.info\/d\/313343-3\/DSC05049.jpg \/><\/a><br \/>\n^ IR-Pano Turra richtung Rossa, Viola und evtl. sieht man rechts auch etwas das Meer<\/p>\n<p><a href='http:\/\/ski.inmontanis.info\/d\/313348-2\/DSC01778.jpg'><img src=http:\/\/ski.inmontanis.info\/d\/313347-3\/DSC01778.jpg \/><\/a><br \/>\n^ SL Turra und die sch\u00f6nste Panorama-Abfahrt im Skigebiet, hei\u00dft dann auch Turra Panoramica. Wenn hier mal die geplante 6KSB steht, wird mich die Ecke weniger interessieren, f\u00fcrcht ich.<\/p>\n<p><a href='http:\/\/ski.inmontanis.info\/d\/313352-2\/DSC01779.jpg'><img src=http:\/\/ski.inmontanis.info\/d\/313351-3\/DSC01779.jpg \/><\/a><br \/>\n^ Die Verbindungsabfahrt von Artesina\/Rocche Giardina nach Prato Nevoso wird wohl wieder eckiger trassiert, ich meine, die war auch mal direkter.<\/p>\n<p><a href='http:\/\/ski.inmontanis.info\/d\/313356-2\/DSC01781.jpg'><img src=http:\/\/ski.inmontanis.info\/d\/313355-3\/DSC01781.jpg \/><\/a><br \/>\n^ 6KSB Caudano<\/p>\n<p><a href='http:\/\/ski.inmontanis.info\/d\/313360-2\/DSC01783.jpg'><img src=http:\/\/ski.inmontanis.info\/d\/313359-3\/DSC01783.jpg \/><\/a><br \/>\n^ 6KSB Caudano und 10EUB Rossa<\/p>\n<p><a href='http:\/\/ski.inmontanis.info\/d\/313364-2\/DSC01784.jpg'><img src=http:\/\/ski.inmontanis.info\/d\/313363-3\/DSC01784.jpg \/><\/a><br \/>\n^ 4SB Blu, die nervigste Anlage im Skigebiet, lahm, flach, bleibt laufend stehen wegen Anf\u00e4nger und hat oft &#8211; nicht heute &#8211; gro\u00dfe Wartezeiten. M\u00fcsste man offiziell beim Wechsel von und nach Frabosa jeweils nehmen, weil man nicht direkt queren kann &#8211; alternativ steigt man etwas auf oder schiebt etwas mehr<\/p>\n<p><a href='http:\/\/ski.inmontanis.info\/d\/313368-2\/DSC01785.jpg'><img src=http:\/\/ski.inmontanis.info\/d\/313367-3\/DSC01785.jpg \/><\/a><br \/>\n^ Verbindungs-DSB Nevoso-Frabosa mit Blick auf den Schneiteich und die H\u00e4user von Prato Nevoso<\/p>\n<p><a href='http:\/\/ski.inmontanis.info\/d\/313308-2\/DSC01787.jpg'><img src=http:\/\/ski.inmontanis.info\/d\/313307-3\/DSC01787.jpg \/><\/a><br \/>\n^ DSB Malanotte<\/p>\n<p><a href='http:\/\/ski.inmontanis.info\/d\/313312-2\/DSC01788.jpg'><img src=http:\/\/ski.inmontanis.info\/d\/313311-3\/DSC01788.jpg \/><\/a><br \/>\n^ DSB Burrino<\/p>\n<p><a href='http:\/\/ski.inmontanis.info\/d\/313316-2\/DSC01791.jpg'><img src=http:\/\/ski.inmontanis.info\/d\/313315-3\/DSC01791.jpg \/><\/a><br \/>\n^ Recht unscheinbar und unauff\u00e4llig kann man hier den r\u00fcckseitigen SL Cronista von San Giacomo di Roburent sehen<\/p>\n<p><a href='http:\/\/ski.inmontanis.info\/d\/313320-2\/DSC01792.jpg'><img src=http:\/\/ski.inmontanis.info\/d\/313319-3\/DSC01792.jpg \/><\/a><br \/>\n^ Monte Moro ESL Bergstation aus DSB Malanotte<\/p>\n<p><a href='http:\/\/ski.inmontanis.info\/d\/313324-2\/DSC01794.jpg'><img src=http:\/\/ski.inmontanis.info\/d\/313323-3\/DSC01794.jpg \/><\/a><br \/>\n^ DSB Malanotte<\/p>\n<p><a href='http:\/\/ski.inmontanis.info\/d\/313328-2\/DSC01797.jpg'><img src=http:\/\/ski.inmontanis.info\/d\/313327-3\/DSC01797.jpg \/><\/a><br \/>\n^ Monte Moro ESL Bergstation aus DSB Malanotte<\/p>\n<p><a href='http:\/\/ski.inmontanis.info\/d\/313372-2\/DSC01798.jpg'><img src=http:\/\/ski.inmontanis.info\/d\/313371-3\/DSC01798.jpg \/><\/a><br \/>\n^ Verbindungs-DSB Frabosa-Nevoso mit Blick ins Skigebiet von Prato Nevoso<\/p>\n<p><a href='http:\/\/ski.inmontanis.info\/d\/313376-2\/DSC01799.jpg'><img src=http:\/\/ski.inmontanis.info\/d\/313375-3\/DSC01799.jpg \/><\/a><br \/>\n^ Daten 10EUB Rossa. Hei\u00dft GBK hier &#8220;GondelBahn, kuppelbar&#8221;? Dann w\u00e4r aber &#8220;KGB&#8221; schon die coolere Abk\u00fcrzung gewesen ;)<\/p>\n<p><a href='http:\/\/ski.inmontanis.info\/d\/313380-2\/DSC01803.jpg'><img src=http:\/\/ski.inmontanis.info\/d\/313379-3\/DSC01803.jpg \/><\/a><br \/>\n^ Neue 10EUB Rossa und Monte Viso<\/p>\n<p><a href='http:\/\/ski.inmontanis.info\/d\/313384-2\/DSC01806.jpg'><img src=http:\/\/ski.inmontanis.info\/d\/313383-3\/DSC01806.jpg \/><\/a><br \/>\n^ DSB Trucca Turra, ich meine, die Standardabfahrt ging fr\u00fcher da links, wo aktuell nicht pr\u00e4pariert ist; die aktuelle Abfahrt rechts ist mittlerweile recht verfangz\u00e4unt<\/p>\n<p><a href='http:\/\/ski.inmontanis.info\/d\/313388-2\/DSC01809.jpg'><img src=http:\/\/ski.inmontanis.info\/d\/313387-3\/DSC01809.jpg \/><\/a><br \/>\n^ Neue 4SB Rocche Giardina, davor die ehemalige Korblift-Bergstation<\/p>\n<p><a href='http:\/\/ski.inmontanis.info\/d\/313392-2\/DSC01810.jpg'><img src=http:\/\/ski.inmontanis.info\/d\/313391-3\/DSC01810.jpg \/><\/a><br \/>\n^ Mittlerweile abgebaut: Ex-Doppel-SL Pogliola<\/p>\n<p><a href='http:\/\/ski.inmontanis.info\/d\/313072-2\/ge20230214-17a.jpg'><img src=http:\/\/ski.inmontanis.info\/d\/313071-3\/ge20230214-17a.jpg \/><\/a><br \/>\n^ GPS-Track 14.2.2023 (Magenta), 16.2. (Blau), 17.2. (T\u00fcrkis), sowie vorherige Besuche in Gelb; ehemalige Lifte in Rot+Orange<\/p>\n<p>Garessio hat im Tagesverlauf auf Facebook verk\u00fcndet, dass sie auch am Faschings-Montag\/Dienstag nicht offen sein werden, nur Sa+So. Tja,dann nicht? Aber bevor ich dann 3 Tage Abetone fahren muss, weil alles andere dann doch nicht offen haben, probier ich&#8217;s doch mit St. Gree erst am Montag und fahr \u00fcbermorgen Sonntag doch nach Garessio?<\/p>\n<p>Abends hat noch Zum Zeri verlautbart, dass sie am WE weiterhin nur den \u00dcbungslift offen h\u00e4tten. Die Gebiete, von denen man keine aktuelle Infos findet, haben im Zweifelsfall halt auch Pech gehabt, dass ich nicht extra dort vorbei gefahren bin, falls sie doch offen w\u00e4ren.<\/p>\n<p><a href='http:\/\/extra.inmontanis.info\/d\/98648-2\/DSC01812.jpg'><img src=http:\/\/extra.inmontanis.info\/d\/98647-3\/DSC01812.jpg \/><\/a><br \/>\n^ Die Tr\u00fcffel-Pizza (ca. 3,50 \u20ac) gibt&#8217;s heute Abend, die Fish&#8217;n&#8217;Chips dann morgen<\/p>\n","protected":false},"excerpt":{"rendered":"<p>Fr, 17.2.2023<\/p>\n<p>Ich fuhr also vormittags nach Artesina rauf, weil da 2 Sessellifte bis 16:40 laufen sollten. Letzte Talfahrt DSB Rastello 16:15, aber da die Anfahrt rauf nach Artesina l\u00e4nger ist, insbesondere von meinem Campingplatz aus, w\u00e4re ich mit gefahrener Talabfahrt in Rastello in Summe wohl l\u00e4nger auf Skiern gewesen.<\/p>\n<p>Fernsichtm\u00e4\u00dfig war&#8217;s heut schlechter wie <a href=\"http:\/\/blog.inmontanis.info\/?p=8548\">[&#8230;]<\/a><\/p>\n","protected":false},"author":1,"featured_media":8550,"comment_status":"closed","ping_status":"closed","sticky":false,"template":"","format":"standard","meta":{"footnotes":""},"categories":[15,229,27],"tags":[49,38,91,90,47],"class_list":["post-8548","post","type-post","status-publish","format-standard","has-post-thumbnail","hentry","category-italienitaly","category-mondole","category-skifahren-winterskiing-winter","tag-4sb","tag-dsb","tag-graffer","tag-infrarot","tag-sl","odd"],"_links":{"self":[{"href":"http:\/\/blog.inmontanis.info\/index.php?rest_route=\/wp\/v2\/posts\/8548","targetHints":{"allow":["GET"]}}],"collection":[{"href":"http:\/\/blog.inmontanis.info\/index.php?rest_route=\/wp\/v2\/posts"}],"about":[{"href":"http:\/\/blog.inmontanis.info\/index.php?rest_route=\/wp\/v2\/types\/post"}],"author":[{"embeddable":true,"href":"http:\/\/blog.inmontanis.info\/index.php?rest_route=\/wp\/v2\/users\/1"}],"replies":[{"embeddable":true,"href":"http:\/\/blog.inmontanis.info\/index.php?rest_route=%2Fwp%2Fv2%2Fcomments&post=8548"}],"version-history":[{"count":2,"href":"http:\/\/blog.inmontanis.info\/index.php?rest_route=\/wp\/v2\/posts\/8548\/revisions"}],"predecessor-version":[{"id":8551,"href":"http:\/\/blog.inmontanis.info\/index.php?rest_route=\/wp\/v2\/posts\/8548\/revisions\/8551"}],"wp:featuredmedia":[{"embeddable":true,"href":"http:\/\/blog.inmontanis.info\/index.php?rest_route=\/wp\/v2\/media\/8550"}],"wp:attachment":[{"href":"http:\/\/blog.inmontanis.info\/index.php?rest_route=%2Fwp%2Fv2%2Fmedia&parent=8548"}],"wp:term":[{"taxonomy":"category","embeddable":true,"href":"http:\/\/blog.inmontanis.info\/index.php?rest_route=%2Fwp%2Fv2%2Fcategories&post=8548"},{"taxonomy":"post_tag","embeddable":true,"href":"http:\/\/blog.inmontanis.info\/index.php?rest_route=%2Fwp%2Fv2%2Ftags&post=8548"}],"curies":[{"name":"wp","href":"https:\/\/api.w.org\/{rel}","templated":true}]}}