{"id":8541,"date":"2023-02-16T18:58:35","date_gmt":"2023-02-16T17:58:35","guid":{"rendered":"http:\/\/blog.inmontanis.info\/?p=8541"},"modified":"2023-08-03T21:51:26","modified_gmt":"2023-08-03T19:51:26","slug":"frabosa-moro-san-giacomo-di-roburent-alpet-16-2-2023","status":"publish","type":"post","link":"http:\/\/blog.inmontanis.info\/?p=8541","title":{"rendered":"Frabosa (Moro) &#038; San Giacomo di Roburent (Alpet), 16.2.2023"},"content":{"rendered":"<p><strong>Do, 16.2.2023<\/strong><\/p>\n<p>In Frabosa am ESL angekommen, nix los, weil ja ESL nicht l\u00e4uft, aber DSB lief, also kaufte ich die 1h-Karte um 14,- \u20ac, vorsichtshalber wieder online, falls meine Keycard an der Kasse nicht akzeptiert werden w\u00fcrde.<\/p>\n<p>Offen war dann auch nur die eine Abfahrt an der DSB, obwohl man mittels Skiweg ja auch noch eine Variante anbieten k\u00f6nnte, denk ich. Die Abfahrt war noch sehr hart und frisch pr\u00e4pariert, aber zu der Zeit noch keine Sonne. Verbindung zur anderen Seite w\u00e4re von hier aus ja vmtl. eh nicht m\u00f6glich, aber auch von der anderen Seite hier her scheint es nicht offen zu sein.<\/p>\n<p>Ich startete um 10:32 und durfte dann bis 10:40 fahren, eine Runde mit der DSB dauerte ca. 10min, ich wollte aber nat\u00fcrlich auch den kurzen Marchisio-SL fahren, wenn schon nicht den ESL heuer.<\/p>\n<p>Nat\u00fcrlich hab ich den Liftler an der DSB-Talstation gefragt, ob der ESL diesen Winter geschlossen bleiben  wird, worauf er mit ja geantwortet hat, dann aber erg\u00e4nzte, es sei zu wenig Schnee, man br\u00e4uchte da mindestens einen Meter. Bissl komisch dann diese Antwort. Zudem es ja oben noch den Skiweg zur Malanotte-Seite g\u00e4be, wo man wohl keinen Meter br\u00e4uchte?!<\/p>\n<p>Der Liftler wollte mir bei meiner letzen Fahrt noch mit einem Pistenplan das restliche Gebiet zeigen, worauf ich meinte, das ich das schon kenne und ich heute nur eine Stunde hier w\u00e4re, nachmittags in San Giacomo und morgen die Tageskarte f\u00fcr den Rest hier. Worauf er meinte, Lurisia w\u00e4r auch noch sch\u00f6n :) Jo, wei\u00df ich doch, Samstag! :)<\/p>\n<p><a href='http:\/\/ski.inmontanis.info\/d\/313264-2\/DSC01720.jpg'><img src=http:\/\/ski.inmontanis.info\/d\/313263-3\/DSC01720.jpg \/><\/a><br \/>\n^ Monte Moro mit ESL-Trasse, diesen Winter vermutlich leider noch nicht in Betrieb gewesen<\/p>\n<p><a href='http:\/\/ski.inmontanis.info\/d\/313268-2\/DSC01722.jpg'><img src=http:\/\/ski.inmontanis.info\/d\/313267-3\/DSC01722.jpg \/><\/a><br \/>\n^ DSB Paskireaux Talstation<\/p>\n<p><a href='http:\/\/ski.inmontanis.info\/d\/313272-2\/DSC01727.jpg'><img src=http:\/\/ski.inmontanis.info\/d\/313271-3\/DSC01727.jpg \/><\/a><br \/>\n^ DSB Paskireaux<\/p>\n<p><a href='http:\/\/ski.inmontanis.info\/d\/313276-2\/DSC01730.jpg'><img src=http:\/\/ski.inmontanis.info\/d\/313275-3\/DSC01730.jpg \/><\/a><br \/>\n^ ESL Moro<\/p>\n<p><a href='http:\/\/ski.inmontanis.info\/d\/313280-2\/DSC01733.jpg'><img src=http:\/\/ski.inmontanis.info\/d\/313279-3\/DSC01733.jpg \/><\/a><br \/>\n^ DSB Paskireaux, ging mit einer anderen Farbe als Gr\u00fcn zwar noch sch\u00f6ner, aber schon sehr geil.<\/p>\n<p><a href='http:\/\/ski.inmontanis.info\/d\/313284-2\/DSC01734.jpg'><img src=http:\/\/ski.inmontanis.info\/d\/313283-3\/DSC01734.jpg \/><\/a><br \/>\n^ DSB Paskireaux<\/p>\n<p><a href='http:\/\/ski.inmontanis.info\/d\/313288-2\/DSC01735.jpg'><img src=http:\/\/ski.inmontanis.info\/d\/313287-3\/DSC01735.jpg \/><\/a><br \/>\n^ DSB Paskireaux Fundament<\/p>\n<p><a href='http:\/\/ski.inmontanis.info\/d\/313292-2\/DSC01738.jpg'><img src=http:\/\/ski.inmontanis.info\/d\/313291-3\/DSC01738.jpg \/><\/a><br \/>\n^ Das sch\u00f6nste Lift-Triumvirat der Alpen oder der Welt: DSB Paskireaux (Graffer), ESL Moro und \u00dcbungs-SL (beide Marchisio)<\/p>\n<p><a href='http:\/\/ski.inmontanis.info\/d\/313296-2\/DSC01740.jpg'><img src=http:\/\/ski.inmontanis.info\/d\/313295-3\/DSC01740.jpg \/><\/a><br \/>\n^ Ich wollte mir das ja schon in Schweden kaufen\/mitnehmen, aber leider zu sp\u00e4t nachgefragt, aber ich will mir heuer unbedingt so einen Graffer-Sessellift-Schalensitz besorgen, also quasi die H\u00e4lfte von dem Doppelsitz, was ja ident zu den ESL war. Wenn ich irgendwo einen stillgelegten Lift auf der Reise find, werde ich das versuchen abzuschrauben, und wenn sich die Schrauben l\u00f6sen sollten, versuch ich irgendwo nachzufragen, wem das nun geh\u00f6rt und ob ich das haben k\u00f6nnte :)<\/p>\n<p><a href='http:\/\/ski.inmontanis.info\/d\/313300-2\/DSC01741.jpg'><img src=http:\/\/ski.inmontanis.info\/d\/313299-3\/DSC01741.jpg \/><\/a><br \/>\n^ DSB Paskireaux, ESL Moro und \u00dcbungs-SL<\/p>\n<p><a href='http:\/\/ski.inmontanis.info\/d\/313072-2\/ge20230214-17a.jpg'><img src=http:\/\/ski.inmontanis.info\/d\/313071-3\/ge20230214-17a.jpg \/><\/a><br \/>\n^ GPS-Track 14.2.2023 (Magenta), 16.2. (Blau), 17.2. (T\u00fcrkis), sowie vorherige Besuche in Gelb; ehemalige Lifte in Rot+Orange<\/p>\n<p>Naja, 1h reichte schon an der DSB hier.<\/p>\n<p><a href='http:\/\/ski.inmontanis.info\/d\/313304-2\/DSC01747.jpg'><img src=http:\/\/ski.inmontanis.info\/d\/313303-3\/DSC01747.jpg \/><\/a><br \/>\n^ Blick ins Skigebiet von Frabosa, links Malanotte, rechts Monte Moro von der Stra\u00dfe richtung San Giacomo<\/p>\n<p>P\u00fcnktlich f\u00fcr die 20\u20ac-Halbtageskarte um 12:30 war ich an der Monte-Alpet-DSB in San Giacomo di Roburent, wo ich ja schon gestern war. Die zwei hier unten haben wochentags auch eine ruhige Kugel zu schieben, so selten wie hier mal einer einen Skipass kauft oder im Sessellift ein- oder aussteigt. Kann man sich ja schon wundern, warum die die Talstation mit 2 Personen besetzen und warum die DSB \u00fcberhaupt in Betrieb ist, Skifahrer k\u00f6nnten ja auch am SL einsteigen.<\/p>\n<p>Mittlerweile ist es so warm, da k\u00f6nnte man schon die Fr\u00fchjahrs- oder Sommerskibekleidung rausholen.<\/p>\n<p>Was die auf der Homepage angezeigten 57% offene Pisten oder 20\/35km ge\u00f6ffnet betrifft, ist nat\u00fcrlich Bl\u00f6dsinn hoch 3. Bei den Liften 6\/9 geht man vom kompletten Gebiet aus, nicht nur vom Alpet-Gebiet, aber mit den noch und den eh immer geschlossenen Abfahrten und Varianten hat man ja selbst hier nicht die H\u00e4lfte offen&#8230;<\/p>\n<p>Im Gegensatz zu den vorherigen alten Leitern-DSB auf dieser Reise, in Vigezzo und Pian Mune, sind hier die alten Sessel noch im Original und auch die Leitner-Schilder an den St\u00fctzen, also wohl noch nicht von CCM (komplett) \u00fcberholt worden.<\/p>\n<p><a href='http:\/\/ski.inmontanis.info\/d\/313236-2\/DSC01748.jpg'><img src=http:\/\/ski.inmontanis.info\/d\/313235-3\/DSC01748.jpg \/><\/a><br \/>\n^ DSB Alpet<\/p>\n<p><a href='http:\/\/ski.inmontanis.info\/d\/313240-2\/DSC01757.jpg'><img src=http:\/\/ski.inmontanis.info\/d\/313239-3\/DSC01757.jpg \/><\/a><br \/>\n^ Auch am SL Pianea wurden die Fundamente mal neu gemacht<\/p>\n<p><a href='http:\/\/ski.inmontanis.info\/d\/313244-2\/DSC01761.jpg'><img src=http:\/\/ski.inmontanis.info\/d\/313243-3\/DSC01761.jpg \/><\/a><br \/>\n^ Lichter Wald am SL Cronista<\/p>\n<p><a href='http:\/\/ski.inmontanis.info\/d\/313248-2\/DSC01765.jpg'><img src=http:\/\/ski.inmontanis.info\/d\/313247-3\/DSC01765.jpg \/><\/a><br \/>\n^ SL Pianea<\/p>\n<p><a href='http:\/\/ski.inmontanis.info\/d\/313252-2\/DSC01766.jpg'><img src=http:\/\/ski.inmontanis.info\/d\/313251-3\/DSC01766.jpg \/><\/a><br \/>\n^ R\u00fcckseitiger SL Cronista<\/p>\n<p><a href='http:\/\/ski.inmontanis.info\/d\/313256-2\/DSC01769.jpg'><img src=http:\/\/ski.inmontanis.info\/d\/313255-3\/DSC01769.jpg \/><\/a><br \/>\n^ SL Cronista<\/p>\n<p><a href='http:\/\/ski.inmontanis.info\/d\/313260-2\/DSC01770.jpg'><img src=http:\/\/ski.inmontanis.info\/d\/313259-3\/DSC01770.jpg \/><\/a><br \/>\n^ Die beiden Klebe-Skip\u00e4sse von gestern und heute<\/p>\n<p><a href='http:\/\/ski.inmontanis.info\/d\/313232-2\/ge20230215-16a.jpg'><img src=http:\/\/ski.inmontanis.info\/d\/313231-3\/ge20230215-16a.jpg \/><\/a><br \/>\n^ GPS-Track 15.2.2023 in Magenta; 16.2.2023 in T\u00fcrkis, vorherige Besuche in Gelb. Der rechte, vordere Skigebietsteil (Colm\u00e9) ist aktuell noch geschlossen, ein gemeinsamer Skipass ist teurer.<\/p>\n<p>Da ich  abends noch nicht den Bericht von Dienstag online stellen wollte, weil ich ja vielleicht morgen noch \u00e4hnliche oder bessere Fotos hier und da machen k\u00f6nnte, hab ich zwar die Bilder mal grundlegend bearbeitet, aber noch etwas Zeit gehabt, die n\u00e4chste Woche zu planen. Also prinzipiell h\u00e4tte ich einen Plan, aber bei vielen Skigebieten ist ein dickes Fragezeichen dahinter, weil ich nicht wei\u00df, ob die nun in der Faschingswoche zumindest MO\/DI offen haben werden oder nicht. Ich hoffe, man liest dann wenigstens am Samstag irgendwo was. Das w\u00fcrd mich sonst ein wenig \u00e4rgern, da ich ja das extra so timen wollte, dass ich zu Fasching in den Gebieten bin, die sonst ggf. nicht unter der Woche offen haben. Also z.B. Lurisia hat am MO+DI n\u00e4chste Woche immerhin offen, laut Angabe auf der Website. Aber z.B. zu Garessio, Zum Zeri, Ventasso Laghi hab ich noch keine Info gesehen &#8211; von denen w\u00fcrde ich 2 gern fahren Anfang n\u00e4chster Woche.<\/p>\n<p>&#8220;Na dann fahr halt Lurisia am Montag und Garessio am Samstag?&#8221;  .. w\u00e4re eine M\u00f6glichkeit, halt nicht ganz die passende Fahrtrichtung, weil Garessio (bzw. St. Gree) das \u00f6stlichste und Lurisia das westlichste Skigebiet der Gegend hier ist und ich w\u00fcrd lieber in Lurisia einen l\u00e4ngeren Tag bleiben &#8211; und vielleicht ist die Talabfahrt am Samstag noch eher m\u00f6glich als am Montag.<\/p>\n<p>Auch Viola St.Gree soll n\u00e4chste Woche durchgehend offen sein, so lang der Schnee reicht &#8211; aber wei\u00df man&#8217;s, ob auch der obere SL unter der Woche offen ist? Naja, wenn die Talabfahrt nicht offen sein sollte, dann vermutlich schon. (TK Gree 24,- Garessio 28,- Lurisia 27,-)<\/p>\n<p>Nachmttags noch geduscht und die Handt\u00fccher im Raum h\u00e4ngen lassen, obwohl der Raum sehr feucht war und anscheinend keine L\u00fcftung hat. Am n\u00e4chsten Morgen gesehen, dass der Inhaber die T\u00fcr komplett aufgemacht hatte, somit noch k\u00e4lter im Raum aber trotzdem waren die Handt\u00fccher noch nicht trocken, also lie\u00df ich sie halt noch h\u00e4ngen.<\/p>\n","protected":false},"excerpt":{"rendered":"<p>Do, 16.2.2023<\/p>\n<p>In Frabosa am ESL angekommen, nix los, weil ja ESL nicht l\u00e4uft, aber DSB lief, also kaufte ich die 1h-Karte um 14,- \u20ac, vorsichtshalber wieder online, falls meine Keycard an der Kasse nicht akzeptiert werden w\u00fcrde.<\/p>\n<p>Offen war dann auch nur die eine Abfahrt an der DSB, obwohl man mittels Skiweg ja auch <a href=\"http:\/\/blog.inmontanis.info\/?p=8541\">[&#8230;]<\/a><\/p>\n","protected":false},"author":1,"featured_media":8546,"comment_status":"closed","ping_status":"closed","sticky":false,"template":"","format":"standard","meta":{"footnotes":""},"categories":[15,229,59,230,27],"tags":[38,35,91,80,47],"class_list":["post-8541","post","type-post","status-publish","format-standard","has-post-thumbnail","hentry","category-italienitaly","category-mondole","category-nostalgie","category-roburent","category-skifahren-winterskiing-winter","tag-dsb","tag-esl","tag-graffer","tag-marchisio","tag-sl","odd"],"_links":{"self":[{"href":"http:\/\/blog.inmontanis.info\/index.php?rest_route=\/wp\/v2\/posts\/8541","targetHints":{"allow":["GET"]}}],"collection":[{"href":"http:\/\/blog.inmontanis.info\/index.php?rest_route=\/wp\/v2\/posts"}],"about":[{"href":"http:\/\/blog.inmontanis.info\/index.php?rest_route=\/wp\/v2\/types\/post"}],"author":[{"embeddable":true,"href":"http:\/\/blog.inmontanis.info\/index.php?rest_route=\/wp\/v2\/users\/1"}],"replies":[{"embeddable":true,"href":"http:\/\/blog.inmontanis.info\/index.php?rest_route=%2Fwp%2Fv2%2Fcomments&post=8541"}],"version-history":[{"count":5,"href":"http:\/\/blog.inmontanis.info\/index.php?rest_route=\/wp\/v2\/posts\/8541\/revisions"}],"predecessor-version":[{"id":8547,"href":"http:\/\/blog.inmontanis.info\/index.php?rest_route=\/wp\/v2\/posts\/8541\/revisions\/8547"}],"wp:featuredmedia":[{"embeddable":true,"href":"http:\/\/blog.inmontanis.info\/index.php?rest_route=\/wp\/v2\/media\/8546"}],"wp:attachment":[{"href":"http:\/\/blog.inmontanis.info\/index.php?rest_route=%2Fwp%2Fv2%2Fmedia&parent=8541"}],"wp:term":[{"taxonomy":"category","embeddable":true,"href":"http:\/\/blog.inmontanis.info\/index.php?rest_route=%2Fwp%2Fv2%2Fcategories&post=8541"},{"taxonomy":"post_tag","embeddable":true,"href":"http:\/\/blog.inmontanis.info\/index.php?rest_route=%2Fwp%2Fv2%2Ftags&post=8541"}],"curies":[{"name":"wp","href":"https:\/\/api.w.org\/{rel}","templated":true}]}}