{"id":8524,"date":"2023-02-13T19:40:52","date_gmt":"2023-02-13T18:40:52","guid":{"rendered":"http:\/\/blog.inmontanis.info\/?p=8524"},"modified":"2023-02-15T20:01:29","modified_gmt":"2023-02-15T19:01:29","slug":"werkstattbesuch-in-italien-13-2-2023","status":"publish","type":"post","link":"http:\/\/blog.inmontanis.info\/?p=8524","title":{"rendered":"Werkstattbesuch in Italien, 13.2.2023"},"content":{"rendered":"<p><strong>Mo, 13.2.2023<\/strong><\/p>\n<p>Leider musste der Franzose neben mir am Campingplatz schon vor 7 Uhr ruml\u00e4rmen, weil er kurz nach 7 Uhr fahren wollte &#8211; und ich bin ja gestern Abend mal wieder viel zu sp\u00e4t, erst nach Mitternacht, ins Bett gekommen und wollte wenigstens bis 7:10 oder 7:15 schlafen&#8230;<\/p>\n<p>Einen Monat nachdem ich in Tirol mehrere Tage lang mein Auto in der Werkstatt hatte, muss ich also nun wieder skim\u00e4\u00dfig aussetzen f\u00fcr einen Werkstattermin. Und das h\u00e4tte eventuell verhindert werden k\u00f6nnen, denn eigentlich ist mir genau nach dem Abholen des Autos beim letzten Werkstatttermin aufgefallen, dass die Schaltung irgendwie komisch ist. Allerdings schob ich das darauf, dass ich f\u00fcr die paar Tage in N\u00fcrnberg mit dem Automatik-Fiesta meiner Mutter gefahren bin und das Kupplungspedal nicht mehr gew\u00f6hnt w\u00e4re..<\/p>\n<p>.. aber mittlerweile bekomm ich den ersten und zweiten Gang fast nicht mehr rein, wenn ich wo anhalten muss. Im kalten Zustand geht&#8217;s noch etwas einfacher.<\/p>\n<p>Also, was wird&#8217;s sein? Die Kupplung, die nach 238.000 km durchaus mal f\u00e4llig sein d\u00fcrfte? Oder doch etwas anderes? Um 16 Uhr hatte ich heute den Termin vereinbart, aber aufgrund der nun immer schwierigeren Situation mit dem 1. und 2. Gang, entschied ich, heute aufs Skifahren zu verzichten und dann halt schon fr\u00fcher, gegen Ende ihrer Mittagspause (= 12-14h), dort sein zu wollen.<\/p>\n<p>Ich checkte vormittags noch ein paar Vokabeln, die ich vielleicht brauchen k\u00f6nnte. Die Italiener haben \u00fcbrigens sogar ein Wort quasi f\u00fcr das &#8220;camperisieren&#8221; eines Autos: camperizzare .. Sweet, dann kann ich beim n\u00e4chsten Campingplatz gleich mal sagen &#8220;Ho camperizzato la mia macchina&#8221; oder &#8220;e camperizzata&#8221; &#8230; Sp\u00e4testens wenn ich auf den Campingpl\u00e4tzen erw\u00e4hne, dass ich letzten Winter 9 Monate von August bis Mai in Skandinavien unterwegs war, sind sie einerseits irgendwie beruhigt, wenn ich sage, dass ich im Auto schlafe, andererseits aber auch noch \u00fcberraschter. Verst\u00e4ndlicherweise.<\/p>\n<p>War am Vormittag nochmals oben im Ort (Sampeyre), diesmal im Supermarkt, wo ich mir (ging nur getrennt zu kaufen) eine aufgeschnittene (gr\u00f6\u00dfere) Semmel (9,2g), 2 Scheiben Mortadella (66g) und eine 1.5l-Flasche Mineralwasser gekauft hab &#8211; das hatte dann lediglich 1,01 \u20ac gekostet! Ja, in Italien macht Einkaufen im Gegensatz zu Frankreich wieder Spa\u00df. (Und, um insb. die n\u00e4chsten Tage mal vorweg zu nehmen, das Skifahren auch.)<\/p>\n<p><a href='http:\/\/extra.inmontanis.info\/d\/98632-2\/DSC01400.jpg'><img src=http:\/\/extra.inmontanis.info\/d\/98631-3\/DSC01400.jpg \/><\/a><br \/>\n^ G\u00fcnstiger Einkauf im Dorfsupermarkt in Sampeyre: Semmel 9,2g 0,30 \u20ac + Mortadella 66g 0,52 \u20ac + 1.5l Mineralwasser 0,19 \u20ac = 1,01 \u20ac. Semmeln werden normalerweise in Italien nach Gramm, nicht nach St\u00fcck abgerechnet.<\/p>\n<p>Kurz vor 12 Uhr fuhr ich dann los und war leider doch schon kurz nach 13 Uhr am Autohaus, wo die Tore allerdings verschlossen waren. Somit halt leider mindestens eine Stunde extra warten m\u00fcssen.<\/p>\n<p>Auf dem Weg musste ich 3x stoppen (1x Baustellenampel,1x Ampel, 1x Kreisverkehr) und den ersten Gang einlegen, was dann \u00fcber den R\u00fcckw\u00e4rtsgang tats\u00e4chlich funktioniert hatte, sonst h\u00e4tte ich ggf. mit dem 3. anfahren m\u00fcssen. Mit dem Trick h\u00e4tte ich also doch heute Skifahren gehen k\u00f6nnen :) Mal wieder schade um den sonnigen, warmen Tag heute.<\/p>\n<p><a href='http:\/\/extra.inmontanis.info\/d\/98636-2\/DSC01402.jpg'><img src=http:\/\/extra.inmontanis.info\/d\/98635-3\/DSC01402.jpg \/><\/a><br \/>\n^ Kurz vor der Werkstatt s\u00fcdlich von Cuneo mit Bergpano und Windrad am Campingplatz<\/p>\n<p>Kurz nach 14 Uhr gab ich also mein Auto ab und wartete im Schauraum, sehr stylisch-modern, insbesondere auch das Kunden-WC, \u00fcbrigens auch wieder mit Popodusche. Scheint in Italien wohl der neueste Schrei zu sein. Wobei sie ja in den Hotelzimmern auch ja fr\u00fcher fast immer neben dem WC ein Bidet hatten. Da liegt das ja nicht weit weg.<\/p>\n<p>Tjoa, also entgegen den faulen Franzosen da letztens mit ihrem kurzen Blick in den Motorraum &#8220;das ist die Kupplung *grins*&#8221; hatte mein Kundendienstberater in Innsbruck schon auch eher einen Halter beim Seilzug in Verdacht gehabt. Um 15:30 kam einer der Verk\u00e4ufer zu mir und meinte, dass unten alles voller Salz und Dreck sei und deshalb der Seilzug nicht mehr richtig ginge, weil alles verstopft, da sei ein 90\u00b0 Winkel und wenn ich fester aufs Pedal dr\u00fccken w\u00fcrde, w\u00fcrd&#8217;s eben besser gehen.<\/p>\n<p>Zuf\u00e4llig  wurde heute wohl auch in Innsbruck einer abgeschleppt eingeliefert, wo genau besagter Halter gerissen ist &#8211; der-\/diejenige konnte dan also gar nicht mehr fahren.<\/p>\n<p>Ob meiner nur verstopft oder gerissen ist, wusste ich noch nicht, ich nahm an, dass es ges\u00e4ubert werden k\u00f6nnte, aber schlussendlich wurde doch der Seilzug samt Halter ausgetauscht. Laut meiner Nachfrage sei die Kupplung noch ok, als ich eine halbe Stunde sp\u00e4ter mal ungefragt wieder zur Kundendienstannahme ging und gerade der Meister eine Proberunde mit meinem Ignis gemacht hatte. <\/p>\n<p>Derweil die hier ausliegende Tageszeitung bereits davon spricht, dass f\u00fcr die n\u00e4chste Trockenheit im Sommer Vorkehrungen getroffen werden sollten, da es weiterhin nicht viel Wasser gibt. Was sich aber ja auch schnell \u00e4ndern kann, wenn mal so ein Genuatief reingr\u00e4tscht, dann gibt&#8217;s gleich wieder \u00dcberschwemmungen &#8230;<\/p>\n<p>Der Austausch kostete dann 141,80 \u20ac, gut, dass sie die Sachen lagernd hatten. Der Stundensatz netto ist hier lediglich 43,50 \u20ac &#8230;  wir haben mittlerweile 136,- \u20ac netto bei Suzuki (142,- bei Ford+Mazda, 147,- bei Volvo, 174,- bei Karosserie und 179,- bei Hochvolt\/Premiumfahrzeugen) &#8211; krasser Unterschied. Da lohnt sich bei arbeitszeitintensiven Arbeiten ein Ausflug nach Italien! 10% Rabatt auf die Ersatzteile hab ich hier in Italien anscheinend auch noch &#8220;einfach so&#8221; bekommen. Und kurzfristig (Freitag ja erst Termin vereinbart) ging&#8217;s auch. Super, h\u00e4tte mal wieder nicht besser laufen k\u00f6nnen!<\/p>\n<p>Ob das jetzt sinnvoll ist oder nicht, dass die Kupplung immer noch nicht getauscht wurde, steht auf einem anderen Blatt. Im teuren Skandinavien will ich die nicht tauschen m\u00fcssen und wenn ich sie doch irgendwann mal tauschen muss, wird sie ggf. noch neuwertig sein, wenn das Auto irgendwann mal verschrottet werden muss, zudem w\u00e4r dann ein Tausch bei 150-200.000km g\u00fcnstiger gekommen .. Oder lohnt es sich bei den g\u00fcnstigen Arbeitspreisen in Italien, ein neues Getriebe und einen Tauschmotor einbauen zu lassen? Oder vielleicht w\u00e4re es in Ungarn, Rum\u00e4nien oder Bulgarien sogar noch g\u00fcnstiger? :)<\/p>\n<p>In der N\u00e4he gabs noch ein Einkaufszentrum mit einem gro\u00dfen Supermarkt, den ich danach besuchte. Mittlerweile schon zum zweiten Mal auf dieser Reise passiert, dass ich ohne Geld an der Kasse steh, weils im Rucksack im Auto ist. Diesmal war der Weg aber viel weiter. <\/p>\n<p>Wieder eine Stange Baguette gekauft, Ist verglichen mit den italienischen Semmeln normalerweise g\u00fcnstiger und geschmacklich besser. Daf\u00fcr allerdings br\u00f6seliger als manche Brotsorten\/alternativen im UK oder Skandinavien. Wird dann nach dem Kauf in handlichere St\u00fccke zerbrochen und kommt in die Plastikt\u00fcte, damit es nicht so trocken \/ z\u00e4h \/ hart wird, was es dann aber doch wurde, weil diese Plastikt\u00fcte (Gefrierbeutel) mittlerweile leider etliche L\u00f6cher hat. H\u00e4lt sonst problemlos 3 Tage.<\/p>\n<p>Anscheinend gibt&#8217;s auch (=wie in Frankreich) in italienischen Superm\u00e4rkten keine 1l-Kakaomilch, sondern lediglich die kleinen 200ml-&#8220;Schul&#8221;-Portionen mit Strohhalm ungek\u00fchlt. \u00dcberhaupt ist das Milchregal (halber Gang) ungek\u00fchlt, nur ganz wenig Milch ist gek\u00fchlt. Alternativ bek\u00e4me man Nicht-Kuhmilch (Hafer, Mandel etc.) auch hier und da im Kakao-Geschmack, also zB und insbesondere h\u00e4ufig Alpro, wie auch in Frankreich. Mit knapp unter 3 \u20ac zwar sehr teuer, aber noch g\u00fcnstiger als in Frankreich. Allerdings hatte ich Alpro ja schonmal in Skandinavien gekauft, wo es mir nicht schmeckte, Oatly ist da viel besser, das hab ich zuletzt in FR und IT aber nirgends gesehen, h\u00e4tte aber noch eine Packung aus Deutschland &#8220;im Keller&#8221;, quasi f\u00fcr Notf\u00e4lle ;)<\/p>\n<p>Da gegen\u00fcber ein Burgerking war, checkte ich den mal nach den Preisen, aber unterm Strich meiner Meinung nach zu teuer, zumal es ja meist eh nicht sonderlich gut schmeckt. Ich entschied mich dann lediglich f\u00fcr den g\u00fcnstigen Hamburger um 1,30 \u20ac (wo man das Fleischpatty mittlerweile fast mit der Lupe suchen muss, so klein ist es) und die Pommes mit Bacon&#038;Cheese um 3,70, wobei ich den Bacon ja angebratener erwartet h\u00e4tte. Im Behinderten-WC \u00fcbrigens auch wieder eine Popodusche.<\/p>\n<p><a href='http:\/\/extra.inmontanis.info\/d\/98640-2\/DSC01406.jpg'><img src=http:\/\/extra.inmontanis.info\/d\/98639-3\/DSC01406.jpg \/><\/a><br \/>\n^ Am nahen Burgerking mitgenommen. Naja. War OK, aber verzichtbar. <\/p>\n<p>Die Gangschaltung im Auto funktioniert wieder wie neu, so gut sind die G\u00e4nge schon laaang nicht mehr reingeflutscht. Muss mich allerdings stark umstellen, was die Kupplung angeht, der Schleifpunkt beim Einkuppeln ist jetzt ganz wo anders am Pedal, viel viel weiter vorne als in den letzten Wochen.<\/p>\n<p>An einem Campingplatz, mittlerweile dunkel, angekommen, h\u00e4tte man anrufen bzw. Gegensprechanlagenm\u00e4\u00dfig klingeln m\u00fcssen, worauf ich nicht wirklich Lust hatte. Aber anscheinend gibts da einen Alarm, auch wenn man nicht draufklickt, und bevor ich mir im Auto ein anderes Ziel rausgesucht hatte, kam auch schon der Besitzer runtergefahren mit einem Elektro-Mobil (glaub so ein Golfspieler-Teil), also bin ich halt doch hier geblieben ;) <\/p>\n<p>Waren dann 13 \u20ac, was er verlangt hatte, wobei ich mich noch nicht entscheiden konnte, wieviel N\u00e4chte, vielleicht bis Freitag. Er brachte dann noch einen italienischen Stromadapter (keine CEE-Anschl\u00fcsse), wobei ich meinen ja dabei hab &#8211; aber irgendwo erst suchen m\u00fcsste und ein Verl\u00e4ngerungskabel, das er an einem anderen Anschluss ansteckte, weil ich ihm kurz meine Ausstattung zeigte und auch das Kochen ansprach, wobei ich ja heute gar nicht mehr kochen muss, erst morgen, und an dem sonstigen Anschluss wohl nur 3A zur Verf\u00fcgung stehen &#8211; was ja auch kein Problem w\u00e4re, kann ja \u00fcber die interne Batterie kochen und die Batterie \u00fcber Nacht wieder aufladen.<\/p>\n<p>Der Campingplatz liegt allerdings sehr steil am Berg, da will ich kein Schnee oder Eis haben, die Auffahrt hat wohl mehr als 20%. Am n\u00e4chsten Tag sah ich noch eine alternative Auffahrt zumindest zu gewissen Bereichen.<\/p>\n<p>Duschen kosten extra (Kabinen sind wohl nur ein Raum zum Umziehen und Duschen, k\u00f6nnte also sein, dass man da seine Kleidung etwas nass macht beim Duschen), Klobrille und Klopapier gibts &#8211; wie zumeist &#8211; nicht.<\/p>\n<p>Als ich am n\u00e4chsten Tag losfuhr, sah ich ihn unten rumbauen und fragte ihn, ob das die Toiletten waren fr\u00fcher, ja er baue sie neu. das sei hier der Sommerbereich. Dann war ich ich wohl doch schon mal bei einer meiner Sommerreisen hier, als ich noch Campingpl\u00e4tze besuchte, hatte eh erst den Verdacht, aber der steile Bereich kam mir unbekannt vor.<\/p>\n<p>Abends checkte ich noch den Status der Skigebiete. Limone (und Entracque) will ich ja wohl eher nicht fahren; Lurisia\/Viola\/Garessio haben wohl erst am WE wieder offen, einzig San Giacomo h\u00e4tte au\u00dfer Mondol\u00e9 t\u00e4glich offen.<\/p>\n<p>In Mondole w\u00fcrden die Tageskarten nun wie folgt kosten die n\u00e4chsten Tage:<br \/>\nmorgen Dienstag inakzeptable 46,- \u20ac. Dynamisch scheinen die also nicht unbedingt (nur) nach Belegung zu gehen, sondern auch oder eher, wie lang im Vorhinein man sich daf\u00fcr entscheidet.<br \/>\nMittwoch 41 \u20ac<br \/>\nDonnerstag 38,- \u20ac (1 mehr als Mindesttarif)<br \/>\nFreitag 38,- \u20ac (1 mehr als Mindesttarif)<\/p>\n<p>DO+FR als 2-Tageskarte 72,- = 36,-\/Tag<br \/>\nMI-FR als 3-Tageskarte 109,-= w\u00e4ren dann zus\u00e4tzliche 37,- \u20ac f\u00fcr MI.<\/p>\n<p>Alternativ k\u00f6nnt ich mir MI ja auch eine 3h-Karte um 33,- \u20ac kaufen, lohnt sich im Vgl. zu den 37,- aber auch nicht wirklich. Oder 2 Tage San Giacomo fahren? Allerdings ist dort auch nicht alles offen, wenn auch wohl der wichtigste Teil. Aber da hatte ich in der Vergangenheit auch verschiedene Empfindungen gehabt, mal eher langweilig, mal sehr geil.<\/p>\n<p>Allerdings nerven mich diese dynamischen Skip\u00e4sse und dass ich mich da jetzt so fr\u00fch festlegen m\u00fcsste und eigentlich will ich das ein wenig boykottieren. Zudem fallen heuer halt gleich 2 Kultanlagen weg zu meinem letzten Besuch: 1. ESL Monte Moro, wo ich es einen ganzen Tag aushalten kann und 2. der alte Portalst\u00fctzen-SL von Artesina richtung Prato Nevoso. Naja, Nummer 2 w\u00e4re verschmerzbar, da steht jetzt eine 4SB. Und in die umgekehrte Verbindungsrichtung wurde eine 10EUB gebaut. Wobei die DSB da schon lang und oftmals Wartezeiten hatte, der trauer ich also nicht wirklich nach. Aber Nummer 1, das ist halt voll Schei\u00dfe, dass der ESL nicht f\u00e4hrt. Auch wenns immerhin evtl. noch die letzte in Italien in Betrieb befindliche Graffer-DSB mit diesen Schalensitzen in Frabosa gibt.<\/p>\n<p>Um 23:30 hatte ich mich endlich soweit entschlossen (siehe oben, stundenlang rum\u00fcberlegen nur wegen diesen schei\u00df dynamischen Skip\u00e4ssen und dann hab ich noch nicht mal online einen gekauft), morgen nicht nach San Giacomo zu fahren, mir noch keinen fixen Skipass f\u00fcr Mondole zu kaufen, sondern morgen eine 3h-Karte f\u00fcr Mondole zu kaufen, sobald ich in Rastello bin und die DSB fahren sehe (ja, die soll jetzt auch unter der Woche offen sein) und ggf. dann hoffentlich f\u00fcr zumindest Freitag noch eine vorhandene 38 \u20ac Tageskarte zu kaufen. Zuletzt, 2017\/18, hatte die Tageskarte 32,- gekostet. Im Januar und sp\u00e4ter ab Mitte M\u00e4rz gibts aber nach wie vor noch ein paar g\u00fcntigere Preise unter der Woche, heuer ab 27 \u20ac f\u00fcr DI\/MI\/DO.<\/p>\n","protected":false},"excerpt":{"rendered":"<p>Mo, 13.2.2023<\/p>\n<p>Leider musste der Franzose neben mir am Campingplatz schon vor 7 Uhr ruml\u00e4rmen, weil er kurz nach 7 Uhr fahren wollte &#8211; und ich bin ja gestern Abend mal wieder viel zu sp\u00e4t, erst nach Mitternacht, ins Bett gekommen und wollte wenigstens bis 7:10 oder 7:15 schlafen&#8230;<\/p>\n<p>Einen Monat nachdem ich in Tirol <a href=\"http:\/\/blog.inmontanis.info\/?p=8524\">[&#8230;]<\/a><\/p>\n","protected":false},"author":1,"featured_media":0,"comment_status":"closed","ping_status":"closed","sticky":false,"template":"","format":"standard","meta":{"footnotes":""},"categories":[15],"tags":[],"class_list":["post-8524","post","type-post","status-publish","format-standard","hentry","category-italienitaly","odd"],"_links":{"self":[{"href":"http:\/\/blog.inmontanis.info\/index.php?rest_route=\/wp\/v2\/posts\/8524","targetHints":{"allow":["GET"]}}],"collection":[{"href":"http:\/\/blog.inmontanis.info\/index.php?rest_route=\/wp\/v2\/posts"}],"about":[{"href":"http:\/\/blog.inmontanis.info\/index.php?rest_route=\/wp\/v2\/types\/post"}],"author":[{"embeddable":true,"href":"http:\/\/blog.inmontanis.info\/index.php?rest_route=\/wp\/v2\/users\/1"}],"replies":[{"embeddable":true,"href":"http:\/\/blog.inmontanis.info\/index.php?rest_route=%2Fwp%2Fv2%2Fcomments&post=8524"}],"version-history":[{"count":3,"href":"http:\/\/blog.inmontanis.info\/index.php?rest_route=\/wp\/v2\/posts\/8524\/revisions"}],"predecessor-version":[{"id":8527,"href":"http:\/\/blog.inmontanis.info\/index.php?rest_route=\/wp\/v2\/posts\/8524\/revisions\/8527"}],"wp:attachment":[{"href":"http:\/\/blog.inmontanis.info\/index.php?rest_route=%2Fwp%2Fv2%2Fmedia&parent=8524"}],"wp:term":[{"taxonomy":"category","embeddable":true,"href":"http:\/\/blog.inmontanis.info\/index.php?rest_route=%2Fwp%2Fv2%2Fcategories&post=8524"},{"taxonomy":"post_tag","embeddable":true,"href":"http:\/\/blog.inmontanis.info\/index.php?rest_route=%2Fwp%2Fv2%2Ftags&post=8524"}],"curies":[{"name":"wp","href":"https:\/\/api.w.org\/{rel}","templated":true}]}}