{"id":8519,"date":"2023-02-12T18:13:30","date_gmt":"2023-02-12T17:13:30","guid":{"rendered":"http:\/\/blog.inmontanis.info\/?p=8519"},"modified":"2023-02-14T18:24:17","modified_gmt":"2023-02-14T17:24:17","slug":"sampeyre-12-2-2023","status":"publish","type":"post","link":"http:\/\/blog.inmontanis.info\/?p=8519","title":{"rendered":"Sampeyre, 12.2.2023"},"content":{"rendered":"<p><strong>So, 12.2.2023<\/strong><\/p>\n<p>Was f\u00fcr ein Schei\u00df: In Sampeyre war anscheinend heute ein Karnevalsevent\/umzug, also Stau und die Parkpl\u00e4tze im Skigebiet wurden auch von den Nicht-Skifahrern verwendet, jedenfalls viel schalten m\u00fcssen und kaum noch den ersten Gang reinbekommen.<\/p>\n<p>Am Parkplatz hab ich mich neben einem Kleinbus hingestellt, wegen offener T\u00fcr eh schon weiter weg, als es bei dem heutigen Tag ein Parkplatzeinweiser getan h\u00e4tte, auf einmal wird da neben mir geschrieen und geheult als h\u00e4tte ich jemand \u00fcberfahren. Nun, zumindest hab ich anscheinend etwas \u00fcberfahren, n\u00e4mlich deren Ski und St\u00f6cke. Also manche Leute sind so bescheuert, das kann man nicht begreifen, wo die ihr Zeug hinlegen?! Ewig weit weg neben ihrem Auto, morgens, wo die Leute einparken wollen.<\/p>\n<p>Dadurch musste ich nochmals paar mal rangieren, mittlerweile hab ich auch den 2. Gang nicht mehr reinbekommen, immerhin hatten sie dann festgestellt, dass ihr Zeug OK ist und auch meinen Reifen hab ich nicht aufgeschlitzt. <\/p>\n<p>An der Kasse &#8211; nach etwas Wartezeiten &#8211; wurde f\u00fcr die Tageskarte doch nur 23,- \u20ac wie online verlangt, nicht 2 \u20ac mehr. Nach wie vor Klebe-Skip\u00e4sse, aber gr\u00f6\u00dfer als die normalen franz\u00f6sischen.<\/p>\n<p>Die Talabfahrt war leider nicht offen, oben auch nicht alles. Generell weniger Schnee als die letzten beiden Tage und somit hab ich dann auch gar nicht alles probiert zu fahren. Durch die nun w\u00e4rmeren Temperaturen wurde es hier und da etwas pappig, aber selten.<\/p>\n<p>Die erste DSB fuhr mit T\u00fcrkei-Geschwindigkeit, obere etwas schneller, aber auch eher langsamer als normalerweise und nochmals langsamer bei Kids oder Fu\u00dfg\u00e4ngern. Letzte Bergfahrt 15:45.<\/p>\n<p>Um 12 Uhr bin ich ins Restaurant an der Mittelstation, um aufs Klo zu gehen. H\u00e4tte mir heute mal was zum Essen kaufen wollen, aber es gab nur eine Tafel drau\u00dfen, wo drauf stand, was es alles gab, aber nicht, was es kosten w\u00fcrde. Auch innen nichts zu finden, nur einen einzigen Preis: &#8220;coperto 1,50&#8221;. Tja, dann halt nicht. Blind mich innen (noch leer) reinsetzten und bestellen kommt nicht in Frage. H\u00e4tte man fragen k\u00f6nnen? Klar, aber ich will ja dann alle Preise wissen um die Entscheidung entsprechend auch nach Preis zu beeinflussen.<\/p>\n<p>Danach bin ich mal die Talabfahrt gefahren, der untere Teil war schon recht steinig, h\u00e4tt ich mal am Zwiwscheneinstieg fragen sollen, ob ich da rein darf.<\/p>\n<p>Was man da unten mitbekommen hatte, war ein Blick ins Dorf, wo vielleicht tausende Menschen waren. Da will man heut Nachmittag ja gar nicht aus dem Tal rausfahren. <\/p>\n<p>Wenn im SL vor mir einer raucht, lass ich einfach los und fahr wieder ab, aber in der DSB muss ich leider hinter der Qualmwolke qualvoll leiden und mich \u00e4rgern, wie heute mal wieder. Diesmal aber kein Skilehrer, wie zuletzt in \u00d6sterreich, sondern eine junge Snowboarderin.<\/p>\n<p>War schon ein paar Mal hier, daher nicht viel fotografiert.<\/p>\n<p><a href='http:\/\/extra.inmontanis.info\/d\/98608-2\/DSC01364.jpg'><img src=http:\/\/extra.inmontanis.info\/d\/98607-3\/DSC01364.jpg \/><\/a><br \/>\n^ Umfahrungsstra\u00dfe, weil Hauptstra\u00dfe wegen Karnevalsumzug gesperrt. Gegenverkehr gabs keinen geben und weil ein paar Fu\u00dfg\u00e4nger auch hier rumliefen, mussten die Autos teilweise in Schrittgeschwindigkeit fahren<\/p>\n<p><a href='http:\/\/extra.inmontanis.info\/d\/98612-2\/DSC01365.jpg'><img src=http:\/\/extra.inmontanis.info\/d\/98611-3\/DSC01365.jpg \/><\/a><br \/>\n^ Also, soweit weg stand ich vom Auto, welcher normal denkende Mensch kann denn da bitte auch nur irgendwie auf den Gedanken kommen, dass die Besitzer so weit entfernt ihre Skier und Stecken hingelegt haben?!<\/p>\n<p><a href='http:\/\/ski.inmontanis.info\/d\/312844-2\/DSC01367.jpg'><img src=http:\/\/ski.inmontanis.info\/d\/312843-3\/DSC01367.jpg \/><\/a><br \/>\n^ Talstation DSB Sektion 1<\/p>\n<p><a href='http:\/\/ski.inmontanis.info\/d\/312848-2\/DSC01370.jpg'><img src=http:\/\/ski.inmontanis.info\/d\/312847-3\/DSC01370.jpg \/><\/a><br \/>\n^ DSB Sektion 1 Zwischeneinstieg<\/p>\n<p><a href='http:\/\/ski.inmontanis.info\/d\/312852-2\/DSC01371.jpg'><img src=http:\/\/ski.inmontanis.info\/d\/312851-3\/DSC01371.jpg \/><\/a><br \/>\n^ DSB Sektion 1 mit verschiedenen Sesseln<\/p>\n<p><a href='http:\/\/ski.inmontanis.info\/d\/312856-2\/DSC01374.jpg'><img src=http:\/\/ski.inmontanis.info\/d\/312855-3\/DSC01374.jpg \/><\/a><br \/>\n^ DSB Sektion 2<\/p>\n<p><a href='http:\/\/ski.inmontanis.info\/d\/312860-2\/DSC01375.jpg'><img src=http:\/\/ski.inmontanis.info\/d\/312859-3\/DSC01375.jpg \/><\/a><br \/>\n^ DSB Sektion 2 Abfahrten<\/p>\n<p><a href='http:\/\/ski.inmontanis.info\/d\/312864-2\/DSC01376.jpg'><img src=http:\/\/ski.inmontanis.info\/d\/312863-3\/DSC01376.jpg \/><\/a><br \/>\n^ DSB Sektion 2<\/p>\n<p><a href='http:\/\/ski.inmontanis.info\/d\/312868-2\/DSC01377.jpg'><img src=http:\/\/ski.inmontanis.info\/d\/312867-3\/DSC01377.jpg \/><\/a><br \/>\n^ DSB Sektion 2 nahe Bergstation. Evtl. soll(te) das Skigebiet hier links weiter erweitert werden<\/p>\n<p><a href='http:\/\/ski.inmontanis.info\/d\/312872-2\/DSC01381.jpg'><img src=http:\/\/ski.inmontanis.info\/d\/312871-3\/DSC01381.jpg \/><\/a><br \/>\n^ DSB Sektion 1 und Ort<\/p>\n<p><a href='http:\/\/ski.inmontanis.info\/d\/312876-2\/DSC01385.jpg'><img src=http:\/\/ski.inmontanis.info\/d\/312875-3\/DSC01385.jpg \/><\/a><br \/>\n^ 2 Sektionen F\u00f6rderb\u00e4nder an der Talstation<\/p>\n<p><a href='http:\/\/ski.inmontanis.info\/d\/312880-2\/DSC01389.jpg'><img src=http:\/\/ski.inmontanis.info\/d\/312879-3\/DSC01389.jpg \/><\/a><br \/>\n^ Evtl. aufgelassenes Abfahrtsst\u00fcck an der 2. Sektion<\/p>\n<p><a href='http:\/\/ski.inmontanis.info\/d\/312884-2\/DSC01390.jpg'><img src=http:\/\/ski.inmontanis.info\/d\/312883-3\/DSC01390.jpg \/><\/a><br \/>\n^ Geschlossene Talabfahrt, das steinigste St\u00fcck<\/p>\n<p><a href='http:\/\/ski.inmontanis.info\/d\/312888-2\/ge20230212a.jpg'><img src=http:\/\/ski.inmontanis.info\/d\/312887-3\/ge20230212a.jpg \/><\/a><br \/>\n^ GPS-Track 12.2.2023 in T\u00fcrkis (inkl. ein paar komplett danebenen Strichen links und rechts), vorherige Besuche in Orange. Der SL links im Tal ist ja schon lang stillgelegt.<\/p>\n<p>Tja, fraglich, fraglich, wegen morgen. Nochmal hier fahren und gleich am Parkplatz \u00fcbernachten, doch nach Artesina und 3h kaufen oder schon vormittags zur Werkstatt? Da die von 12-14h Mittag haben und ich erst um 16:00 einen Termin hab, w\u00fcrde eine Ankunft vor 14h wohl auch nicht sinnvoll sein.<\/p>\n<p>Es g\u00e4be noch einen Campingplatz hier im Ort, nahe der Lifte, vor der Eventarena, der  17 \u20ac + 0,45\/kwh kosten soll, also nicht so g\u00fcnstig wie die vorherigen. Angebotspreis 11 \u20ac in Nebensaison inkl. 4 Personen, aber nicht jetzt in der Faschingszeit.<\/p>\n<p>Wobei auch fraglich ist, wie lang da heut Abend\/Nacht evtl noch L\u00e4rm sein wird. Und ob\/wann die Besitzer vom Campingplatz vor Ort w\u00e4ren oder auch bei den Feierlichkeiten&#8230;<\/p>\n<p>Als ich gegen 15:30 die Talabfahrt zum Abschluss nochmals gefahren bin, waren zwar weniger Leute im Ort zu sehen, aber L\u00e4rm h\u00f6rte man noch. Da w\u00e4re man evtl. am Liftparkplatz besser aufgehoben als am Campingplatz, der n\u00e4her im Ort ist. Aber, als ich am Parkplatz ankam, grillten ein St\u00fcck hinter mir junge Italiener Salsiccie und einer kam dann r\u00fcber und redete schon komplett besoffen, ob ich nicht was mit ihnen mittrinken m\u00f6chte.<\/p>\n<p>Nach einiger Zeit hatte ich mich doch entschieden, morgen nicht nach Artesina zu fahren und lieber gleich in die Werkstatt, sollte ich \u00fcberhaut noch fahren k\u00f6nnen. Wobei es ja auch seine Vorteile h\u00e4tte, abgeschleppt zu werden, w\u00fcrde man einen Ersatzwagen und\/oder \u00dcbernachtung bezahlt bekommen, wenns l\u00e4nger dauert.<\/p>\n<p>Zudem zeigt GMaps gerade einige km starken Verkehr talausw\u00e4rts an, in beiden Richtungen orange\/rot\/dunkelrot.<\/p>\n<p>Oh Mann, dieses bl\u00f6de Karnevalsfest hier findet nur alle 5 Jahre statt, daf\u00fcr wohl an 3 Sonntagen, warum ausgerechnet dann, wenn ich hier bin?! Laut Programm ist um 14:30 der letzte Akt, die Parkplatzpendelbusse fahren bis 17 Uhr und manche Stra\u00dfen sind bis 18:30 gesperrt.<\/p>\n<p>Um 17 Uhr haben die Italiener hinter mir doch schon zusammengepackt und sind abgefahren. Kurz sp\u00e4ter kam der Abschleppdienst wegen eines anderen Autos.<\/p>\n<p>Der Campingplatz w\u00e4re immerhin so nah, dass ich mit dem ersten Gang hinfahren kann, also nicht \u00f6fters schalten muss. Ruhiger w\u00e4rs jetzt jedenfalls hier in der Gegend. Also zum Camingplatz gefahren und eingecheckt. Ziemlich voll momentan.<\/p>\n<p>Soll ich noch in den Ort rauf schauen? Falls ein Gesch\u00e4ft offen haben sollte, k\u00f6nnte ich eine Flasche Wasser brauchen. Oder was zum essen. Kurz vor 18 Uhr bin ich rauf, am Hauptplatz wars mir noch zu voll, auch an den St\u00e4nden, wo momentan wohl haupts\u00e4chlich Punsch &#038; Co verkauft wurde. Eine B\u00e4ckerei hatte noch offen und bevor die schlie\u00dfen w\u00fcrden, nahm ich mir halt hier noch eine (im Vgl zu Superm\u00e4rkten nat\u00fcrlich wesentlich teurere) Flasche Wasser plus Pizzast\u00fcck plus bissl Karnevalsgeb\u00e4ck mit. <\/p>\n<p>Da aber K\u00e4se und Tomatenmark bald mal aufgebraucht werden m\u00fcssen, hab ich noch paar Nudeln dazu gemacht.<\/p>\n<p><a href='http:\/\/extra.inmontanis.info\/d\/98616-2\/DSC01391.jpg'><img src=http:\/\/extra.inmontanis.info\/d\/98615-3\/DSC01391.jpg \/><\/a><br \/>\n^ Fluss durch Sampeyre<\/p>\n<p><a href='http:\/\/extra.inmontanis.info\/d\/98620-2\/DSC01393.jpg'><img src=http:\/\/extra.inmontanis.info\/d\/98619-3\/DSC01393.jpg \/><\/a><br \/>\n^ Fluss durch Sampeyre und Campingplatz<\/p>\n<p><a href='http:\/\/extra.inmontanis.info\/d\/98624-2\/DSC01394.jpg'><img src=http:\/\/extra.inmontanis.info\/d\/98623-3\/DSC01394.jpg \/><\/a><br \/>\n^ Sampeyre Ort<\/p>\n<p><a href='http:\/\/extra.inmontanis.info\/d\/98628-2\/DSC01395.jpg'><img src=http:\/\/extra.inmontanis.info\/d\/98627-3\/DSC01395.jpg \/><\/a><br \/>\n^ Sampeyre Ort<\/p>\n<p>Das Sanit\u00e4rgeb\u00e4ude am Campingplatz ist recht neu, mit mehreren Sitz-WCs samt Klobrille, ohne Toilettenpapier, aber immerhin Handwaschseife und Handpapier. Wie schon am gestrigen Campingplatz g\u00e4bs auch hier auf den Toiletten eine &#8220;Popodusche&#8221;, die &#8220;finnische&#8221; Variante, also mit eigenem Anschluss, Schlauch und &#8220;Duschkopf&#8221;, nicht im Sitz integriert. Hab ich bisher eben haupts\u00e4chlich in Finnland gesehen.<\/p>\n<p>Viele Glockenschl\u00e4ge um Mitternacht von der Kirche. Das w\u00fcrd mich in einer Wohnung ja auch nerven, wenn da ein Kirchturm jede Nacht durchgehend l\u00e4uten w\u00fcrde. Manchmal sind die Glocken ja nachts ausgeschaltet, daf\u00fcr dann um 7 Uhr dauergel\u00e4ute.<\/p>\n<p>Musste dann am n\u00e4chsten Tag doch nur 15 \u20ac inkl. Strom zahlen, wobei sie gar nicht auf den Z\u00e4hler nachgesehen hatte, au\u00dfer sie k\u00f6nnte den per Funk abfragen. Laut meinem Z\u00e4hler waren es 4.7 Ah.<\/p>\n","protected":false},"excerpt":{"rendered":"<p>So, 12.2.2023<\/p>\n<p>Was f\u00fcr ein Schei\u00df: In Sampeyre war anscheinend heute ein Karnevalsevent\/umzug, also Stau und die Parkpl\u00e4tze im Skigebiet wurden auch von den Nicht-Skifahrern verwendet, jedenfalls viel schalten m\u00fcssen und kaum noch den ersten Gang reinbekommen.<\/p>\n<p>Am Parkplatz hab ich mich neben einem Kleinbus hingestellt, wegen offener T\u00fcr eh schon weiter weg, als es <a href=\"http:\/\/blog.inmontanis.info\/?p=8519\">[&#8230;]<\/a><\/p>\n","protected":false},"author":1,"featured_media":8522,"comment_status":"closed","ping_status":"closed","sticky":false,"template":"","format":"standard","meta":{"footnotes":""},"categories":[15,228,27],"tags":[38,91],"class_list":["post-8519","post","type-post","status-publish","format-standard","has-post-thumbnail","hentry","category-italienitaly","category-sampeyre","category-skifahren-winterskiing-winter","tag-dsb","tag-graffer","odd"],"_links":{"self":[{"href":"http:\/\/blog.inmontanis.info\/index.php?rest_route=\/wp\/v2\/posts\/8519","targetHints":{"allow":["GET"]}}],"collection":[{"href":"http:\/\/blog.inmontanis.info\/index.php?rest_route=\/wp\/v2\/posts"}],"about":[{"href":"http:\/\/blog.inmontanis.info\/index.php?rest_route=\/wp\/v2\/types\/post"}],"author":[{"embeddable":true,"href":"http:\/\/blog.inmontanis.info\/index.php?rest_route=\/wp\/v2\/users\/1"}],"replies":[{"embeddable":true,"href":"http:\/\/blog.inmontanis.info\/index.php?rest_route=%2Fwp%2Fv2%2Fcomments&post=8519"}],"version-history":[{"count":3,"href":"http:\/\/blog.inmontanis.info\/index.php?rest_route=\/wp\/v2\/posts\/8519\/revisions"}],"predecessor-version":[{"id":8523,"href":"http:\/\/blog.inmontanis.info\/index.php?rest_route=\/wp\/v2\/posts\/8519\/revisions\/8523"}],"wp:featuredmedia":[{"embeddable":true,"href":"http:\/\/blog.inmontanis.info\/index.php?rest_route=\/wp\/v2\/media\/8522"}],"wp:attachment":[{"href":"http:\/\/blog.inmontanis.info\/index.php?rest_route=%2Fwp%2Fv2%2Fmedia&parent=8519"}],"wp:term":[{"taxonomy":"category","embeddable":true,"href":"http:\/\/blog.inmontanis.info\/index.php?rest_route=%2Fwp%2Fv2%2Fcategories&post=8519"},{"taxonomy":"post_tag","embeddable":true,"href":"http:\/\/blog.inmontanis.info\/index.php?rest_route=%2Fwp%2Fv2%2Ftags&post=8519"}],"curies":[{"name":"wp","href":"https:\/\/api.w.org\/{rel}","templated":true}]}}