{"id":8516,"date":"2023-02-11T21:30:05","date_gmt":"2023-02-11T20:30:05","guid":{"rendered":"http:\/\/blog.inmontanis.info\/?p=8516"},"modified":"2023-02-13T21:46:34","modified_gmt":"2023-02-13T20:46:34","slug":"pian-mune-11-2-2023-hoch-uber-der-po-ebene","status":"publish","type":"post","link":"http:\/\/blog.inmontanis.info\/?p=8516","title":{"rendered":"Pian Mune, 11.2.2023 &#8211; hoch \u00fcber der Po-Ebene"},"content":{"rendered":"<p><strong>Sa, 11.2.2023<\/strong><\/p>\n<p>In Pian Mun\u00e8 am Sesselliftparkplatz oben um 9:10 angekommen, wurde man sehr eng, aber schr\u00e4g eingeparkt. \u00dcbrigens fall ich mit meinem kurzen Auto hier gar nicht so auf, weil sehr viele kleine Fiats fahren. Auch Skitr\u00e4ger am Dach sind nicht so selten wie oft anderswo.<\/p>\n<p>Es ist ja ziemlich nervig, dass manche Keycard-Nummern beim \u00dcberschreiben \/ Laden an der Kasse manchmal nicht mehr erkennbar sind. So ist die Nummer meiner neutralen Axess-Keycard mittlerweile durch den letzten Besuch in Frankreich nicht mehr lesbar und auch die Nummer, die ich 2019 in Pian Mune verwendet hatte, find ich derzeit nicht mehr richtig. Gem\u00e4\u00df meines damaligen Berichts konnte ich sie aber zuordnen &#8220;SanDomenico-Keycard&#8221;. Zuletzt dann einen Tag nach Pian Mune verwendet, da wurde die Kartennummer nicht mehr mit aufgedruckt und ist somit nur noch schwach ansatzweise erkennbar&#8230;<\/p>\n<p>Ich kaufte also online den Skipass, um an der Kasse keine Probleme mit fremden Keycards zu bekommen (vor einigen Jahren bin ich ja da schon mal abgereist, glaub ich mich zu erinnern) und weil ich ja letztes Mal ein Konto angelegt hatte. Vorsichtshalber nahm ich aber doch die in den letzten Wochen verwendete Alfi-Karte, leider musste man dann wieder alle Daten neu eingeben&#8230;<\/p>\n<p>Die DSB-Abfahrt war recht hart, am SL war&#8217;s pulvriger, aber leider mal wieder eine Abfahrt f\u00fcr Rennen gesperrt, obwohl nix da war, zudem sah man oben ein paar abgeschnittene Str\u00e4ucher in der Pr\u00e4parierungsspur, wird wohl eher das der Grund f\u00fcr die Sperre gewesen sein.<\/p>\n<p>Offpiste w\u00e4ren wohl die anderen Ski sinnvoller gewesen und nachmittags hatte sich der Tiefschnee neben der Piste teilweise sehr eigenartig angeh\u00f6rt, als w\u00fcrde man auf einer Plastikfolie fahren, also so ein zerknitterndes Ger\u00e4uscht. Vielleicht gab&#8217;s da unter dem Neuschnee (je nach Lage) eine Schicht Eis, die dann einbrach, was man beim Fahren aber gar nicht so gemerkt hat.<\/p>\n<p>Salsiccia Panino h\u00e4tte 6,50 gekostet. So verzweifelt hungrig war ich auch nicht. Pommes gabs keine, die h\u00e4tt ich bis 4,- gekauft.<\/p>\n<p>Schon lang nicht mehr eine so hohe Dichte an Nicht-Helmtr\u00e4gern gesehen wie heute, da f\u00fchlt man sich noch wohler.<\/p>\n<p>Zwischen 11 und 12 Uhr bin ich 3x die DSB gefahren, in der Hoffnung, der SL w\u00e4re zu Mittag dann leerer. Als ich dann zum SL wollte, war er geschlossen und die Leuten fingen an, rauf zu gehen oder eine andere Abfahrt zu suchen, da hintenrum f\u00fchrt wohl noch der Fu\u00dfweg. Bei meiner n\u00e4chsten Ankunft bewegte sich der SL schon wieder und eine weitere Auffahrt sp\u00e4ter war er wieder in Betrieb.<\/p>\n<p>Verglichen mit Crissolo oder Pontechianale, die ja heuer beide wegfallen, gefiel mir Pian Mune skifahrerisch ja eh immer schon weniger, punktete daf\u00fcr aber wegen des offenen Po-Ebenen-Panoramas.<\/p>\n<p>.. komischerweise haute mich das heute gar nicht so um, vielleicht hab ich die letzten Jahre in Skandinavien und UK im Sommer genug Flachland gesehen? Oder bin genug Skigefahren? Wenn das so weiter geht, f\u00e4nde ich es nicht weiter tragisch, wenn ich n\u00e4chstes Jahr wieder nicht nach Italien k\u00e4me. Was ich ja eventuell eh nicht vorh\u00e4tte, eigentlch w\u00e4re dann ja endlich mal wieder Slowakei bis T\u00fcrkei dran. Vielleicht also auch ganz sinnvoll, dass ich jetzt nicht mehr jedes Jahr in jedem Land sein will\/muss.<\/p>\n<p><a href='http:\/\/ski.inmontanis.info\/d\/312708-2\/DSC01301.jpg'><img src=http:\/\/ski.inmontanis.info\/d\/312707-3\/DSC01301.jpg \/><\/a><br \/>\n^ Zufahrt<\/p>\n<p><a href='http:\/\/ski.inmontanis.info\/d\/312712-2\/DSC01302.jpg'><img src=http:\/\/ski.inmontanis.info\/d\/312711-3\/DSC01302.jpg \/><\/a><br \/>\n^ DSB<\/p>\n<p><a href='http:\/\/ski.inmontanis.info\/d\/312716-2\/DSC01303.jpg'><img src=http:\/\/ski.inmontanis.info\/d\/312715-3\/DSC01303.jpg \/><\/a><br \/>\n^ SL Vivaio, soll 2010 wohl doch in Betrieb gegangen sein, leider war ich erst wieder 2016 hier und da war er schon wieder nicht mehr in Betrieb. War wohl gebraucht und br\u00e4uchte eine gr\u00f6\u00dfere Revision?!<\/p>\n<p><a href='http:\/\/ski.inmontanis.info\/d\/312720-2\/DSC01307.jpg'><img src=http:\/\/ski.inmontanis.info\/d\/312719-3\/DSC01307.jpg \/><\/a><br \/>\n^ Oberer SL<\/p>\n<p><a href='http:\/\/ski.inmontanis.info\/d\/312724-2\/DSC01308.jpg'><img src=http:\/\/ski.inmontanis.info\/d\/312723-3\/DSC01308.jpg \/><\/a><br \/>\n^ Die Pisten verliefen auch schon mal anders. Die mittlere war leider nicht offen.<\/p>\n<p><a href='http:\/\/ski.inmontanis.info\/d\/312728-2\/DSC01311.jpg'><img src=http:\/\/ski.inmontanis.info\/d\/312727-3\/DSC01311.jpg \/><\/a><br \/>\n^ Oberer SL, hat hier immer was von Gletscher-Ski<\/p>\n<p><a href='http:\/\/ski.inmontanis.info\/d\/312732-2\/DSC01313.jpg'><img src=http:\/\/ski.inmontanis.info\/d\/312731-3\/DSC01313.jpg \/><\/a><br \/>\n^ Oberer SL mit Pano richtung Ligurien<\/p>\n<p><a href='http:\/\/ski.inmontanis.info\/d\/312736-2\/DSC04958.jpg'><img src=http:\/\/ski.inmontanis.info\/d\/312735-3\/DSC04958.jpg \/><\/a><br \/>\n^ .. und in IR<\/p>\n<p><a href='http:\/\/ski.inmontanis.info\/d\/312740-2\/DSC01315.jpg'><img src=http:\/\/ski.inmontanis.info\/d\/312739-3\/DSC01315.jpg \/><\/a><br \/>\n^ Talblick vom SL runter zur DSB-Bergstation und der Po-Ebene richtung Turin<\/p>\n<p><a href='http:\/\/ski.inmontanis.info\/d\/312744-2\/DSC04961.jpg'><img src=http:\/\/ski.inmontanis.info\/d\/312743-3\/DSC04961.jpg \/><\/a><br \/>\n^ .. und in IR<\/p>\n<p><a href='http:\/\/ski.inmontanis.info\/d\/312748-2\/DSC04962.jpg'><img src=http:\/\/ski.inmontanis.info\/d\/312747-3\/DSC04962.jpg \/><\/a><br \/>\n^ IR-Gipfelzoom<\/p>\n<p><a href='http:\/\/ski.inmontanis.info\/d\/312752-2\/DSC01318.jpg'><img src=http:\/\/ski.inmontanis.info\/d\/312751-3\/DSC01318.jpg \/><\/a><br \/>\n^ Monviso<\/p>\n<p><a href='http:\/\/ski.inmontanis.info\/d\/312756-2\/DSC01323.jpg'><img src=http:\/\/ski.inmontanis.info\/d\/312755-3\/DSC01323.jpg \/><\/a><br \/>\n^ Die kleine Hintenrumvariante am SL oben ist noch nicht pr\u00e4pariert<\/p>\n<p><a href='http:\/\/ski.inmontanis.info\/d\/312760-2\/DSC01324.jpg'><img src=http:\/\/ski.inmontanis.info\/d\/312759-3\/DSC01324.jpg \/><\/a><br \/>\n^ .. von dort aus hat man auch einen interessanten Blick auf die Piste vs. Flachland<\/p>\n<p><a href='http:\/\/ski.inmontanis.info\/d\/312764-2\/DSC01328.jpg'><img src=http:\/\/ski.inmontanis.info\/d\/312763-3\/DSC01328.jpg \/><\/a><br \/>\n^ SL<\/p>\n<p><a href='http:\/\/ski.inmontanis.info\/d\/312768-2\/DSC01330.jpg'><img src=http:\/\/ski.inmontanis.info\/d\/312767-3\/DSC01330.jpg \/><\/a><br \/>\n^ F\u00f6rderband oberhalb der DSB<\/p>\n<p><a href='http:\/\/ski.inmontanis.info\/d\/312772-2\/DSC04967.jpg'><img src=http:\/\/ski.inmontanis.info\/d\/312771-3\/DSC04967.jpg \/><\/a><br \/>\n^ DSB-Abfahrt in IR<\/p>\n<p><a href='http:\/\/ski.inmontanis.info\/d\/312776-2\/DSC01332.jpg'><img src=http:\/\/ski.inmontanis.info\/d\/312775-3\/DSC01332.jpg \/><\/a><br \/>\n^ DSB Talstation und Parkpl\u00e4tze<\/p>\n<p><a href='http:\/\/ski.inmontanis.info\/d\/312780-2\/DSC01333.jpg'><img src=http:\/\/ski.inmontanis.info\/d\/312779-3\/DSC01333.jpg \/><\/a><br \/>\n^ DSB Spezialsessel<\/p>\n<p><a href='http:\/\/ski.inmontanis.info\/d\/312784-2\/DSC01338.jpg'><img src=http:\/\/ski.inmontanis.info\/d\/312783-3\/DSC01338.jpg \/><\/a><br \/>\n^ Arbeiten am SL<\/p>\n<p><a href='http:\/\/ski.inmontanis.info\/d\/312788-2\/DSC04969.jpg'><img src=http:\/\/ski.inmontanis.info\/d\/312787-3\/DSC04969.jpg \/><\/a><br \/>\n^ SL und Po-Ebene in IR<\/p>\n<p><a href='http:\/\/ski.inmontanis.info\/d\/312792-2\/DSC04970.jpg'><img src=http:\/\/ski.inmontanis.info\/d\/312791-3\/DSC04970.jpg \/><\/a><br \/>\n^ Mit IR kann man wieder gut mehrere hundert km weit den Alpenbogen sehen<\/p>\n<p><a href='http:\/\/ski.inmontanis.info\/d\/312796-2\/DSC04972.jpg'><img src=http:\/\/ski.inmontanis.info\/d\/312795-3\/DSC04972.jpg \/><\/a><br \/>\n^ IR-Pano S\u00fcdost<\/p>\n<p><a href='http:\/\/ski.inmontanis.info\/d\/312800-2\/DSC01343.jpg'><img src=http:\/\/ski.inmontanis.info\/d\/312799-3\/DSC01343.jpg \/><\/a><br \/>\n^ F\u00f6rderband oberhalb der DSB<\/p>\n<p><a href='http:\/\/ski.inmontanis.info\/d\/312804-2\/DSC01344.jpg'><img src=http:\/\/ski.inmontanis.info\/d\/312803-3\/DSC01344.jpg \/><\/a><br \/>\n^ F\u00f6rderband oberhalb der DSB<\/p>\n<p><a href='http:\/\/ski.inmontanis.info\/d\/312808-2\/DSC04979.jpg'><img src=http:\/\/ski.inmontanis.info\/d\/312807-3\/DSC04979.jpg \/><\/a><br \/>\n^ Zoom DSB und Appennin (IR)<\/p>\n<p><a href='http:\/\/ski.inmontanis.info\/d\/312812-2\/DSC04983.jpg'><img src=http:\/\/ski.inmontanis.info\/d\/312811-3\/DSC04983.jpg \/><\/a><br \/>\n^ Alpi Mondovi \/ Mondole \/ Lurisia etc<\/p>\n<p><a href='http:\/\/ski.inmontanis.info\/d\/312816-2\/DSC01349.jpg'><img src=http:\/\/ski.inmontanis.info\/d\/312815-3\/DSC01349.jpg \/><\/a><br \/>\n^ Diagonale Abfahrtsm\u00f6glichkeit, wenn der SL Vivaio in Betrieb w\u00e4re<\/p>\n<p><a href='http:\/\/ski.inmontanis.info\/d\/312820-2\/DSC01350.jpg'><img src=http:\/\/ski.inmontanis.info\/d\/312819-3\/DSC01350.jpg \/><\/a><br \/>\n^ SL, DSB und Talblick<\/p>\n<p><a href='http:\/\/ski.inmontanis.info\/d\/312824-2\/DSC01351.jpg'><img src=http:\/\/ski.inmontanis.info\/d\/312823-3\/DSC01351.jpg \/><\/a><br \/>\n^ Neben dem SL gibts eine versteckte Siedlung.. oder sie gab es, schaut wohl eher verfallen aus<\/p>\n<p><a href='http:\/\/ski.inmontanis.info\/d\/312828-2\/DSC01352.jpg'><img src=http:\/\/ski.inmontanis.info\/d\/312827-3\/DSC01352.jpg \/><\/a><br \/>\n^ <\/p>\n<p><a href='http:\/\/ski.inmontanis.info\/d\/312832-2\/DSC01354.jpg'><img src=http:\/\/ski.inmontanis.info\/d\/312831-3\/DSC01354.jpg \/><\/a><br \/>\n^ Endlich eines der seltenen, alten, roten Geh\u00e4nge erwischt<\/p>\n<p><a href='http:\/\/ski.inmontanis.info\/d\/312836-2\/DSC01357.jpg'><img src=http:\/\/ski.inmontanis.info\/d\/312835-3\/DSC01357.jpg \/><\/a><br \/>\n^ Wie in Vigezzo wird auch hier die Leitner-DSB mittlerweile von CCM serviciert.<\/p>\n<p><a href='http:\/\/ski.inmontanis.info\/d\/312840-2\/ge20230211a.jpg'><img src=http:\/\/ski.inmontanis.info\/d\/312839-3\/ge20230211a.jpg \/><\/a><br \/>\n^ GPS-Track 11.2.2023 in T\u00fcrkis, vorherige Besuche in Orange, man kann erkennen, dass die SL-Abfahrten etwas anders trassiert sind, auch wenn ich heute wie damals nicht nur die Abfahrten gefahren bin<\/p>\n<p>Hier in Paesana, wo die Stra\u00dfe nach Pian Mune raufgeht, soll es einen g\u00fcnstigen Campingplatz geben, also fuhr ich den mal an. Wobei ich bei den Temperaturen heute Nacht wohl auch hier oben bleiben k\u00f6nnte. Egal, gibt eh keinen brauchbaren Platz mit Po-Ebenen-Pano. Da w\u00e4r Rucas besser.<\/p>\n<p>Die Betreiber wohnten im Haus oberhalb des Toilettenbereichs, also gleich mal da waren. Kostete 15 \u20ac, h\u00e4tten sogar eine Mikrowelle im Servicebereich und Duschen samt hei\u00dfem Wasser inklusive. Laute Kirche in der N\u00e4he, nachts ruhig.<\/p>\n","protected":false},"excerpt":{"rendered":"<p>Sa, 11.2.2023<\/p>\n<p>In Pian Mun\u00e8 am Sesselliftparkplatz oben um 9:10 angekommen, wurde man sehr eng, aber schr\u00e4g eingeparkt. \u00dcbrigens fall ich mit meinem kurzen Auto hier gar nicht so auf, weil sehr viele kleine Fiats fahren. Auch Skitr\u00e4ger am Dach sind nicht so selten wie oft anderswo.<\/p>\n<p>Es ist ja ziemlich nervig, dass manche Keycard-Nummern <a href=\"http:\/\/blog.inmontanis.info\/?p=8516\">[&#8230;]<\/a><\/p>\n","protected":false},"author":1,"featured_media":8518,"comment_status":"closed","ping_status":"closed","sticky":false,"template":"","format":"standard","meta":{"footnotes":""},"categories":[15,227,27],"tags":[38,90,47],"class_list":["post-8516","post","type-post","status-publish","format-standard","has-post-thumbnail","hentry","category-italienitaly","category-pian-mune","category-skifahren-winterskiing-winter","tag-dsb","tag-infrarot","tag-sl","odd"],"_links":{"self":[{"href":"http:\/\/blog.inmontanis.info\/index.php?rest_route=\/wp\/v2\/posts\/8516","targetHints":{"allow":["GET"]}}],"collection":[{"href":"http:\/\/blog.inmontanis.info\/index.php?rest_route=\/wp\/v2\/posts"}],"about":[{"href":"http:\/\/blog.inmontanis.info\/index.php?rest_route=\/wp\/v2\/types\/post"}],"author":[{"embeddable":true,"href":"http:\/\/blog.inmontanis.info\/index.php?rest_route=\/wp\/v2\/users\/1"}],"replies":[{"embeddable":true,"href":"http:\/\/blog.inmontanis.info\/index.php?rest_route=%2Fwp%2Fv2%2Fcomments&post=8516"}],"version-history":[{"count":1,"href":"http:\/\/blog.inmontanis.info\/index.php?rest_route=\/wp\/v2\/posts\/8516\/revisions"}],"predecessor-version":[{"id":8517,"href":"http:\/\/blog.inmontanis.info\/index.php?rest_route=\/wp\/v2\/posts\/8516\/revisions\/8517"}],"wp:featuredmedia":[{"embeddable":true,"href":"http:\/\/blog.inmontanis.info\/index.php?rest_route=\/wp\/v2\/media\/8518"}],"wp:attachment":[{"href":"http:\/\/blog.inmontanis.info\/index.php?rest_route=%2Fwp%2Fv2%2Fmedia&parent=8516"}],"wp:term":[{"taxonomy":"category","embeddable":true,"href":"http:\/\/blog.inmontanis.info\/index.php?rest_route=%2Fwp%2Fv2%2Fcategories&post=8516"},{"taxonomy":"post_tag","embeddable":true,"href":"http:\/\/blog.inmontanis.info\/index.php?rest_route=%2Fwp%2Fv2%2Ftags&post=8516"}],"curies":[{"name":"wp","href":"https:\/\/api.w.org\/{rel}","templated":true}]}}