{"id":8511,"date":"2023-02-10T20:37:48","date_gmt":"2023-02-10T19:37:48","guid":{"rendered":"http:\/\/blog.inmontanis.info\/?p=8511"},"modified":"2023-02-12T20:57:32","modified_gmt":"2023-02-12T19:57:32","slug":"prali-10-2-2023","status":"publish","type":"post","link":"http:\/\/blog.inmontanis.info\/?p=8511","title":{"rendered":"Prali, 10.2.2023"},"content":{"rendered":"<p><strong>Fr, 10.2.2023<\/strong><\/p>\n<p>Vormittags an einem italienischen Discounter eingekauft, da ist&#8217;s noch g\u00fcnstig. Lange Stange Baguette nur 0,49 \u20ac, die Packung Mortadella war auch unter 1 \u20ac\/100g, die 1,5l Flasche Sprudelwasser 0,24 oder so \u00e4hnlich..<\/p>\n<p>Von der gestern angeschrieben Werkstatt nahe Cuneo bekam ich schon heute eine Antwort (die andere hier in der Gegend hatte sich nicht gemeldet), demnach ich am Montag oder Dienstag zur Diagnose kommen k\u00f6nnte. Ersatz der Kupplung inkl. Arbeit soll lt. der Angabe der EMail auch (wesentlich) g\u00fcnstiger sein als in Tirol (trotz Mitarbeiterrabatt) &#8211; selbst wenn der genannte Preis ohne Mwst. sein sollte, was in Italien ja schon mal vorkommt. Kann nat\u00fcrlich sein, dass sie sich vertan haben, ist aber eine Suzuki Vertragswerkstatt.<\/p>\n<p>Ich hab geantwortet, dass ich am Montag gegen 16\/17 Uhr kommen w\u00fcrde, was mir dann sp\u00e4ter mit 16 Uhr best\u00e4tigt wurde. <\/p>\n<p>Das hei\u00dft nat\u00fcrlich, dass ich keinen Skipass f\u00fcr Mondole jetzt kaufen kann, weil ich ja nicht wei\u00df, wann die was reparieren wollen\/k\u00f6nnen.  Mondole (Frabosa\/Artesina) verwendet skiperformance.com f\u00fcr ihre dynamischen Online-Skipassk\u00e4ufe, was insofern praktisch ist, da ich dort durch diverse K\u00e4ufe in Schweden und Norwegen schon einen Account hab, eine Skidata-Keycard hinterlegt hab und man somit nichts weiter anlegen muss. Dann sollte ja hoffentlich diese Keycard auch im Skigebiet funktionieren.<\/p>\n<p>\u00dcbrigens, was ich bei meiner Preisaufstellung letztens vergessen hab, die 1\/2\/3-Stunden-Karten sind nicht dynamisch (erst ab 4h), d.h. 3h (33,- \u20ac) k\u00f6nnte ich also spontan n\u00e4chste Woche kaufen, wenn mir die Tageskarten dann schon zu teuer sind, weil zu sp\u00e4t dran.<\/p>\n<p>Man k\u00f6nnte nat\u00fcrlich davon ausgehen, dass es am DI&#038;MI vielleicht nicht repariert wird, weil die Kupplung ja vermutlich bestellt werden muss, &#8220;wir&#8221; h\u00e4tten sie nicht lagernd, ca. 2 Tage Lieferzeit. Au\u00dfer es ist was anderes, was sie am Dienstag reparieren k\u00f6nnten. Und vielleicht h\u00e4tten sie auch einen preislich annehmbaren Ersatzwagen. Wei\u00df man ja alles nicht. Hotel werd ich mir f\u00fcr die Tage ggf. auch suchen m\u00fcssen, zumindest wenn sie erst mal das Getriebe aufschrauben\/abbauen m\u00fcssen um zu sehen, ob es nun tats\u00e4chlich die Kupplung ist, dann werd ich ja nicht auf der Hebeb\u00fchne in meinem Auto schlafen k\u00f6nnen ;-)<\/p>\n<p>Wobei man sich bei dem Preis \u00fcberlegen m\u00fcsste, sie nicht gleich zu tauschen, irgendwann w\u00fcrde sie ja wohl doch noch f\u00e4llig werden, sollte sie jetzt noch immer ok sein..<\/p>\n<p>Bis ich die E-Mail beantwortet hab, war&#8217;s kurz vor 12 Uhr und um 12:30 soll es in Prali die 3 \u20ac g\u00fcnstigere Halbtagskarte geben (19 \u20ac), also kann ich das auch noch gleich abwarten, wobei ich ja nicht weiss, ob man meine Keycard akzeptieren wird&#8230; ja, wurde akzeptiert.<\/p>\n<p>Offpiste war der Neuschnee noch sch\u00f6n pulvrig (bis auf dem Zwischen-Weg auf der linken schwarzen Talabfahrt, dort sehr pappig), aber auf der Piste auch schon wieder recht hart und abgerutscht. Muss wohl doch endlich mal ein Skiservice machen&#8230;<\/p>\n<p><a href='http:\/\/extra.inmontanis.info\/d\/98600-2\/DSC01270.jpg'><img src=http:\/\/extra.inmontanis.info\/d\/98599-3\/DSC01270.jpg \/><\/a><br \/>\n^ Die hier kostenfreie Autobahn nach\/um Pinerolo mit Blick in die Berge, links der Monviso<\/p>\n<p><a href='http:\/\/extra.inmontanis.info\/d\/98604-2\/DSC01273.jpg'><img src=http:\/\/extra.inmontanis.info\/d\/98603-3\/DSC01273.jpg \/><\/a><br \/>\n^ Die hier kostenfreie Autobahn nach\/um Pinerolo mit Blick in die Berge, links der Monviso<\/p>\n<p>Da ich ja schon oft in Prali war, hab ich nicht viele Fotos gemacht.<\/p>\n<p><a href='http:\/\/ski.inmontanis.info\/d\/312636-2\/DSC01275.jpg'><img src=http:\/\/ski.inmontanis.info\/d\/312635-3\/DSC01275.jpg \/><\/a><br \/>\n^ Pistenplan und \u00d6ffnungsstatus &#8211; alles offen bis nat\u00fcrlich die linke schwarze Talabfahrt Nr. 4. Den \u00dcbungslift im Dorf (links unten) ist dem Pistenzustand vorher beim Vorbeifahren nach heute noch keiner gefahren. Warum man den dort erneuert hat anstelle den (abgebauten) \u00dcbungslift neben der DSB-Talstation?!<\/p>\n<p><a href='http:\/\/ski.inmontanis.info\/d\/312640-2\/DSC01276.jpg'><img src=http:\/\/ski.inmontanis.info\/d\/312639-3\/DSC01276.jpg \/><\/a><br \/>\n^ Ex-ESL, schade schade. Wobei damals ja auch noch 2 Sektionen SL parallel nebendran waren. Die erste steht nach wie vor als Ruine. Und nat\u00fcrlich auch schade, schade, dass ich den ESL in Frabosa heuer nicht fahren werde k\u00f6nnen.<\/p>\n<p>Bleiben wohl noch 2 ESL im Skibetrieb heuer in Italien &#8211; der kurze Sacif in Bielmonte, und der Marchisio-Doppelmayr in Caldirola &#8211; aber nur, wenn da mal Schnee liegt. Was dort im n\u00f6rdlichen\/ligurischen Appennin schon eher sehr selten war in den letzten 20 Jahren. (Der Trojer-ESL am Vigiljoch m\u00fcsste heuer auch zu sein, glaub ich hab was von Arbeiten an der PB geh\u00f6rt.) Traurig, traurig.<\/p>\n<p><a href='http:\/\/ski.inmontanis.info\/d\/312644-2\/DSC01277.jpg'><img src=http:\/\/ski.inmontanis.info\/d\/312643-3\/DSC01277.jpg \/><\/a><br \/>\n^ DSB Sektion 1<\/p>\n<p><a href='http:\/\/ski.inmontanis.info\/d\/312648-2\/DSC01278.jpg'><img src=http:\/\/ski.inmontanis.info\/d\/312647-3\/DSC01278.jpg \/><\/a><br \/>\n^ Ex-SL Salei<\/p>\n<p><a href='http:\/\/ski.inmontanis.info\/d\/312652-2\/DSC01279.jpg'><img src=http:\/\/ski.inmontanis.info\/d\/312651-3\/DSC01279.jpg \/><\/a><br \/>\n^ SL Ciatlet h\u00e4lt brav die Stellung<\/p>\n<p><a href='http:\/\/ski.inmontanis.info\/d\/312656-2\/DSC01281.jpg'><img src=http:\/\/ski.inmontanis.info\/d\/312655-3\/DSC01281.jpg \/><\/a><br \/>\n^ SL Ciatlet<\/p>\n<p><a href='http:\/\/ski.inmontanis.info\/d\/312660-2\/DSC01285.jpg'><img src=http:\/\/ski.inmontanis.info\/d\/312659-3\/DSC01285.jpg \/><\/a><br \/>\n^ SL Ciatlet und DSB Sektion 2<\/p>\n<p><a href='http:\/\/ski.inmontanis.info\/d\/312664-2\/DSC01286.jpg'><img src=http:\/\/ski.inmontanis.info\/d\/312663-3\/DSC01286.jpg \/><\/a><br \/>\n^ SL Ciatlet<\/p>\n<p><a href='http:\/\/ski.inmontanis.info\/d\/312668-3\/DSC01287.jpg'><img src=http:\/\/ski.inmontanis.info\/d\/312667-4\/DSC01287.jpg \/><\/a><br \/>\n^ Mittelere Talabfahrt<\/p>\n<p><a href='http:\/\/ski.inmontanis.info\/d\/312672-3\/DSC01288.jpg'><img src=http:\/\/ski.inmontanis.info\/d\/312671-4\/DSC01288.jpg \/><\/a><br \/>\n^ Mittelere Talabfahrt<\/p>\n<p><a href='http:\/\/ski.inmontanis.info\/d\/312676-3\/DSC01289.jpg'><img src=http:\/\/ski.inmontanis.info\/d\/312675-4\/DSC01289.jpg \/><\/a><br \/>\n^ Parkplatz, gut gef\u00fcllt f\u00fcr einen Freitag?!<\/p>\n<p><a href='http:\/\/ski.inmontanis.info\/d\/312680-3\/DSC01291.jpg'><img src=http:\/\/ski.inmontanis.info\/d\/312679-4\/DSC01291.jpg \/><\/a><br \/>\n^ Panorama Ausstieg DSB Sektion 2<\/p>\n<p><a href='http:\/\/ski.inmontanis.info\/d\/312684-3\/DSC01293.jpg'><img src=http:\/\/ski.inmontanis.info\/d\/312683-4\/DSC01293.jpg \/><\/a><br \/>\n^ DSB Sektion 2, etwas offpiste<\/p>\n<p><a href='http:\/\/ski.inmontanis.info\/d\/312688-3\/DSC01294.jpg'><img src=http:\/\/ski.inmontanis.info\/d\/312687-4\/DSC01294.jpg \/><\/a><br \/>\n^ Ex-SL Salei<\/p>\n<p><a href='http:\/\/ski.inmontanis.info\/d\/312692-3\/DSC01295.jpg'><img src=http:\/\/ski.inmontanis.info\/d\/312691-4\/DSC01295.jpg \/><\/a><br \/>\n^ Ex-SL Salei<\/p>\n<p><a href='http:\/\/ski.inmontanis.info\/d\/312696-3\/DSC01298.jpg'><img src=http:\/\/ski.inmontanis.info\/d\/312695-4\/DSC01298.jpg \/><\/a><br \/>\n^ Linke schwarze Talabfahrt, geschlossen<\/p>\n<p><a href='http:\/\/ski.inmontanis.info\/d\/312700-3\/DSC01299.jpg'><img src=http:\/\/ski.inmontanis.info\/d\/312699-4\/DSC01299.jpg \/><\/a><br \/>\n^ Linke schwarze Talabfahrt &#8211; die wurde wohl mittlerweile aufgelassen. Durch den Mountainbike-Trail eh nicht so einfach zu fahren<\/p>\n<p><a href='http:\/\/ski.inmontanis.info\/d\/312704-3\/ge20230210a.jpg'><img src=http:\/\/ski.inmontanis.info\/d\/312703-4\/ge20230210a.jpg \/><\/a><br \/>\n^ GPS-Track 10.2.2023 in T\u00fcrkis (mit einigen Aussetzern an der DSB), vorherige Besuche ein Magenta, waren ja haupts\u00e4chlich Besuche zu Beginn oder am Ende der Saison (teils im Mai), wo die Talabfahrten nicht oder nicht offiziell gingen.<\/p>\n<p>In der N\u00e4he vom Sessellift soll es einen nicht zu teuren Campingplatz geben, den ich mal anfuhr. Konnte mich am Eingang aber nicht \u00fcberzeugen, sah nach fast nur Dauercampern mit H\u00fctten aus und sah auf die Schnelle auch keinen ger\u00e4umten Weg weiter hinein. Da ich aber noch nicht wusste, ob ich morgen Sestriere fahren w\u00fcrde (kommt ja auch drauf an, ob der SL Motta offen ist oder nicht), hab ich den Parkplatz mitten im Ort, von dem ich mich entweder in die eine oder andere Richtung entscheiden m\u00fcsste, f\u00fcr die Nacht gew\u00e4hlt. Ob das hinsichtlich L\u00e4rm und Ruhe eine sinnvolle Entscheidung war, durfte angezweifelt werden ..<\/p>\n<p>Abends den Lift-Status in Sestriere gecheckt. Da mittlerweile mehrere Lifte auf &#8220;gr\u00fcn&#8221; waren, d\u00fcrfte es bereits der morgige Status sein. Aber leider leider, SL Motta bleibt &#8220;rot&#8221;. Obwohl er letzten Samstag &#8220;gr\u00fcn&#8221; war. Ohne SL Motta hab ich keine Lust, 43 \u20ac f\u00fcr die Tageskarte zu zahlen. Zumal Tuassieres in Sauze auch noch zu ist. Also fallen die beiden wichtigsten SL weg.<\/p>\n<p>Frais nach wie vor zu, Rucas hat den Kurven-SL noch nicht offen, bleibt also nur, alles mal wieder einen Tag vorzuverschieben und morgen schon Pian Mun\u00e9 zu fahren. Der Schnee in Prali war ja heut auch nicht gut genug, dass ich hier nochmals fahren m\u00f6chte.<\/p>\n","protected":false},"excerpt":{"rendered":"<p>Fr, 10.2.2023<\/p>\n<p>Vormittags an einem italienischen Discounter eingekauft, da ist&#8217;s noch g\u00fcnstig. Lange Stange Baguette nur 0,49 \u20ac, die Packung Mortadella war auch unter 1 \u20ac\/100g, die 1,5l Flasche Sprudelwasser 0,24 oder so \u00e4hnlich..<\/p>\n<p>Von der gestern angeschrieben Werkstatt nahe Cuneo bekam ich schon heute eine Antwort (die andere hier in der Gegend hatte sich <a href=\"http:\/\/blog.inmontanis.info\/?p=8511\">[&#8230;]<\/a><\/p>\n","protected":false},"author":1,"featured_media":8513,"comment_status":"closed","ping_status":"closed","sticky":false,"template":"","format":"standard","meta":{"footnotes":""},"categories":[15,226,27],"tags":[38,35,80,47],"class_list":["post-8511","post","type-post","status-publish","format-standard","has-post-thumbnail","hentry","category-italienitaly","category-prali","category-skifahren-winterskiing-winter","tag-dsb","tag-esl","tag-marchisio","tag-sl","odd"],"_links":{"self":[{"href":"http:\/\/blog.inmontanis.info\/index.php?rest_route=\/wp\/v2\/posts\/8511","targetHints":{"allow":["GET"]}}],"collection":[{"href":"http:\/\/blog.inmontanis.info\/index.php?rest_route=\/wp\/v2\/posts"}],"about":[{"href":"http:\/\/blog.inmontanis.info\/index.php?rest_route=\/wp\/v2\/types\/post"}],"author":[{"embeddable":true,"href":"http:\/\/blog.inmontanis.info\/index.php?rest_route=\/wp\/v2\/users\/1"}],"replies":[{"embeddable":true,"href":"http:\/\/blog.inmontanis.info\/index.php?rest_route=%2Fwp%2Fv2%2Fcomments&post=8511"}],"version-history":[{"count":2,"href":"http:\/\/blog.inmontanis.info\/index.php?rest_route=\/wp\/v2\/posts\/8511\/revisions"}],"predecessor-version":[{"id":8514,"href":"http:\/\/blog.inmontanis.info\/index.php?rest_route=\/wp\/v2\/posts\/8511\/revisions\/8514"}],"wp:featuredmedia":[{"embeddable":true,"href":"http:\/\/blog.inmontanis.info\/index.php?rest_route=\/wp\/v2\/media\/8513"}],"wp:attachment":[{"href":"http:\/\/blog.inmontanis.info\/index.php?rest_route=%2Fwp%2Fv2%2Fmedia&parent=8511"}],"wp:term":[{"taxonomy":"category","embeddable":true,"href":"http:\/\/blog.inmontanis.info\/index.php?rest_route=%2Fwp%2Fv2%2Fcategories&post=8511"},{"taxonomy":"post_tag","embeddable":true,"href":"http:\/\/blog.inmontanis.info\/index.php?rest_route=%2Fwp%2Fv2%2Ftags&post=8511"}],"curies":[{"name":"wp","href":"https:\/\/api.w.org\/{rel}","templated":true}]}}