{"id":8505,"date":"2023-02-09T19:56:36","date_gmt":"2023-02-09T18:56:36","guid":{"rendered":"http:\/\/blog.inmontanis.info\/?p=8505"},"modified":"2023-08-04T19:19:15","modified_gmt":"2023-08-04T17:19:15","slug":"usseglio-9-2-2023","status":"publish","type":"post","link":"http:\/\/blog.inmontanis.info\/?p=8505","title":{"rendered":"Usseglio, 9.2.2023"},"content":{"rendered":"<p><strong>Do, 9.2.2023<\/strong><\/p>\n<p>Als ich nach 9:45 fuhr, zeigte mein Auto drau\u00dfen -13\u00b0 an. In meinen letztj\u00e4hrigen Skandinavien-Saisonkartengebieten ists momentan w\u00e4rmer. W\u00e4re der SL Motta heute offen gewesen, h\u00e4tte ich mir in Pragelato den kleinen Sestriere-Skipass gekauft, so fuhr ich halt den Umweg nach Usseglio, wo ich kurz vor 13 Uhr ankam.<\/p>\n<p>Bei meinem letzten Besuch 2018 gab es hier noch Klebeskip\u00e4sse, mittlerweile auch auf Handsfree umgestellt, wobei ich es online nicht weiter probiert hatte, da man sich h\u00e4tte erst anmelden m\u00fcssen. Halbtageskarten kosten eh gleich, 17 \u20ac. Bei Ankunft sah ich Alfi-Leser, und meine Karte wurde auch akzeptiert. Tageskarte h\u00e4tte 20 \u20ac online gekostet bzw. vor Ort 22,-. <\/p>\n<p>Leider momentan nur eine Abfahrt offen, was dann doch recht schnell langweilig wird, auch wenn das die Hintenrumabfahrt ist. Nach 2 Stunden war&#8217;s mir zu kalt und schattig wurde es auch, also aufgeh\u00f6rt. Ab morgen soll&#8217;s hoffentlich endlich w\u00e4rmer werden und wieder Plusgrade haben.<\/p>\n<p>Ob sich der Umweg heute gelohnt hat, darf bezweifelt werden &#8230;.<\/p>\n<p>Nicht viel Fotos gemacht, hab ja schon genug Fotos aus dem Skigebiet:<\/p>\n<p><a href='http:\/\/extra.inmontanis.info\/d\/98584-2\/DSC01208.jpg'><img src=http:\/\/extra.inmontanis.info\/d\/98583-3\/DSC01208.jpg \/><\/a><br \/>\n^ Montgenevre, in Frankreich Sonne, in Italien schlechter. Oftmals umgekehrt.<\/p>\n<p><a href='http:\/\/extra.inmontanis.info\/d\/98588-2\/DSC01217.jpg'><img src=http:\/\/extra.inmontanis.info\/d\/98587-3\/DSC01217.jpg \/><\/a><br \/>\n^ Am Colle del Lys<\/p>\n<p><a href='http:\/\/extra.inmontanis.info\/d\/98592-2\/DSC01222.jpg'><img src=http:\/\/extra.inmontanis.info\/d\/98591-3\/DSC01222.jpg \/><\/a><br \/>\n^ Kurz vor Usseglio wurde es wieder sonniger<\/p>\n<p><a href='http:\/\/ski.inmontanis.info\/d\/312572-2\/DSC01226.jpg'><img src=http:\/\/ski.inmontanis.info\/d\/312571-3\/DSC01226.jpg \/><\/a><br \/>\n^ Ankunft Pian Benot<\/p>\n<p><a href='http:\/\/ski.inmontanis.info\/d\/312576-2\/DSC01227.jpg'><img src=http:\/\/ski.inmontanis.info\/d\/312575-3\/DSC01227.jpg \/><\/a><br \/>\n^ Die Abfahrten direkt an der DSB waren &#8216;nat\u00fcrlich&#8217; noch nicht offen und auch nicht pr\u00e4pariert. Da brauchts wohl einen Meter mehr Schnee.<\/p>\n<p><a href='http:\/\/ski.inmontanis.info\/d\/312580-2\/DSC01228.jpg'><img src=http:\/\/ski.inmontanis.info\/d\/312579-3\/DSC01228.jpg \/><\/a><br \/>\n^ DSB Talstation, links daneben die ehemalige Bergstation des Zubringer-ESL<\/p>\n<p><a href='http:\/\/ski.inmontanis.info\/d\/312584-2\/DSC01235.jpg'><img src=http:\/\/ski.inmontanis.info\/d\/312583-3\/DSC01235.jpg \/><\/a><br \/>\n^ Blick von der Bergstation DSB zum ehemaligen Kurven-SL Lance<\/p>\n<p><a href='http:\/\/ski.inmontanis.info\/d\/312588-2\/DSC01236.jpg'><img src=http:\/\/ski.inmontanis.info\/d\/312587-3\/DSC01236.jpg \/><\/a><br \/>\n^ Ex-Kurven-SL Lance, hier hat man mittlerweile etliche St\u00fctzen abgebaut.<\/p>\n<p><a href='http:\/\/ski.inmontanis.info\/d\/312592-2\/DSC01237.jpg'><img src=http:\/\/ski.inmontanis.info\/d\/312591-3\/DSC01237.jpg \/><\/a><br \/>\n^ .. aber einige stehen noch.<\/p>\n<p><a href='http:\/\/ski.inmontanis.info\/d\/312596-2\/DSC01238.jpg'><img src=http:\/\/ski.inmontanis.info\/d\/312595-3\/DSC01238.jpg \/><\/a><br \/>\n^ Hintenrumabfahrt, die Standardabfahrt an der DSB<\/p>\n<p><a href='http:\/\/ski.inmontanis.info\/d\/312600-2\/DSC01239.jpg'><img src=http:\/\/ski.inmontanis.info\/d\/312599-3\/DSC01239.jpg \/><\/a><br \/>\n^ .. die ist weiter unten mittlerweile leider ziemlich eingez\u00e4unt :( Und die Variante links von Rennkids belegt :(<\/p>\n<p><a href='http:\/\/ski.inmontanis.info\/d\/312604-2\/DSC01240.jpg'><img src=http:\/\/ski.inmontanis.info\/d\/312603-3\/DSC01240.jpg \/><\/a><br \/>\n^ Hintenrumabfahrt<\/p>\n<p><a href='http:\/\/ski.inmontanis.info\/d\/312608-2\/DSC01243.jpg'><img src=http:\/\/ski.inmontanis.info\/d\/312607-3\/DSC01243.jpg \/><\/a><br \/>\n^ Ex-SL, da soll evtl. mal wieder einer gebaut werden, wenn ich das recht irgendwo mal gelesen hab? Vmtl. haupts\u00e4chlich f\u00fcr die Skiclubs und ihre Rennstrecke.<\/p>\n<p><a href='http:\/\/ski.inmontanis.info\/d\/312612-2\/DSC01244.jpg'><img src=http:\/\/ski.inmontanis.info\/d\/312611-3\/DSC01244.jpg \/><\/a><br \/>\n^ Der R\u00fcckbringer-SL von der Hintenrumabfahrt (vorne), der andere kurze SL fuhr heute nicht, daher etwas schieben zur DSB-Talstation<\/p>\n<p><a href='http:\/\/ski.inmontanis.info\/d\/312616-2\/DSC01248.jpg'><img src=http:\/\/ski.inmontanis.info\/d\/312615-3\/DSC01248.jpg \/><\/a><br \/>\n^ Rote Hintenrumabfahrt. Warum ich die so nenne, wird hier hoffentlich klar :)<\/p>\n<p><a href='http:\/\/ski.inmontanis.info\/d\/312620-2\/DSC01252.jpg'><img src=http:\/\/ski.inmontanis.info\/d\/312619-3\/DSC01252.jpg \/><\/a><br \/>\n^ Pano Talausw\u00e4rts<\/p>\n<p><a href='http:\/\/ski.inmontanis.info\/d\/312624-2\/DSC01253.jpg'><img src=http:\/\/ski.inmontanis.info\/d\/312623-3\/DSC01253.jpg \/><\/a><br \/>\n^ Die abges\u00e4gten St\u00fctzen des Ex-Zubringer-ESL stehen auch noch (Bildmitte)<\/p>\n<p>Hier ein Bild von der damaligen Bergstation, ohne einen Lift im DSB-Bereich (und damals wie so h\u00e4ufig mit wesentlich weniger B\u00e4umen):<br \/>\n<a href='http:\/\/www.paesaggiverticali.it\/Montagna\/Usseglio\/Cartoline-Storiche\/Pagina2\/Big\/Usseglio%20-%20Pian%20Benot%20Seggiovia%20-%202.jpg'>http:\/\/www.paesaggiverticali.it\/Montagna\/Usseglio\/Cartoline-Storiche\/Pagina2\/Big\/Usseglio%20-%20Pian%20Benot%20Seggiovia%20-%202.jpg<\/a><\/p>\n<p>.. und auch von der Talstation:<br \/>\n<a href='http:\/\/www.paesaggiverticali.it\/Montagna\/Usseglio\/Cartoline-Storiche\/Pagina2\/Big\/Usseglio%20-%20Pian%20Benot%20Seggiovia%20-%203.jpg'>http:\/\/www.paesaggiverticali.it\/Montagna\/Usseglio\/Cartoline-Storiche\/Pagina2\/Big\/Usseglio%20-%20Pian%20Benot%20Seggiovia%20-%203.jpg<\/a><\/p>\n<p><a href='http:\/\/ski.inmontanis.info\/d\/312628-2\/DSC01256.jpg'><img src=http:\/\/ski.inmontanis.info\/d\/312627-3\/DSC01256.jpg \/><\/a><br \/>\n^ Pano mit DSB<\/p>\n<p><a href='http:\/\/ski.inmontanis.info\/d\/312632-2\/ge20230209a.jpg'><img src=http:\/\/ski.inmontanis.info\/d\/312631-3\/ge20230209a.jpg \/><\/a><br \/>\n^ GPS-Track 9.2.2023 in T\u00fcrkis, vorherige Besuche in Orange. Ohne die vorderen Abfahrten (oder einer Reaktivierung des Kurven-SL-Bereichs) brauch ich hier auch nicht mehr her.<\/p>\n<p>Heute Nacht solls nochmal eisig werden, also w\u00e4r Strom sinnvoll. Da g\u00e4b&#8217;s zwar auch was nahe Prali (von hier aus 3h entfernt ca.), das ich morgen besuchen wollte, aber eben fraglich, ob Bar\/Restaurant offen ist, wo man dann bezahlen soll. Alternativ w\u00e4r hier in Usseglio ein Wohnmobil-Stellplatz mit Strom, ggf. etwas teurer. Dort angekommen, war die Schranke inexistent, der Platz zwar ger\u00e4umt, die Stroms\u00e4ulen sahen aber nicht so aus, als ob da zuletzt jemand ein Kabel verlegt h\u00e4tte, auch keine Fu\u00dfspuren dorthin im Schnee, Bezahlstelle sah ich auch nicht, also verzichtete ich auf weitere Nachforschungen.<\/p>\n<p><a href='http:\/\/ski.inmontanis.info\/d\/312568-2\/DSC01267.jpg'><img src=http:\/\/ski.inmontanis.info\/d\/312567-3\/DSC01267.jpg \/><\/a><br \/>\n^ Einer der stillgelegten Lifte am Colle del Lys, hab ich ja auch schon mal genauer fotografiert. Der vordere SL ist ja evtl. noch in Betrieb, aber aktuell gibts noch keine Betriebsinfos.<\/p>\n<p>Auf halben Weg g\u00e4b&#8217;s in Avilgliana einen Campingplatz. Dort unten w\u00e4r die Nacht mit -5\u00b0 auch nickt so kalt eigentlich. Kostete dann 15 \u20ac, eher klein und an einer lauten Stra\u00dfe, Toiletten wohl unbeheizt, kein Papier, wie so h\u00e4ufig in Italien und Frankreich.<\/p>\n<p>W\u00e4r ja auch gerne mal wieder in das bekannte 4-Sterne-Hotel nahe Pinerolo gefahren, auf booking.com h\u00e4tte das Zimmer nach wie vor g\u00fcnstige 44,- \u20ac gekostet inkl. des (wohl noch) bekannt-gro\u00dfen Fr\u00fchst\u00fccksbuffets.<\/p>\n<p>Aber da morgen Arbeitstag ist, h\u00e4tte ich wieder den ganzen PC aus- und danach wieder einbauen m\u00fcssen. Und nat\u00fcrlich die restlichen \u00fcblichen Sachen mit ins Zimmer nehmen. Das Auto w\u00e4re dann wieder stark ausgek\u00fchlt \u00fcber Nacht. Und abends h\u00e4tte ich ggf. noch dort essen m\u00fcssen. Und au\u00dferdem hab ich mich ja eh erst gestern geduscht ;)<\/p>\n<p><a href='http:\/\/extra.inmontanis.info\/d\/98596-2\/DSC01268.jpg'><img src=http:\/\/extra.inmontanis.info\/d\/98595-3\/DSC01268.jpg \/><\/a><br \/>\n^ Avigliana, Campingplatz am See<\/p>\n<p>Heute Vormittag hab ich somit Frankreich verlassen, wie im Sommer, ohne einmal in einem meiner fr\u00fcheren Lieblingsrestaurantketten Buffalo Grill oder La Pataterie gegessen zu haben. Abgesehen von den Speisekarten, die nicht mehr sonderlich die von mir bevorzugte Auswahl haben, abgesehen davon, dass sie dann auf dem Weg liegen m\u00fcssen, weil ich wegen der teuren Spritpreise keine Umwege mehr fahren will, kommt nat\u00fcrlich auch noch die \u00d6ffnungszeitproblematik dazu und dass ich abends, wenn ich mal einen Stellplatz hab und mein Auto auf Nachtmodus umgestellt hab, nicht nochmals zum Essen wegfahren will. Das ist nebenbei auch mein Pizzeria-Problem in Italien.<\/p>\n<p>Es hat halt alles seine Vor- und Nachteile, meine Reiseart von 2019 im Vergleich zu meinem jetzigen Reisestatus. Sicherlich brauch ich jetzt keine 100 \u20ac pro Reisetag, weil die \u00dcbernachtungskosten entweder wesentlich g\u00fcnstiger sind oder wegfallen, ich abends nicht essen gehen muss und ich weniger Umwege fahren muss, weil ich im Zweifelsfall einfach auf dem direkten Weg irgendwo \u00fcbernachten kann ohne erst zu einem g\u00fcnstigen Hotel zu fahren etc. Anstelle meine Unterkunft auf booking.com zu suchen, verwend ich nun halt park4night. <\/p>\n<p>Vom &#8220;drumherum&#8221; her w\u00e4re mir 2019 nat\u00fcrlich wesentlich lieber als 2023 und sch\u00f6ner sind 2 Wochen Reise mit Hotel und 3-G\u00e4nge-Men\u00fc nat\u00fcrlich auch. Aber einfach war das damals ja auch nicht immer und im Gegensatz dazu spar ich mir jetzt z.B. die t\u00e4gliche Schlepperei der Sachen zwischen Auto und Hotel. Und die langen Fahrten von Innsbruck zum Genfersee oder den Skigebieten um Turin oder Cuneo f\u00fcr ein Wochenende, nein, das vermiss ich auch nicht, da bin ich dann schon ganz froh, dass ich jetzt wochen- und monatelang unterwegs sein kann.<\/p>\n<p>Warum ich jammer? Weil einfach so viel immer nerviger wird. Skip\u00e4sse, Liftersetzungen, Schlie\u00dfungen, Kostenerh\u00f6hungen, mehr und mehr Fangz\u00e4une, Pistenmodellierungen, Politik, Welt, Regeln, Regulierungen, Strafen usw., in quasi jegliche Richtung immer mehr &#8220;Entspa\u00dfung&#8221;, bzw. &#8220;Spa\u00dfkanalisierung&#8221; (z.B. Stichwort Funslopes).<\/p>\n","protected":false},"excerpt":{"rendered":"<p>Do, 9.2.2023<\/p>\n<p>Als ich nach 9:45 fuhr, zeigte mein Auto drau\u00dfen -13\u00b0 an. In meinen letztj\u00e4hrigen Skandinavien-Saisonkartengebieten ists momentan w\u00e4rmer. W\u00e4re der SL Motta heute offen gewesen, h\u00e4tte ich mir in Pragelato den kleinen Sestriere-Skipass gekauft, so fuhr ich halt den Umweg nach Usseglio, wo ich kurz vor 13 Uhr ankam.<\/p>\n<p>Bei meinem letzten Besuch <a href=\"http:\/\/blog.inmontanis.info\/?p=8505\">[&#8230;]<\/a><\/p>\n","protected":false},"author":1,"featured_media":8507,"comment_status":"closed","ping_status":"closed","sticky":false,"template":"","format":"standard","meta":{"footnotes":""},"categories":[547,15,27,225],"tags":[38,47],"class_list":["post-8505","post","type-post","status-publish","format-standard","has-post-thumbnail","hentry","category-colle-del-lis-lys","category-italienitaly","category-skifahren-winterskiing-winter","category-usseglio","tag-dsb","tag-sl","odd"],"_links":{"self":[{"href":"http:\/\/blog.inmontanis.info\/index.php?rest_route=\/wp\/v2\/posts\/8505","targetHints":{"allow":["GET"]}}],"collection":[{"href":"http:\/\/blog.inmontanis.info\/index.php?rest_route=\/wp\/v2\/posts"}],"about":[{"href":"http:\/\/blog.inmontanis.info\/index.php?rest_route=\/wp\/v2\/types\/post"}],"author":[{"embeddable":true,"href":"http:\/\/blog.inmontanis.info\/index.php?rest_route=\/wp\/v2\/users\/1"}],"replies":[{"embeddable":true,"href":"http:\/\/blog.inmontanis.info\/index.php?rest_route=%2Fwp%2Fv2%2Fcomments&post=8505"}],"version-history":[{"count":3,"href":"http:\/\/blog.inmontanis.info\/index.php?rest_route=\/wp\/v2\/posts\/8505\/revisions"}],"predecessor-version":[{"id":8509,"href":"http:\/\/blog.inmontanis.info\/index.php?rest_route=\/wp\/v2\/posts\/8505\/revisions\/8509"}],"wp:featuredmedia":[{"embeddable":true,"href":"http:\/\/blog.inmontanis.info\/index.php?rest_route=\/wp\/v2\/media\/8507"}],"wp:attachment":[{"href":"http:\/\/blog.inmontanis.info\/index.php?rest_route=%2Fwp%2Fv2%2Fmedia&parent=8505"}],"wp:term":[{"taxonomy":"category","embeddable":true,"href":"http:\/\/blog.inmontanis.info\/index.php?rest_route=%2Fwp%2Fv2%2Fcategories&post=8505"},{"taxonomy":"post_tag","embeddable":true,"href":"http:\/\/blog.inmontanis.info\/index.php?rest_route=%2Fwp%2Fv2%2Ftags&post=8505"}],"curies":[{"name":"wp","href":"https:\/\/api.w.org\/{rel}","templated":true}]}}