{"id":8495,"date":"2023-02-06T20:32:42","date_gmt":"2023-02-06T19:32:42","guid":{"rendered":"http:\/\/blog.inmontanis.info\/?p=8495"},"modified":"2023-10-04T14:06:52","modified_gmt":"2023-10-04T12:06:52","slug":"col-de-rousset-col-dornon-6-2-2023-noch-mehr-arger","status":"publish","type":"post","link":"http:\/\/blog.inmontanis.info\/?p=8495","title":{"rendered":"Col de Rousset &#038; Col d&#8217;Ornon, 6.2.2023 &#8212; noch mehr \u00c4rger"},"content":{"rendered":"<p><strong>Mo, 6.2.2023<\/strong><\/p>\n<p>Der Morgen begann mit weniger Wind, daf\u00fcr mit Nebel, zumindest am Parkplatz. Wenn man fr\u00fch nicht fahren muss, wird das Auto zwar nicht warm, daf\u00fcr kann man die Fensterschaumstoffe drauf lassen, was wiederum die Heizwirkung der Standheizung verbessert.<\/p>\n<p>Im Skigebiet Col de Rousset hier war ich schon einmal und es gefiel mir recht gut. Heute dagegen war das wegen abermals dieser &#8220;Liftnazis&#8221; ein sehr kurzer Skitag. Ich kaufte mir die Tageskarte um 22 \u20ac (Klebe-Skipass) und fuhr mit der 4KSB rauf. Der erste KSSL war ohne Probleme, aber der Liftnazi am zweiten KSSL hat wieder \u00c4rger gemacht wegen meinen H\u00e4nden in den Steckenschlaufen, stellte sich vor mich hin, sp\u00e4ter auf (!) meine Skier und lie\u00df mich nicht fahren (obwohl der Eingang hier noch nicht mal gef\u00e4hrlich war, man also beim Losfahren\/Ankuppeln nirgends h\u00e4ngen bleiben konnte, wie mir es mal vor einigen Jahren in Thollon passiert ist, wo ich dann wegen Rippenprellung am R\u00fccken an dem Tag nicht mehr Skifahren konnte. Seitdem pass ich ja auf beim Einstieg und halte die Stecken ggf. zwischen die Beine bzw. strecke sie nach vorne aus. Hier aber nicht n\u00f6tig, weil an der Au\u00dfenseite nix war.).<\/p>\n<p>Ist also verfickt noch mal meine Entscheidung, wenn ich diese Gefahren eingehe. Als ich dann die H\u00e4nde rausgenommen hab und fahren durfte und kurz gefahren bin, hab ich sie nat\u00fcrlich wieder in die Schlaufen reingesteckt &#8211; das hat bei den anderen Liftnazis bisher (gestern + der bisher einzige vor einigen Jahren in einem anderen Skigebiet in Frankreich) geklappt, aber vielleicht weil nix los war oder der noch schlimmer war, hat der Wichser den Lift sofort angehalten.  <\/p>\n<p>Hab kurz gewartet, die H\u00e4nde dann raus, mich umgedreht, ich schreib hier nicht, was ich dem Adolf dann zugerufen  hab, hat aber den Lift nicht eingeschaltet, sondern seine Kollegen verst\u00e4ndigt.<\/p>\n<p>Hab die Stange also losgelassen und bin zum vorherigen KSSL gefahren wo Eva nat\u00fcrlich informiert war und mich auch zum Fahren ohne H\u00e4nde in den Schlaufen n\u00f6tigte. Dank Nebel hab ich das bald wieder anders gemacht, so dass sie das nicht merkte. Ich wollte dann oben entsprechend sp\u00e4ter aussteigen, damit mein Teller die Rei\u00dfleine ziehen w\u00fcrde, damit die Wichser hier noch etwas zu tun haben.<\/p>\n<p>Daraus wurde aber nichts, da an der Bergstation bereits 2 von der Pistensecurity warteten. Ich hab ihm dann gar nicht rumreden lassen, sondern wutentbrannt meinen Skipass runtergerissen (was auch einen blutigen Finger zur Folge hatte) und ihm den Skipass mit einem franz\u00f6ischen &#8220;nimm das&#8221; in die Hand gedr\u00fcckt und bin abgerauscht. Anscheinend war er ob meiner Reaktion zu verdutzt oder es war f\u00fcr sie dann auch erledigt. Arschl\u00f6cher da. Wieder ein zus\u00e4tzliches Skigebiet auf der Boykottliste. Oder gleich das ganze Land? Aber die meisten zicken ja nicht so rum, gestern ja auch nur einer und die Tage vorher keiner.<\/p>\n<p><a href='http:\/\/ski.inmontanis.info\/d\/312332-2\/DSC01063.jpg'><img src=http:\/\/ski.inmontanis.info\/d\/312331-3\/DSC01063.jpg \/><\/a><br \/>\n^ F\u00f6rderband zur 4KSB; der KSSL dahinter ist wg. Schneemangel geschlossen<\/p>\n<p><a href='http:\/\/ski.inmontanis.info\/d\/312336-2\/DSC01065.jpg'><img src=http:\/\/ski.inmontanis.info\/d\/312335-3\/DSC01065.jpg \/><\/a><br \/>\n^ Alter Stra\u00dfentunnel<\/p>\n<p><a href='http:\/\/ski.inmontanis.info\/d\/312340-2\/DSC01071.jpg'><img src=http:\/\/ski.inmontanis.info\/d\/312339-3\/DSC01071.jpg \/><\/a><br \/>\n^ 4KSB Bergstation<\/p>\n<p><a href='http:\/\/ski.inmontanis.info\/d\/312344-2\/DSC01072.jpg'><img src=http:\/\/ski.inmontanis.info\/d\/312343-3\/DSC01072.jpg \/><\/a><br \/>\n^ Die geschlossenen Talabfahrten vehement abgesperrt, dass man ja nicht runterf\u00e4hrt; obwohl es genug Spuren gab<\/p>\n<p><a href='http:\/\/ski.inmontanis.info\/d\/312348-2\/DSC01074.jpg'><img src=http:\/\/ski.inmontanis.info\/d\/312347-3\/DSC01074.jpg \/><\/a><br \/>\n^ Die beiden Lifte mit den Liftnazis<\/p>\n<p><a href='http:\/\/ski.inmontanis.info\/d\/312352-2\/ge20230206a.jpg'><img src=http:\/\/ski.inmontanis.info\/d\/312351-3\/ge20230206a.jpg \/><\/a><br \/>\n^ GPS-Track 6.2.2023 in T\u00fcrkis, vorheriger Besuch in Orange. Sinnlose, teure 22 \u20ac heute.<\/p>\n<p>Da es zeitig noch OK schien, fuhr ich noch mein f\u00fcr morgen geplantes Ziel an, das Skigebiet am Col d&#8217;Ornon. Die Strecke dort hin war kurvenreich und ich verlor im Vergleich zum Navi \u00fcber 20 Minuten.<\/p>\n<p><a href='http:\/\/extra.inmontanis.info\/d\/98508-2\/DSC01075.jpg'><img src=http:\/\/extra.inmontanis.info\/d\/98507-3\/DSC01075.jpg \/><\/a><br \/>\n^ Auf der anderen Seite des (neuen) Stra\u00dfentunnels am Col de Rousset wieder einmal Sonne, aber kein Schnee<\/p>\n<p><a href='http:\/\/extra.inmontanis.info\/d\/98512-2\/DSC01077.jpg'><img src=http:\/\/extra.inmontanis.info\/d\/98511-3\/DSC01077.jpg \/><\/a><br \/>\n^ Dort oben hinter der Wolke ist das Skigebiet<\/p>\n<p><a href='http:\/\/extra.inmontanis.info\/d\/98516-2\/DSC01079.jpg'><img src=http:\/\/extra.inmontanis.info\/d\/98515-3\/DSC01079.jpg \/><\/a><br \/>\n^ Col de Rousset<\/p>\n<p><a href='http:\/\/extra.inmontanis.info\/d\/98520-2\/DSC01080.jpg'><img src=http:\/\/extra.inmontanis.info\/d\/98519-3\/DSC01080.jpg \/><\/a><br \/>\n^ Kein bisschen Schnee zu sehen<\/p>\n<p><a href='http:\/\/extra.inmontanis.info\/d\/98524-2\/DSC01085.jpg'><img src=http:\/\/extra.inmontanis.info\/d\/98523-3\/DSC01085.jpg \/><\/a><br \/>\n^ Auffahrt zum Col de Men\u00e9e<\/p>\n<p><a href='http:\/\/extra.inmontanis.info\/d\/98528-2\/DSC01087.jpg'><img src=http:\/\/extra.inmontanis.info\/d\/98527-3\/DSC01087.jpg \/><\/a><br \/>\n^ Auffahrt zum Col de Men\u00e9e<\/p>\n<p><a href='http:\/\/extra.inmontanis.info\/d\/98532-2\/DSC01089.jpg'><img src=http:\/\/extra.inmontanis.info\/d\/98531-3\/DSC01089.jpg \/><\/a><br \/>\n^ Scheiteltunnel Col de Men\u00e9e<\/p>\n<p><a href='http:\/\/extra.inmontanis.info\/d\/98536-2\/DSC01092.jpg'><img src=http:\/\/extra.inmontanis.info\/d\/98535-3\/DSC01092.jpg \/><\/a><br \/>\n^ Col de Men\u00e9e .. auf der Nordseite des Tunnels nicht nur Schnee, sondern auch krass steile Felsw\u00e4nde<\/p>\n<p><a href='http:\/\/extra.inmontanis.info\/d\/98540-2\/DSC01093.jpg'><img src=http:\/\/extra.inmontanis.info\/d\/98539-3\/DSC01093.jpg \/><\/a><br \/>\n^ .. mit Eiswasserfall<\/p>\n<p><a href='http:\/\/extra.inmontanis.info\/d\/98544-2\/DSC01097.jpg'><img src=http:\/\/extra.inmontanis.info\/d\/98543-3\/DSC01097.jpg \/><\/a><br \/>\n^ 50 Minuten sp\u00e4ter<\/p>\n<p><a href='http:\/\/extra.inmontanis.info\/d\/98548-2\/DSC01099.jpg'><img src=http:\/\/extra.inmontanis.info\/d\/98547-3\/DSC01099.jpg \/><\/a><br \/>\n^ Auffahrt zum Col d&#8217;Ornon<\/p>\n<p><a href='http:\/\/extra.inmontanis.info\/d\/98552-2\/DSC01102.jpg'><img src=http:\/\/extra.inmontanis.info\/d\/98551-3\/DSC01102.jpg \/><\/a><br \/>\n^ Auffahrt zum Col d&#8217;Ornon<\/p>\n<p><a href='http:\/\/extra.inmontanis.info\/d\/98556-2\/DSC01103.jpg'><img src=http:\/\/extra.inmontanis.info\/d\/98555-3\/DSC01103.jpg \/><\/a><br \/>\n^ Auffahrt zum Col d&#8217;Ornon<\/p>\n<p><a href='http:\/\/extra.inmontanis.info\/d\/98560-2\/DSC01104.jpg'><img src=http:\/\/extra.inmontanis.info\/d\/98559-3\/DSC01104.jpg \/><\/a><br \/>\n^ Auffahrt zum Col d&#8217;Ornon<\/p>\n<p>Somit war ich erst nach 14 Uhr an der Talstation des \u00dcbgungslifts unten an der Passstra\u00dfe, wo die Kasse ist und man sich den Skipass kaufen musste, 11,- \u20ac f\u00fcr die Nachmittagskarte (Klebeskipass). Ich fuhr aber nicht diesen Lift, sondern gleich hinauf zum steilen KSSL. Der war wirklich sehr steil, angeblich 75%, hatte 2 Kurven und war durch die Kombination steil + schneearm sehr schwierig zu fahren. Erinnerte etwas an den einen steilen Tellerlift in Kirigistan (ich mein nicht den Flugtellerlift, wobei man hier auch abschnittsweise fast abhob). <\/p>\n<p>Ich bin trotzdem nur bis 16 Uhr gefahren, weil die Abfahrten auch wieder sehr schneearm und steinig waren. 2-3 Abschnitte bin ich lieber nicht gefahren.<\/p>\n<p>Von meinem Sommerbesuch 2014:<br \/>\n<a href='http:\/\/ski.inmontanis.info\/d\/183269-3\/DSC09823.jpg'><img src=http:\/\/ski.inmontanis.info\/d\/183268-4\/DSC09823.jpg \/><\/a><br \/>\n^ Pistenplan; das Skigebiet ist zweigeteilt und unverbunden, links der Hauptlift, der lt. GE aber nur bis 1875m geht, wobei man in GE so etwas wie eine modellierte Liftschneise bis rauf auf 2100m sehen w\u00fcrde &#8211; evtl. fr\u00fcher mal oder unvollendeter 2. KSSL..<\/p>\n<p>Heutige Bilder:<\/p>\n<p><a href='http:\/\/ski.inmontanis.info\/d\/312356-2\/DSC01108.jpg'><img src=http:\/\/ski.inmontanis.info\/d\/312355-3\/DSC01108.jpg \/><\/a><br \/>\n^ Auffahrt zum oberen KSSL des Skigebiets Col d&#8217;Ornon<\/p>\n<p><a href='http:\/\/ski.inmontanis.info\/d\/312360-2\/DSC01109.jpg'><img src=http:\/\/ski.inmontanis.info\/d\/312359-3\/DSC01109.jpg \/><\/a><br \/>\n^ Den SSL vorne bin ich nicht gefahren<\/p>\n<p><a href='http:\/\/ski.inmontanis.info\/d\/312364-2\/DSC01110.jpg'><img src=http:\/\/ski.inmontanis.info\/d\/312363-3\/DSC01110.jpg \/><\/a><br \/>\n^ SSL-KSSL<\/p>\n<p><a href='http:\/\/ski.inmontanis.info\/d\/312368-2\/DSC01111.jpg'><img src=http:\/\/ski.inmontanis.info\/d\/312367-3\/DSC01111.jpg \/><\/a><br \/>\n^ Alter, steiler KSSL und bei den geringen Schneeh\u00f6hen noch grenzwertiger<\/p>\n<p><a href='http:\/\/ski.inmontanis.info\/d\/312372-2\/DSC01112.jpg'><img src=http:\/\/ski.inmontanis.info\/d\/312371-3\/DSC01112.jpg \/><\/a><br \/>\n^ .. eine kurze Verschnaufpause ..<\/p>\n<p><a href='http:\/\/ski.inmontanis.info\/d\/312376-2\/DSC01113.jpg'><img src=http:\/\/ski.inmontanis.info\/d\/312375-3\/DSC01113.jpg \/><\/a><br \/>\n^ .. eine Kurve ..<\/p>\n<p><a href='http:\/\/ski.inmontanis.info\/d\/312380-2\/DSC01115.jpg'><img src=http:\/\/ski.inmontanis.info\/d\/312379-3\/DSC01115.jpg \/><\/a><br \/>\n^ .. und weiter gehts mit der Tortour<\/p>\n<p><a href='http:\/\/ski.inmontanis.info\/d\/312384-2\/DSC01116.jpg'><img src=http:\/\/ski.inmontanis.info\/d\/312383-3\/DSC01116.jpg \/><\/a><br \/>\n^ .. da m\u00f6chte man auch nicht im Graben landen<\/p>\n<p><a href='http:\/\/ski.inmontanis.info\/d\/312388-2\/DSC01119.jpg'><img src=http:\/\/ski.inmontanis.info\/d\/312387-3\/DSC01119.jpg \/><\/a><br \/>\n^ nochmals kurze Verschnaufpause, noch eine Kurve und dann der letzte Steilhang<\/p>\n<p><a href='http:\/\/ski.inmontanis.info\/d\/312392-2\/DSC01120.jpg'><img src=http:\/\/ski.inmontanis.info\/d\/312391-3\/DSC01120.jpg \/><\/a><br \/>\n^ .. und hier endet der KSSL dann pl\u00f6tzlich? H\u00e4, warum ausgerechnet hier? Ok, vielleicht wollte man hier oben noch einen kurzen flachen Lift bauen ..<\/p>\n<p><a href='http:\/\/ski.inmontanis.info\/d\/312396-2\/DSC01122.jpg'><img src=http:\/\/ski.inmontanis.info\/d\/312395-3\/DSC01122.jpg \/><\/a><br \/>\n^ Ausstieg KSSL<\/p>\n<p><a href='http:\/\/ski.inmontanis.info\/d\/312400-2\/DSC01121.jpg'><img src=http:\/\/ski.inmontanis.info\/d\/312399-3\/DSC01121.jpg \/><\/a><br \/>\n^ Zahmer Start der Abfahrt<\/p>\n<p><a href='http:\/\/ski.inmontanis.info\/d\/312404-2\/DSC01124.jpg'><img src=http:\/\/ski.inmontanis.info\/d\/312403-3\/DSC01124.jpg \/><\/a><br \/>\n^ Talblick, rechts gegen\u00fcber ..<\/p>\n<p><a href='http:\/\/ski.inmontanis.info\/d\/312408-2\/DSC01126.jpg'><img src=http:\/\/ski.inmontanis.info\/d\/312407-3\/DSC01126.jpg \/><\/a><br \/>\n^ .. ist das Skigebiet von Alpe d&#8217;Huez<\/p>\n<p><a href='http:\/\/ski.inmontanis.info\/d\/312412-2\/DSC01127.jpg'><img src=http:\/\/ski.inmontanis.info\/d\/312411-3\/DSC01127.jpg \/><\/a><br \/>\n^ Die pr\u00e4parierte Abfahrt war hart abgefahren, die Buckel gingen besser, weil griffiger, Im Bereich vom Grat f\u00fchrt der pr\u00e4parierte Weg nach rechts, wo man direkt via Buckelpiste abk\u00fcrzen kann; alternativ kann man am Grat aber auch links fahren.<\/p>\n<p><a href='http:\/\/ski.inmontanis.info\/d\/312416-2\/DSC01131.jpg'><img src=http:\/\/ski.inmontanis.info\/d\/312415-3\/DSC01131.jpg \/><\/a><br \/>\n^ Nach der Buckelpiste und einer Abfahrtsabzweigung landet man wieder auf einem Grat<\/p>\n<p><a href='http:\/\/ski.inmontanis.info\/d\/312420-2\/DSC01130.jpg'><img src=http:\/\/ski.inmontanis.info\/d\/312419-3\/DSC01130.jpg \/><\/a><br \/>\n^ .. und kann sich entscheiden, rechts zu fahren oder hier und da mal links (je nach Schnee, teils geradeaus \u00fcber den Weg nach links dann<\/p>\n<p><a href='http:\/\/ski.inmontanis.info\/d\/312424-2\/DSC01133.jpg'><img src=http:\/\/ski.inmontanis.info\/d\/312423-3\/DSC01133.jpg \/><\/a><br \/>\n^ Die Abfahrt bin ich nicht gefahren, sah mir nach zu wenig Schnee aus &#8211; und auf der Piste selbts war es schon steinig genug<\/p>\n<p><a href='http:\/\/ski.inmontanis.info\/d\/312428-2\/DSC01134.jpg'><img src=http:\/\/ski.inmontanis.info\/d\/312427-3\/DSC01134.jpg \/><\/a><br \/>\n^ Also die rechte Abfahrt ging jetzt auch nicht schlechter als die steinigen anderen Pistenabschnitte zuvor!!<\/p>\n<p><a href='http:\/\/ski.inmontanis.info\/d\/312432-2\/DSC01135.jpg'><img src=http:\/\/ski.inmontanis.info\/d\/312431-3\/DSC01135.jpg \/><\/a><br \/>\n^ R\u00fcckblick zur rechten Abfahrt, wo man runterkommt, wenn man gleich am ersten Grat links f\u00e4hrt<\/p>\n<p><a href='http:\/\/ski.inmontanis.info\/d\/312436-2\/DSC01136.jpg'><img src=http:\/\/ski.inmontanis.info\/d\/312435-3\/DSC01136.jpg \/><\/a><br \/>\n^ Parkplatz, Restaurant, Talstationen<\/p>\n<p><a href='http:\/\/ski.inmontanis.info\/d\/312440-2\/DSC01137.jpg'><img src=http:\/\/ski.inmontanis.info\/d\/312439-3\/DSC01137.jpg \/><\/a><br \/>\n^ Rechte Abfahrt, vom ersten Grat gleich links<\/p>\n<p><a href='http:\/\/ski.inmontanis.info\/d\/312444-2\/DSC01139.jpg'><img src=http:\/\/ski.inmontanis.info\/d\/312443-3\/DSC01139.jpg \/><\/a><br \/>\n^ Rechte Abfahrt weiter unten<\/p>\n<p><a href='http:\/\/ski.inmontanis.info\/d\/312448-2\/DSC01140.jpg'><img src=http:\/\/ski.inmontanis.info\/d\/312447-3\/DSC01140.jpg \/><\/a><br \/>\n^ Rechte Abfahrt weiter unten, hier kann man von der linken Abfahrt aus reinqueren<\/p>\n<p><a href='http:\/\/ski.inmontanis.info\/d\/312452-3\/DSC01141.jpg'><img src=http:\/\/ski.inmontanis.info\/d\/312451-4\/DSC01141.jpg \/><\/a><br \/>\n^ .. nochmals weiter unten, den steilen, rechten Weg sollte man nicht w\u00e4hlen.<\/p>\n<p><a href='http:\/\/ski.inmontanis.info\/d\/312456-3\/DSC01142.jpg'><img src=http:\/\/ski.inmontanis.info\/d\/312455-4\/DSC01142.jpg \/><\/a><br \/>\n^ Oberer Steilhang des KSSL mit der Buckelpiste, hier war der beste Schnee<\/p>\n<p><a href='http:\/\/ski.inmontanis.info\/d\/312460-3\/DSC01143.jpg'><img src=http:\/\/ski.inmontanis.info\/d\/312459-4\/DSC01143.jpg \/><\/a><br \/>\n^ Varianten im mittleren Bereich<\/p>\n<p><a href='http:\/\/ski.inmontanis.info\/d\/312464-3\/DSC01144.jpg'><img src=http:\/\/ski.inmontanis.info\/d\/312463-4\/DSC01144.jpg \/><\/a><br \/>\n^ glaub das m\u00fcsste die sein, die ich vorhin von unten fotografiert hatte und nicht fahren wollte<\/p>\n<p><a href='http:\/\/ski.inmontanis.info\/d\/312468-3\/ge20230206b.jpg'><img src=http:\/\/ski.inmontanis.info\/d\/312467-4\/ge20230206b.jpg \/><\/a><br \/>\n^ GPS-Track 6.2.2023, nicht alle Abfahrtsvarianten gefahren. Und der rechte KSSL am Pass w\u00e4re vielleicht doch l\u00e4nger und interessanter gewesen, als bef\u00fcrchtet.<\/p>\n<p>Zwar also recht cool, aber nicht bei den momentanen Schneeverh\u00e4ltnissen. Gut, dass ich hier keinen ganzen Tag verbringen wollte.<\/p>\n<p>Franz\u00f6sische Superm\u00e4rkte werden auch immer uninteressanter, weil ich nicht (mehr) bereit bin, gewisse Preise zu bezahlen, zB \u00fcber 5 \u20ac f\u00fcr ein gek\u00fchltes Fertiggericht, war fr\u00fcher halt nicht so teuer. Kakao hab ich auch keinen gesehen, alternativ einzig war dann ein 6er Pack 120ml-Portionen ungek\u00fchlt.<\/p>\n<p>Manche &#8220;g\u00fcnstige&#8221; Mineralwasserflaschen haben hier nicht mal mehr einen Schraubverschluss, nicht mal den eh schon nervigen halb hohen, sondern anscheinend einen zum Klappen, keine Ahnung, ob der \u00fcberhaupt sinnvoll verschlie\u00dfbar ist, aber sicherlich nicht im Auto in jeder Lage gefahrlos geschlossen bleiben wird.<\/p>\n<p>Hab mir mal einen Kostenvoranschlag f\u00fcr Kupplungstausch &#8220;daheim&#8221; machen lassen, trotzdem ganz sch\u00f6n teuer, weil 4,5h Arbeit. In Italien sind die Autowerkst\u00e4tten zwar normalerweie sp\u00fcrbar g\u00fcnstiger als in AT, zumindest vor ein paar Jahren war das so, aber ob die Preise dann \u00e4hnlich zu meinen Mitarbeiterpreisen liegen oder man ggf. noch Touristenabzockaufschlag zahlen muss, m\u00fcsste man nachfragen und ggf. die Umwegkosten bedenken. <\/p>\n<p>Ich schrieb eine Werkstatt nahe Turin an, bekam aber zumindest die n\u00e4chsten Tage keine Antwort. Wobei sich dann eh schon wieder so viel ge\u00e4ndert hat, dass ich zu dem angefragten Termin eh nicht mehr in der N\u00e4he gewesen w\u00e4re..<\/p>\n","protected":false},"excerpt":{"rendered":"<p>Mo, 6.2.2023<\/p>\n<p>Der Morgen begann mit weniger Wind, daf\u00fcr mit Nebel, zumindest am Parkplatz. Wenn man fr\u00fch nicht fahren muss, wird das Auto zwar nicht warm, daf\u00fcr kann man die Fensterschaumstoffe drauf lassen, was wiederum die Heizwirkung der Standheizung verbessert.<\/p>\n<p>Im Skigebiet Col de Rousset hier war ich schon einmal und es gefiel mir recht <a href=\"http:\/\/blog.inmontanis.info\/?p=8495\">[&#8230;]<\/a><\/p>\n","protected":false},"author":1,"featured_media":8497,"comment_status":"closed","ping_status":"closed","sticky":false,"template":"","format":"standard","meta":{"footnotes":""},"categories":[913,16,27,224],"tags":[49,48],"class_list":["post-8495","post","type-post","status-publish","format-standard","has-post-thumbnail","hentry","category-col-dornon","category-france","category-skifahren-winterskiing-winter","category-vercors","tag-4sb","tag-kssl","odd"],"_links":{"self":[{"href":"http:\/\/blog.inmontanis.info\/index.php?rest_route=\/wp\/v2\/posts\/8495","targetHints":{"allow":["GET"]}}],"collection":[{"href":"http:\/\/blog.inmontanis.info\/index.php?rest_route=\/wp\/v2\/posts"}],"about":[{"href":"http:\/\/blog.inmontanis.info\/index.php?rest_route=\/wp\/v2\/types\/post"}],"author":[{"embeddable":true,"href":"http:\/\/blog.inmontanis.info\/index.php?rest_route=\/wp\/v2\/users\/1"}],"replies":[{"embeddable":true,"href":"http:\/\/blog.inmontanis.info\/index.php?rest_route=%2Fwp%2Fv2%2Fcomments&post=8495"}],"version-history":[{"count":2,"href":"http:\/\/blog.inmontanis.info\/index.php?rest_route=\/wp\/v2\/posts\/8495\/revisions"}],"predecessor-version":[{"id":8498,"href":"http:\/\/blog.inmontanis.info\/index.php?rest_route=\/wp\/v2\/posts\/8495\/revisions\/8498"}],"wp:featuredmedia":[{"embeddable":true,"href":"http:\/\/blog.inmontanis.info\/index.php?rest_route=\/wp\/v2\/media\/8497"}],"wp:attachment":[{"href":"http:\/\/blog.inmontanis.info\/index.php?rest_route=%2Fwp%2Fv2%2Fmedia&parent=8495"}],"wp:term":[{"taxonomy":"category","embeddable":true,"href":"http:\/\/blog.inmontanis.info\/index.php?rest_route=%2Fwp%2Fv2%2Fcategories&post=8495"},{"taxonomy":"post_tag","embeddable":true,"href":"http:\/\/blog.inmontanis.info\/index.php?rest_route=%2Fwp%2Fv2%2Ftags&post=8495"}],"curies":[{"name":"wp","href":"https:\/\/api.w.org\/{rel}","templated":true}]}}