{"id":8481,"date":"2023-02-04T18:30:34","date_gmt":"2023-02-04T17:30:34","guid":{"rendered":"http:\/\/blog.inmontanis.info\/?p=8481"},"modified":"2023-02-07T18:43:17","modified_gmt":"2023-02-07T17:43:17","slug":"lans-en-vercors-4-2-2023-hoch-uber-grenoble","status":"publish","type":"post","link":"http:\/\/blog.inmontanis.info\/?p=8481","title":{"rendered":"Lans-en-Vercors, 4.2.2023  &#8212; Hoch \u00fcber Grenoble"},"content":{"rendered":"<p><strong>Sa, 4.2.2023<\/strong><\/p>\n<p>Um 11:15 kam ich am Parkplatz an und stand mal wieder vor der Wahl, eine Tageskarte (22,-) oder eine nur unwesentlich g\u00fcnstigere 4h-Karte (19,80) zu kaufen&#8230;<\/p>\n<p>Bis ich mir noch die Campingplatzsituation im Vercors im Winter angesehen hab (wohl nix unter 25 \u20ac mit Strom, dh momentan mit voller Batterie verzichtbar), mich angezogen hab, rauf zu Toiletten und danach zur Kasse gegangen bin, war es eh 12 Uhr, also blieb ich bei der 4h-Karte.<\/p>\n<p>Das Skigebiet erinnert sowohl vom Lift-Setup, wie auch von der felsigen Landschaft, stark an Greolieres. Allerdings sieht man hier nicht das Meer und Nizza, sondern Grenoble. Das ist nat\u00fcrlich das Highlight hier, was mir bei meinem letzten Besuch wetterm\u00e4\u00dfig verwehrt wurde. So sieht man auch, dass Grenoble doch wesentlich offener liegt, ein breiteres Tal hier ist, als deren Partnerstadt Innsbruck. <\/p>\n<p>Die offenen Abfahrten waren, au\u00dfer im beschneiten Anf\u00e4ngerbereich, wieder sehr steinig. Warum da manche Skiwege offen sind und manche nicht, versteht man nicht wirklich&#8230;<\/p>\n<p><a href='http:\/\/extra.inmontanis.info\/d\/98448-2\/DSC00925.jpg'><img src=http:\/\/extra.inmontanis.info\/d\/98447-3\/DSC00925.jpg \/><\/a><br \/>\n^ Der Steinbruch mit den vielen L\u00f6chern im Berg schaut eigenartig aus<\/p>\n<p><a href='http:\/\/extra.inmontanis.info\/d\/98452-2\/DSC00929.jpg'><img src=http:\/\/extra.inmontanis.info\/d\/98451-3\/DSC00929.jpg \/><\/a><br \/>\n^ Materialseilbahn<\/p>\n<p><a href='http:\/\/extra.inmontanis.info\/d\/98456-2\/DSC00930.jpg'><img src=http:\/\/extra.inmontanis.info\/d\/98455-3\/DSC00930.jpg \/><\/a><br \/>\n^ Materialseilbahn<\/p>\n<p><a href='http:\/\/extra.inmontanis.info\/d\/98460-2\/DSC00932.jpg'><img src=http:\/\/extra.inmontanis.info\/d\/98459-3\/DSC00932.jpg \/><\/a><br \/>\n^ Materialseilbahn<\/p>\n<p><a href='http:\/\/ski.inmontanis.info\/d\/312070-2\/DSC00936.jpg'><img src=http:\/\/ski.inmontanis.info\/d\/312069-3\/DSC00936.jpg \/><\/a><br \/>\n^ Lans-en-Vercors und seine beiden Skigebieten, wobei die H\u00e4nge am vorderen so nicht mehr erschlossen sind &#8211; nur noch ein kurzer \u00dcbungslift existiert unten<\/p>\n<p><a href='http:\/\/ski.inmontanis.info\/d\/312074-2\/DSC00939.jpg'><img src=http:\/\/ski.inmontanis.info\/d\/312073-3\/DSC00939.jpg \/><\/a><br \/>\n^ Pistenplan<\/p>\n<p><a href='http:\/\/ski.inmontanis.info\/d\/312078-2\/DSC00940.jpg'><img src=http:\/\/ski.inmontanis.info\/d\/312077-3\/DSC00940.jpg \/><\/a><br \/>\n^ Der rechte der vier Haupt-KSSL<\/p>\n<p><a href='http:\/\/ski.inmontanis.info\/d\/312082-2\/DSC00943.jpg'><img src=http:\/\/ski.inmontanis.info\/d\/312081-3\/DSC00943.jpg \/><\/a><br \/>\n^ Die Abfahrten am rechten KSSL<\/p>\n<p><a href='http:\/\/ski.inmontanis.info\/d\/312086-2\/DSC00947.jpg'><img src=http:\/\/ski.inmontanis.info\/d\/312085-3\/DSC00947.jpg \/><\/a><br \/>\n^ Der zweite KSSL von rechts. Skigebietsaufbau und felsige Landschaft erinnern an Greolieres<\/p>\n<p><a href='http:\/\/ski.inmontanis.info\/d\/312090-2\/DSC00948.jpg'><img src=http:\/\/ski.inmontanis.info\/d\/312089-3\/DSC00948.jpg \/><\/a><br \/>\n^ Abfahrt Ours. Gegen\u00fcber&#8230;<\/p>\n<p><a href='http:\/\/ski.inmontanis.info\/d\/312094-2\/DSC04942.jpg'><img src=http:\/\/ski.inmontanis.info\/d\/312093-3\/DSC04942.jpg \/><\/a><br \/>\n^ .. das Skigebiet von Meaudre (IR). Schaut unspannend aus, zudem mit vmtl. zwei Sektionen 4SB erschlossen :(<\/p>\n<p><a href='http:\/\/ski.inmontanis.info\/d\/312098-2\/DSC00950.jpg'><img src=http:\/\/ski.inmontanis.info\/d\/312097-3\/DSC00950.jpg \/><\/a><br \/>\n^ Ours \/ Blick ins linke Teilgebiet<\/p>\n<p><a href='http:\/\/ski.inmontanis.info\/d\/312102-2\/DSC00951.jpg'><img src=http:\/\/ski.inmontanis.info\/d\/312101-3\/DSC00951.jpg \/><\/a><br \/>\n^ R\u00fcckseitenpano<\/p>\n<p><a href='http:\/\/ski.inmontanis.info\/d\/312106-2\/DSC04943.jpg'><img src=http:\/\/ski.inmontanis.info\/d\/312105-3\/DSC04943.jpg \/><\/a><br \/>\n^ R\u00fcckseitenpano (IR)<\/p>\n<p><a href='http:\/\/ski.inmontanis.info\/d\/312110-2\/DSC04944.jpg'><img src=http:\/\/ski.inmontanis.info\/d\/312109-3\/DSC04944.jpg \/><\/a><br \/>\n^ R\u00fcckseitenpano (IR)<\/p>\n<p><a href='http:\/\/ski.inmontanis.info\/d\/312114-2\/DSC04945.jpg'><img src=http:\/\/ski.inmontanis.info\/d\/312113-3\/DSC04945.jpg \/><\/a><br \/>\n^ R\u00fcckseitenpano (IR) mit dem Gletscherskigebiet von Les 2 Alpes<\/p>\n<p><a href='http:\/\/ski.inmontanis.info\/d\/312118-2\/DSC00954.jpg'><img src=http:\/\/ski.inmontanis.info\/d\/312117-3\/DSC00954.jpg \/><\/a><br \/>\n^ Tiefblick nach Grenoble<\/p>\n<p><a href='http:\/\/ski.inmontanis.info\/d\/312122-2\/DSC00956.jpg'><img src=http:\/\/ski.inmontanis.info\/d\/312121-3\/DSC00956.jpg \/><\/a><br \/>\n^ Abfahrt zum linken KSSL (via sehr steinigem Skiweg dann weiter)<\/p>\n<p><a href='http:\/\/ski.inmontanis.info\/d\/312126-2\/DSC00963.jpg'><img src=http:\/\/ski.inmontanis.info\/d\/312125-3\/DSC00963.jpg \/><\/a><br \/>\n^ R\u00fcckseitenpano mit Grenoble<\/p>\n<p><a href='http:\/\/ski.inmontanis.info\/d\/312130-2\/DSC00964.jpg'><img src=http:\/\/ski.inmontanis.info\/d\/312129-3\/DSC00964.jpg \/><\/a><br \/>\n^ R\u00fcckseitenpano nach S\u00fcden<\/p>\n<p><a href='http:\/\/ski.inmontanis.info\/d\/312134-2\/DSC04948.jpg'><img src=http:\/\/ski.inmontanis.info\/d\/312133-3\/DSC04948.jpg \/><\/a><br \/>\n^ R\u00fcckseitenpano nach S\u00fcden (IR)<\/p>\n<p><a href='http:\/\/ski.inmontanis.info\/d\/312138-2\/DSC04952.jpg'><img src=http:\/\/ski.inmontanis.info\/d\/312137-3\/DSC04952.jpg \/><\/a><br \/>\n^ IR-Pano runter nach Grenoble<\/p>\n<p><a href='http:\/\/ski.inmontanis.info\/d\/312142-2\/DSC04951.jpg'><img src=http:\/\/ski.inmontanis.info\/d\/312141-3\/DSC04951.jpg \/><\/a><br \/>\n^ IR-Pano runter nach Grenoble (und dem Mont Blanc dar\u00fcber)<\/p>\n<p><a href='http:\/\/ski.inmontanis.info\/d\/312146-2\/DSC00966.jpg'><img src=http:\/\/ski.inmontanis.info\/d\/312145-3\/DSC00966.jpg \/><\/a><br \/>\n^ Der linke von den beiden KSSL geht weiter hinauf und ist der zweite KSSL von links<\/p>\n<p><a href='http:\/\/ski.inmontanis.info\/d\/312150-2\/DSC00967.jpg'><img src=http:\/\/ski.inmontanis.info\/d\/312149-3\/DSC00967.jpg \/><\/a><br \/>\n^ .. wobei seine Abfahrt im oberen Teil leider geschlossen war. Bin sie trotzdem gefahren<\/p>\n<p><a href='http:\/\/ski.inmontanis.info\/d\/312154-2\/DSC00968.jpg'><img src=http:\/\/ski.inmontanis.info\/d\/312153-3\/DSC00968.jpg \/><\/a><br \/>\n^ Doppel-KSSL im \u00dcbungsbereich<\/p>\n<p><a href='http:\/\/ski.inmontanis.info\/d\/312158-2\/DSC00971.jpg'><img src=http:\/\/ski.inmontanis.info\/d\/312157-3\/DSC00971.jpg \/><\/a><br \/>\n^ Bei den \u00dcbungs-SSL hat man die Geh\u00e4nge verschiedenfarbig lackiert<\/p>\n<p><a href='http:\/\/ski.inmontanis.info\/d\/312162-2\/DSC00972.jpg'><img src=http:\/\/ski.inmontanis.info\/d\/312161-3\/DSC00972.jpg \/><\/a><br \/>\n^ Hin und wieder gab es Wartezeiten<\/p>\n<p><a href='http:\/\/ski.inmontanis.info\/d\/312166-2\/DSC00975.jpg'><img src=http:\/\/ski.inmontanis.info\/d\/312165-3\/DSC00975.jpg \/><\/a><br \/>\n^ Nochmals der Tiefblick runter nach Grenoble (und dem Mont Blanc dar\u00fcber)<\/p>\n<p><a href='http:\/\/ski.inmontanis.info\/d\/312170-2\/DSC00978.jpg'><img src=http:\/\/ski.inmontanis.info\/d\/312169-3\/DSC00978.jpg \/><\/a><br \/>\n^ Abfahrt mit Blick runter nach Grenoble<\/p>\n<p><a href='http:\/\/ski.inmontanis.info\/d\/312174-2\/ge20230204b.jpg'><img src=http:\/\/ski.inmontanis.info\/d\/312173-3\/ge20230204b.jpg \/><\/a><br \/>\n^ GPS-Track 4.2.2023 in T\u00fcrkis, vorheriger Besuch in Orange<\/p>\n<p>Temperaturm\u00e4\u00dfig recht warm heute. Naja, im Prinzip ist mir ja sonniges Wetter mit wenig Schnee lieber als viel Schnee und schlechtes Wetter. Wobei durch den Wind und die Nebelwolken anscheinend doch ein Wetterumschwung eingeleitet wurde, jedenfalls k\u00f6nnte es hier in der Gegend die n\u00e4chsten Tage wieder eher bew\u00f6lkt sein. In Kombination mit dem geringen Schnee (und den geschlossenen Liften\/Abfahrten) hier bin ich ja mal wieder am \u00fcberlegen, ob ich wirklich die Gebiete hier alle besuchen m\u00f6chte.<\/p>\n<p>Das Problem, dann mal eben via Vialattea nach Italien zu fahren, ist ja, dass da unter der Woche nichts\/kaum lohnenswert was offen hat, selbst in Sestriere sind manche interessante SL ja nur am WE offen. Dito die kleinen Skigebiete rundrum, mit Ausnahme wohl von Prali.<\/p>\n<p>Ich fuhr nachmitags noch zum Parkplatz des Dorflifts (wo es einst den Schneisen nach einen l\u00e4ngeren und interesanteren Lift gegeben haben muss), in der Hoffnung dass es da nachts etwas ruhigerh w\u00e4re als oben. Leider hatte das Wohnmobil neben mir dann einen Generator dauerhaft laufen. Naja, weniger schlimm als ein K\u00fchlaggregat, das laufend ein\/ausschaltet.<\/p>\n<p><a href='http:\/\/extra.inmontanis.info\/d\/98464-2\/DSC00984.jpg'><img src=http:\/\/extra.inmontanis.info\/d\/98463-3\/DSC00984.jpg \/><\/a><br \/>\n^ \u00c4lplermaccaroni kann man das nicht mehr nennen ;-) Lecker war die Sauce trotzdem (Rest Sp\u00e4tzle, Rest Kartoffeln, Rest Appenzeller, Rest Apfelmus, Rest Sahne, R\u00f6stzwiebel).<\/p>\n<p><em>Dass die n\u00e4chsten Tage in Frankreich mich fast nur noch ankotzen w\u00fcrden, h\u00e4tte ich am 4.2. noch nicht gedacht.<\/em><\/p>\n","protected":false},"excerpt":{"rendered":"<p>Sa, 4.2.2023<\/p>\n<p>Um 11:15 kam ich am Parkplatz an und stand mal wieder vor der Wahl, eine Tageskarte (22,-) oder eine nur unwesentlich g\u00fcnstigere 4h-Karte (19,80) zu kaufen&#8230;<\/p>\n<p>Bis ich mir noch die Campingplatzsituation im Vercors im Winter angesehen hab (wohl nix unter 25 \u20ac mit Strom, dh momentan mit voller Batterie verzichtbar), mich angezogen <a href=\"http:\/\/blog.inmontanis.info\/?p=8481\">[&#8230;]<\/a><\/p>\n","protected":false},"author":1,"featured_media":8483,"comment_status":"closed","ping_status":"closed","sticky":false,"template":"","format":"standard","meta":{"footnotes":""},"categories":[16,27,224],"tags":[50,90,48],"class_list":["post-8481","post","type-post","status-publish","format-standard","has-post-thumbnail","hentry","category-france","category-skifahren-winterskiing-winter","category-vercors","tag-bergbau","tag-infrarot","tag-kssl","odd"],"_links":{"self":[{"href":"http:\/\/blog.inmontanis.info\/index.php?rest_route=\/wp\/v2\/posts\/8481","targetHints":{"allow":["GET"]}}],"collection":[{"href":"http:\/\/blog.inmontanis.info\/index.php?rest_route=\/wp\/v2\/posts"}],"about":[{"href":"http:\/\/blog.inmontanis.info\/index.php?rest_route=\/wp\/v2\/types\/post"}],"author":[{"embeddable":true,"href":"http:\/\/blog.inmontanis.info\/index.php?rest_route=\/wp\/v2\/users\/1"}],"replies":[{"embeddable":true,"href":"http:\/\/blog.inmontanis.info\/index.php?rest_route=%2Fwp%2Fv2%2Fcomments&post=8481"}],"version-history":[{"count":2,"href":"http:\/\/blog.inmontanis.info\/index.php?rest_route=\/wp\/v2\/posts\/8481\/revisions"}],"predecessor-version":[{"id":8484,"href":"http:\/\/blog.inmontanis.info\/index.php?rest_route=\/wp\/v2\/posts\/8481\/revisions\/8484"}],"wp:featuredmedia":[{"embeddable":true,"href":"http:\/\/blog.inmontanis.info\/index.php?rest_route=\/wp\/v2\/media\/8483"}],"wp:attachment":[{"href":"http:\/\/blog.inmontanis.info\/index.php?rest_route=%2Fwp%2Fv2%2Fmedia&parent=8481"}],"wp:term":[{"taxonomy":"category","embeddable":true,"href":"http:\/\/blog.inmontanis.info\/index.php?rest_route=%2Fwp%2Fv2%2Fcategories&post=8481"},{"taxonomy":"post_tag","embeddable":true,"href":"http:\/\/blog.inmontanis.info\/index.php?rest_route=%2Fwp%2Fv2%2Ftags&post=8481"}],"curies":[{"name":"wp","href":"https:\/\/api.w.org\/{rel}","templated":true}]}}