{"id":8471,"date":"2023-02-02T21:13:04","date_gmt":"2023-02-02T20:13:04","guid":{"rendered":"http:\/\/blog.inmontanis.info\/?p=8471"},"modified":"2023-02-05T21:25:47","modified_gmt":"2023-02-05T20:25:47","slug":"les-karellis-2-2-2023","status":"publish","type":"post","link":"http:\/\/blog.inmontanis.info\/?p=8471","title":{"rendered":"(Les) Karellis, 2.2.2023"},"content":{"rendered":"<p><strong>Do, 2.2.2023<\/strong> &#8211; Saison-Skitag Nr. 60<\/p>\n<p>Der Nachteil, wenn man grundlegend, so wie ich gerade die letzten Wochen, in dieser Jahreszeit langsam nach Westen f\u00e4hrt, aber in der selben Zeitzone bleibt, ist, dass die Sonne morgens nicht fr\u00fcher aufgeht, obwohl wir mittlerweile schon \u00fcber einen Monat nach der Wintersonnwende haben. Da bleibt es jeden Morgen nach wie vor mehr oder weniger gleich dunkel, wo man schon an sich und der Erde zweifelt. Aber es liegt tats\u00e4chlich an meiner Westfahrrichtung. Lt timeanddate.com geht die Sonne heute am 2.2. hier sogar 8 Minuten sp\u00e4ter auf als bei mir daheim am 2.1. !!  Bzw. nur heute verglichen, sind&#8217;s 30min sp\u00e4ter hier.<\/p>\n<p>Die Kassiererin wunderte sich etwas \u00fcber meinen schwedischen Skipass, den sie erst f\u00fcr aus \u00d6sterreich hielt, worauf ich dann meinte, dass ich aber aus \u00d6sterreich k\u00e4me. Und dann w\u00fcrde ich hier fahren? Naja, ich fahr 150 Tage im Jahr. Da war sie dann doch erstaunt. Erst recht, als ich meinte, ich w\u00fcrde im Auto schlafen ;) <\/p>\n<p>Die Tageskarte kostete 31 oder 31,50 \u20ac (Skidata) und logischerweise hat man morgens hier mehr Sonne als in Albiez, aber nachmittags weniger, so dass ich nicht bis zum Schluss geblieben bin und auch nicht alles gefahren bin. War mir dann zu kalt.<\/p>\n<p>Auch wenn Karellis schon fotogener ist, aber irgendwie hat mir Albiez gestern besser gefallen. Ich dachte ja, ich w\u00e4r schon \u00f6fters hier gewesen, aber anscheinend doch nur 2x, davon ja das erste Mal halb\/halb mit Albiez.<\/p>\n<p>Pistenplan:<br \/>\n<a href='http:\/\/ski.inmontanis.info\/d\/140384-3\/DSC07234.jpg'><img src=http:\/\/ski.inmontanis.info\/d\/140383-4\/DSC07234.jpg \/><\/a><br \/>\n^ von 2012, wohl aktuell<br \/>\noder<br \/>\n<a href='https:\/\/vcdn.bergfex.at\/images\/resized\/8d\/6579d42509faed8d_bcbf66b6bac8d640@2x.jpg'>https:\/\/vcdn.bergfex.at\/images\/resized\/8d\/6579d42509faed8d_bcbf66b6bac8d640@2x.jpg<\/a><\/p>\n<p><a href='http:\/\/ski.inmontanis.info\/d\/311686-2\/DSC00703.jpg'><img src=http:\/\/ski.inmontanis.info\/d\/311685-3\/DSC00703.jpg \/><\/a><br \/>\n^ Die kurze (gratis) Zubringer-DSB vom Parkplatz<\/p>\n<p><a href='http:\/\/ski.inmontanis.info\/d\/311690-2\/DSC00705.jpg'><img src=http:\/\/ski.inmontanis.info\/d\/311689-3\/DSC00705.jpg \/><\/a><br \/>\n^ <\/p>\n<p><a href='http:\/\/ski.inmontanis.info\/d\/311694-2\/DSC00706.jpg'><img src=http:\/\/ski.inmontanis.info\/d\/311693-3\/DSC00706.jpg \/><\/a><br \/>\n^ <\/p>\n<p><a href='http:\/\/ski.inmontanis.info\/d\/311698-2\/DSC00707.jpg'><img src=http:\/\/ski.inmontanis.info\/d\/311697-3\/DSC00707.jpg \/><\/a><br \/>\n^ Die kurze (gratis) Zubringer-DSB vom Parkplatz<\/p>\n<p><a href='http:\/\/ski.inmontanis.info\/d\/311702-2\/DSC00709.jpg'><img src=http:\/\/ski.inmontanis.info\/d\/311701-3\/DSC00709.jpg \/><\/a><br \/>\n^ Die rechtesten Lifte 4SB Fontagnoux lief wohl erst ab 14h, KSSL Casse Massion bis dahin in Betrieb, mir aber zu viel los gerade, daher erst nach 13 Uhr gefahren.<\/p>\n<p><a href='http:\/\/ski.inmontanis.info\/d\/311706-2\/DSC00711.jpg'><img src=http:\/\/ski.inmontanis.info\/d\/311705-3\/DSC00711.jpg \/><\/a><br \/>\n^ KSSL T\u00eate d&#8217;Albiez<\/p>\n<p><a href='http:\/\/ski.inmontanis.info\/d\/311710-2\/DSC00712.jpg'><img src=http:\/\/ski.inmontanis.info\/d\/311709-3\/DSC00712.jpg \/><\/a><br \/>\n^ R\u00fcckseitenpano zum Skigebiet Albiez-Montrond, wo ich ja gestern war&#8230;<\/p>\n<p><a href='http:\/\/ski.inmontanis.info\/d\/311714-2\/DSC00713.jpg'><img src=http:\/\/ski.inmontanis.info\/d\/311713-3\/DSC00713.jpg \/><\/a><br \/>\n^ .. die Bergstation\/Antriebsstation der abgebauten linken 4SB in Albiez-Montrond steht sogar noch. Hab ich gestern vom dortigen Skigebiet aus gar nicht gesehen.<\/p>\n<p><a href='http:\/\/ski.inmontanis.info\/d\/311718-2\/DSC00714.jpg'><img src=http:\/\/ski.inmontanis.info\/d\/311717-3\/DSC00714.jpg \/><\/a><br \/>\n^ Schwarze Buckelpiste enfers rechts vom KSSL T\u00eate d&#8217;Albiez<\/p>\n<p><a href='http:\/\/ski.inmontanis.info\/d\/311722-2\/DSC00715.jpg'><img src=http:\/\/ski.inmontanis.info\/d\/311721-3\/DSC00715.jpg \/><\/a><br \/>\n^ Schwarze Buckelpiste enfers rechts vom KSSL T\u00eate d&#8217;Albiez, ging gut zu fahren. Weiter unten teilt sie sich mal in 2 Abfahrten, daher sp\u00e4ter nochmals gefahren.<\/p>\n<p><a href='http:\/\/ski.inmontanis.info\/d\/311726-2\/DSC00716.jpg'><img src=http:\/\/ski.inmontanis.info\/d\/311725-3\/DSC00716.jpg \/><\/a><br \/>\n^ &#8230; c\u00f4te des agneaux, die linke Seite der enfers-Piste im unteren Bereich<\/p>\n<p><a href='http:\/\/ski.inmontanis.info\/d\/311730-2\/DSC00717.jpg'><img src=http:\/\/ski.inmontanis.info\/d\/311729-3\/DSC00717.jpg \/><\/a><br \/>\n^ KSSL T\u00eate d&#8217;Albiez, dahinter 4SB Chaudannes<\/p>\n<p><a href='http:\/\/ski.inmontanis.info\/d\/311734-2\/DSC00718.jpg'><img src=http:\/\/ski.inmontanis.info\/d\/311733-3\/DSC00718.jpg \/><\/a><br \/>\n^ Blick links von der Bergstation KSSL T\u00eate d&#8217;Albiez zur 4SB Chaudannes<\/p>\n<p><a href='http:\/\/ski.inmontanis.info\/d\/311738-2\/DSC00719.jpg'><img src=http:\/\/ski.inmontanis.info\/d\/311737-3\/DSC00719.jpg \/><\/a><br \/>\n^ 4SB Chaudannes<\/p>\n<p><a href='http:\/\/ski.inmontanis.info\/d\/311742-2\/DSC00720.jpg'><img src=http:\/\/ski.inmontanis.info\/d\/311741-3\/DSC00720.jpg \/><\/a><br \/>\n^ R\u00fcckseite von der 4SB Chaudannes, 4SB Arpons<\/p>\n<p><a href='http:\/\/ski.inmontanis.info\/d\/311746-2\/DSC00721.jpg'><img src=http:\/\/ski.inmontanis.info\/d\/311745-3\/DSC00721.jpg \/><\/a><br \/>\n^ .. entweder man nimmt den Skiweg oder die unpr\u00e4parierte rote Abfahrt mottes<\/p>\n<p><a href='http:\/\/ski.inmontanis.info\/d\/311750-2\/DSC00722.jpg'><img src=http:\/\/ski.inmontanis.info\/d\/311749-3\/DSC00722.jpg \/><\/a><br \/>\n^ Zoom ins Skigebiet von vmtl. Valloire<\/p>\n<p><a href='http:\/\/ski.inmontanis.info\/d\/311754-2\/DSC00724.jpg'><img src=http:\/\/ski.inmontanis.info\/d\/311753-3\/DSC00724.jpg \/><\/a><br \/>\n^ Zoom ins Skigebiet von vmtl. Valmeinier. Ist ja mit Valloire verbunden, macht aber einen wesentlich uninteressanteren Eindruck mit diesen schr\u00e4g gezimmerten Abfahrten da.<\/p>\n<p><a href='http:\/\/ski.inmontanis.info\/d\/311758-2\/DSC00728.jpg'><img src=http:\/\/ski.inmontanis.info\/d\/311757-3\/DSC00728.jpg \/><\/a><br \/>\n^ 4SB Arpons<\/p>\n<p><a href='http:\/\/ski.inmontanis.info\/d\/311762-2\/DSC00729.jpg'><img src=http:\/\/ski.inmontanis.info\/d\/311761-3\/DSC00729.jpg \/><\/a><br \/>\n^ Abfahrt somma<\/p>\n<p><a href='http:\/\/ski.inmontanis.info\/d\/311766-2\/DSC00730.jpg'><img src=http:\/\/ski.inmontanis.info\/d\/311765-3\/DSC00730.jpg \/><\/a><br \/>\n^ Nach der Au\u00dfenrumabfahrt erreicht man den KSSL im kleinen Bergdorf Albanne.<\/p>\n<p><a href='http:\/\/ski.inmontanis.info\/d\/311770-2\/DSC00734.jpg'><img src=http:\/\/ski.inmontanis.info\/d\/311769-3\/DSC00734.jpg \/><\/a><br \/>\n^ Schaut ja ulkig aus, mein Schatten mit dem Zipfel da ;)<\/p>\n<p><a href='http:\/\/ski.inmontanis.info\/d\/311774-2\/DSC00736.jpg'><img src=http:\/\/ski.inmontanis.info\/d\/311773-3\/DSC00736.jpg \/><\/a><br \/>\n^ \u00dcberfl\u00fcssige 6KSB Vinouve und 4KSB Plan du four (die hatte von 12-14 Uhr Mittasgpause, also musste ich die 6KSB fahren)<\/p>\n<p><a href='http:\/\/ski.inmontanis.info\/d\/311778-2\/DSC00737.jpg'><img src=http:\/\/ski.inmontanis.info\/d\/311777-3\/DSC00737.jpg \/><\/a><br \/>\n^ KSSL La Plagne<\/p>\n<p><a href='http:\/\/ski.inmontanis.info\/d\/311782-2\/DSC00738.jpg'><img src=http:\/\/ski.inmontanis.info\/d\/311781-3\/DSC00738.jpg \/><\/a><br \/>\n^ Blick von Bergstation KSSL La Plagne zum KSSL T\u00eate d&#8217;Albiez<\/p>\n<p><a href='http:\/\/ski.inmontanis.info\/d\/311786-2\/DSC00739.jpg'><img src=http:\/\/ski.inmontanis.info\/d\/311785-3\/DSC00739.jpg \/><\/a><br \/>\n^ Blick von Bergstation KSSL La Plagne zur 4SB Chaudannes<\/p>\n<p><a href='http:\/\/ski.inmontanis.info\/d\/311790-2\/DSC00740.jpg'><img src=http:\/\/ski.inmontanis.info\/d\/311789-3\/DSC00740.jpg \/><\/a><br \/>\n^ R\u00fcckseitenpano vom KSSL T\u00eate d&#8217;Albiez ins Skigebiet von Albiez-Montrond<\/p>\n<p><a href='http:\/\/ski.inmontanis.info\/d\/311794-2\/DSC00742.jpg'><img src=http:\/\/ski.inmontanis.info\/d\/311793-3\/DSC00742.jpg \/><\/a><br \/>\n^ Abfahrt vordaches, erreicht man mit der nun nach 14 Uhr offenen 4SB Fontagnoux besser als mit dem KSSL nebendran<\/p>\n<p><a href='http:\/\/ski.inmontanis.info\/d\/311798-2\/DSC00743.jpg'><img src=http:\/\/ski.inmontanis.info\/d\/311797-3\/DSC00743.jpg \/><\/a><br \/>\n^ Die KSSL-Leiche steht auch noch<\/p>\n<p><a href='http:\/\/ski.inmontanis.info\/d\/311802-2\/DSC00744.jpg'><img src=http:\/\/ski.inmontanis.info\/d\/311801-3\/DSC00744.jpg \/><\/a><br \/>\n^ Les Karellis \/ Station<\/p>\n<p><a href='http:\/\/ski.inmontanis.info\/d\/311806-2\/DSC00745.jpg'><img src=http:\/\/ski.inmontanis.info\/d\/311805-3\/DSC00745.jpg \/><\/a><br \/>\n^ Der Selbstversorgerraum war sehr versteckt, aber doch noch gefunden ;)<\/p>\n<p><a href='http:\/\/ski.inmontanis.info\/d\/311810-2\/ge20230202a.jpg'><img src=http:\/\/ski.inmontanis.info\/d\/311809-3\/ge20230202a.jpg \/><\/a><br \/>\n^ GPS-Track 2.2.2023 in T\u00fcrkis, vorherige Besuche in Orange<\/p>\n<p>Hab noch in den Supermarkt geschaut, vor der letzten Abfahrt an der Zubringer-DSB, aber nix brauchbares gegeben, weder Baguette noch gek\u00fchlte Nudeln (ohne F\u00fcllung), also musste ich sp\u00e4ter noch in einem gr\u00f6\u00dferen Supermarkt im Tal halten.<\/p>\n<p>Tja tja tja.. Samstag k\u00f6nnte man sich ja den 50% verg\u00fcnstigten Skipass in Grand Domain (Valmorel\/St.Francois-Longchamps) kaufen (26,50 \u20ac). Bl\u00f6derweise hab ich aber f\u00fcr morgen Freitag nichts mehr in der Gegend, was ich anfahren m\u00f6chte. Entweder weil zu teuer (und mir nicht interessant) oder zu uninterssant oder zu weit weg oder weil die mir wichtigen Sachen nicht offen sind. Alternativ w\u00e4re Chartreuse morgen, aber dann nochmals retour sind ein Umweg von \u00fcber 100 km.. ob sich das nun lohnt&#8230;?! Nun r\u00e4cht sich, dass ich nicht noch irgendwo einen Tag verbracht hab&#8230;<\/p>\n<p>Mein Nachtplatz war leider nicht optimal, bei einer Kriche, die auch nachts l\u00e4utete. Um 5 Uhr wurden die M\u00fcllcontainer der M\u00fcllinsel geleert.. \u00dcbrigens, M\u00fcllinseln gibts in Frankreich echt viele, an fast jedem \u00f6ffentlichen Parkplatz. Wobei Papier+Plastik meist in einen Container kommt und bei Restm\u00fcll steht wohl sowas drauf, dass man unbedingt M\u00fclls\u00e4cke verwenden soll. Da ich das unterwegs eher nicht hab, sondern z.B. oft kleine T\u00fcten (z.B. Chips oder Brot, jedenfallls dann normalerweise eben nicht zugeschn\u00fcrt), ist das manchmal schwieriger zu entsorgen.<\/p>\n","protected":false},"excerpt":{"rendered":"<p>Do, 2.2.2023 &#8211; Saison-Skitag Nr. 60<\/p>\n<p>Der Nachteil, wenn man grundlegend, so wie ich gerade die letzten Wochen, in dieser Jahreszeit langsam nach Westen f\u00e4hrt, aber in der selben Zeitzone bleibt, ist, dass die Sonne morgens nicht fr\u00fcher aufgeht, obwohl wir mittlerweile schon \u00fcber einen Monat nach der Wintersonnwende haben. Da bleibt es jeden Morgen <a href=\"http:\/\/blog.inmontanis.info\/?p=8471\">[&#8230;]<\/a><\/p>\n","protected":false},"author":1,"featured_media":8473,"comment_status":"closed","ping_status":"closed","sticky":false,"template":"","format":"standard","meta":{"footnotes":""},"categories":[16,223,27],"tags":[49,51,38,48],"class_list":["post-8471","post","type-post","status-publish","format-standard","has-post-thumbnail","hentry","category-france","category-karellis","category-skifahren-winterskiing-winter","tag-4sb","tag-architektur","tag-dsb","tag-kssl","odd"],"_links":{"self":[{"href":"http:\/\/blog.inmontanis.info\/index.php?rest_route=\/wp\/v2\/posts\/8471","targetHints":{"allow":["GET"]}}],"collection":[{"href":"http:\/\/blog.inmontanis.info\/index.php?rest_route=\/wp\/v2\/posts"}],"about":[{"href":"http:\/\/blog.inmontanis.info\/index.php?rest_route=\/wp\/v2\/types\/post"}],"author":[{"embeddable":true,"href":"http:\/\/blog.inmontanis.info\/index.php?rest_route=\/wp\/v2\/users\/1"}],"replies":[{"embeddable":true,"href":"http:\/\/blog.inmontanis.info\/index.php?rest_route=%2Fwp%2Fv2%2Fcomments&post=8471"}],"version-history":[{"count":1,"href":"http:\/\/blog.inmontanis.info\/index.php?rest_route=\/wp\/v2\/posts\/8471\/revisions"}],"predecessor-version":[{"id":8472,"href":"http:\/\/blog.inmontanis.info\/index.php?rest_route=\/wp\/v2\/posts\/8471\/revisions\/8472"}],"wp:featuredmedia":[{"embeddable":true,"href":"http:\/\/blog.inmontanis.info\/index.php?rest_route=\/wp\/v2\/media\/8473"}],"wp:attachment":[{"href":"http:\/\/blog.inmontanis.info\/index.php?rest_route=%2Fwp%2Fv2%2Fmedia&parent=8471"}],"wp:term":[{"taxonomy":"category","embeddable":true,"href":"http:\/\/blog.inmontanis.info\/index.php?rest_route=%2Fwp%2Fv2%2Fcategories&post=8471"},{"taxonomy":"post_tag","embeddable":true,"href":"http:\/\/blog.inmontanis.info\/index.php?rest_route=%2Fwp%2Fv2%2Ftags&post=8471"}],"curies":[{"name":"wp","href":"https:\/\/api.w.org\/{rel}","templated":true}]}}