{"id":8457,"date":"2023-01-31T18:29:25","date_gmt":"2023-01-31T17:29:25","guid":{"rendered":"http:\/\/blog.inmontanis.info\/?p=8457"},"modified":"2023-07-30T21:49:18","modified_gmt":"2023-07-30T19:49:18","slug":"la-sambuy-31-1-2023-steil-seeblick-camper-elektrik","status":"publish","type":"post","link":"http:\/\/blog.inmontanis.info\/?p=8457","title":{"rendered":"(La) Sambuy, 31.1.2023 &#8212; Steil + Seeblick \/ Camper-Elektrik"},"content":{"rendered":"<p>(Vorabend)<\/p>\n<p>Aillons-Margeriaz h\u00e4tte ich gar nicht unbedingt besuchen wollen, aber weil ich mir doch nochmals meinen alten Bericht durchgelesen hatte, wo es mir hier recht gut gefiel, hab ich mich f\u00fcr einen Wiederholungsbesuch entschieden.<\/p>\n<p>Tageskarte kostet vor Ort 27,- online 26, wobei da eine Kartennummer im Format 12345-12345-1234 abgefragt wird. 2013 hatte ich mir wohl eine spezielle Karte hier kaufen m\u00fcssen. Ob ich die zuf\u00e4llig dabei hab? Sonst sollen sie sich ins Knie ficken und ich fahr wo anders.<\/p>\n<p>Jo, dabei hab ich sie. Ob sie noch geht und\/oder akzeptiert wird, steht auf einem anderen Blatt.. Hab sie auf der Website probiert -> da kommt ein Fehler bei der Kartennummer, sie sei ung\u00fcltig. Ich hatte noch 3 andere Alfi-Karten mit einem derartigen Nummerncode, wurden aber auch nicht akzeptiert. Tja, dann wird das wohl doch die Knieficknummer und ich werd das Skigebiet leider nicht besuchen. Da seid ihr selbst Schuld.<\/p>\n<p>Gut, dass ich das am Abend noch gecheckt hatte, da ich in Faverges \u00fcbernachte &#8211; das Skigebiet Sambuy hier wollte ich zwar nicht unbedingt besuchen, ist aber sogar g\u00fcnstiger (19,50 Tageskarte oder 16,- f\u00fcr 4h reicht wohl auch) und hat lt. Online-Shop Axess-Skip\u00e4sse, also wird eine meiner wohl hoffentlich akzeptiert werden.<\/p>\n<p>Aber wow, trotz identer Domain .axess.shop geht mein bei Vigezzo erstellter login hier nicht :( Das ist ja umst\u00e4ndlich, wenn man sich da \u00fcberall neu registrieren muss. In Skandinavien gibts solche Skipassshops, da funktioniert der Login unabh\u00e4ngig des Gebiets. Wei\u00df jetzt aber nicht, ob das Axess oder Skidata war.<\/p>\n<p>Laut Website sind leider viele Pisten nicht offen, alle schwarzen und eine der roten sind zu :( Das ist doch auch schon wieder Schei\u00dfe. Dann h\u00e4tte ich da doch vieleicht nach Areches-Beaufort fahren sollen&#8230;<\/p>\n<p>Tja, das \u00fcbermorgige Ziel n\u00e4he Margeriaz, n\u00e4mlich Grand Revard, wird wohl auch nix. Das waren bei meinem damaligen Besuch ja 3 Gebiete. Der einzelne KSSL ist mittlerweile LSAP*, das eine Skigebiet ist wegen eines Brandes im November an der 4SB nur minimal offen und das dritte Skigebiet f\u00e4llt wohl auch aus, denn man hat auch hier nun Chipkarten und akzeptiert anscheinend keine fremden Keycards, zumindest im Onlineshop kann ich trotz vorgabe von 01- und einem Skidata-Format keine meiner Keycards korrekt validieren.<\/p>\n<p>Tja, zwei Skigebiete, die ich h\u00e4tte besuchen wollen, fallen somit also weg. Fickt euch doch alle ins Knie mit euren schei\u00df eigenen Chipkarten.<\/p>\n<p>*) Ich wollte schon lang mal eine Seite mit den von mir verwendeten Abk\u00fcrzungen erstellen, das hab ich nun gemacht:<br \/>\n<a href='http:\/\/blog.inmontanis.info\/?page_id=8460'>http:\/\/blog.inmontanis.info\/?page_id=8460<\/a><\/p>\n<p>Im S\u00fcden schaut&#8217;s leider nach wie vor d\u00fcster aus. Frabosa noch ohne ESL, auf franz\u00f6sischer Seite (Greolieres) geht noch gar nix und kein Schnee in Sicht. Da werd ich wohl doch mal kurz H\u00f6he Turin nach Italien r\u00fcber schauen, bevor ich weiter in den S\u00fcden fahre&#8230;<\/p>\n<p>In Alpe d&#8217;Huez w\u00fcrde man samstags einen g\u00fcnstigen 35,- \u20ac Skipass bekommen. Leider gibt&#8217;s die Gruppen-Poma-Eiergondelbahn unten im Ort nicht mehr, wodurch das auch schon wieder weniger lohnenswert ist :(<\/p>\n<p>Evtl. gibts ja noch 1-2 Poma-Oeufs in Serre Chevalier, die scheinen aber keine Samstagsverg\u00fcnstigungen zu haben &#8211; und 50-60 \u20ac zahl ich mal sicher nicht f\u00fcr einen Skipass nur wegen den alten Pomagondeln. <\/p>\n<p>Boah, da hatte ich morgens noch einen Plan f\u00fcr die n\u00e4chsten Tage und steh jetzt wieder vor dem Nichts.<\/p>\n<p><strong>Di, 31.1.2023<\/strong><\/p>\n<p><a href='http:\/\/extra.inmontanis.info\/d\/98292-2\/DSC00567.jpg'><img src=http:\/\/extra.inmontanis.info\/d\/98291-3\/DSC00567.jpg \/><\/a><br \/>\n^ Rastplatz mit franz\u00f6sischem Trocken-WC (ungeheizt).<\/p>\n<p>Das Plastik-Sitzklo ist insofern anders, dass man nicht direkt in die Grube kackt, sondern auf ein F\u00f6rderband. Neben dem WC gibt&#8217;s ein Fu\u00dfpedal, das man lt. Beschreibung 5x treten soll. Dabei bewegt sich dann das F\u00f6rderband, aber nicht komplett au\u00df der Sichtweite der gro\u00dfen \u00d6ffnung hinaus.<\/p>\n<p>Ich vermute mal, dass man damit grundlegend eine Trenntoilette hat, d.h. Fl\u00fcssiges wird vmtl. direkt unter\/neben dem F\u00f6rderband durchlaufen, Festes landet durch das F\u00f6rderband in einem eigenen Beh\u00e4lter.<\/p>\n<p>Ich fuhr also nach La Sambuy und checkte noch ein paar m\u00f6gliche Campingpl\u00e4tze ab und wollte mir den 4h-Pass kaufen, da hie\u00df es, es gebe heute die Tageskarte zum Einheitspreis von 11,50 \u20ac, also bitte, umso besser, dass ich heute hier bin. Meine Axess-Karte wurde akzeptiert, wurde aber aufgrund des nach wie vor letzten Aufdrucks aus Schweden st\u00e4rker begutachtet. Das Laden an den Kassen in den Skigebieten hier scheint also immer handsfree zu gehen und nicht durch die Maschine, nichts augedruckt zu werden.<\/p>\n<p>Die Bindungen meiner Allmountains sind auch wieder aufgetaut, so konnte ich sie verstellen und die geschlossenen Abfahrten fahren. Da musste man zwar auf Felsen und abgeschnittene Str\u00e4ucher achten, Schnee war sonst aber sch\u00f6n griffig. Auf den offenen Pisten h\u00e4rter und in vielen St\u00fccken seeeehr steinig.<\/p>\n<p>In Summe wars schon ganz nett dank der vielen urig-steilen Varianten, auch wenn sie mir teilweise etwas zu steil waren. Bin aber doch nicht l\u00e4nger als 4h geblieben.<\/p>\n<p><a href='http:\/\/ski.inmontanis.info\/d\/311406-2\/DSC00569.jpg'><img src=http:\/\/ski.inmontanis.info\/d\/311404-3\/DSC00569.jpg \/><\/a><br \/>\n^ Pistenplan<\/p>\n<p><a href='http:\/\/ski.inmontanis.info\/d\/311410-2\/DSC00570.jpg'><img src=http:\/\/ski.inmontanis.info\/d\/311409-3\/DSC00570.jpg \/><\/a><br \/>\n^ Pistenplan an der 4SB. B ist eine Sommerrodelbahn\/Alpinecoaster, KSSL E ist derzeit nicht in Betrieb, die schwarzen Abfahrten geschlossen, bin sie aber trotzdem gefahren<\/p>\n<p><a href='http:\/\/ski.inmontanis.info\/d\/311414-2\/DSC00571.jpg'><img src=http:\/\/ski.inmontanis.info\/d\/311413-3\/DSC00571.jpg \/><\/a><br \/>\n^ Kennen wir ja schon, die unges\u00e4uberten Sessel in Frankreich, aber selbst um 11:30 Uhr noch. Gut, wer mal in Russland war und so ein Sitzpolster zum umschnallen hat, wie ich ;-) Der sitzt warm und trocken.<\/p>\n<p><a href='http:\/\/ski.inmontanis.info\/d\/311418-2\/DSC00573.jpg'><img src=http:\/\/ski.inmontanis.info\/d\/311417-3\/DSC00573.jpg \/><\/a><br \/>\n^ 4SB<\/p>\n<p><a href='http:\/\/ski.inmontanis.info\/d\/311422-2\/DSC00574.jpg'><img src=http:\/\/ski.inmontanis.info\/d\/311421-3\/DSC00574.jpg \/><\/a><br \/>\n^ 4SB Talstation und Parkplatz<\/p>\n<p><a href='http:\/\/ski.inmontanis.info\/d\/311426-2\/DSC00577.jpg'><img src=http:\/\/ski.inmontanis.info\/d\/311425-3\/DSC00577.jpg \/><\/a><br \/>\n^ 4SB Mittelstation. Weiter oben gibts ja nur (unpr\u00e4parierte) schwarze Abfahrten oder eine rote Serpentinenabfahrt<\/p>\n<p><a href='http:\/\/ski.inmontanis.info\/d\/311430-2\/DSC00579.jpg'><img src=http:\/\/ski.inmontanis.info\/d\/311429-3\/DSC00579.jpg \/><\/a><br \/>\n^ Die direkte schwarze an der 4SB war teilweise sehr steil, aber der Schnee zumeist auch gut.<\/p>\n<p><a href='http:\/\/ski.inmontanis.info\/d\/311434-2\/DSC00580.jpg'><img src=http:\/\/ski.inmontanis.info\/d\/311433-3\/DSC00580.jpg \/><\/a><br \/>\n^ Pano oberer Teil mit 4SB<\/p>\n<p><a href='http:\/\/ski.inmontanis.info\/d\/311438-2\/DSC00581.jpg'><img src=http:\/\/ski.inmontanis.info\/d\/311437-3\/DSC00581.jpg \/><\/a><br \/>\n^ R\u00fcckseitenpano, links die pr\u00e4parierte Piste geht zur geschlossenen schwarzen Abfahrt<\/p>\n<p><a href='http:\/\/ski.inmontanis.info\/d\/311442-2\/DSC00582.jpg'><img src=http:\/\/ski.inmontanis.info\/d\/311441-3\/DSC00582.jpg \/><\/a><br \/>\n^ R\u00fcckseitenpano, w\u00e4re ja schon ein nettes Gel\u00e4nde hier f\u00fcr einen zus\u00e4tzlichen Lift, schade, dass da nix ist!<\/p>\n<p><a href='http:\/\/ski.inmontanis.info\/d\/311446-2\/DSC00583.jpg'><img src=http:\/\/ski.inmontanis.info\/d\/311445-3\/DSC00583.jpg \/><\/a><br \/>\n^ Start Abfahrten rechts der 4SB<\/p>\n<p><a href='http:\/\/ski.inmontanis.info\/d\/311450-2\/DSC00585.jpg'><img src=http:\/\/ski.inmontanis.info\/d\/311449-3\/DSC00585.jpg \/><\/a><br \/>\n^ Zoom runter zum Lac d&#8217;Annecy<\/p>\n<p><a href='http:\/\/ski.inmontanis.info\/d\/311454-2\/DSC04933.jpg'><img src=http:\/\/ski.inmontanis.info\/d\/311453-3\/DSC04933.jpg \/><\/a><br \/>\n^ IR-Pano mit Lac d&#8217;Annecy<\/p>\n<p><a href='http:\/\/ski.inmontanis.info\/d\/311458-2\/DSC00587.jpg'><img src=http:\/\/ski.inmontanis.info\/d\/311457-3\/DSC00587.jpg \/><\/a><br \/>\n^ Ein St\u00fcck der roten Serpentinenabfahrt 4 kann man \u00fcber diese unpr\u00e4parierte rote Abfahrt abk\u00fcrzen<\/p>\n<p><a href='http:\/\/ski.inmontanis.info\/d\/311462-2\/DSC00588.jpg'><img src=http:\/\/ski.inmontanis.info\/d\/311461-3\/DSC00588.jpg \/><\/a><br \/>\n^ Rechts im Bild der Steilhang ist die schwarze 7, die von der linken schwarzen 10 abzweigt<\/p>\n<p><a href='http:\/\/ski.inmontanis.info\/d\/311466-2\/DSC00589.jpg'><img src=http:\/\/ski.inmontanis.info\/d\/311465-3\/DSC00589.jpg \/><\/a><br \/>\n^ Schwarze 6, geht direkt unter der 4SB runter<\/p>\n<p><a href='http:\/\/ski.inmontanis.info\/d\/311470-2\/DSC00593.jpg'><img src=http:\/\/ski.inmontanis.info\/d\/311469-3\/DSC00593.jpg \/><\/a><br \/>\n^ Schwarze 10 im unteren Teil, wo sie in die blaue 2 einzweigt. Bin ich sp\u00e4ter auch noch gefahren, war aber sehr m\u00fchsam<\/p>\n<p><a href='http:\/\/ski.inmontanis.info\/d\/311474-2\/DSC00594.jpg'><img src=http:\/\/ski.inmontanis.info\/d\/311473-3\/DSC00594.jpg \/><\/a><br \/>\n^ Geschlossener KSSL und Abfahrt 9<\/p>\n<p><a href='http:\/\/ski.inmontanis.info\/d\/311478-2\/DSC00595.jpg'><img src=http:\/\/ski.inmontanis.info\/d\/311477-3\/DSC00595.jpg \/><\/a><br \/>\n^ Geschlossener KSSL und Abfahrt 9<\/p>\n<p><a href='http:\/\/ski.inmontanis.info\/d\/311482-2\/DSC00597.jpg'><img src=http:\/\/ski.inmontanis.info\/d\/311481-3\/DSC00597.jpg \/><\/a><br \/>\n^ Der offene mittlere KSSL hat eine Kurve<\/p>\n<p><a href='http:\/\/ski.inmontanis.info\/d\/311486-2\/DSC00598.jpg'><img src=http:\/\/ski.inmontanis.info\/d\/311485-3\/DSC00598.jpg \/><\/a><br \/>\n^ Talstationen<\/p>\n<p><a href='http:\/\/ski.inmontanis.info\/d\/311490-2\/DSC00599.jpg'><img src=http:\/\/ski.inmontanis.info\/d\/311489-3\/DSC00599.jpg \/><\/a><br \/>\n^ Mittlerer KSSL mit Abfahrt 3 links<\/p>\n<p><a href='http:\/\/ski.inmontanis.info\/d\/311494-2\/DSC00600.jpg'><img src=http:\/\/ski.inmontanis.info\/d\/311493-3\/DSC00600.jpg \/><\/a><br \/>\n^ .. und ist von Montagner<\/p>\n<p><a href='http:\/\/ski.inmontanis.info\/d\/311498-2\/DSC00602.jpg'><img src=http:\/\/ski.inmontanis.info\/d\/311497-3\/DSC00602.jpg \/><\/a><br \/>\n^ Abfahrt 3 am KSSL<\/p>\n<p><a href='http:\/\/ski.inmontanis.info\/d\/311502-2\/DSC00603.jpg'><img src=http:\/\/ski.inmontanis.info\/d\/311501-3\/DSC00603.jpg \/><\/a><br \/>\n^ Start der schwarzen 10+7<\/p>\n<p><a href='http:\/\/ski.inmontanis.info\/d\/311506-2\/DSC00604.jpg'><img src=http:\/\/ski.inmontanis.info\/d\/311505-3\/DSC00604.jpg \/><\/a><br \/>\n^ Schwarze 10+7<\/p>\n<p><a href='http:\/\/ski.inmontanis.info\/d\/311510-2\/DSC00606.jpg'><img src=http:\/\/ski.inmontanis.info\/d\/311509-3\/DSC00606.jpg \/><\/a><br \/>\n^ Auch von hier sieht man zum Lac d&#8217;Annecy<\/p>\n<p><a href='http:\/\/ski.inmontanis.info\/d\/311514-2\/DSC04937.jpg'><img src=http:\/\/ski.inmontanis.info\/d\/311513-3\/DSC04937.jpg \/><\/a><br \/>\n^ Lac d&#8217;Annecy in IR<\/p>\n<p><a href='http:\/\/ski.inmontanis.info\/d\/311518-2\/DSC00609.jpg'><img src=http:\/\/ski.inmontanis.info\/d\/311517-3\/DSC00609.jpg \/><\/a><br \/>\n^ sehr steile schwarze 10+7<\/p>\n<p><a href='http:\/\/ski.inmontanis.info\/d\/311522-2\/DSC00610.jpg'><img src=http:\/\/ski.inmontanis.info\/d\/311521-3\/DSC00610.jpg \/><\/a><br \/>\n^ sehr steile schwarze 10+7<\/p>\n<p><a href='http:\/\/ski.inmontanis.info\/d\/311526-2\/DSC00611.jpg'><img src=http:\/\/ski.inmontanis.info\/d\/311525-3\/DSC00611.jpg \/><\/a><br \/>\n^ schwarze 10+7. schneem\u00e4\u00dfig gut, aber teilweise schon arg steil<\/p>\n<p><a href='http:\/\/ski.inmontanis.info\/d\/311530-2\/DSC00613.jpg'><img src=http:\/\/ski.inmontanis.info\/d\/311529-3\/DSC00613.jpg \/><\/a><br \/>\n^ Schwarze 10+7. Mir teilweise etwas zu steil, aber im Prinzip schon recht cool.<\/p>\n<p><a href='http:\/\/ski.inmontanis.info\/d\/311534-2\/DSC00614.jpg'><img src=http:\/\/ski.inmontanis.info\/d\/311533-3\/DSC00614.jpg \/><\/a><br \/>\n^ Schwarze 10+7<\/p>\n<p><a href='http:\/\/ski.inmontanis.info\/d\/311538-2\/DSC00616.jpg'><img src=http:\/\/ski.inmontanis.info\/d\/311537-3\/DSC00616.jpg \/><\/a><br \/>\n^ Schwarze 10+7, dort unten trennen sich die Abfahrten, links geht dann die 7 zur 4SB-Mittelstation und rechts geht die 10 weiter runter<\/p>\n<p><a href='http:\/\/ski.inmontanis.info\/d\/311542-2\/DSC00618.jpg'><img src=http:\/\/ski.inmontanis.info\/d\/311541-3\/DSC00618.jpg \/><\/a><br \/>\n^ Schwarze 10, leider zu viel Str\u00e4ucher<\/p>\n<p><a href='http:\/\/ski.inmontanis.info\/d\/311546-2\/DSC00619.jpg'><img src=http:\/\/ski.inmontanis.info\/d\/311545-3\/DSC00619.jpg \/><\/a><br \/>\n^ .. machte keinen Spa\u00df<\/p>\n<p><a href='http:\/\/ski.inmontanis.info\/d\/311550-2\/DSC00623.jpg'><img src=http:\/\/ski.inmontanis.info\/d\/311549-3\/DSC00623.jpg \/><\/a><br \/>\n^ Nochmals das sch\u00f6ne und leider nicht liftm\u00e4\u00dfig erschlossene Gel\u00e4nde hinter der 4SB<\/p>\n<p><a href='http:\/\/ski.inmontanis.info\/d\/311554-2\/DSC04938.jpg'><img src=http:\/\/ski.inmontanis.info\/d\/311553-3\/DSC04938.jpg \/><\/a><br \/>\n^ Und nochmals ein IR-Zoom zum Lac dAnnecy ;)<\/p>\n<p><a href='http:\/\/ski.inmontanis.info\/d\/311558-2\/DSC00625.jpg'><img src=http:\/\/ski.inmontanis.info\/d\/311557-3\/DSC00625.jpg \/><\/a><br \/>\n^ Der kurze Teller-SL war erst nachmittags offen, wohl nach Bedarf<\/p>\n<p><a href='http:\/\/ski.inmontanis.info\/d\/311562-2\/ge20230131a.jpg'><img src=http:\/\/ski.inmontanis.info\/d\/311561-3\/ge20230131a.jpg \/><\/a><br \/>\n^ GPS-Track 31.1.2023, Magenta der heute geschlossene KSSL<\/p>\n<p><a href='http:\/\/extra.inmontanis.info\/d\/98296-2\/DSC00629.jpg'><img src=http:\/\/extra.inmontanis.info\/d\/98295-3\/DSC00629.jpg \/><\/a><br \/>\n^ n\u00e4he Col de Tami\u00e9<\/p>\n<p><a href='http:\/\/extra.inmontanis.info\/d\/98300-2\/DSC00632.jpg'><img src=http:\/\/extra.inmontanis.info\/d\/98299-3\/DSC00632.jpg \/><\/a><br \/>\n^ Col de Tami\u00e9, S\u00fcdseite<\/p>\n<p><a href='http:\/\/extra.inmontanis.info\/d\/98304-2\/DSC00633.jpg'><img src=http:\/\/extra.inmontanis.info\/d\/98303-3\/DSC00633.jpg \/><\/a><br \/>\n^ dort hinten unten im Tal l\u00e4ge Albertville, das ich heuer weder besucht hab, noch durchgefahren bin. Sowas&#8230;<\/p>\n<p>N\u00e4chste Ziele sind in der Maurienne, wo es auch ein paar g\u00fcnstige Campingpl\u00e4tze geben soll &#8211; zumindest im vorderen Teil. Am ersten Campingplatz hatte ich mal wieder Pech, Rezeption zu, laut Aufschrift die ganze Woche, und keine sinnvolle Info, was man machen sollte. Nur eine Telefonnummer f\u00fcr Notf\u00e4lle o.\u00e4. &#8211; ist ja kein Notfall, wenn man hier n\u00e4chtigen will?!<\/p>\n<p>Nat\u00fcrlich war es beim n\u00e4chsten Campingplatz nicht anders. Wozu war ich vorhin in einem Supermarkt und hab mir Sahne f\u00fcr \u00c4lplermaccaroni gekauft, wenn ich doch wieder Strom sparen muss und nicht kochen kann?!<\/p>\n<p>Ich nahm in einem kleinen Supermarkt noch ein Baguette um 1,- \u20ac mit. Teils a\u00df ich pur was, teils mit Wurst und K\u00e4se, was ich noch hatte. Eine Portion Mousse au Chocolat hatte ich auch noch.<\/p>\n<p>Schon wieder frei stehen und Strom verbrauchen und die n\u00e4chsten Tage ebenso und weniger fahren &#8211; dh ich sollte unbedingt das neue Ladeger\u00e4t einbauen oder es versuchen und hoffen, dass ich nirgends einen Kurzschluss erzeuge&#8230;<\/p>\n<p>Mannomann ist das neue Teil riesig im Vergleich. Das kann und muss ich wohl gar nicht am Holz festschrauben. Das Ausbauen des alten war auch nicht so einfach, ein paar Schrauben sa\u00dfen sehr fest. Und was mir dabei aufgefallen ist, dass es nicht wie gew\u00fcnscht verkabelt wurde, der Minuspol der Bordbatterie ist nicht am Ladeger\u00e4t angeschlossen, dh der Minuspol der Bordbatterie ist irgendwie direkt mit dem Minuspol der Starterbatterie \/ Fahrzeugkarosserie verbunden. Zudem haben die Kabel keine Aderendh\u00fclsen, was das Reinstecken ins neue Ladeger\u00e4t erschweren wird. <\/p>\n<p>Laut Einzeichnung am Ger\u00e4t sind die Pole intern direkt verbunden und somit vmtl. kein Problem. Aber das neue Ladeger\u00e4t ist anders, das ist explizit galvanisch getrennt. Weil ich ja meinte, es w\u00e4r anders verkabelt bei mir.<\/p>\n<p>Also br\u00e4uchte ich noch ein zus\u00e4tzliches dickes Kabel am Minuspol, das kann ich gar nicht verlegen, da ich f\u00fcr so dicke Kabel gar kein passendes Werkzeug \/ Crimpzange hab.  Nervt mich mal wieder alles. <\/p>\n<p>An die Starterbatterie\/Eingang angschlossen, blinkt die Bluetooth-LED am Ladeger\u00e4t, d.h. das Ger\u00e4t bekommt auch bei ausgeschalteter Z\u00fcndung Strom, d.h. das Teil zieht etwas Strom von der Starterbatterie und entleert diese ggf. bei l\u00e4ngerem Stillstand? Naja, das bisschen Bluetooth wird hoffentlich nicht zu viel ziehen..<\/p>\n<p>Mit meinem zus\u00e4tzlichen Ein\/Ausschalter kann ich das Ger\u00e4t aber unabh\u00e4ngig von etwaiger Motorlauferkennung zus\u00e4tlzich ein\/ausschalten .<\/p>\n<p>Tja, wie bef\u00fcrchtet, Ger\u00e4t l\u00e4dt nicht, wegen der fehlenden zweiten Minusverkabelung. Obwohl das Ladeger\u00e4t lt. App sagt, es w\u00fcrde laden. Aber die App von der Batterie bekommt keinen Strom rein. <\/p>\n<p>Dann also mal den Minuspol an der Batterie l\u00f6sen. Beim Austesten der Kabel, also welches zur Starterbatterie geht und welches zum Ladeger\u00e4t geht, hab ich mal spasseshalber mein Multimeter von Durchgangspr\u00fcfer auf Voltmesser umgestellt und zwischen Pluspol der Bordpatterie und Minuspol der Starterbatterie gemessen. Raus kamen eigenartigerweise 0,3v?! <\/p>\n<p>Mir fiel dann noch ein, dass ja auch irgendwie noch die Standheizung am Bordsystem h\u00e4ngen sollte. Da seh ich grad gar kein zus\u00e4tzliches Kabel, zumindest kein zus\u00e4tzliches Minuskabel. Ein Pluskabel sehr wohl. Gut, dass mir das noch eingefallen ist, bevor ich das losgel\u00f6ste Kabel aufgeschnitten und ans Ladeger\u00e4t angeschlossen h\u00e4tte -> denn das muss ja an der internen Bordbatterie, damit die Standheizung funktioniert. Anscheinend gibts nur dieses eine Minuskabel zu Standheizung und Starterbatterie. Oh Mann..<\/p>\n<p>Ok, vielleicht ging das nicht anders, weil die Standheizung ja auch den L\u00fcfter und ggf. andere Steuerungen des Fahrzeugheizkreislaufs aktiviert, das dann Minus automatisch verbunden ist. D.h. ich kann das Minuskabel vom Fahrzeug zur Bordbatterie nicht abschneiden und exklusiv ans Ladeger\u00e4t h\u00e4ngen, weil ich sonst keine Standheizung hab. D.h. ich brauch ein zus\u00e4tzliches Kabel. Da die jetzigen Kabel auf 30-40A Laden ausgelegt waren, sind sie entsprechend dick und verbrauchen fast den kompletten Platz im Ladeger\u00e4t. Evtl. reichts, wenn ich das Minuskabel d\u00fcnner mach und quasi beide minuspole am Ladeger\u00e4t miteinander verbinde. Je k\u00fcrzer das Kabel, desto d\u00fcnner darf es ja sein.<\/p>\n<p>Somit hat das Ladeger\u00e4t dann geladen. Das Theater hat jetzt fast 3 Stunden gedauert, PC somit nicht mehr aufgebaut.<\/p>\n<p><a href='http:\/\/extra.inmontanis.info\/d\/98308-2\/DSC00635.jpg'><img src=http:\/\/extra.inmontanis.info\/d\/98307-3\/DSC00635.jpg \/><\/a><br \/>\n^ Das schwarze Ladeger\u00e4t muss raus, weil ja geschmolzen<\/p>\n<p><a href='http:\/\/extra.inmontanis.info\/d\/98312-2\/DSC00636.jpg'><img src=http:\/\/extra.inmontanis.info\/d\/98311-3\/DSC00636.jpg \/><\/a><br \/>\n^ .. der Ersatz ist allerdings sehr gro\u00df<\/p>\n<p><a href='http:\/\/extra.inmontanis.info\/d\/98316-2\/DSC00637.jpg'><img src=http:\/\/extra.inmontanis.info\/d\/98315-3\/DSC00637.jpg \/><\/a><br \/>\n^ .. und bl\u00f6derweise waren hier nicht alle Kabel angeschlossen.<\/p>\n<p><a href='http:\/\/extra.inmontanis.info\/d\/98320-2\/DSC00641.jpg'><img src=http:\/\/extra.inmontanis.info\/d\/98319-3\/DSC00641.jpg \/><\/a><br \/>\n^ Problemlos, wenn auch eng, kann ich im Auto an der Elektrik rumbasteln, die ist ganz unten im Bild (hinter dem Beifahrersitz). Danach folgt Wechselrichter und PC-Fach und dahinter die Tischplatte, worunter der K\u00fchlschrank ist. Rechts noch zu sehen das WC und dahinter der kleine Schrank<\/p>\n<p><a href='http:\/\/extra.inmontanis.info\/d\/98324-2\/DSC00644.jpg'><img src=http:\/\/extra.inmontanis.info\/d\/98323-3\/DSC00644.jpg \/><\/a><br \/>\n^ Andere Sachen sind derweil vorne gelagert<\/p>\n<p><a href='http:\/\/extra.inmontanis.info\/d\/98328-3\/DSC00642.jpg'><img src=http:\/\/extra.inmontanis.info\/d\/98327-4\/DSC00642.jpg \/><\/a><br \/>\n^ Das neue blaue Ladeger\u00e4t kann da unten nicht viel rumrutschen, also spar ich mir da komplizierte Befestigungen. Hat eh \u00fcber 2 Stunden ben\u00f6tigt.<\/p>\n<p><a href='http:\/\/extra.inmontanis.info\/d\/98332-3\/DSC00643.jpg'><img src=http:\/\/extra.inmontanis.info\/d\/98331-4\/DSC00643.jpg \/><\/a><br \/>\n^ Gut, dass ich dieses Teil steckbar gemacht hab, damit man problemlos zur Elektrik kommt.<\/p>\n<p><a href='http:\/\/extra.inmontanis.info\/d\/98336-3\/DSC00645.jpg'><img src=http:\/\/extra.inmontanis.info\/d\/98335-4\/DSC00645.jpg \/><\/a><br \/>\n^ Sitzschaumstoffe drauf, damit eine ebene Fl\u00e4che mit dem erh\u00f6hten rechten Bereich entsteht + dort sitz ich, wenn der Tisch (rechts, blau) hinter dem Fahrersitz aufgebaut ist<\/p>\n<p>Auch wenn das jetzt etwas diletantisch gemacht ist, aber hey, es spricht doch wohl f\u00fcr meine urspr\u00fcngliche Planung meines Ausbaus, dass ich das heute alles innerhalb des Autos machen konnte, oder? Dass ich da nichts rausr\u00e4umen musste? Dass ich mich am WC hinsetzen konnte, hinter dem Fahrersitz zum Arbeiten dort unten hinknien konnte und dort auch geb\u00fcckt stehen konnte, mein Werkzeug aus dem Schrank holen konnte und alles n\u00f6tige Zeugs dabei hatte etc. etc.?<\/p>\n<p>Bin dann noch m\u00f6gliche Ziele durchgegangen .. naja, au\u00dfer Les Karellis, wo ich schon \u00f6fters war, gibts ja nicht viel, was mich reizt. Vielleicht Aussois, wenn mal diese omin\u00f6se schwarze Balme-Abfahrt offen w\u00e4re, ist aber nicht. Albiez Montrand fand ich noch ganz nett, ist mit 29,50 f\u00fcr das kleine Skigebiet aber auch schon recht teuer (samstags 13 \u20ac) und der \u00e4u\u00dfere KSSL lt. Schneebericht nicht offen, die noch \u00e4u\u00dferere Sesselbahn und auch zwei(!) weitere Sesselbahnen sind mittlerweile inexistent. Karellis  kostet auch schon 31,50 (samstags 19,-), soll aber wenigstens alles offen haben. <\/p>\n<p>Jedenfalls macht das 2 Skigebiete. Plus evtl. Valmorel-SFL, die am Samstag 26,50 (50% g\u00fcnstiger, da gerade noch vor bzw. zu Beginn der Schulferien). Da fehlt mir aber nun ein Tag dazwischen, den ich evtl. etwas weiter entfernt in St Pierre Chartreuse belegen k\u00f6nnte. Das ist zwar mittlerweile auch stark kastriert (linke KSSL zu, rechte alte 6EUB zu), kostet aber bis Freitag au\u00dferhalb der Schulferien nur 20,-. Morgen Mittwoch gilt das aber nicht&#8230;<\/p>\n<p>Die anderen Gebiete hier in der Gegend reizen mich ja (z.T. \u00fcberhaupt) nicht.<\/p>\n<p>Das Laden der Batterie am n\u00e4chsten Morgen auf den ersten km zu meinem morgendlichen &#8220;Stellplatz&#8221; war sehr entt\u00e4uschend. Es fing mal kurz mit 20A an, lie\u00df aber schnell nach und pendelte sich bei 6-10A ein, meist um die 7-8A lt. dem BMS der Batterie. Keine Ahnung, ob das nun an der &#8220;neuen&#8221; Lichtmaschine liegt, dass die noch schlechter ist als meine alte, oder am Batterieladeger\u00e4t, falschen Einstellungen oder dem Minuskabelproblem. Und es machte auch keinen Unterschied, wenn ich das zus\u00e4tzliche 230V-Netzteil einschaltete, das zwar ebenfalls 5A Ladung anzeigte, aber es kam anscheiend nicht mehr an der Batterie an. <\/p>\n<p>Hab die Einstellungen sp\u00e4ter etwas angepassst, im Leerlauf waren es dann um die 7-10 und auf der Fahrt meist 14-17A. Allerdings ist mir danach noch was aufgefallen, das ich aber in einem n\u00e4chsten Bericht erw\u00e4hne&#8230;<\/p>\n","protected":false},"excerpt":{"rendered":"<p>(Vorabend)<\/p>\n<p>Aillons-Margeriaz h\u00e4tte ich gar nicht unbedingt besuchen wollen, aber weil ich mir doch nochmals meinen alten Bericht durchgelesen hatte, wo es mir hier recht gut gefiel, hab ich mich f\u00fcr einen Wiederholungsbesuch entschieden.<\/p>\n<p>Tageskarte kostet vor Ort 27,- online 26, wobei da eine Kartennummer im Format 12345-12345-1234 abgefragt wird. 2013 hatte ich mir wohl <a href=\"http:\/\/blog.inmontanis.info\/?p=8457\">[&#8230;]<\/a><\/p>\n","protected":false},"author":1,"featured_media":8459,"comment_status":"closed","ping_status":"closed","sticky":false,"template":"","format":"standard","meta":{"footnotes":""},"categories":[16,315,27],"tags":[49,90,48,45,47],"class_list":["post-8457","post","type-post","status-publish","format-standard","has-post-thumbnail","hentry","category-france","category-la-sambuy","category-skifahren-winterskiing-winter","tag-4sb","tag-infrarot","tag-kssl","tag-see","tag-sl","odd"],"_links":{"self":[{"href":"http:\/\/blog.inmontanis.info\/index.php?rest_route=\/wp\/v2\/posts\/8457","targetHints":{"allow":["GET"]}}],"collection":[{"href":"http:\/\/blog.inmontanis.info\/index.php?rest_route=\/wp\/v2\/posts"}],"about":[{"href":"http:\/\/blog.inmontanis.info\/index.php?rest_route=\/wp\/v2\/types\/post"}],"author":[{"embeddable":true,"href":"http:\/\/blog.inmontanis.info\/index.php?rest_route=\/wp\/v2\/users\/1"}],"replies":[{"embeddable":true,"href":"http:\/\/blog.inmontanis.info\/index.php?rest_route=%2Fwp%2Fv2%2Fcomments&post=8457"}],"version-history":[{"count":3,"href":"http:\/\/blog.inmontanis.info\/index.php?rest_route=\/wp\/v2\/posts\/8457\/revisions"}],"predecessor-version":[{"id":8924,"href":"http:\/\/blog.inmontanis.info\/index.php?rest_route=\/wp\/v2\/posts\/8457\/revisions\/8924"}],"wp:featuredmedia":[{"embeddable":true,"href":"http:\/\/blog.inmontanis.info\/index.php?rest_route=\/wp\/v2\/media\/8459"}],"wp:attachment":[{"href":"http:\/\/blog.inmontanis.info\/index.php?rest_route=%2Fwp%2Fv2%2Fmedia&parent=8457"}],"wp:term":[{"taxonomy":"category","embeddable":true,"href":"http:\/\/blog.inmontanis.info\/index.php?rest_route=%2Fwp%2Fv2%2Fcategories&post=8457"},{"taxonomy":"post_tag","embeddable":true,"href":"http:\/\/blog.inmontanis.info\/index.php?rest_route=%2Fwp%2Fv2%2Ftags&post=8457"}],"curies":[{"name":"wp","href":"https:\/\/api.w.org\/{rel}","templated":true}]}}