{"id":8453,"date":"2023-01-30T20:27:31","date_gmt":"2023-01-30T19:27:31","guid":{"rendered":"http:\/\/blog.inmontanis.info\/?p=8453"},"modified":"2023-07-30T21:34:59","modified_gmt":"2023-07-30T19:34:59","slug":"cordon-30-1-2023-vis-a-vis-mont-blanc","status":"publish","type":"post","link":"http:\/\/blog.inmontanis.info\/?p=8453","title":{"rendered":"Cordon, 30.1.2023 &#8212; vis-\u00e0-vis Mont Blanc"},"content":{"rendered":"<p><strong>Mo, 30.1.2023<\/strong><\/p>\n<p>Die Nacht war wohl etwas k\u00e4lter, die 500W-Heizstufe reichte am Campingplatz kaum aus, aber die Stufe 2 wollte ich nicht nachts dauerhaft laufen lassen, weil ich nicht wusste, ob dann nicht was zu hei\u00df werden w\u00fcrde da unten. Morgens waren die Fensterscheiben von Innen gefroren (hinter den Schaumstoffen), was die letzten Tage (freistehend ohne Heizer) ja nicht der Fall war.<\/p>\n<p>Heute wollte ich mir also mal Cordon anschauen, vor ein paar Jahren hab ich ja Passy quasi gegen\u00fcber besucht. Cordon ist mit 22,- f\u00fcr den Tagespass ja eher teuer, daf\u00fcr, dass sie nur eine Hand voll KSSL haben, davon 3 heute offen. Halbtageskarte um 19,- g\u00e4be es ab 12 Uhr.<\/p>\n<p>Da k\u00f6nnte man ggf. noch an einem anderen Gebiet in der N\u00e4he vorbei fahren um zu checken, ob die generell offen h\u00e4tten und der Lift interessant w\u00e4re..?! Naja, 30km Umweg deshalb muss auch nicht sein bei den momentanen Spritpreisen. Dann noch einkaufen und etwas rumtr\u00f6deln bis 12 Uhr ;)<\/p>\n<p>Es soll ein Lidl und ein Spar auf dem Weg sein lt. meines Navis. Wei\u00df gar nicht, ob ich die beiden in Frankreich schon jemals besucht (und geseheen) hatte. Mal schaun, was es beim Lidl gibt&#8230; mal keine Brezen.<\/p>\n<p>Was es hier recht h\u00e4ufig zu geben scheint, sind 24\/7 Pizza-Automaten, auch neben dem Lidl-Parkplatz, z.B. die Savoyarde kalt zum selbst backen 11,50 \u20ac oder hier fertig warm in 3 Minuten um 12,- &#8230; mal ausprobieren, auch wenn es erst 11 Uhr ist. Es kann aber wohl immer nur eine Pizza aufgew\u00e4rmt werden, die anderen m\u00fcssen dann warten. <\/p>\n<p><a href='http:\/\/extra.inmontanis.info\/d\/98276-2\/IMG_20230130_105153_4.jpg'><img src=http:\/\/extra.inmontanis.info\/d\/98275-3\/IMG_20230130_105153_4.jpg \/><\/a><br \/>\n^ Pizza-Automat<\/p>\n<p>Geschmacklich nicht von einer Pizza aus dem Restaurant zu unterscheiden! Rand sogar knusprig und braun. Klar, Boden eher nicht, aber kein Problem.<\/p>\n<p><a href='http:\/\/extra.inmontanis.info\/d\/98280-2\/DSC00516.jpg'><img src=http:\/\/extra.inmontanis.info\/d\/98279-3\/DSC00516.jpg \/><\/a><br \/>\n^ Pizza Savoyarde vom Automaten<\/p>\n<p><a href='http:\/\/extra.inmontanis.info\/d\/98284-2\/DSC00521.jpg'><img src=http:\/\/extra.inmontanis.info\/d\/98283-3\/DSC00521.jpg \/><\/a><br \/>\n^ Am Karton steht SAV evtl f\u00fcr Savoyarde, das w\u00fcrde bedeuten, die Pizza ist samt Karton im Automat und wird darin erw\u00e4rmt. In 3 Minuten hei\u00df und knusprig. Rrrreschpeckt.<\/p>\n<p>Hach wie sch\u00f6n heut, Skipass direkt vor Ort an der Kasse kaufen k\u00f6nnen, ohne Handsfreekartenschei\u00df, einfach ein Klebeskipass, den man sich dann sch\u00f6n aufheben kann, somit es auch keine Kartenleser an den Liften gibt und man frei durchgehen kann &#8211; so mag ich das.<\/p>\n<p>Ein bisschen schade fand ich ja, dass es keine blaue Abfahrt namens Cordon gab &#8211; so von wegen Cordon Bleu ;)<\/p>\n<p>Aber sonst ganz nett gewesen, das Skigebiet.<\/p>\n<p><a href='http:\/\/ski.inmontanis.info\/d\/311280-2\/DSC00520.jpg'><img src=http:\/\/ski.inmontanis.info\/d\/311278-3\/DSC00520.jpg \/><\/a><br \/>\n^ Cordon bleu ;) Endlich mal wieder ein Klebe-Skipass. Keine Diskussion hinsichtlich Chipkarten. <\/p>\n<p><a href='http:\/\/ski.inmontanis.info\/d\/311284-2\/DSC00522.jpg'><img src=http:\/\/ski.inmontanis.info\/d\/311283-3\/DSC00522.jpg \/><\/a><br \/>\n^ Pistenplan. Die geschlossene 1 im oberen Bereich und die 8 bin ich trotzdem gefahren. Der rechte obere KSSL fuhr heute nicht.<\/p>\n<p><a href='http:\/\/ski.inmontanis.info\/d\/311288-2\/DSC00528.jpg'><img src=http:\/\/ski.inmontanis.info\/d\/311287-3\/DSC00528.jpg \/><\/a><br \/>\n^ Talstation des unteren KSSL<\/p>\n<p><a href='http:\/\/ski.inmontanis.info\/d\/311292-2\/DSC00529.jpg'><img src=http:\/\/ski.inmontanis.info\/d\/311291-3\/DSC00529.jpg \/><\/a><br \/>\n^ Oberer KSSL<\/p>\n<p><a href='http:\/\/ski.inmontanis.info\/d\/311296-2\/DSC00530.jpg'><img src=http:\/\/ski.inmontanis.info\/d\/311295-3\/DSC00530.jpg \/><\/a><br \/>\n^ Oberer KSSL, mit 1100m und 310m und ein paar Abfahrten w\u00fcrd mir der Lift f\u00fcr einen halben Tag reichen<\/p>\n<p><a href='http:\/\/ski.inmontanis.info\/d\/311300-2\/DSC00531.jpg'><img src=http:\/\/ski.inmontanis.info\/d\/311299-3\/DSC00531.jpg \/><\/a><br \/>\n^ Nettes Detail, die Schlie\u00dfung der Lifte um 16:30 Uhr mit so einer alten, aufgeh\u00e4ngten Uhr anzuzeigen<\/p>\n<p><a href='http:\/\/ski.inmontanis.info\/d\/311304-2\/DSC00534.jpg'><img src=http:\/\/ski.inmontanis.info\/d\/311303-3\/DSC00534.jpg \/><\/a><br \/>\n^ Dort oben gabs viele Tourenskispuren<\/p>\n<p><a href='http:\/\/ski.inmontanis.info\/d\/311308-2\/DSC00533.jpg'><img src=http:\/\/ski.inmontanis.info\/d\/311307-3\/DSC00533.jpg \/><\/a><br \/>\n^ Auch dort oben gabs viele Tourenskispuren. W\u00e4r ja cool, wenns da noch eine 3. Sektion KSSL geben w\u00fcrde.<\/p>\n<p><a href='http:\/\/ski.inmontanis.info\/d\/311312-2\/DSC00535.jpg'><img src=http:\/\/ski.inmontanis.info\/d\/311311-3\/DSC00535.jpg \/><\/a><br \/>\n^ Abfahrten oberer KSSL<\/p>\n<p><a href='http:\/\/ski.inmontanis.info\/d\/311316-2\/DSC00536.jpg'><img src=http:\/\/ski.inmontanis.info\/d\/311315-3\/DSC00536.jpg \/><\/a><br \/>\n^ Abfahrten oberer KSSL, andere Seite<\/p>\n<p><a href='http:\/\/ski.inmontanis.info\/d\/311320-2\/DSC00537.jpg'><img src=http:\/\/ski.inmontanis.info\/d\/311319-3\/DSC00537.jpg \/><\/a><br \/>\n^ Derzeit geschlossener rechter KSSL<\/p>\n<p><a href='http:\/\/ski.inmontanis.info\/d\/311324-2\/DSC00540.jpg'><img src=http:\/\/ski.inmontanis.info\/d\/311323-3\/DSC00540.jpg \/><\/a><br \/>\n^ Abfahrten oberer KSSL, gibt etliche nette M\u00f6glichkeiten<\/p>\n<p><a href='http:\/\/ski.inmontanis.info\/d\/311328-2\/DSC00541.jpg'><img src=http:\/\/ski.inmontanis.info\/d\/311327-3\/DSC00541.jpg \/><\/a><br \/>\n^ Abfahrten oberer KSSL<\/p>\n<p><a href='http:\/\/ski.inmontanis.info\/d\/311332-2\/DSC00542.jpg'><img src=http:\/\/ski.inmontanis.info\/d\/311331-3\/DSC00542.jpg \/><\/a><br \/>\n^ Abfahrten oberer KSSL<\/p>\n<p><a href='http:\/\/ski.inmontanis.info\/d\/311336-2\/DSC00543.jpg'><img src=http:\/\/ski.inmontanis.info\/d\/311335-3\/DSC00543.jpg \/><\/a><br \/>\n^ Blick in umliegende Skigebiete<\/p>\n<p><a href='http:\/\/ski.inmontanis.info\/d\/311340-2\/DSC00545.jpg'><img src=http:\/\/ski.inmontanis.info\/d\/311339-3\/DSC00545.jpg \/><\/a><br \/>\n^ Blick in umliegende Skigebiete<\/p>\n<p><a href='http:\/\/ski.inmontanis.info\/d\/311348-2\/DSC00547.jpg'><img src=http:\/\/ski.inmontanis.info\/d\/311347-3\/DSC00547.jpg \/><\/a><br \/>\n^ Wohl die geschlossene ganz linke Abfahrt. Direkt gegen\u00fcber &#8230;.<\/p>\n<p><a href='http:\/\/ski.inmontanis.info\/d\/311352-2\/DSC04925.jpg'><img src=http:\/\/ski.inmontanis.info\/d\/311351-3\/DSC04925.jpg \/><\/a><br \/>\n^ .. Mont Blanc und Aiguille du Midi (IR-Zoom)<\/p>\n<p><a href='http:\/\/ski.inmontanis.info\/d\/311356-2\/DSC00549.jpg'><img src=http:\/\/ski.inmontanis.info\/d\/311355-3\/DSC00549.jpg \/><\/a><br \/>\n^ Abfahrten oberer KSSL, links die wohl noch geschlossene. Im unteren Teil nicht gefahren, weil diese Quad-Spuren sehr st\u00f6rend sind<\/p>\n<p><a href='http:\/\/ski.inmontanis.info\/d\/311360-2\/DSC00551.jpg'><img src=http:\/\/ski.inmontanis.info\/d\/311359-3\/DSC00551.jpg \/><\/a><br \/>\n^ Mittlerer KSSL, da gibts noch einen Mini-KSSL<\/p>\n<p><a href='http:\/\/ski.inmontanis.info\/d\/311364-2\/DSC00552.jpg'><img src=http:\/\/ski.inmontanis.info\/d\/311363-3\/DSC00552.jpg \/><\/a><br \/>\n^ Ist ja s\u00fc\u00df, diese winzige KSSL-Talstation<\/p>\n<p><a href='http:\/\/ski.inmontanis.info\/d\/311368-2\/DSC00553.jpg'><img src=http:\/\/ski.inmontanis.info\/d\/311367-3\/DSC00553.jpg \/><\/a><br \/>\n^ .. sogar die Seilrollen auf den St\u00fctzen sind mini ;)<\/p>\n<p><a href='http:\/\/ski.inmontanis.info\/d\/311372-2\/DSC00554.jpg'><img src=http:\/\/ski.inmontanis.info\/d\/311371-3\/DSC00554.jpg \/><\/a><br \/>\n^ Mittelstation unterer \/ oberer KSSL<\/p>\n<p><a href='http:\/\/ski.inmontanis.info\/d\/311376-2\/DSC00555.jpg'><img src=http:\/\/ski.inmontanis.info\/d\/311375-3\/DSC00555.jpg \/><\/a><br \/>\n^ Noch geschlossene Abfahrt 8<\/p>\n<p><a href='http:\/\/ski.inmontanis.info\/d\/311380-2\/DSC00558.jpg'><img src=http:\/\/ski.inmontanis.info\/d\/311379-3\/DSC00558.jpg \/><\/a><br \/>\n^ Noch geschlossene Abfahrt 8<\/p>\n<p><a href='http:\/\/ski.inmontanis.info\/d\/311384-2\/DSC00559.jpg'><img src=http:\/\/ski.inmontanis.info\/d\/311383-3\/DSC00559.jpg \/><\/a><br \/>\n^ Unterer KSSL und links der mittlere<\/p>\n<p><a href='http:\/\/ski.inmontanis.info\/d\/311388-2\/DSC00561.jpg'><img src=http:\/\/ski.inmontanis.info\/d\/311387-3\/DSC00561.jpg \/><\/a><br \/>\n^ Oberer KSSL und Mont Blanc<\/p>\n<p><a href='http:\/\/ski.inmontanis.info\/d\/311392-2\/DSC04932.jpg'><img src=http:\/\/ski.inmontanis.info\/d\/311391-3\/DSC04932.jpg \/><\/a><br \/>\n^ Mont Blanc (IR)<\/p>\n<p><a href='http:\/\/ski.inmontanis.info\/d\/311396-2\/DSC04931.jpg'><img src=http:\/\/ski.inmontanis.info\/d\/311395-3\/DSC04931.jpg \/><\/a><br \/>\n^ Aiguille du Midi (IR)<\/p>\n<p><a href='http:\/\/ski.inmontanis.info\/d\/311400-2\/ge20230130b.jpg'><img src=http:\/\/ski.inmontanis.info\/d\/311399-3\/ge20230130b.jpg \/><\/a><br \/>\n^ GPS-Track 30.1.2023<\/p>\n<p><a href='http:\/\/ski.inmontanis.info\/d\/311344-2\/DSC00546.jpg'><img src=http:\/\/ski.inmontanis.info\/d\/311343-3\/DSC00546.jpg \/><\/a><br \/>\n^ Schon wieder gerissen, das Band am Stecken, evtl. aber auch die andere Seite<\/p>\n<p>Als ich letztens bei den Heckeinsteigern gesagt hatte, ob wohl auch die Parablacks wieder kommen werden &#8211; nun, was es tats\u00e4chlich auch wieder gibt, sind Skistecken mit Schwertgriff! Hatte auch mein Vater fr\u00fcher, ich evtl. auch mal als Kind, aber f\u00fcr mich ist das nix, ich muss Stecken an den Schlaufen an der Hand h\u00e4ngen lassen k\u00f6nnen, sonst 1. verlier ich sie laufend und 2. weiss ich nicht, wo ich sie bei diversen Aktionen, Rucksack vortun, fotografieren etc.,  hintun sollte, das hab ich heut wieder gemerkt und den Stecken mit der abgerissenen Schlaufe nach 2 Abfahrten ins Auto verfrachtet und den Rest des Nachmittags nur noch mit einem Stock gefahren.<\/p>\n<p>Soll ich meinen nun nochmals versuchen zu reparieren oder mir um 20 \u20ac billige neue Stecken\/St\u00f6cke kaufen? Die g\u00fcnstigen sind wohl mal wieder nicht in der passenden Gr\u00f6\u00dfe vorr\u00e4tig :( Wobei das beim Decathlon ist, der auch die Schienbeinschoner h\u00e4tte. Scheint momentan aber doch ohne zu gehen. Und wie lang meine beiden sind, wei\u00df ich gar nicht. Der eine ist jedenfalls 5-10cm l\u00e4nger. Will ich aber auch nicht mehr \u00f6ffnen und verstellen, weil sie dann ggf. wieder nicht mehr halten.<\/p>\n<p>Beim Intersport in Sallanches g\u00e4bs welche um 15,- &#8211; w\u00e4r wie Decathlon aber in der falschen Richtung.<\/p>\n<p><a href='http:\/\/extra.inmontanis.info\/d\/98288-2\/DSC00566.jpg'><img src=http:\/\/extra.inmontanis.info\/d\/98287-3\/DSC00566.jpg \/><\/a><br \/>\n^ Stecken wieder gefixt mit anderem Band. Paar Tage sp\u00e4ter musste ich mein Feuerzeug rauskramen (Souveniraufdruck vom letzten \u00c4tna-Besuch, passt ja irgendwie), um die aufgerissenen Enden des Bands etwas zu verkleben. <\/p>\n<p>Nat\u00fcrlich gibts hier etliche Skigebiete, die ich noch nie besucht hab. Haupts\u00e4chlich teure, aber auch kleine, die mir aber uninteressant aussehen, zB wenn sie haupts\u00e4chlich fixe 4er Sesselbahnen haben. Da fahr ich lieber fr\u00fcher heim und einen Tag mehr auf meine Saisonkarte. <\/p>\n<p>Das eigentlich f\u00fcr morgen gew\u00fcnschte Skigebiet, wo komplett offen war, hat nun heute den Gro\u00dfteil auf &#8220;ge\u00f6ffnet am WE und MI&#8221; umgestellt. Naninanerv. Dann muss ich in der N\u00e4he halt ein anderes morgen besuchen, \u00fcbermorgen ist ja dann Mittwoch. (Spoiler: Oder doch nicht besucht.)<\/p>\n<p>Leider mal wieder kein brauchbar g\u00fcnstiger Campingplatz auf dem Weg. Da ich eh noch eine halbe Pizza hatte, die man kalt essen kann, brauch ich aber ja nicht viel Strom.<\/p>\n<p>Wenn mein Auto sch\u00f6n aufgew\u00e4rmt ist (tags\u00fcber in der Sonne, \u00fcber 20\u00b0, dann noch 1h gefahren), dann kann ich schon locker 2h am Parkplatz stehen, trotz unter 0\u00b0 drau\u00dfen, bis es mir innen zu kalt wird. Wenn ich den Tisch nicht aufbau, sondern meine F\u00fc\u00dfe auf dem Bett in der Decke sind und ich den PC draufstehen hab, wird&#8217;s meinem N\u00e4s-chen (und auch meinen H\u00e4ndchen) so um die 13-15\u00b0 zu kalt und ich schalt die Standheizung mal f\u00fcr 10-15min ein. Wenn ich Video schau, dann geht auch etwas k\u00e4lter, weil ich dann die andere Decke im oberen Bereich noch dr\u00fcber ziehe. z.B. schalt ich die Standheizung dann auch nicht nochmals ein, wenn ich eh in einer halben Stunde ins Bett gehen will &#8211; dann mach ich das erst, wenn ich mich bettfertig mache, dann kanns auch mal noch k\u00e4lter sein.<\/p>\n","protected":false},"excerpt":{"rendered":"<p>Mo, 30.1.2023<\/p>\n<p>Die Nacht war wohl etwas k\u00e4lter, die 500W-Heizstufe reichte am Campingplatz kaum aus, aber die Stufe 2 wollte ich nicht nachts dauerhaft laufen lassen, weil ich nicht wusste, ob dann nicht was zu hei\u00df werden w\u00fcrde da unten. Morgens waren die Fensterscheiben von Innen gefroren (hinter den Schaumstoffen), was die letzten Tage (freistehend <a href=\"http:\/\/blog.inmontanis.info\/?p=8453\">[&#8230;]<\/a><\/p>\n","protected":false},"author":1,"featured_media":8455,"comment_status":"closed","ping_status":"closed","sticky":false,"template":"","format":"standard","meta":{"footnotes":""},"categories":[303,16,27],"tags":[90,48],"class_list":["post-8453","post","type-post","status-publish","format-standard","has-post-thumbnail","hentry","category-cordon","category-france","category-skifahren-winterskiing-winter","tag-infrarot","tag-kssl","odd"],"_links":{"self":[{"href":"http:\/\/blog.inmontanis.info\/index.php?rest_route=\/wp\/v2\/posts\/8453","targetHints":{"allow":["GET"]}}],"collection":[{"href":"http:\/\/blog.inmontanis.info\/index.php?rest_route=\/wp\/v2\/posts"}],"about":[{"href":"http:\/\/blog.inmontanis.info\/index.php?rest_route=\/wp\/v2\/types\/post"}],"author":[{"embeddable":true,"href":"http:\/\/blog.inmontanis.info\/index.php?rest_route=\/wp\/v2\/users\/1"}],"replies":[{"embeddable":true,"href":"http:\/\/blog.inmontanis.info\/index.php?rest_route=%2Fwp%2Fv2%2Fcomments&post=8453"}],"version-history":[{"count":3,"href":"http:\/\/blog.inmontanis.info\/index.php?rest_route=\/wp\/v2\/posts\/8453\/revisions"}],"predecessor-version":[{"id":8912,"href":"http:\/\/blog.inmontanis.info\/index.php?rest_route=\/wp\/v2\/posts\/8453\/revisions\/8912"}],"wp:featuredmedia":[{"embeddable":true,"href":"http:\/\/blog.inmontanis.info\/index.php?rest_route=\/wp\/v2\/media\/8455"}],"wp:attachment":[{"href":"http:\/\/blog.inmontanis.info\/index.php?rest_route=%2Fwp%2Fv2%2Fmedia&parent=8453"}],"wp:term":[{"taxonomy":"category","embeddable":true,"href":"http:\/\/blog.inmontanis.info\/index.php?rest_route=%2Fwp%2Fv2%2Fcategories&post=8453"},{"taxonomy":"post_tag","embeddable":true,"href":"http:\/\/blog.inmontanis.info\/index.php?rest_route=%2Fwp%2Fv2%2Ftags&post=8453"}],"curies":[{"name":"wp","href":"https:\/\/api.w.org\/{rel}","templated":true}]}}