{"id":8448,"date":"2023-01-29T21:11:56","date_gmt":"2023-01-29T20:11:56","guid":{"rendered":"http:\/\/blog.inmontanis.info\/?p=8448"},"modified":"2023-02-02T21:27:35","modified_gmt":"2023-02-02T20:27:35","slug":"thollon-29-1-2023-leider-nebelmeer-statt-genfersee","status":"publish","type":"post","link":"http:\/\/blog.inmontanis.info\/?p=8448","title":{"rendered":"Thollon, 29.1.2023 &#8211; leider Nebelmeer statt Genfersee"},"content":{"rendered":"<p><strong>So, 29.1.2023<\/strong><\/p>\n<p>Morgens in Thollon angekommen, lag Hochnebel im Bereich der Talabfahrt und behinderte die Sicht auf den Genfersee. Ob der heute endlich mal weggehen wird, wie vor ein paar Tagen gemeldet? Oder h\u00e4tte ich&#8217;s an einem anderen Tag probieren sollen?<\/p>\n<p>2 Engl\u00e4nder kauften sich an der Kasse eine Saisonpass f\u00fcr Thollon\/Bernex\/Abondance, kostete wohl 312,50 \u20ac, wenn ich das recht gelesen hab. Ich war dann zufallig mit denen in der Gondel, sie sagten, sie h\u00e4tten hier eine Ferienwohnung vor 10-15 Jahren gekauft und waren dann auch \u00fcberrascht, wieviele Briten hier eine Wohnung haben. Weil halt der Flughafen von Genf so nah ist.<\/p>\n<p>Die Tageskartete kostete 27,- \u20ac, wurde aber nicht auf meine Axess-Karte geladen und ich bekam eine d\u00fcnne Handsfree-Papierkarte. Der Nebel ging leider bis fast rauf zur Bergstation und war hier, um zu bleiben.<\/p>\n<p>Die 10er Kabinen sind leider nerviger, vmtl. 6 zum sitzen, rest zum stehen, die Scheiben vereist und beklebt, die Fenster\u00f6ffnungen vergittert. Auch ohne Nebel h\u00e4tte man nichts gesehen. Mein letzter Besuch war vor ca. 10 Jahren, als es die 4EUB\/Poma-Eiergondel noch gab. Fairerweise muss man sagen, dass die Poma-Oeufs ja auch keine Fenster\u00f6ffnung haben. Maximal kann man die T\u00fcr einen Spalt \u00f6ffnen.<\/p>\n<p>Das SB-Restaurant im Untergeschoss der 4EUB-Bergstation gibts auch nicht mehr, stattdessen im Neubau der Gondel einen Selbstversorgerraum (nicht gerade warm) und nebendran ein, wie es ausschaut, eher kleines Restaurant in einem neuen Haus.<\/p>\n<p>Durch die fehlende 4EUB (f\u00fcr die nehm ich nat\u00fcrlich mehr in Kauf) st\u00f6rt dann auch der gef\u00e4hriche, weil steile, Weg von den Parkpl\u00e4tzen hinauf zur Talstation mehr. Und auch sonst machte sich das Skigebiet unbeliebter. Die direkte Abfahrt von der EUB-Bergstation ins Skigebiet ist nicht mehr und mit Band abgesperrt &#8211; alternativ gingen einige die Treppe zu den Toiletten runter und schnallten dann die Skier an. Ich nahm sp\u00e4ter 2x die Trasse am heute geschlossenen KSSL. Offiziell m\u00fcsste man den Schiebe-Weg nehmen. <\/p>\n<p>Die Abfahrt an der Au\u00dfenrumabfahrtr\u00fcckbringer-DSB Frasse war auch gesperrt, obwohl pr\u00e4pariert und gut fahrbar. Die beschneite schwarze Talabfahrt, die zwar nicht so toll war, aber zumindet ein sch\u00f6nes Genferseepano hatte, wurde mit Dezember 2022 komplett aufgelassen und ist nun &#8220;offpiste&#8221; &#8211; Bereich. <\/p>\n<p>Andererseits waren Abfahrten an den KSSL offiziell offen, die nicht pr\u00e4pariert waren (und sp\u00e4testens nachmittags viel besser zu fahren waren als die pr\u00e4parierten, abgefahrenen Pisten)&#8230; Die Franzosen muss man da auch nicht verstehen, was das angeht. <\/p>\n<p>Gegen 13h bin ich die Talabfahrt gefahren, gut eingefahren und besser=griffiger als sonst, aber Nebel immer noch dick und kaum Seeblick.<\/p>\n<p><a href='http:\/\/ski.inmontanis.info\/d\/311154-2\/DSC00453.jpg'><img src=http:\/\/ski.inmontanis.info\/d\/311153-3\/DSC00453.jpg \/><\/a><br \/>\n^ Talstation der neuen 10EUB &#8211; ok, so neu ist sie nicht mehr, aber bei meinem letzten Besuch stand eben noch die sch\u00f6ne alte Poma-4er-Eiergondelbahn<\/p>\n<p><a href='http:\/\/ski.inmontanis.info\/d\/311158-2\/DSC00454.jpg'><img src=http:\/\/ski.inmontanis.info\/d\/311157-3\/DSC00454.jpg \/><\/a><br \/>\n^ Bergstation 10EUB<\/p>\n<p><a href='http:\/\/ski.inmontanis.info\/d\/311162-2\/DSC00455.jpg'><img src=http:\/\/ski.inmontanis.info\/d\/311161-3\/DSC00455.jpg \/><\/a><br \/>\n^ Blick ins Skigebiet. Direkt an der DSB kann man nicht mehr so leicht abfahren, da alles abgesperrt. Da m\u00fcsste man die Treppen runtersteigen zur Toilette, von dort aus k\u00e4me man dann zur (Ex-) Abfahrt&#8230;<\/p>\n<p><a href='http:\/\/ski.inmontanis.info\/d\/311166-2\/DSC00457.jpg'><img src=http:\/\/ski.inmontanis.info\/d\/311165-3\/DSC00457.jpg \/><\/a><br \/>\n^ Aktueller Pistenplan. Naja, nicht ganz, die Talabfahrt existiert nicht mehr als beschneite schwarze Abfahrt.<\/p>\n<p><a href='http:\/\/ski.inmontanis.info\/d\/311170-2\/DSC00465.jpg'><img src=http:\/\/ski.inmontanis.info\/d\/311169-3\/DSC00465.jpg \/><\/a><br \/>\n^ 4SB, Schneer\u00e4umung auf den Sesseln ist in Frankreich wohl echt nicht \u00fcblich. Gut, dass ich mein russisches Sitzpolster hab.<\/p>\n<p><a href='http:\/\/ski.inmontanis.info\/d\/311174-2\/DSC00466.jpg'><img src=http:\/\/ski.inmontanis.info\/d\/311173-3\/DSC00466.jpg \/><\/a><br \/>\n^ Seitenblick aus der 4SB mit Nebelmeer<\/p>\n<p><a href='http:\/\/ski.inmontanis.info\/d\/311178-2\/DSC00467.jpg'><img src=http:\/\/ski.inmontanis.info\/d\/311177-3\/DSC00467.jpg \/><\/a><br \/>\n^ Nebelmeer statt Genfersee<\/p>\n<p><a href='http:\/\/ski.inmontanis.info\/d\/311182-2\/DSC00468.jpg'><img src=http:\/\/ski.inmontanis.info\/d\/311181-3\/DSC00468.jpg \/><\/a><br \/>\n^ Au\u00dfenrumabfahrt Vieilles Cases. Hart und teils steinig, nicht so sch\u00f6n heute.<\/p>\n<p><a href='http:\/\/ski.inmontanis.info\/d\/311186-2\/DSC04921.jpg'><img src=http:\/\/ski.inmontanis.info\/d\/311185-3\/DSC04921.jpg \/><\/a><br \/>\n^ Schweiz<\/p>\n<p><a href='http:\/\/ski.inmontanis.info\/d\/311190-2\/DSC00470.jpg'><img src=http:\/\/ski.inmontanis.info\/d\/311189-3\/DSC00470.jpg \/><\/a><br \/>\n^ Talblick an der Au\u00dfenrumabfahrt Vieilles Cases<\/p>\n<p><a href='http:\/\/ski.inmontanis.info\/d\/311194-2\/DSC00471.jpg'><img src=http:\/\/ski.inmontanis.info\/d\/311193-3\/DSC00471.jpg \/><\/a><br \/>\n^ Au\u00dfenrumabfahrt Vieilles Cases<\/p>\n<p><a href='http:\/\/ski.inmontanis.info\/d\/311198-2\/DSC00472.jpg'><img src=http:\/\/ski.inmontanis.info\/d\/311197-3\/DSC00472.jpg \/><\/a><br \/>\n^ Mit der DSB Frasse (nach einem KSSL) geht&#8217;s wieder zur\u00fcck von der Au\u00dfenrumabfahrt<\/p>\n<p><a href='http:\/\/ski.inmontanis.info\/d\/311202-2\/DSC00474.jpg'><img src=http:\/\/ski.inmontanis.info\/d\/311201-3\/DSC00474.jpg \/><\/a><br \/>\n^ 4SB und Nebelmeer statt Genfersee<\/p>\n<p><a href='http:\/\/ski.inmontanis.info\/d\/311206-2\/DSC00476.jpg'><img src=http:\/\/ski.inmontanis.info\/d\/311205-3\/DSC00476.jpg \/><\/a><br \/>\n^ Ex-Talabfahrt<\/p>\n<p><a href='http:\/\/ski.inmontanis.info\/d\/311210-2\/DSC00477.jpg'><img src=http:\/\/ski.inmontanis.info\/d\/311209-3\/DSC00477.jpg \/><\/a><br \/>\n^ Ex-Talabfahrt, ist keine beschneite schwarze Abfahrt mehr, sondern z\u00e4hlt jetzt als Offpistegel\u00e4nde.<\/p>\n<p><a href='http:\/\/ski.inmontanis.info\/d\/311214-2\/DSC00479.jpg'><img src=http:\/\/ski.inmontanis.info\/d\/311213-3\/DSC00479.jpg \/><\/a><br \/>\n^ Offene, aber unpr\u00e4parierte rote Abfahrt an den KSSL<\/p>\n<p><a href='http:\/\/ski.inmontanis.info\/d\/311218-2\/DSC00480.jpg'><img src=http:\/\/ski.inmontanis.info\/d\/311217-3\/DSC00480.jpg \/><\/a><br \/>\n^ Rechter KSSL Tetras<\/p>\n<p><a href='http:\/\/ski.inmontanis.info\/d\/311222-2\/DSC00481.jpg'><img src=http:\/\/ski.inmontanis.info\/d\/311221-3\/DSC00481.jpg \/><\/a><br \/>\n^ Rechter KSSL Tetras mit netter schwarzer Abfahrt<\/p>\n<p><a href='http:\/\/ski.inmontanis.info\/d\/311226-2\/DSC00482.jpg'><img src=http:\/\/ski.inmontanis.info\/d\/311225-3\/DSC00482.jpg \/><\/a><br \/>\n^ Talabfahrt, im oberen Bereich ja nur ein Skiweg, bevor es dann schwarz wird. Dadurch, dass es nun offpiste ist, gibts auch keine Fangz\u00e4une mehr.<\/p>\n<p><a href='http:\/\/ski.inmontanis.info\/d\/311230-2\/DSC00484.jpg'><img src=http:\/\/ski.inmontanis.info\/d\/311229-3\/DSC00484.jpg \/><\/a><br \/>\n^ .. \u00fcberhaupt war die Talabfahrt noch nie so griffig sch\u00f6n dank ohne Kunstschnee ;-) Leider sieht man den Genfersee heut nicht<\/p>\n<p><a href='http:\/\/ski.inmontanis.info\/d\/311234-2\/DSC04924.jpg'><img src=http:\/\/ski.inmontanis.info\/d\/311233-3\/DSC04924.jpg \/><\/a><br \/>\n^ Genfersee nur wenig zu sehen<\/p>\n<p><a href='http:\/\/ski.inmontanis.info\/d\/311238-3\/DSC00488.jpg'><img src=http:\/\/ski.inmontanis.info\/d\/311237-4\/DSC00488.jpg \/><\/a><br \/>\n^ 10EUB, ca. 6 Personen sitzend, rest stehend &#8211; h\u00e4tte vielleicht von der Breite zwischen den H\u00e4usern nichts anderes gepasst<\/p>\n<p><a href='http:\/\/ski.inmontanis.info\/d\/311242-3\/DSC00489.jpg'><img src=http:\/\/ski.inmontanis.info\/d\/311241-4\/DSC00489.jpg \/><\/a><br \/>\n^ 10EUB<\/p>\n<p><a href='http:\/\/ski.inmontanis.info\/d\/311246-3\/DSC00491.jpg'><img src=http:\/\/ski.inmontanis.info\/d\/311245-4\/DSC00491.jpg \/><\/a><br \/>\n^ 4SB<\/p>\n<p><a href='http:\/\/ski.inmontanis.info\/d\/311250-3\/DSC00493.jpg'><img src=http:\/\/ski.inmontanis.info\/d\/311249-4\/DSC00493.jpg \/><\/a><br \/>\n^ Teilweise hat sich der Nebel aufgel\u00f6st, aber nicht so, dass man den See gesehen h\u00e4tte<\/p>\n<p><a href='http:\/\/ski.inmontanis.info\/d\/311254-3\/DSC00494.jpg'><img src=http:\/\/ski.inmontanis.info\/d\/311253-4\/DSC00494.jpg \/><\/a><br \/>\n^ Au\u00dfenrumabfahrt Vieilles Cases<\/p>\n<p><a href='http:\/\/ski.inmontanis.info\/d\/311258-3\/DSC00501.jpg'><img src=http:\/\/ski.inmontanis.info\/d\/311257-4\/DSC00501.jpg \/><\/a><br \/>\n^ DSB Frasse. Abfahrt war pr\u00e4pariert, aber geschlossen. Bin sie trotzdem mal gefahren<\/p>\n<p><a href='http:\/\/ski.inmontanis.info\/d\/311262-3\/DSC00502.jpg'><img src=http:\/\/ski.inmontanis.info\/d\/311261-4\/DSC00502.jpg \/><\/a><br \/>\n^ DSB Frasse. Die Abfahrt ist eigentlich noch uriger als die Au\u00dfenrumabfahrt<\/p>\n<p><a href='http:\/\/ski.inmontanis.info\/d\/311266-3\/DSC00503.jpg'><img src=http:\/\/ski.inmontanis.info\/d\/311265-4\/DSC00503.jpg \/><\/a><br \/>\n^ DSB Frasse<\/p>\n<p>Nachmittags war die Talabfahrt noch nebliger und es gab noch weniger Seeblick, schade, dann h\u00e4tt ich Thollon auch vorgestern fahren k\u00f6nnen und heute Roc d&#8217;Enfer, denn vorgestern bin ich quasi an Thollon vorbei gefahren morgens und heute Nachmittag fahr ich an St. Jean d&#8217;Aulps vorbei. Wie \u00fcblich darf man sich nicht nach den Wettervorhersagen richten.<\/p>\n<p><a href='http:\/\/ski.inmontanis.info\/d\/311270-3\/DSC00505.jpg'><img src=http:\/\/ski.inmontanis.info\/d\/311269-4\/DSC00505.jpg \/><\/a><br \/>\n^ EUB, Talabfahrt, Genfersee (kontrastverst\u00e4rkt)<\/p>\n<p><a href='http:\/\/ski.inmontanis.info\/d\/311274-3\/ge20230129a.jpg'><img src=http:\/\/ski.inmontanis.info\/d\/311273-4\/ge20230129a.jpg \/><\/a><br \/>\n^ GPS-Track 29.1.2023 in Orange, zahlreiche vorherige Besuche bis und mit 2013 in T\u00fcrkis, samt ehemaliger DSB-statt-4SB-Trasse, zus\u00e4tzlichem KSSL, &#8230;<\/p>\n<p>Wer sch\u00f6nere Bilder aus dem Skigebiet mit Genferseepano sehen will -> siehe meine alten Berichte.<\/p>\n<p>Schon zu Beginn der Tour hatte ich angenommen, dass das nicht nur eine Wiedersehenstour, sondern auch eine Abschiedstour werden wird, weil mehr und mehr Skigebiete in Preisregionen vorsto\u00dfen, die ich nicht bereit bin zu bezahlen oder weil ich in Zukuft eben eher anderswo sein m\u00f6chte. Ersteres trifft auf Thollon zwar momentan nicht zu, aber ohne 4EUB und ohne Genferseepano ist das Gebiet f\u00fcr mich uninteressant.<\/p>\n<p>In Praz de Lys Sommand g\u00e4b&#8217;s morgen online, sofern verf\u00fcgbar, die Tageskarten um 23,-. Aber so begeistert war ich damals ja auch nicht von dem Skigebiet. Dort in der N\u00e4he g\u00e4be es ein Skigebiet (mit 2 Liften, leider der Hauptlift mit der schwarzen Abfahrt oben nicht ganz offen) namens Romme &#8211; w\u00e4r ja vom Namen her interessant, weil ich ja letztes Jahr in Schweden in dem dortigen Romme war. <\/p>\n<p>In Cordon, wo ich auch noch nicht war, sind zwar auch nicht alle KSSL offen, trotzdem werd ich mir das mal anschaun morgen.<\/p>\n<p>Eigentlich sollte ich keine Skigebiete besuchen und fur Skip\u00e4ssse zahlen, die nicht mindestens so sch\u00f6n sind, wie die meiner Saisonkarte. Und da liegt die Latte mit einigen Skigebieten in K\u00e4rnten ja gar nicht so niedrig&#8230;<\/p>\n<p>.. also auch kein Areches-Beaufort besuchen, die ihre Verbindung mit einer EUB verbessert haben und (nur) 32,- f\u00fcr die TK verlangen?<\/p>\n<p>Der Weg zum Campingplatz heute Abend wurde noch recht eng, gab hier und da Verkehr, bin sogar kurzfristig anders gefahren, weil es erst etwas Stau durch einen Ort gab, dann mal vorsichtshalber auf GMaps geschaut &#8211; kilometerlang unten alles Rot &#8211; und daher die kleinere Stra\u00dfe auf der anderen Talseite gefahren, wo zum Gl\u00fcck kein Stau war.<\/p>\n<p>Kurz vorm Campingplatz aber doch noch stehender Verkehr, um 18:00 war ich am Campingplatz, wo ich gerade den Mann hab gehen sehen und abpassen konnte, puh. Klobrille und Klopapier gibt&#8217;s hier allerdings nicht ;) Daf\u00fcr die Duschen  warm und inklusive, andere lie\u00dfen auch ihre Handt\u00fccher im warmen Sanit\u00e4rbereich trocknen, also nutzte ich auch die Chance.<\/p>\n<p>Der Platz soll mit 13,- ja recht g\u00fcnstig sein, aaaaber f\u00fcr Strom verlangens im Winter unversch\u00e4mte 8,90 pro Tag. in Summe passt&#8217;s dann trotzdem wieder. Gratis WLAN g\u00e4be es auch. Waren dann 22,10, warum auch immer.<\/p>\n<p>In N\u00fcrnberg hatte ich mir am 19.1. im Supermarkt ein gek\u00fchltes Fertiggericht Sauerbraten gekauft, dachte ich h\u00e4tte auf das Haltbarkeitsdatum geschaut und es war in 1-2 Wochen, gestern nachgeschaut und festgestellt, dass ich das heute unbedingt essen muss, falls noch genie\u00dfbar, denn es stand drauf: &#8220;MHD 16.1.2023&#8221; !! Also war es schon beim Kauf 3 Tage zu alt. \u00c4rgerlich. <\/p>\n<p>Es war essbar, aber keine kulinarische Offenbarung. Also nach Sauerbraten hat die Sauce nicht geschmeckt. Als n\u00e4chstes muss ich aber \u00c4lplermagronen machen, bevor der teure schweizer K\u00e4se davonl\u00e4ut..<\/p>\n<p>Abends noch ein paar m\u00f6gliche Ziele durchgegangen und alte Berichte angesehen, das eine oder andere Gebiet wieder gestrichen, das eine oder andere hinzugef\u00fcgt, weil ich es damals doch nicht so schlecht fand, in Summe weiterhin viel unklar, was und wieviel Gebiete ich in der Gegend bzw. in den frz. Alpen besuchen m\u00f6chte. Will weder zu lang hier bleiben, um nicht auf andere, bessere, verzichten zu m\u00fcssen, aber ja auch nicht zu schnell sein.<\/p>\n<p>&#8212;<br \/>\nAus aktuellem Anlass #1, alles Lug und Betrug hier im Westen:<br \/>\n&#8220;Der Korruptionsindex von Transparency International basiert also auf keinerlei objektiven Daten, sondern nur auf den \u201eWahrnehmungen\u201c ausgesuchter Experten.&#8221;<br \/>\n<a href='https:\/\/www.anti-spiegel.ru\/2023\/wer-finanziert-das-ranking-von-transparency-international\/'>https:\/\/www.anti-spiegel.ru\/2023\/wer-finanziert-das-ranking-von-transparency-international\/<\/a><\/p>\n<p>Aus aktuellem Anlass #2, die L\u00fcgenpropaganda im Westen:<br \/>\n<a href='https:\/\/www.anti-spiegel.ru\/2023\/wie-eine-anti-russische-medienkampagne-koordiniert-wurde\/'>https:\/\/www.anti-spiegel.ru\/2023\/wie-eine-anti-russische-medienkampagne-koordiniert-wurde\/<\/a><\/p>\n<p>Und #3<br \/>\n<a href='https:\/\/www.anti-spiegel.ru\/2023\/wie-in-russland-ueber-insekten-als-lebensmittelzusatz-berichtet-wird\/'>https:\/\/www.anti-spiegel.ru\/2023\/wie-in-russland-ueber-insekten-als-lebensmittelzusatz-berichtet-wird\/<\/a><\/p>\n","protected":false},"excerpt":{"rendered":"<p>So, 29.1.2023<\/p>\n<p>Morgens in Thollon angekommen, lag Hochnebel im Bereich der Talabfahrt und behinderte die Sicht auf den Genfersee. Ob der heute endlich mal weggehen wird, wie vor ein paar Tagen gemeldet? Oder h\u00e4tte ich&#8217;s an einem anderen Tag probieren sollen?<\/p>\n<p>2 Engl\u00e4nder kauften sich an der Kasse eine Saisonpass f\u00fcr Thollon\/Bernex\/Abondance, kostete wohl 312,50 <a href=\"http:\/\/blog.inmontanis.info\/?p=8448\">[&#8230;]<\/a><\/p>\n","protected":false},"author":1,"featured_media":8450,"comment_status":"closed","ping_status":"closed","sticky":false,"template":"","format":"standard","meta":{"footnotes":""},"categories":[16,27,221],"tags":[72,49,38,48,77,45],"class_list":["post-8448","post","type-post","status-publish","format-standard","has-post-thumbnail","hentry","category-france","category-skifahren-winterskiing-winter","category-thollon","tag-10eub","tag-4sb","tag-dsb","tag-kssl","tag-nebelmeer","tag-see","odd"],"_links":{"self":[{"href":"http:\/\/blog.inmontanis.info\/index.php?rest_route=\/wp\/v2\/posts\/8448","targetHints":{"allow":["GET"]}}],"collection":[{"href":"http:\/\/blog.inmontanis.info\/index.php?rest_route=\/wp\/v2\/posts"}],"about":[{"href":"http:\/\/blog.inmontanis.info\/index.php?rest_route=\/wp\/v2\/types\/post"}],"author":[{"embeddable":true,"href":"http:\/\/blog.inmontanis.info\/index.php?rest_route=\/wp\/v2\/users\/1"}],"replies":[{"embeddable":true,"href":"http:\/\/blog.inmontanis.info\/index.php?rest_route=%2Fwp%2Fv2%2Fcomments&post=8448"}],"version-history":[{"count":2,"href":"http:\/\/blog.inmontanis.info\/index.php?rest_route=\/wp\/v2\/posts\/8448\/revisions"}],"predecessor-version":[{"id":8451,"href":"http:\/\/blog.inmontanis.info\/index.php?rest_route=\/wp\/v2\/posts\/8448\/revisions\/8451"}],"wp:featuredmedia":[{"embeddable":true,"href":"http:\/\/blog.inmontanis.info\/index.php?rest_route=\/wp\/v2\/media\/8450"}],"wp:attachment":[{"href":"http:\/\/blog.inmontanis.info\/index.php?rest_route=%2Fwp%2Fv2%2Fmedia&parent=8448"}],"wp:term":[{"taxonomy":"category","embeddable":true,"href":"http:\/\/blog.inmontanis.info\/index.php?rest_route=%2Fwp%2Fv2%2Fcategories&post=8448"},{"taxonomy":"post_tag","embeddable":true,"href":"http:\/\/blog.inmontanis.info\/index.php?rest_route=%2Fwp%2Fv2%2Ftags&post=8448"}],"curies":[{"name":"wp","href":"https:\/\/api.w.org\/{rel}","templated":true}]}}