{"id":8443,"date":"2023-01-28T20:09:00","date_gmt":"2023-01-28T19:09:00","guid":{"rendered":"http:\/\/blog.inmontanis.info\/?p=8443"},"modified":"2023-02-01T20:18:41","modified_gmt":"2023-02-01T19:18:41","slug":"abondance-28-1-2023-samstags-10-e","status":"publish","type":"post","link":"http:\/\/blog.inmontanis.info\/?p=8443","title":{"rendered":"Abondance, 28.1.2023 &#8211; Samstags 10,- \u20ac"},"content":{"rendered":"<p><strong>Sa, 28.1.2023<\/strong><\/p>\n<p>Wie schon St. Jean gestern, hat auch Abondance noch seine alte Poma back-to-back 6EUB. oben quasi 2 Haupt-KSSL und noch ein paar dazu, plus ja den neueren, kurzen R\u00fcckseiten-SL als Zubringer zur (etwas) Au\u00dfenrumabfahrt, wo fr\u00fcher mal eine (vgl zum SL) l\u00e4ngere DSB stand, die vermisst wird.<\/p>\n<p>Tageskarte kostet samstags au\u00dferhalb der Schulferien 10,- , das Angebot nehm ich nat\u00fcrlich heut gerne an. Auch an der Kasse erh\u00e4ltlich.<\/p>\n<p>Kalt kalt kalt&#8230;war es letztes Jahr in Skandinavien eigentlich mal so kalt? Im Tal ja, aber in den Skigebieten und am Berg war&#8217;s ja dann immer w\u00e4rmer, wenn&#8217;s unten im Tal zweistellig Minus war .. Leider oben nirgends ein Thermometer gesehen, wie kalt es da war. Nachmittags immer noch -8\u00b0 am Auto, quasi wie fr\u00fch.<\/p>\n<p>Der Selbstversorgerraum hier unterhalb des Restaurants hat leider keine vern\u00fcnftige T\u00fcre, zudem wohl nicht zus\u00e4tzlich geheizt, entsprechend kalt. Zu den anschlie\u00dfenden WCs auch keine T\u00fcr. Die WCs an der EUB-Talstation waren aber sehr sch\u00f6n warm, Fu\u00dfbodenheizung, wie ich nachmittags gemerkt hab, da mein Rucksack nach einer halben Stunde unten so warm war. Und mir war&#8217;s dann auch mal wieder warm.<\/p>\n<p>Weil Skipass so g\u00fcnstig, wollt ich mittags mal essen gehen &#8211; an der EUB-Bergstation gibts das einzige Restaurant. Etwas eigenartig, da gleichzeitig Bedienung und Selbstbedienung im selben Raum, nicht wirklich einfach erkennbar, wo man sich dann selbstbedienungsm\u00e4\u00dfig hinsetzen k\u00f6nnte, sowieso alles voll und das Tagesgericht um 14,- \u20ac war jetzt auch nicht soooo ganz mein Fall. Au\u00dfen gab es noch einen Stand, wo es Hamburger um 10,- oder Pommes um 4,- gab, nahm mir also Pommes und ging in denh halt wesentlich k\u00e4lteren Selbstverrsorgerraum. Leider war die Sonne nun wieder weg.<\/p>\n<p>Die Warnung vor der d\u00fcnnen Schneedecke und Steinen an der Talabfahrt war durchaus berechtigt, so dass ich nach einer ersten Fahrt lieber die Allmountains holen wollte, um mein Carpani zu schonen. Sonst oben griffig und gut pr\u00e4pariert, besser als letztens in der Schweiz ;)  Naja, nachmittags dann auch abgerutschter und h\u00e4rter.<\/p>\n<p>.. aber die Bindungsverstellung war komplett eingefroren und die Bindung auf die Strolz gestellt &#8211; bisher hatte ich je nach Skischuhe auch die entsprechenden Ski verwendet und umgekehrt. Also dann bei den Carpani geblieben. <\/p>\n<p><a href='http:\/\/ski.inmontanis.info\/d\/311050-2\/DSC00410.jpg'><img src=http:\/\/ski.inmontanis.info\/d\/311049-3\/DSC00410.jpg \/><\/a><br \/>\n^ Die T\u00fcren der 6EUB-Kabinen, hier wie auch gestern in St. Jean, schlie\u00dfen nicht mehr immer vollst\u00e4ndig<\/p>\n<p><a href='http:\/\/ski.inmontanis.info\/d\/311054-2\/DSC00412.jpg'><img src=http:\/\/ski.inmontanis.info\/d\/311053-3\/DSC00412.jpg \/><\/a><br \/>\n^ Poma B2B-Back-2-Back-6EUB<\/p>\n<p><a href='http:\/\/ski.inmontanis.info\/d\/311058-2\/DSC00415.jpg'><img src=http:\/\/ski.inmontanis.info\/d\/311057-3\/DSC00415.jpg \/><\/a><br \/>\n^ 6EUB<\/p>\n<p><a href='http:\/\/ski.inmontanis.info\/d\/311062-2\/DSC00416.jpg'><img src=http:\/\/ski.inmontanis.info\/d\/311061-3\/DSC00416.jpg \/><\/a><br \/>\n^ 6EUB Bergstation<\/p>\n<p><a href='http:\/\/ski.inmontanis.info\/d\/311066-2\/DSC00417.jpg'><img src=http:\/\/ski.inmontanis.info\/d\/311065-3\/DSC00417.jpg \/><\/a><br \/>\n^ 6EUB Bergstation<\/p>\n<p><a href='http:\/\/ski.inmontanis.info\/d\/311070-2\/DSC00419.jpg'><img src=http:\/\/ski.inmontanis.info\/d\/311069-3\/DSC00419.jpg \/><\/a><br \/>\n^ KSSL Lac, hab aber keinen See gesehen<\/p>\n<p><a href='http:\/\/ski.inmontanis.info\/d\/311074-2\/DSC00421.jpg'><img src=http:\/\/ski.inmontanis.info\/d\/311073-3\/DSC00421.jpg \/><\/a><br \/>\n^ Zentrum\/ Bergstation 6EUB<\/p>\n<p><a href='http:\/\/ski.inmontanis.info\/d\/311078-2\/DSC00422.jpg'><img src=http:\/\/ski.inmontanis.info\/d\/311077-3\/DSC00422.jpg \/><\/a><br \/>\n^ Abfahrt KSSL Lac<\/p>\n<p><a href='http:\/\/ski.inmontanis.info\/d\/311082-2\/DSC00424.jpg'><img src=http:\/\/ski.inmontanis.info\/d\/311081-3\/DSC00424.jpg \/><\/a><br \/>\n^ KSSL Grand Fr\u00e9moux, im oberen Bereich mit der 2. Kurve<\/p>\n<p><a href='http:\/\/ski.inmontanis.info\/d\/311086-2\/DSC00425.jpg'><img src=http:\/\/ski.inmontanis.info\/d\/311085-3\/DSC00425.jpg \/><\/a><br \/>\n^ R\u00fcckseiten-SL Follys, der den oberen Teil einer der ehemaligen DSB-Abfahrten erschlie\u00dft; die DSB gibts ja leider nicht mehr. Nachmittags hier leider Nebel.<\/p>\n<p><a href='http:\/\/ski.inmontanis.info\/d\/311090-2\/DSC00427.jpg'><img src=http:\/\/ski.inmontanis.info\/d\/311089-3\/DSC00427.jpg \/><\/a><br \/>\n^ SL Follys, ein recht neuer SL von Montaz \/ GMM<\/p>\n<p><a href='http:\/\/ski.inmontanis.info\/d\/311094-2\/DSC00428.jpg'><img src=http:\/\/ski.inmontanis.info\/d\/311093-3\/DSC00428.jpg \/><\/a><br \/>\n^ Abfahrt Follys<\/p>\n<p><a href='http:\/\/ski.inmontanis.info\/d\/311098-2\/DSC00429.jpg'><img src=http:\/\/ski.inmontanis.info\/d\/311097-3\/DSC00429.jpg \/><\/a><br \/>\n^ Abfahrt Follys<\/p>\n<p><a href='http:\/\/ski.inmontanis.info\/d\/311102-2\/DSC00432.jpg'><img src=http:\/\/ski.inmontanis.info\/d\/311101-3\/DSC00432.jpg \/><\/a><br \/>\n^ Salle Hors Sac, leider wohl recht unbeheizt<\/p>\n<p><a href='http:\/\/ski.inmontanis.info\/d\/311106-2\/DSC00434.jpg'><img src=http:\/\/ski.inmontanis.info\/d\/311105-3\/DSC00434.jpg \/><\/a><br \/>\n^ KSSL Corne<\/p>\n<p><a href='http:\/\/ski.inmontanis.info\/d\/311110-2\/DSC00436.jpg'><img src=http:\/\/ski.inmontanis.info\/d\/311109-3\/DSC00436.jpg \/><\/a><br \/>\n^ KSSL Corne<\/p>\n<p><a href='http:\/\/ski.inmontanis.info\/d\/311114-2\/DSC00437.jpg'><img src=http:\/\/ski.inmontanis.info\/d\/311113-3\/DSC00437.jpg \/><\/a><br \/>\n^ KSSL Corne<\/p>\n<p><a href='http:\/\/ski.inmontanis.info\/d\/311118-2\/DSC00439.jpg'><img src=http:\/\/ski.inmontanis.info\/d\/311117-3\/DSC00439.jpg \/><\/a><br \/>\n^ 6EUB<\/p>\n<p><a href='http:\/\/ski.inmontanis.info\/d\/311122-2\/DSC00440.jpg'><img src=http:\/\/ski.inmontanis.info\/d\/311121-3\/DSC00440.jpg \/><\/a><br \/>\n^ KSSL Corne<\/p>\n<p><a href='http:\/\/ski.inmontanis.info\/d\/311126-2\/DSC00442.jpg'><img src=http:\/\/ski.inmontanis.info\/d\/311125-3\/DSC00442.jpg \/><\/a><br \/>\n^ Rechte Abfahrt am KSSL Corne<\/p>\n<p><a href='http:\/\/ski.inmontanis.info\/d\/311130-2\/DSC00444.jpg'><img src=http:\/\/ski.inmontanis.info\/d\/311129-3\/DSC00444.jpg \/><\/a><br \/>\n^ KSSL Corne<\/p>\n<p><a href='http:\/\/ski.inmontanis.info\/d\/311134-2\/DSC00445.jpg'><img src=http:\/\/ski.inmontanis.info\/d\/311133-3\/DSC00445.jpg \/><\/a><br \/>\n^ 6EUB Talstation<\/p>\n<p><a href='http:\/\/ski.inmontanis.info\/d\/311138-2\/DSC00447.jpg'><img src=http:\/\/ski.inmontanis.info\/d\/311137-3\/DSC00447.jpg \/><\/a><br \/>\n^ 6EUB<\/p>\n<p><a href='http:\/\/ski.inmontanis.info\/d\/311142-2\/DSC00449.jpg'><img src=http:\/\/ski.inmontanis.info\/d\/311141-3\/DSC00449.jpg \/><\/a><br \/>\n^ KSSL Corne, schwarze Abfahrt<\/p>\n<p><a href='http:\/\/ski.inmontanis.info\/d\/311146-2\/DSC00450.jpg'><img src=http:\/\/ski.inmontanis.info\/d\/311145-3\/DSC00450.jpg \/><\/a><br \/>\n^ KSSL Corne, schwarze Abfahrt<\/p>\n<p><a href='http:\/\/ski.inmontanis.info\/d\/311150-2\/ge20230128a.jpg'><img src=http:\/\/ski.inmontanis.info\/d\/311149-3\/ge20230128a.jpg \/><\/a><br \/>\n^ GPS-Track 28.1.2023 in T\u00fcrkis, vorherige Besuche in Orange. Ganz rechts die ehemalige DSB samt Abfahrten.<\/p>\n<p>Sp\u00e4ter noch in einen Supermarkt geschaut. Warme abgepackte Gerichte an der heissen Theke h\u00e4tten um die 8-10 \u20ac (!) gekostet. Da kann man ja gleich ins Restaurant gehen&#8230; Also dann ein Baguette mitgenommen und mal den abgepackten Savoyarde-Salat probiert. Es gab allerdings nicht nur wie bisher das schwedische weiche Polarbr\u00f6d belegt und gek\u00fchlt, sondern auch unbelegt abgepackt im Brotbereich, also ebenfalls mitgenommen.<\/p>\n<p>Auf orf.at steht heute:<br \/>\n&#8220;Diese Woche hat es im S\u00fcden so viel geschneit wie lange nicht. Auf der Koralpe ist zum Beispiel mehr als ein Meter Schnee gefallen. &#8221;<\/p>\n<p>.. na gut, dass ich nicht daheim bin ;)<\/p>\n<p>Morgen Thollon ist ja klar, aber was dann am Montag? Hirmentaz oder Bernex in der Gegend? Gefiel mir bei meinen damaligen Besuchen aber beides nicht besonders. Trotzdem nochmals anschauen, weil die Skip\u00e4sse g\u00fcnstiger sind als gr\u00f6\u00dfere Gebiete? Oder lieber neue Gebiete entdecken oder paar Tallifte fahren? Oder weder noch und weiter ziehen und dann ggf. in einem anderen Skigebiet, das mir besser gef\u00e4llt, mal 2 Tage bleiben? H\u00f6rt sich besser an.<\/p>\n","protected":false},"excerpt":{"rendered":"<p>Sa, 28.1.2023<\/p>\n<p>Wie schon St. Jean gestern, hat auch Abondance noch seine alte Poma back-to-back 6EUB. oben quasi 2 Haupt-KSSL und noch ein paar dazu, plus ja den neueren, kurzen R\u00fcckseiten-SL als Zubringer zur (etwas) Au\u00dfenrumabfahrt, wo fr\u00fcher mal eine (vgl zum SL) l\u00e4ngere DSB stand, die vermisst wird.<\/p>\n<p>Tageskarte kostet samstags au\u00dferhalb der Schulferien <a href=\"http:\/\/blog.inmontanis.info\/?p=8443\">[&#8230;]<\/a><\/p>\n","protected":false},"author":1,"featured_media":8445,"comment_status":"closed","ping_status":"closed","sticky":false,"template":"","format":"standard","meta":{"footnotes":""},"categories":[220,16,59,27],"tags":[39,48],"class_list":["post-8443","post","type-post","status-publish","format-standard","has-post-thumbnail","hentry","category-abondance","category-france","category-nostalgie","category-skifahren-winterskiing-winter","tag-6eub","tag-kssl","odd"],"_links":{"self":[{"href":"http:\/\/blog.inmontanis.info\/index.php?rest_route=\/wp\/v2\/posts\/8443","targetHints":{"allow":["GET"]}}],"collection":[{"href":"http:\/\/blog.inmontanis.info\/index.php?rest_route=\/wp\/v2\/posts"}],"about":[{"href":"http:\/\/blog.inmontanis.info\/index.php?rest_route=\/wp\/v2\/types\/post"}],"author":[{"embeddable":true,"href":"http:\/\/blog.inmontanis.info\/index.php?rest_route=\/wp\/v2\/users\/1"}],"replies":[{"embeddable":true,"href":"http:\/\/blog.inmontanis.info\/index.php?rest_route=%2Fwp%2Fv2%2Fcomments&post=8443"}],"version-history":[{"count":2,"href":"http:\/\/blog.inmontanis.info\/index.php?rest_route=\/wp\/v2\/posts\/8443\/revisions"}],"predecessor-version":[{"id":8446,"href":"http:\/\/blog.inmontanis.info\/index.php?rest_route=\/wp\/v2\/posts\/8443\/revisions\/8446"}],"wp:featuredmedia":[{"embeddable":true,"href":"http:\/\/blog.inmontanis.info\/index.php?rest_route=\/wp\/v2\/media\/8445"}],"wp:attachment":[{"href":"http:\/\/blog.inmontanis.info\/index.php?rest_route=%2Fwp%2Fv2%2Fmedia&parent=8443"}],"wp:term":[{"taxonomy":"category","embeddable":true,"href":"http:\/\/blog.inmontanis.info\/index.php?rest_route=%2Fwp%2Fv2%2Fcategories&post=8443"},{"taxonomy":"post_tag","embeddable":true,"href":"http:\/\/blog.inmontanis.info\/index.php?rest_route=%2Fwp%2Fv2%2Ftags&post=8443"}],"curies":[{"name":"wp","href":"https:\/\/api.w.org\/{rel}","templated":true}]}}