{"id":8439,"date":"2023-01-27T20:32:05","date_gmt":"2023-01-27T19:32:05","guid":{"rendered":"http:\/\/blog.inmontanis.info\/?p=8439"},"modified":"2023-01-30T20:43:10","modified_gmt":"2023-01-30T19:43:10","slug":"roc-denfer-st-jean-daulps-27-1-2023","status":"publish","type":"post","link":"http:\/\/blog.inmontanis.info\/?p=8439","title":{"rendered":"Roc d&#8217;Enfer &#8211; St. Jean d&#8217;Aulps, 27.1.2023"},"content":{"rendered":"<p><strong>Fr, 27.1.2023<\/strong><\/p>\n<p>Ich fuhr morgens nach Frankreich, kurzer Zwischenstopp nach der Grenze an einem Parkplatz mit \u00f6ffentlicher Toilette (gratis). Gut, dass ich hier nicht arbeiten wollte, denn: 3G-Empfang am einen, Edge am anderen Handy. Da war nix mit Internet.<\/p>\n<p>Im Sommer\/Herbst, bei meiner R\u00fcckkehr aus dem UK, waren die Benzinpreise in DE\/AT ja teurer als zuletzt, aber dennoch war es in Frankreich g\u00fcnstiger, unter 1,50 gab&#8217;s damals einige Tankstellen. Fr\u00fcher in FR ja relativ \u00e4hnlich zu \u00d6sterreich\/Deutschland, jedenfalls g\u00fcnstiger als Italien.<\/p>\n<p>Heute die erste war entschieden teurer, \u00fcber 2,- \u20ac auch f\u00fcr Benzin, also teurer als in Italien. Superm\u00e4rkte sind ja normalerweise g\u00fcnstiger, aber auch dort waren es dann 1,899, also teurer als in der Schweiz, da kostets um die 1,85 CHF hier in der Gegend, gestern eine um 1,76 gesehen, war aber sehr voll. Puh, damit h\u00e4tt ich ja nicht gerechnet. Diesel \u00fcbrigens g\u00fcnstiger. Richtet sich der Benzinpreis in Frankreich nach dem Dieselpreis oder wie?!<\/p>\n<p>Und das alles nur wegen diesen Arschloch-EU-Politikern, weil sie kein \u00d6l mehr aus (sondern lieber Krieg mit) Russland wollen PLUS dieser Klimawandel-CO2-Spinnerei da.<\/p>\n<p>Da der Decathlon am Weg war, hab ich mal kurz wegen den Schienbeinschonern reingeschaut, hatten aber keine da.<\/p>\n<p>Mein letzter Besuch im Skigebiet Roc d&#8217;Enfer ist auf den Tag genau 6 Jahre her. Damals hatte ich mir die g\u00fcnstige 2h-Happy-Hour-Karte gekauft und gemeint, das reiche auch in Zukunft. Naja, mittlerweile hat sich ja mein Lebens- und Skigebietsstil etwas ver\u00e4ndert. Alternativ g\u00e4b&#8217;s noch eine 5h-Karte, die statt 32,- (Tageskarte) dann glaub 29,- kostet, also nicht so wirklich viel g\u00fcnsitger, andererseits, wenn man eh erst um 10h da ist und die EUB nur bis 16:05 Uhr f\u00e4hrt. Ok, oben waren die Lifte dann l\u00e4nger in Betrieb. <\/p>\n<p>Die gestrige Nebeldecke gab es auch hier noch und teilte das Skigebiet, wobei der sonnige Bereich oben gering war und leider nachmittags gar nicht mehr vorhanden war &#8211; der Nebel zog \u00fcberraschenderweise weiter rauf :(<\/p>\n<p><a href='http:\/\/ski.inmontanis.info\/d\/310966-2\/DSC00367.jpg'><img src=http:\/\/ski.inmontanis.info\/d\/310965-3\/DSC00367.jpg \/><\/a><br \/>\n^ Talstation 6EUB<\/p>\n<p><a href='http:\/\/ski.inmontanis.info\/d\/310970-2\/DSC00368.jpg'><img src=http:\/\/ski.inmontanis.info\/d\/310969-3\/DSC00368.jpg \/><\/a><br \/>\n^ Pistenplan, die blaue Talabfahrt 32 an der 6EUB ist als Neu eingetragen &#8211; war aber heute geschlossen. Highlight des Gebiets sind ja die beiden Hintenrum-Verbindungsabfahrten, mit denen man im Kreis fahren kann<\/p>\n<p><a href='http:\/\/ski.inmontanis.info\/d\/310974-2\/DSC00373.jpg'><img src=http:\/\/ski.inmontanis.info\/d\/310973-3\/DSC00373.jpg \/><\/a><br \/>\n^ 4SB-Sessel werden morgens nicht vom Schnee befreit<\/p>\n<p><a href='http:\/\/ski.inmontanis.info\/d\/310978-2\/DSC00376.jpg'><img src=http:\/\/ski.inmontanis.info\/d\/310977-3\/DSC00376.jpg \/><\/a><br \/>\n^ 4SB Tetes und Hochnebel<\/p>\n<p><a href='http:\/\/ski.inmontanis.info\/d\/310982-2\/DSC00377.jpg'><img src=http:\/\/ski.inmontanis.info\/d\/310981-3\/DSC00377.jpg \/><\/a><br \/>\n^ 3SB Chargeau<\/p>\n<p><a href='http:\/\/ski.inmontanis.info\/d\/310986-2\/DSC00380.jpg'><img src=http:\/\/ski.inmontanis.info\/d\/310985-3\/DSC00380.jpg \/><\/a><br \/>\n^ 3SB Graydon, von deren Bergstation die Hintenrumabfahrt\/Verbindungsabfahrt abzweigt. Die 3SB war mir morgens im Schatten auch zu kalt f\u00fcr eine zweite Fahrt, nachmittags leider alles im Nebel hier<\/p>\n<p><a href='http:\/\/ski.inmontanis.info\/d\/310990-2\/DSC00383.jpg'><img src=http:\/\/ski.inmontanis.info\/d\/310989-3\/DSC00383.jpg \/><\/a><br \/>\n^ Nebelmeer<\/p>\n<p><a href='http:\/\/ski.inmontanis.info\/d\/310994-2\/DSC00385.jpg'><img src=http:\/\/ski.inmontanis.info\/d\/310993-3\/DSC00385.jpg \/><\/a><br \/>\n^ <\/p>\n<p><a href='http:\/\/ski.inmontanis.info\/d\/310998-2\/DSC00387.jpg'><img src=http:\/\/ski.inmontanis.info\/d\/310997-3\/DSC00387.jpg \/><\/a><br \/>\n^ Verbindungsabfahrt 20<\/p>\n<p><a href='http:\/\/ski.inmontanis.info\/d\/311002-2\/DSC00388.jpg'><img src=http:\/\/ski.inmontanis.info\/d\/311001-3\/DSC00388.jpg \/><\/a><br \/>\n^ Salle Hors Sac \/ Selbstversorgerraum, sogar mit Mikrowelle, wie in Schweden ;) Und auch sch\u00f6n warm wars hier.<\/p>\n<p>In franz\u00f6sischen Skigebieten sieht man diese Selbstversorgerr\u00e4ume ja h\u00e4ufiger als in \u00d6sterreich. Bei meiner zweiten Runde um 14:45 bin ich nochmals komplett verfroren trotz Skischuhheizung und heizbarer Handschuhe in den Selbstversorgerraum gegangen. Ok, beides nicht auf voller Stufe offen gehabt, da es ja l\u00e4nger halten soll. <\/p>\n<p>Leider dann etwas zu lang pausiert, da ich nicht mal mehr die Abfahrten am KSSL oberhalb der 4SB gefahren bin, da bei einem Defekt-Halt ich sonst die 6EUB evtl. nicht mehr geschaft h\u00e4tte und ich ja auf der StJean-Seite nochmals rauf wollte, weil dort die Lifte l\u00e4nger laufen als die 6EUB bzw. die Verbindungslifte. Auch die letzte Talfahrt mit der EUB ist um 17h,  warum auch immer dann die letzte Bergfahrt schon um 16:05 ist&#8230;<\/p>\n<p>Der Schnee war heute jedenfalls besser als gestern im Wallis, auch auf den unpr\u00e4parierten (noch geschlossenen) Abfahrten.<\/p>\n<p>Bei meinem morgendlichen Besuch hab ich aber erst noch den KSSL unterhalb der 4SB besucht.<\/p>\n<p><a href='http:\/\/ski.inmontanis.info\/d\/311006-2\/DSC00390.jpg'><img src=http:\/\/ski.inmontanis.info\/d\/311005-3\/DSC00390.jpg \/><\/a><br \/>\n^ KSSL Cabri<\/p>\n<p><a href='http:\/\/ski.inmontanis.info\/d\/311010-2\/DSC00392.jpg'><img src=http:\/\/ski.inmontanis.info\/d\/311009-3\/DSC00392.jpg \/><\/a><br \/>\n^ SSL Ecole \/ KSSL Cabri<\/p>\n<p><a href='http:\/\/ski.inmontanis.info\/d\/311014-2\/DSC00393.jpg'><img src=http:\/\/ski.inmontanis.info\/d\/311013-3\/DSC00393.jpg \/><\/a><br \/>\n^ 4SB Torchon, fuhr arg lahm<\/p>\n<p><a href='http:\/\/ski.inmontanis.info\/d\/311018-2\/DSC00395.jpg'><img src=http:\/\/ski.inmontanis.info\/d\/311017-3\/DSC00395.jpg \/><\/a><br \/>\n^ Schlittenhunde<\/p>\n<p><a href='http:\/\/ski.inmontanis.info\/d\/311022-2\/DSC00396.jpg'><img src=http:\/\/ski.inmontanis.info\/d\/311021-3\/DSC00396.jpg \/><\/a><br \/>\n^ 4SB Torchon, auch hier wurde morgens der Schnee nicht von den Sitzen gekehrt<\/p>\n<p><a href='http:\/\/ski.inmontanis.info\/d\/311026-2\/DSC00398.jpg'><img src=http:\/\/ski.inmontanis.info\/d\/311025-3\/DSC00398.jpg \/><\/a><br \/>\n^ Verbindungsabfahrt 22<\/p>\n<p><a href='http:\/\/ski.inmontanis.info\/d\/311030-2\/DSC00399.jpg'><img src=http:\/\/ski.inmontanis.info\/d\/311029-3\/DSC00399.jpg \/><\/a><br \/>\n^ Links die neue 32<\/p>\n<p><a href='http:\/\/ski.inmontanis.info\/d\/311034-2\/DSC00400.jpg'><img src=http:\/\/ski.inmontanis.info\/d\/311033-3\/DSC00400.jpg \/><\/a><br \/>\n^ 6EUB Talstation und Parkpl\u00e4tze, ich hatte ja wie \u00fcblich Gl\u00fcck gehabt und einen der raren Parkpl\u00e4tze nahe der Talstation ergattert.<\/p>\n<p><a href='http:\/\/ski.inmontanis.info\/d\/311038-2\/DSC00403.jpg'><img src=http:\/\/ski.inmontanis.info\/d\/311037-3\/DSC00403.jpg \/><\/a><br \/>\n^ SL Lanches, ganz vergessen, dass hier ein Top-Lift aus Schweden steht :) Von diesem Hersteller hatte ich die letzten beiden Jahre ja einige gesehen in Schweden.<\/p>\n<p><a href='http:\/\/ski.inmontanis.info\/d\/311042-2\/DSC00405.jpg'><img src=http:\/\/ski.inmontanis.info\/d\/311041-3\/DSC00405.jpg \/><\/a><br \/>\n^ 4SB Torchon mit Beschneiungsh\u00fcgeln \u00fcber die ganze (ge\u00f6ffnete) Piste. Das ist echt \u00e4tzend momentan in einigen Gebieten.<\/p>\n<p><a href='http:\/\/ski.inmontanis.info\/d\/311046-2\/ge20230127a.jpg'><img src=http:\/\/ski.inmontanis.info\/d\/311045-3\/ge20230127a.jpg \/><\/a><br \/>\n^ GPS-Track 27.1.2023 in T\u00fcrkis, vorherige Besuche in Orange<\/p>\n<p>Hier in St. Jean g\u00e4b es wohl einen winteroffenen Campingplatz, soll aber evtl. 24+ \u20ac kosten mit Strom. Wobei ich heute ja recht voll bin, aber evtl. morgen eine \u00dcberlegung wert w\u00e4re, aber dann ist es mir wohl zuviel Umweg.<\/p>\n<p>Kalt wirds an beiden N\u00e4chten, je nach Wetterbericht -5 oder -8\u00b0. Also bin ich nach Abondance gefahren, wo es einen kostenlosen Stellplatz geben soll. Der ist an einem abends ge\u00f6ffneten Eislaufplatz und da Eislaufpl\u00e4tze, warum auch immer, laut Musik spielen m\u00fcssen, ist es abends nicht ruhig. Na wenigstens kein Techno o.dgl. Mit Child in Time (Deep Purple) und Echoes (Pink Floyd) u.\u00e4. aber eine eher ungew\u00f6hnliche Auswahl f\u00fcr 2023 ;-)<\/p>\n<p>Duch die kalte Nacht hab ich abends und am n\u00e4chsten morgen (-6\u00b0 drau\u00dfen, was wie \u00fcblich nach ein bisschen Fahrt -8\u00b0 wurde, -0.4\u00b0 innen) etwas mehr Strom wegen der Standheizung gebraucht, zudem musste ich abends noch die Akkus f\u00fcr Skischuhheizung und Handschuhheizung aufladen, beides nur via 230V m\u00f6glich. Besser sollte die Situation mit (g\u00fcnstigeren) winteroffenen, stromf\u00e4higen Stellpl\u00e4tzen und Campingpl\u00e4tzen um Cluses\/Sallanches sein. Morgen Abend werd ich ein St\u00fcck in Richtung Thollon fahren, damit das Auto w\u00e4rmer wird und ich etwas weiter unten stehen, wo es weniger kalt ist. <\/p>\n","protected":false},"excerpt":{"rendered":"<p>Fr, 27.1.2023<\/p>\n<p>Ich fuhr morgens nach Frankreich, kurzer Zwischenstopp nach der Grenze an einem Parkplatz mit \u00f6ffentlicher Toilette (gratis). Gut, dass ich hier nicht arbeiten wollte, denn: 3G-Empfang am einen, Edge am anderen Handy. Da war nix mit Internet.<\/p>\n<p>Im Sommer\/Herbst, bei meiner R\u00fcckkehr aus dem UK, waren die Benzinpreise in DE\/AT ja teurer als <a href=\"http:\/\/blog.inmontanis.info\/?p=8439\">[&#8230;]<\/a><\/p>\n","protected":false},"author":1,"featured_media":8441,"comment_status":"closed","ping_status":"closed","sticky":false,"template":"","format":"standard","meta":{"footnotes":""},"categories":[16,219,28],"tags":[49,39,48,77,47],"class_list":["post-8439","post","type-post","status-publish","format-standard","has-post-thumbnail","hentry","category-france","category-roc-denfer","category-skifahren-sommer","tag-4sb","tag-6eub","tag-kssl","tag-nebelmeer","tag-sl","odd"],"_links":{"self":[{"href":"http:\/\/blog.inmontanis.info\/index.php?rest_route=\/wp\/v2\/posts\/8439","targetHints":{"allow":["GET"]}}],"collection":[{"href":"http:\/\/blog.inmontanis.info\/index.php?rest_route=\/wp\/v2\/posts"}],"about":[{"href":"http:\/\/blog.inmontanis.info\/index.php?rest_route=\/wp\/v2\/types\/post"}],"author":[{"embeddable":true,"href":"http:\/\/blog.inmontanis.info\/index.php?rest_route=\/wp\/v2\/users\/1"}],"replies":[{"embeddable":true,"href":"http:\/\/blog.inmontanis.info\/index.php?rest_route=%2Fwp%2Fv2%2Fcomments&post=8439"}],"version-history":[{"count":2,"href":"http:\/\/blog.inmontanis.info\/index.php?rest_route=\/wp\/v2\/posts\/8439\/revisions"}],"predecessor-version":[{"id":8442,"href":"http:\/\/blog.inmontanis.info\/index.php?rest_route=\/wp\/v2\/posts\/8439\/revisions\/8442"}],"wp:featuredmedia":[{"embeddable":true,"href":"http:\/\/blog.inmontanis.info\/index.php?rest_route=\/wp\/v2\/media\/8441"}],"wp:attachment":[{"href":"http:\/\/blog.inmontanis.info\/index.php?rest_route=%2Fwp%2Fv2%2Fmedia&parent=8439"}],"wp:term":[{"taxonomy":"category","embeddable":true,"href":"http:\/\/blog.inmontanis.info\/index.php?rest_route=%2Fwp%2Fv2%2Fcategories&post=8439"},{"taxonomy":"post_tag","embeddable":true,"href":"http:\/\/blog.inmontanis.info\/index.php?rest_route=%2Fwp%2Fv2%2Ftags&post=8439"}],"curies":[{"name":"wp","href":"https:\/\/api.w.org\/{rel}","templated":true}]}}