{"id":8434,"date":"2023-01-26T20:37:54","date_gmt":"2023-01-26T19:37:54","guid":{"rendered":"http:\/\/blog.inmontanis.info\/?p=8434"},"modified":"2023-08-05T15:42:43","modified_gmt":"2023-08-05T13:42:43","slug":"la-fouly-liddes-vicheres-champex-26-1-2023","status":"publish","type":"post","link":"http:\/\/blog.inmontanis.info\/?p=8434","title":{"rendered":"La Fouly, Liddes-Vich\u00e8res, Champex, 26.1.2023"},"content":{"rendered":"<p><strong>Do, 26.1.2023<\/strong><\/p>\n<p>Igendwie kam mir der 2. Teil der Fahrt durch&#8217;s Wallis heute recht unbekannt vor. Auch ein bekanntes St\u00fcck fehlte. Evtl ist dort jetzt ein neu er\u00f6ffnetes Autobahnst\u00fcck?! Die Vignette h\u00e4tte ich mir f\u00fcr die eine Fahrt nat\u00fcrlich eh nicht gekauft, aber mit den Spikes h\u00e4tte ich auch gar nicht auf den schweizer Autobahnen fahren d\u00fcrfen.<\/p>\n<p>Tageskarte hatte ich mir ja bereits vorgestern gekauft, waren heute verg\u00fcnstigte 20,- CHF\/EUR f\u00fcr die 3 noch \u00fcbrigen Skigebiete der Pays du Saint Bernard. Bruson ist ja irgendwann zu Verbier \u00fcbergelaufen und Super St. Bernard wurde ja leider, leider stillgelegt. Wobei ich jetzt nicht wei\u00df, ob die Tageskarten in diesen Skigebieten damals auch gegolten hatte. Aktuell gelten sie jedenfalls automatisch in den 3 heute befahrenen Gebieten, die im Titel genannt wurden.<\/p>\n<p>In Champex und Liddes war ich ja vor vielen Jahren schon einmal, allerdings beide nur bei schlechtem Wetter besucht, wo kaum was offen war.<\/p>\n<p>In La Fouly angekommen, gab es eiskalte -11\u00b0, ein zudem schattiges Skigebiet und trotz genug Schnee liefen die Schneekanonen :( Sogar am Parkplatz bekam man die Beschneiung ab und bevor ich da sp\u00e4ter Eiskratzen muss, hab ich mich ein St\u00fcck weiter weg gestellt.<\/p>\n<p>Ich entschied recht bald, heute doch alle 3 Skigebiete anzufahren und nicht morgen noch einen weiteren Tag hier zu bleiben. In La Fouly gefiel es mir mal gar nicht. Die unpr\u00e4parierten schwarzen Abfahrten waren eisig abgerutscht und die Skirouten sahen ebenso aus, daher gar nicht gefahren und nach 1h bereits wieder aufgeh\u00f6rt. Die unteren St\u00fccke mit Beschneiung waren nat\u00fcrlich noch schlechter.<\/p>\n<p>Hei\u00dft das, das die Diable-Talabfahrtsroute in Rochers-de-Naye genauso m\u00fcllig ist? Soll ich das gleich lassen? Wenn ich dort am Samstag aber nicht fahren m\u00f6chte, muss ich morgen auch nicht in der teureren Schweiz bleiben?!<\/p>\n<p><a href='http:\/\/ski.inmontanis.info\/d\/310906-2\/DSC00288.jpg'><img src=http:\/\/ski.inmontanis.info\/d\/310904-3\/DSC00288.jpg \/><\/a><br \/>\n^ Blick auf DSB und Abfahrt<\/p>\n<p><a href='http:\/\/ski.inmontanis.info\/d\/310910-2\/DSC00289.jpg'><img src=http:\/\/ski.inmontanis.info\/d\/310909-3\/DSC00289.jpg \/><\/a><br \/>\n^ Pistenplan<\/p>\n<p><a href='http:\/\/ski.inmontanis.info\/d\/310914-2\/DSC00290.jpg'><img src=http:\/\/ski.inmontanis.info\/d\/310913-3\/DSC00290.jpg \/><\/a><br \/>\n^ Die Anf\u00e4nger mussten heute zus\u00e4tzlich mit der aktiven Beschneiung k\u00e4mpfen, unversch\u00e4mt!<\/p>\n<p><a href='http:\/\/ski.inmontanis.info\/d\/310918-2\/DSC00291.jpg'><img src=http:\/\/ski.inmontanis.info\/d\/310917-3\/DSC00291.jpg \/><\/a><br \/>\n^ Auch an der DSB wurde der sch\u00f6ne Naturschnee mit Kunstschnee zerst\u00f6rt<\/p>\n<p><a href='http:\/\/ski.inmontanis.info\/d\/310922-2\/DSC00293.jpg'><img src=http:\/\/ski.inmontanis.info\/d\/310921-3\/DSC00293.jpg \/><\/a><br \/>\n^ .. wobei auch der Schnee auf dieser Skiroute nicht besonders toll ausschaut<\/p>\n<p><a href='http:\/\/ski.inmontanis.info\/d\/310926-2\/DSC00296.jpg'><img src=http:\/\/ski.inmontanis.info\/d\/310925-3\/DSC00296.jpg \/><\/a><br \/>\n^ Talpano<\/p>\n<p><a href='http:\/\/ski.inmontanis.info\/d\/310930-2\/DSC00298.jpg'><img src=http:\/\/ski.inmontanis.info\/d\/310929-3\/DSC00298.jpg \/><\/a><br \/>\n^ Oberhalb der DSB geht ein SL hinauf. Wurde wohl auch mal ersetzt<\/p>\n<p><a href='http:\/\/ski.inmontanis.info\/d\/310934-2\/DSC00300.jpg'><img src=http:\/\/ski.inmontanis.info\/d\/310933-3\/DSC00300.jpg \/><\/a><br \/>\n^ SL Bergstation<\/p>\n<p><a href='http:\/\/ski.inmontanis.info\/d\/310938-2\/DSC00302.jpg'><img src=http:\/\/ski.inmontanis.info\/d\/310937-3\/DSC00302.jpg \/><\/a><br \/>\n^ SL<\/p>\n<p><a href='http:\/\/ski.inmontanis.info\/d\/310942-2\/DSC00306.jpg'><img src=http:\/\/ski.inmontanis.info\/d\/310941-3\/DSC00306.jpg \/><\/a><br \/>\n^ Steile Skiroute, Schnee sah nicht gut aus und keine Ahnung, wie eng, steil und eisig das weiter unten wird &#8211; lieber nicht gefahren<\/p>\n<p><a href='http:\/\/ski.inmontanis.info\/d\/310946-2\/DSC00307.jpg'><img src=http:\/\/ski.inmontanis.info\/d\/310945-3\/DSC00307.jpg \/><\/a><br \/>\n^ die schwarze Talabfahrt war aber auch eisig hart<\/p>\n<p><a href='http:\/\/ski.inmontanis.info\/d\/310950-2\/DSC00308.jpg'><img src=http:\/\/ski.inmontanis.info\/d\/310949-3\/DSC00308.jpg \/><\/a><br \/>\n^ die andere schwarze Abfahrt im oberen Bereich wurde gar nicht pr\u00e4pariert, war mit den Buckeln daher etwas griffiger &#8211; teilweise<\/p>\n<p><a href='http:\/\/ski.inmontanis.info\/d\/310954-2\/DSC00309.jpg'><img src=http:\/\/ski.inmontanis.info\/d\/310953-3\/DSC00309.jpg \/><\/a><br \/>\n^ .. von unten<\/p>\n<p><a href='http:\/\/ski.inmontanis.info\/d\/310958-2\/DSC00310.jpg'><img src=http:\/\/ski.inmontanis.info\/d\/310957-3\/DSC00310.jpg \/><\/a><br \/>\n^ Weiter runter bis zur Beschneiung gut, danach wieder eisig<\/p>\n<p><a href='http:\/\/ski.inmontanis.info\/d\/310962-2\/ge20230126c.jpg'><img src=http:\/\/ski.inmontanis.info\/d\/310961-3\/ge20230126c.jpg \/><\/a><br \/>\n^ GPS-Track 26.3.2023<\/p>\n<p>Auch in Liddes waren nicht alle Abfahrten pr\u00e4pariert und die unpr\u00e4perierten hart abgefahren. Kapier ich nicht, der Schneefall ist doch noch gar nicht so lang her und seitdem kam doch keine Warmfront, oder?!<\/p>\n<p><a href='http:\/\/ski.inmontanis.info\/d\/310848-2\/DSC00311.jpg'><img src=http:\/\/ski.inmontanis.info\/d\/310847-3\/DSC00311.jpg \/><\/a><br \/>\n^ Talstation und Strecke DSB<\/p>\n<p><a href='http:\/\/ski.inmontanis.info\/d\/310852-2\/DSC00315.jpg'><img src=http:\/\/ski.inmontanis.info\/d\/310851-3\/DSC00315.jpg \/><\/a><br \/>\n^ DSB oberer Teil<\/p>\n<p><a href='http:\/\/ski.inmontanis.info\/d\/310856-2\/DSC00316.jpg'><img src=http:\/\/ski.inmontanis.info\/d\/310855-3\/DSC00316.jpg \/><\/a><br \/>\n^ DSB-Pano<\/p>\n<p><a href='http:\/\/ski.inmontanis.info\/d\/310860-2\/DSC00317.jpg'><img src=http:\/\/ski.inmontanis.info\/d\/310859-3\/DSC00317.jpg \/><\/a><br \/>\n^ DSB<\/p>\n<p><a href='http:\/\/ski.inmontanis.info\/d\/310864-2\/DSC00319.jpg'><img src=http:\/\/ski.inmontanis.info\/d\/310863-3\/DSC00319.jpg \/><\/a><br \/>\n^ Der Teller-SL, der etwas \u00fcberfl\u00fcssig ist<\/p>\n<p><a href='http:\/\/ski.inmontanis.info\/d\/310868-2\/DSC00320.jpg'><img src=http:\/\/ski.inmontanis.info\/d\/310867-3\/DSC00320.jpg \/><\/a><br \/>\n^ Blick zum hinteren SL<\/p>\n<p><a href='http:\/\/ski.inmontanis.info\/d\/310872-2\/DSC00321.jpg'><img src=http:\/\/ski.inmontanis.info\/d\/310871-3\/DSC00321.jpg \/><\/a><br \/>\n^ Am hinteren SL gibts ein paar Abfahrten, die meisten waren nicht frisch pr\u00e4pariert<\/p>\n<p><a href='http:\/\/ski.inmontanis.info\/d\/310876-2\/DSC00324.jpg'><img src=http:\/\/ski.inmontanis.info\/d\/310875-3\/DSC00324.jpg \/><\/a><br \/>\n^ Bergstation SL. Achja, weniger als 1 Woche hatte es gedauert, bis irgendein Staub im Objektiv war. Und das ohne Sandstrand.<\/p>\n<p><a href='http:\/\/ski.inmontanis.info\/d\/310880-2\/DSC00325.jpg'><img src=http:\/\/ski.inmontanis.info\/d\/310879-3\/DSC00325.jpg \/><\/a><br \/>\n^ Pano SL Bergstation<\/p>\n<p><a href='http:\/\/ski.inmontanis.info\/d\/310884-2\/DSC00327.jpg'><img src=http:\/\/ski.inmontanis.info\/d\/310883-3\/DSC00327.jpg \/><\/a><br \/>\n^ Abfahrt und Nebelmeer. Links hinten w\u00e4r dann der Genfer See<\/p>\n<p><a href='http:\/\/ski.inmontanis.info\/d\/310888-2\/DSC00328.jpg'><img src=http:\/\/ski.inmontanis.info\/d\/310887-3\/DSC00328.jpg \/><\/a><br \/>\n^ Hinterste Abfahrt<\/p>\n<p><a href='http:\/\/ski.inmontanis.info\/d\/310892-2\/DSC00329.jpg'><img src=http:\/\/ski.inmontanis.info\/d\/310891-3\/DSC00329.jpg \/><\/a><br \/>\n^ Am Tellerlift<\/p>\n<p><a href='http:\/\/ski.inmontanis.info\/d\/310900-2\/ge20230126b.jpg'><img src=http:\/\/ski.inmontanis.info\/d\/310899-3\/ge20230126b.jpg \/><\/a><br \/>\n^ GPS-Track 26.3.2023, Orange 2008<\/p>\n<p>Wie erwartet, gefiel mir auch Champex nicht. Ich hasse es, an wolkenlosen Tagen in solch schattigen Gebieten zu sein. Immerhin war die schwarze direkte Abfahrt durch die Buckel weniger abgerutscht, au\u00dfer im unteren Teil dann. Zudem wurde wohl vor nicht so langer Zeit die DSB mit einer von Poma ersetzt?! Und laut meinen alten Bildern ging auch der KSSL anders. Bin auch hier weder alles gefahren noch bis zum Schluss geblieben, eisig kalt und schattig. W\u00e4r ich lieber noch einen dritten Tag in Vigezzo geblieben. Schnee war hier heute auch nicht besser, nur mehr.<\/p>\n<p><a href='http:\/\/ski.inmontanis.info\/d\/310764-2\/DSC00330.jpg'><img src=http:\/\/ski.inmontanis.info\/d\/310763-3\/DSC00330.jpg \/><\/a><br \/>\n^ See und links der steile Berg, auf dem die DSB f\u00fchrt<\/p>\n<p><a href='http:\/\/ski.inmontanis.info\/d\/310768-2\/DSC00333.jpg'><img src=http:\/\/ski.inmontanis.info\/d\/310767-3\/DSC00333.jpg \/><\/a><br \/>\n^ Pistenplan<\/p>\n<p><a href='http:\/\/ski.inmontanis.info\/d\/310772-2\/DSC00334.jpg'><img src=http:\/\/ski.inmontanis.info\/d\/310771-3\/DSC00334.jpg \/><\/a><br \/>\n^ KSSL erschlie\u00dft keine eigene Abfahrt, bin ich daher heute gar nicht gefahren<\/p>\n<p><a href='http:\/\/ski.inmontanis.info\/d\/310776-2\/DSC00335.jpg'><img src=http:\/\/ski.inmontanis.info\/d\/310775-3\/DSC00335.jpg \/><\/a><br \/>\n^ Die steile DSB<\/p>\n<p><a href='http:\/\/ski.inmontanis.info\/d\/310780-2\/DSC00339.jpg'><img src=http:\/\/ski.inmontanis.info\/d\/310779-3\/DSC00339.jpg \/><\/a><br \/>\n^ DSB und Tal<\/p>\n<p><a href='http:\/\/ski.inmontanis.info\/d\/310784-2\/DSC00342.jpg'><img src=http:\/\/ski.inmontanis.info\/d\/310783-3\/DSC00342.jpg \/><\/a><br \/>\n^ Nebelmeer \u00fcber dem Genfersee<\/p>\n<p><a href='http:\/\/ski.inmontanis.info\/d\/310788-2\/DSC00344.jpg'><img src=http:\/\/ski.inmontanis.info\/d\/310787-3\/DSC00344.jpg \/><\/a><br \/>\n^ DSB oberer Teil<\/p>\n<p><a href='http:\/\/ski.inmontanis.info\/d\/310792-2\/DSC00345.jpg'><img src=http:\/\/ski.inmontanis.info\/d\/310791-3\/DSC00345.jpg \/><\/a><br \/>\n^ Poma baut neuerdings gebogene St\u00fctzen.  Schaut ja bescheuert aus<\/p>\n<p><a href='http:\/\/ski.inmontanis.info\/d\/310796-2\/DSC00346.jpg'><img src=http:\/\/ski.inmontanis.info\/d\/310795-3\/DSC00346.jpg \/><\/a><br \/>\n^ Poma baut neuerdings gebogene St\u00fctzen.  Schaut ja bescheuert aus<\/p>\n<p><a href='http:\/\/ski.inmontanis.info\/d\/310800-2\/DSC00347.jpg'><img src=http:\/\/ski.inmontanis.info\/d\/310799-3\/DSC00347.jpg \/><\/a><br \/>\n^ Talpano mit der zweiten DSB<\/p>\n<p><a href='http:\/\/ski.inmontanis.info\/d\/310804-2\/DSC00351.jpg'><img src=http:\/\/ski.inmontanis.info\/d\/310803-3\/DSC00351.jpg \/><\/a><br \/>\n^ Direkte schwarze Talabfahrt, die am KSSL landet<\/p>\n<p><a href='http:\/\/ski.inmontanis.info\/d\/310808-2\/DSC00352.jpg'><img src=http:\/\/ski.inmontanis.info\/d\/310807-3\/DSC00352.jpg \/><\/a><br \/>\n^ Sch\u00fcssel, die von der kurzen DSB oben bedient wird<\/p>\n<p><a href='http:\/\/ski.inmontanis.info\/d\/310812-2\/DSC00353.jpg'><img src=http:\/\/ski.inmontanis.info\/d\/310811-3\/DSC00353.jpg \/><\/a><br \/>\n^ die zweite DSB<\/p>\n<p><a href='http:\/\/ski.inmontanis.info\/d\/310816-2\/DSC00356.jpg'><img src=http:\/\/ski.inmontanis.info\/d\/310815-3\/DSC00356.jpg \/><\/a><br \/>\n^ Beide DSB<\/p>\n<p><a href='http:\/\/ski.inmontanis.info\/d\/310820-2\/DSC00357.jpg'><img src=http:\/\/ski.inmontanis.info\/d\/310819-3\/DSC00357.jpg \/><\/a><br \/>\n^ Abfahrten<\/p>\n<p><a href='http:\/\/ski.inmontanis.info\/d\/310824-2\/DSC00358.jpg'><img src=http:\/\/ski.inmontanis.info\/d\/310823-3\/DSC00358.jpg \/><\/a><br \/>\n^ M\u00fcsste wohl Verbier sein, da hat&#8217;s mehr Sonne. Sch\u00f6n ist das aber auch nicht. Erinnert mich an die eine Stadt in der T\u00fcrkei ..<\/p>\n<p><a href='http:\/\/ski.inmontanis.info\/d\/310828-2\/DSC00360.jpg'><img src=http:\/\/ski.inmontanis.info\/d\/310827-3\/DSC00360.jpg \/><\/a><br \/>\n^ Die au\u00dfenrumf\u00fchrende Talabfahrt<\/p>\n<p><a href='http:\/\/ski.inmontanis.info\/d\/310832-2\/DSC00361.jpg'><img src=http:\/\/ski.inmontanis.info\/d\/310831-3\/DSC00361.jpg \/><\/a><br \/>\n^ Recht bald w\u00fcrde eine Skiroute abzweigen, wollt ich mir aber erst mal von unten anschauen<\/p>\n<p><a href='http:\/\/ski.inmontanis.info\/d\/310836-2\/DSC00362.jpg'><img src=http:\/\/ski.inmontanis.info\/d\/310835-3\/DSC00362.jpg \/><\/a><br \/>\n^ Kurzes rotes St\u00fcck, wenn man den Skiweg nicht bis zum Ende fahren will<\/p>\n<p><a href='http:\/\/ski.inmontanis.info\/d\/310840-2\/DSC00363.jpg'><img src=http:\/\/ski.inmontanis.info\/d\/310839-3\/DSC00363.jpg \/><\/a><br \/>\n^ Weiter unten h\u00e4tte der Skiweg durchaus ein brauchbares St\u00fcck, wenn man sp\u00e4ter nicht nochmals ein St\u00fcck schieben m\u00fcsste.<\/p>\n<p><a href='http:\/\/ski.inmontanis.info\/d\/310844-2\/DSC00364.jpg'><img src=http:\/\/ski.inmontanis.info\/d\/310843-3\/DSC00364.jpg \/><\/a><br \/>\n^ Davor kommt man am Ende der Skiroute aus. S\u00e4he wohl brauchbar aus.<\/p>\n<p><a href='http:\/\/ski.inmontanis.info\/d\/310896-2\/ge20230126a.jpg'><img src=http:\/\/ski.inmontanis.info\/d\/310895-3\/ge20230126a.jpg \/><\/a><br \/>\n^ GPS-Track heute und 2008<\/p>\n<p>Alle 3 Skigebiete nix, was ich nochmals irgendwann besuchen m\u00fcsste. Somit fraglich, wohin morgen, wenn ich am SA doch nicht RdN fahren will? Abondance w\u00e4r nahe, h\u00e4tte aber samstags au\u00dferhalb der Schulferien g\u00fcnstigere Skip\u00e4sse (10,- \u20ac]. Thollon w\u00e4r wegen Wetter wohl Sonntag sinnvoller, da k\u00f6nnte sich laut einer Vorhersage f\u00fcr Genf wohl der Nebel \u00fcber den See aufl\u00f6sen. Pleiades in CH w\u00e4r dann mit den 24,- zwar trotzdem das g\u00fcnstigste in der Gegend, aber ob ichs da einen ganzen Tag aushalten will..<\/p>\n<p>Richtung Genfer See, also richtung den eigentlich geplanten Zielen, soll es wohl einen ganzj\u00e4hrigen Campingplatz geben, der (f\u00fcr CH-Verh\u00e4ltnisse) nur 25,- verlangt f\u00fcr eine Nacht mit Strom. Liegt aber nicht auf dem Weg nach St. Jean d&#8217;Aulps, das ich dann evtl morgen besuchen w\u00fcrde, weil in der N\u00e4he zu Abondance am Samstag.<\/p>\n<p>Alternativ w\u00e4re in Abondance ein gratis Stellplatz (ggf. ohne Strom), dann wirds heut nacht evtl etwas kalt, hab zwar mir keinen Wetterbericht von Abondance angeschaut, aber anderswo in der Gegend auf 1000m wurden -8 gemeldet die n\u00e4chsten N\u00e4chte. Das kostet einerseits viel Batteriestrom zum Heizen und andererseits wei\u00df ich nicht, ob ich in den n\u00e4chsten Tagen einen Platz mit Strom bekommen w\u00fcrde.<\/p>\n<p>Unten im Tal, auch um Martigny, w\u00fcrde es a nicht sooo kalt werden, also nur etwas unter 0. Hab kurz in den McD in Martigny geschaut, aber die spinnen ja in der Schweiz. Hamburger 2,50, BigMac \u00fcber 6, Minipommes \u00fcber 3,- &#8211; ich bin wieder gegangen. <\/p>\n<p>Die Rezeption am Campingplatz war auch nicht besetzt, obwohl was von &#8220;-19h&#8221; auf der Homepage stand, und lang da rumtelefonieren hab ich keine Lust gehabt. In der N\u00e4he war auch ein ruhiger Parkplatz. Hatte eh nur 0\u00b0 aktuell. den K\u00e4se hab ich mir dann nat\u00fcrlich umsonst teuer in der Schweiz gekauft, denn \u00c4lplermaccaroni koch ich mir dann heut nicht mehr. Hatte noch Kakao und so M\u00fcsli-Cornflakes-Zeug und im Migros auch ein Tessiner Brot gekauft, so wie die Zeile in \u00d6sterreich, und auch ohne was drauf sehr lecker. <\/p>\n<p>&#8212;<\/p>\n<p>Etwas versp\u00e4tet, trozdem nat\u00fcrlich sehenswert, Tacheles#100, was z.B. von der CIA alles mitfinanziert wurde usw:<br \/>\n<a href='https:\/\/www.youtube.com\/watch?v=xf_b0IaW-n0'>https:\/\/www.youtube.com\/watch?v=xf_b0IaW-n0<\/a><\/p>\n","protected":false},"excerpt":{"rendered":"<p>Do, 26.1.2023<\/p>\n<p>Igendwie kam mir der 2. Teil der Fahrt durch&#8217;s Wallis heute recht unbekannt vor. Auch ein bekanntes St\u00fcck fehlte. Evtl ist dort jetzt ein neu er\u00f6ffnetes Autobahnst\u00fcck?! Die Vignette h\u00e4tte ich mir f\u00fcr die eine Fahrt nat\u00fcrlich eh nicht gekauft, aber mit den Spikes h\u00e4tte ich auch gar nicht auf den schweizer Autobahnen <a href=\"http:\/\/blog.inmontanis.info\/?p=8434\">[&#8230;]<\/a><\/p>\n","protected":false},"author":1,"featured_media":8437,"comment_status":"closed","ping_status":"closed","sticky":false,"template":"","format":"standard","meta":{"footnotes":""},"categories":[751,732,724,14,27],"tags":[38,47],"class_list":["post-8434","post","type-post","status-publish","format-standard","has-post-thumbnail","hentry","category-champex","category-la-fouly","category-liddes-vicheres","category-swiss","category-skifahren-winterskiing-winter","tag-dsb","tag-sl","odd"],"_links":{"self":[{"href":"http:\/\/blog.inmontanis.info\/index.php?rest_route=\/wp\/v2\/posts\/8434","targetHints":{"allow":["GET"]}}],"collection":[{"href":"http:\/\/blog.inmontanis.info\/index.php?rest_route=\/wp\/v2\/posts"}],"about":[{"href":"http:\/\/blog.inmontanis.info\/index.php?rest_route=\/wp\/v2\/types\/post"}],"author":[{"embeddable":true,"href":"http:\/\/blog.inmontanis.info\/index.php?rest_route=\/wp\/v2\/users\/1"}],"replies":[{"embeddable":true,"href":"http:\/\/blog.inmontanis.info\/index.php?rest_route=%2Fwp%2Fv2%2Fcomments&post=8434"}],"version-history":[{"count":4,"href":"http:\/\/blog.inmontanis.info\/index.php?rest_route=\/wp\/v2\/posts\/8434\/revisions"}],"predecessor-version":[{"id":9162,"href":"http:\/\/blog.inmontanis.info\/index.php?rest_route=\/wp\/v2\/posts\/8434\/revisions\/9162"}],"wp:featuredmedia":[{"embeddable":true,"href":"http:\/\/blog.inmontanis.info\/index.php?rest_route=\/wp\/v2\/media\/8437"}],"wp:attachment":[{"href":"http:\/\/blog.inmontanis.info\/index.php?rest_route=%2Fwp%2Fv2%2Fmedia&parent=8434"}],"wp:term":[{"taxonomy":"category","embeddable":true,"href":"http:\/\/blog.inmontanis.info\/index.php?rest_route=%2Fwp%2Fv2%2Fcategories&post=8434"},{"taxonomy":"post_tag","embeddable":true,"href":"http:\/\/blog.inmontanis.info\/index.php?rest_route=%2Fwp%2Fv2%2Ftags&post=8434"}],"curies":[{"name":"wp","href":"https:\/\/api.w.org\/{rel}","templated":true}]}}