{"id":8421,"date":"2023-01-23T20:30:08","date_gmt":"2023-01-23T19:30:08","guid":{"rendered":"http:\/\/blog.inmontanis.info\/?p=8421"},"modified":"2023-01-28T20:15:30","modified_gmt":"2023-01-28T19:15:30","slug":"pescegallo-23-1-2023","status":"publish","type":"post","link":"http:\/\/blog.inmontanis.info\/?p=8421","title":{"rendered":"Pescegallo, 23.1.2023"},"content":{"rendered":"<p><strong>Mo, 23.1.2023<\/strong><\/p>\n<p>Ich entschied mich heute gegen Aprica (TK 41,- unter der Woche), d.h. ich m\u00fcsste im im Verlauf der Woche noch irgendwas anderes mitnehmen.<\/p>\n<p>Heute also paar Stunden Pescegallo, wo es unter der Woche &#8220;nur&#8221; die verg\u00fcnstigten Tageskarten um einheitliche 18,- \u20ac gibt, also keine Halbtageskarten etc. Die spezielle Alfi-Karte von Teglio gestern wurde akzeptiert und funktionierte, evtl. weil wir ja hier noch in der Lombardei sind.<\/p>\n<p>Viele Fotos hab ich auch heute nicht gemacht, da ich das Skigebiet ja schon mehrfach besucht und ausgiebig fotografiert hatte.<\/p>\n<p><a href='http:\/\/ski.inmontanis.info\/d\/310532-2\/DSC00096.jpg'><img src=http:\/\/ski.inmontanis.info\/d\/310531-3\/DSC00096.jpg \/><\/a><br \/>\n^ Auffahrt Pescegallo<\/p>\n<p><a href='http:\/\/ski.inmontanis.info\/d\/310536-2\/DSC00098.jpg'><img src=http:\/\/ski.inmontanis.info\/d\/310535-3\/DSC00098.jpg \/><\/a><br \/>\n^ Talstation Graffer-DSB<\/p>\n<p><a href='http:\/\/ski.inmontanis.info\/d\/310540-2\/DSC00100.jpg'><img src=http:\/\/ski.inmontanis.info\/d\/310539-3\/DSC00100.jpg \/><\/a><br \/>\n^ Parkplatz leer unter der Woche<\/p>\n<p><a href='http:\/\/ski.inmontanis.info\/d\/310544-2\/DSC00102.jpg'><img src=http:\/\/ski.inmontanis.info\/d\/310543-3\/DSC00102.jpg \/><\/a><br \/>\n^ DSB-SL. Da die Talabfahrten rot und schwarz sind, passt der leichte SL schon. Au\u00dferdem hat er runde St\u00fctzen, also wohl Marchisio oder Sacif.<\/p>\n<p><a href='http:\/\/ski.inmontanis.info\/d\/310548-2\/DSC00104.jpg'><img src=http:\/\/ski.inmontanis.info\/d\/310547-3\/DSC00104.jpg \/><\/a><br \/>\n^ Schwarze DSB-Abfahrt<\/p>\n<p><a href='http:\/\/ski.inmontanis.info\/d\/310552-2\/DSC00106.jpg'><img src=http:\/\/ski.inmontanis.info\/d\/310551-3\/DSC00106.jpg \/><\/a><br \/>\n^ SL Talstation<\/p>\n<p><a href='http:\/\/ski.inmontanis.info\/d\/310556-2\/DSC00114.jpg'><img src=http:\/\/ski.inmontanis.info\/d\/310555-3\/DSC00114.jpg \/><\/a><br \/>\n^ Die Treppen machen nicht den Anschein, als ob die noch zur DSB-Evakuierung verwendet werden sollen ;)<\/p>\n<p><a href='http:\/\/ski.inmontanis.info\/d\/310560-2\/DSC00115.jpg'><img src=http:\/\/ski.inmontanis.info\/d\/310559-3\/DSC00115.jpg \/><\/a><br \/>\n^ Offpiste, ist im Plan aber noch als Piste eingezeichnet<\/p>\n<p><a href='http:\/\/ski.inmontanis.info\/d\/310564-2\/ge20230123a.jpg'><img src=http:\/\/ski.inmontanis.info\/d\/310563-3\/ge20230123a.jpg \/><\/a><br \/>\n^ GPS-Track 23.1.2023 in T\u00fcrkis, vorherige in Orange<\/p>\n<p>Vigezzo hat im Januar unter der Woche bei den Online-Skip\u00e4ssen ein Angebot um 9 \u20ac .. wohl auch \u00fcbertrieben g\u00fcnstig. Falls trotzdem &#8220;alles&#8221; offen ist, muss ich ja fast 2 Tage dort bleiben bei dem Preis. Lt. Shop-URL allerdings jetzt Axess und nicht mehr Alfi.<\/p>\n<p>Ich fuhr noch \u00fcber die Schweiz, also Lugano, Locarno, Centovalli, nach Vigezzo. Anstrengend, sehr anstrengend, insbesondere dann sobald es dunkel wurde. Centovalli \u00fcbrigens doch viel kurviger, aber auch k\u00fcrzer als K\u00f6tschach-Obertilliach. <\/p>\n<p><a href='http:\/\/extra.inmontanis.info\/d\/98264-3\/DSC00097.jpg'><img src=http:\/\/extra.inmontanis.info\/d\/98263-4\/DSC00097.jpg \/><\/a><br \/>\n^ Hoffe die Spikekleber passen so f\u00fcr AT, FR und CH.<\/p>\n<p><a href='http:\/\/extra.inmontanis.info\/d\/98268-3\/DSC00121.jpg'><img src=http:\/\/extra.inmontanis.info\/d\/98267-4\/DSC00121.jpg \/><\/a><br \/>\n^ Comer See<\/p>\n<p><a href='http:\/\/extra.inmontanis.info\/d\/98272-3\/DSC00122.jpg'><img src=http:\/\/extra.inmontanis.info\/d\/98271-4\/DSC00122.jpg \/><\/a><br \/>\n^ Lugano, die Durchfahrt insb. jetzt bei Dunkelheit, war auch nicht angenehm.<\/p>\n<p>In Vigezzo bzw. Craveggia war um kurz vor 20 Uhr am Campingplatz Restaurant+Rezeption geschlossen, also irgendeinen anderen (sehr ruhigen) Parkplatz gesucht. Ganz versteh ich das dort eh nicht, da in der Preisliste nichts von Strom erw\u00e4hnt wird, nur von Stellplatz mit Licht um 20,- \u20ac. Ob damit deren Licht gemeint ist (warum sollte man das haben wollen) oder eine minimale Stromnutzung nur f\u00fcr Beleuchtung (da brauch ich dann keine 230V f\u00fcr), keine Ahnung.<\/p>\n","protected":false},"excerpt":{"rendered":"<p>Mo, 23.1.2023<\/p>\n<p>Ich entschied mich heute gegen Aprica (TK 41,- unter der Woche), d.h. ich m\u00fcsste im im Verlauf der Woche noch irgendwas anderes mitnehmen.<\/p>\n<p>Heute also paar Stunden Pescegallo, wo es unter der Woche &#8220;nur&#8221; die verg\u00fcnstigten Tageskarten um einheitliche 18,- \u20ac gibt, also keine Halbtageskarten etc. Die spezielle Alfi-Karte von Teglio gestern wurde <a href=\"http:\/\/blog.inmontanis.info\/?p=8421\">[&#8230;]<\/a><\/p>\n","protected":false},"author":1,"featured_media":8423,"comment_status":"closed","ping_status":"closed","sticky":false,"template":"","format":"standard","meta":{"footnotes":""},"categories":[15,217,27],"tags":[38,45,47],"class_list":["post-8421","post","type-post","status-publish","format-standard","has-post-thumbnail","hentry","category-italienitaly","category-pescegallo","category-skifahren-winterskiing-winter","tag-dsb","tag-see","tag-sl","odd"],"_links":{"self":[{"href":"http:\/\/blog.inmontanis.info\/index.php?rest_route=\/wp\/v2\/posts\/8421","targetHints":{"allow":["GET"]}}],"collection":[{"href":"http:\/\/blog.inmontanis.info\/index.php?rest_route=\/wp\/v2\/posts"}],"about":[{"href":"http:\/\/blog.inmontanis.info\/index.php?rest_route=\/wp\/v2\/types\/post"}],"author":[{"embeddable":true,"href":"http:\/\/blog.inmontanis.info\/index.php?rest_route=\/wp\/v2\/users\/1"}],"replies":[{"embeddable":true,"href":"http:\/\/blog.inmontanis.info\/index.php?rest_route=%2Fwp%2Fv2%2Fcomments&post=8421"}],"version-history":[{"count":3,"href":"http:\/\/blog.inmontanis.info\/index.php?rest_route=\/wp\/v2\/posts\/8421\/revisions"}],"predecessor-version":[{"id":8432,"href":"http:\/\/blog.inmontanis.info\/index.php?rest_route=\/wp\/v2\/posts\/8421\/revisions\/8432"}],"wp:featuredmedia":[{"embeddable":true,"href":"http:\/\/blog.inmontanis.info\/index.php?rest_route=\/wp\/v2\/media\/8423"}],"wp:attachment":[{"href":"http:\/\/blog.inmontanis.info\/index.php?rest_route=%2Fwp%2Fv2%2Fmedia&parent=8421"}],"wp:term":[{"taxonomy":"category","embeddable":true,"href":"http:\/\/blog.inmontanis.info\/index.php?rest_route=%2Fwp%2Fv2%2Fcategories&post=8421"},{"taxonomy":"post_tag","embeddable":true,"href":"http:\/\/blog.inmontanis.info\/index.php?rest_route=%2Fwp%2Fv2%2Ftags&post=8421"}],"curies":[{"name":"wp","href":"https:\/\/api.w.org\/{rel}","templated":true}]}}