{"id":8414,"date":"2023-01-22T20:13:14","date_gmt":"2023-01-22T19:13:14","guid":{"rendered":"http:\/\/blog.inmontanis.info\/?p=8414"},"modified":"2023-01-25T20:27:43","modified_gmt":"2023-01-25T19:27:43","slug":"teglio-22-1-2023","status":"publish","type":"post","link":"http:\/\/blog.inmontanis.info\/?p=8414","title":{"rendered":"Teglio, 22.1.2023"},"content":{"rendered":"<p><strong>So, 22.1.2023<\/strong><\/p>\n<p>Eigentlich sollte der Skipass in Teglio online 2 \u20ac g\u00fcnstiger sein. Die Skipass-Shop-Website funktioniert aber nicht. Somit mal wieder die Frage, ob sie fremde Keycards aufladen, was in der Vergangenheit teilweise schon ging, oder ob man eine kaufen m\u00fcsste. Bei aktuell 35 Keycards im Rucksack kommt mir das Kaufen einer neuen Keycard aber nicht in die T\u00fcte. <\/p>\n<p>Alternativ gibts auch noch den Lombardei-Skipass pay-per-use, da hab ich mich nun registriert, konnte aber meine alte Lombardei-Saisonkarte nicht als Skipasskarte hinterlegen :(<\/p>\n<p>An der Kasse wurde die Lombardeisaisonkarte nicht verwendet, auch eine andere Alfi-Karte wollte sie nicht, nicht mal angeschaut. Anscheinend weil der Onlineskipass nicht geht, ist man etwas kulanter hinsichtlich des Preises und ich musste nur die 22,- Standard-TK-Preis zahlen ohne die 2,- \u20ac f\u00fcr die Chipkarte. Das war dann eine (wenn auch neue) Standard-Alfi-Karte ohne Teglio-Aufdruck. Allerdings hatte sie keine normale Alfi-ID\/Sperrnummer, sondern eine Skidata-Nummer (1614&#8230;). Die Lombardei-Saisonkarte ist ja auch eine Skidata-Karte und funktionerte egal ob Skidata, Axess oder Alfi in den hiesigen Skigebieten. <\/p>\n<p>Nachmittags entschied ich mich, die Karte als 36. Karte aufzuheben, falls ich nochmals hier bin und dann keine kulante Kassiererin hab. (Bzw. sollte ich sie gleich morgen anderswo verwenden k\u00f6nnen.)<\/p>\n<p>Wetter war auch heute wieder besser als gemeldet, aber ab 15h zog es zu und ich somit gegen 15:40 aufgeh\u00f6rt. Eine Salsicciasemmel um 6,- hab ich mir an der Mittelstation noch gekauft. Gestern in Isolaccia an der EUB-Bergstation hatte ich da ja 9,- an der Preistafel gesehen!<\/p>\n<p>Viele Fotos hab ich auch heute nicht gemacht, da ich das Skigebiet ja schon mehrfach besucht und ausgiebig fotografiert hatte. Lt. Website h\u00e4tten alle Abfahrten offen sein sollen, d.h. was nicht offen ist, gibt&#8217;s nicht mehr. <\/p>\n<p>Das heutige (sonnige) Skigebiet gefiel mir schon besser als das gestrige.<\/p>\n<p><a href='http:\/\/ski.inmontanis.info\/d\/310460-2\/DSC00050.jpg'><img src=http:\/\/ski.inmontanis.info\/d\/310459-3\/DSC00050.jpg \/><\/a><br \/>\n^ Talstation MEB-DSB<\/p>\n<p><a href='http:\/\/ski.inmontanis.info\/d\/310464-2\/DSC00054.jpg'><img src=http:\/\/ski.inmontanis.info\/d\/310463-3\/DSC00054.jpg \/><\/a><br \/>\n^ DSB Strecke oberhalb der Mittelstation<\/p>\n<p><a href='http:\/\/ski.inmontanis.info\/d\/310468-2\/DSC00057.jpg'><img src=http:\/\/ski.inmontanis.info\/d\/310467-3\/DSC00057.jpg \/><\/a><br \/>\n^ Der ja seit einigen Jahren (oder seit der Wiederer\u00f6ffnung?) im obersten St\u00fcck kastrierte SL<\/p>\n<p><a href='http:\/\/ski.inmontanis.info\/d\/310472-2\/DSC00058.jpg'><img src=http:\/\/ski.inmontanis.info\/d\/310471-3\/DSC00058.jpg \/><\/a><br \/>\n^ SL nahe Ausstieg<\/p>\n<p><a href='http:\/\/ski.inmontanis.info\/d\/310476-2\/DSC04894.jpg'><img src=http:\/\/ski.inmontanis.info\/d\/310475-3\/DSC04894.jpg \/><\/a><br \/>\n^ Zoom r\u00fcber nach Aprica (IR)<\/p>\n<p><a href='http:\/\/ski.inmontanis.info\/d\/310480-2\/DSC00062.jpg'><img src=http:\/\/ski.inmontanis.info\/d\/310479-3\/DSC00062.jpg \/><\/a><br \/>\n^ DSB nahe Talstation<\/p>\n<p><a href='http:\/\/ski.inmontanis.info\/d\/310484-2\/DSC00063.jpg'><img src=http:\/\/ski.inmontanis.info\/d\/310483-3\/DSC00063.jpg \/><\/a><br \/>\n^ Ex-Abfahrt und Ex-Pistenraupe ;) Diese Abfahrt ging dank Pulver heute aber gut zu fahren.<\/p>\n<p><a href='http:\/\/ski.inmontanis.info\/d\/310488-2\/DSC00064.jpg'><img src=http:\/\/ski.inmontanis.info\/d\/310487-3\/DSC00064.jpg \/><\/a><br \/>\n^ Auch viele Nicht-Skifahrer sind hier<\/p>\n<p><a href='http:\/\/ski.inmontanis.info\/d\/310492-2\/DSC04893.jpg'><img src=http:\/\/ski.inmontanis.info\/d\/310491-3\/DSC04893.jpg \/><\/a><br \/>\n^ Oberer Teil SL-Abfahrt (IR)<\/p>\n<p><a href='http:\/\/ski.inmontanis.info\/d\/310496-2\/DSC00069.jpg'><img src=http:\/\/ski.inmontanis.info\/d\/310495-3\/DSC00069.jpg \/><\/a><br \/>\n^ Die Bergstation eines der ehemaligen SL steht auch noch<\/p>\n<p><a href='http:\/\/ski.inmontanis.info\/d\/310500-2\/DSC00070.jpg'><img src=http:\/\/ski.inmontanis.info\/d\/310499-3\/DSC00070.jpg \/><\/a><br \/>\n^ Evtl. ehemalige Piste?<\/p>\n<p><a href='http:\/\/ski.inmontanis.info\/d\/310504-2\/DSC04896.jpg'><img src=http:\/\/ski.inmontanis.info\/d\/310503-3\/DSC04896.jpg \/><\/a><br \/>\n^ Monte Rosa ganz hinten<\/p>\n<p><a href='http:\/\/ski.inmontanis.info\/d\/310508-2\/DSC00073.jpg'><img src=http:\/\/ski.inmontanis.info\/d\/310507-3\/DSC00073.jpg \/><\/a><br \/>\n^ Auch dieses Abfahrtsst\u00fcck ist wohl verloren<\/p>\n<p><a href='http:\/\/ski.inmontanis.info\/d\/310512-2\/DSC00077.jpg'><img src=http:\/\/ski.inmontanis.info\/d\/310511-3\/DSC00077.jpg \/><\/a><br \/>\n^ Zumindest zwei der alten Ovovia-St\u00fctzen stehen auch noch<\/p>\n<p><a href='http:\/\/ski.inmontanis.info\/d\/310516-2\/DSC00081.jpg'><img src=http:\/\/ski.inmontanis.info\/d\/310515-3\/DSC00081.jpg \/><\/a><br \/>\n^ Ex-Ovovia-St\u00fctze (Zubringergondelbahn)<\/p>\n<p><a href='http:\/\/ski.inmontanis.info\/d\/310520-2\/DSC00083.jpg'><img src=http:\/\/ski.inmontanis.info\/d\/310519-3\/DSC00083.jpg \/><\/a><br \/>\n^ St\u00fctzenfundament Ex-Ovovia. Dahinter ..<\/p>\n<p><a href='http:\/\/ski.inmontanis.info\/d\/310524-2\/DSC00085.jpg'><img src=http:\/\/ski.inmontanis.info\/d\/310523-3\/DSC00085.jpg \/><\/a><br \/>\n^ .. kann man die n\u00e4chste St\u00fctze kaum noch erkennen<\/p>\n<p><a href='http:\/\/ski.inmontanis.info\/d\/310528-2\/ge20230122b.jpg'><img src=http:\/\/ski.inmontanis.info\/d\/310527-3\/ge20230122b.jpg \/><\/a><br \/>\n^ GPS-Track 22.1.2023 in T\u00fcrkis, rest in Orange, ehemalige Lifte (ca.) in Rot, genaue Bergstation der Ovovia unbekannt, evtl. ca. wo die DSB oder das Restaurant ist..<\/p>\n<p>Ein paar alte Bilder von der Ovovia, Eiergondelbahn:<\/p>\n<p><a href='https:\/\/i.ebayimg.com\/images\/g\/qzgAAOSwHzhenpok\/s-l1600.jpg'>https:\/\/i.ebayimg.com\/images\/g\/qzgAAOSwHzhenpok\/s-l1600.jpg<\/a><\/p>\n<p><a href='https:\/\/www.picclickimg.com\/iM4AAOSwy8BgRnLY\/d75-cartolina-provincia-di-sondrio-teglio.webp'>https:\/\/www.picclickimg.com\/iM4AAOSwy8BgRnLY\/d75-cartolina-provincia-di-sondrio-teglio.webp<\/a><\/p>\n<p>An und oberhalb der Bergstation gab es damals, wie so h\u00e4ufig, so gut wie noch keine B\u00e4ume, man sieht immerhin den SL, dessen Bergstation noch steht:<br \/>\n<a href='https:\/\/i.ebayimg.com\/images\/g\/iFYAAOSw7T9gR56j\/s-l1600.jpg'>https:\/\/i.ebayimg.com\/images\/g\/iFYAAOSw7T9gR56j\/s-l1600.jpg<\/a><\/p>\n<p><a href='https:\/\/i.ebayimg.com\/images\/g\/HHMAAOSw8A5gR55U\/s-l1600.jpg'>https:\/\/i.ebayimg.com\/images\/g\/HHMAAOSw8A5gR55U\/s-l1600.jpg<\/a><\/p>\n<p>Die Talstation war auch sch\u00f6n:<br \/>\n<a href='https:\/\/i.ebayimg.com\/images\/g\/51AAAOSwxstgRm9J\/s-l1600.jpg'>https:\/\/i.ebayimg.com\/images\/g\/51AAAOSwxstgRm9J\/s-l1600.jpg<\/a><\/p>\n<p><a href='https:\/\/www.picclickimg.com\/k2kAAOSwtx1jsftk\/TEGLIO-Sondrio-1962-Stazione-di-Partenza.webp'>https:\/\/www.picclickimg.com\/k2kAAOSwtx1jsftk\/TEGLIO-Sondrio-1962-Stazione-di-Partenza.webp<\/a><\/p>\n<p>.. und die Talstation steht sogar noch! Wurde in ein Wohnhaus umgebaut, man erkennt aber noch die &#8220;Dach-St\u00fctzen&#8221;:<\/p>\n<p><a href='https:\/\/www.google.at\/maps\/@46.1733515,10.0687999,3a,75y,210.33h,98.8t\/data=!3m6!1e1!3m4!1s4wzRUE8og70H7rYnQviZcQ!2e0!7i13312!8i6656'>https:\/\/www.google.at\/maps\/@46.1733515,10.0687999,3a,75y,210.33h,98.8t\/data=!3m6!1e1!3m4!1s4wzRUE8og70H7rYnQviZcQ!2e0!7i13312!8i6656<\/a><br \/>\n(via galletti 8)<\/p>\n<p>Um 2010 war das Skigebiet ja einige Jahre geschlossen und ich hatte eine LSAP-Tour gemacht, damals stand noch mehr von den alten SL rum (und auch die Ovovia-St\u00fctzen waren einfacher zu finden):<\/p>\n<p><a href='http:\/\/blog.inmontanis.info\/?p=1243'>http:\/\/blog.inmontanis.info\/?p=1243<\/a><\/p>\n<p>&#8211;<\/p>\n<p><a href='http:\/\/extra.inmontanis.info\/d\/98252-2\/DSC00090.jpg'><img src=http:\/\/extra.inmontanis.info\/d\/98251-3\/DSC00090.jpg \/><\/a><br \/>\n^ Runter ins Tal richtung Sondrio auf einer alternativen Strecke l\u00e4nger am Berg geblieben<\/p>\n<p>Mittlerweile wird morgen fur Aprica nachmittags etwas Schneefall gemeldet. Pescegallo h\u00e4tte auch alles offen, sogar unter der Woche &#8211; au\u00dfer mittwochs. Da mal weniger Schneefall gemeldet.<\/p>\n<p>\u00dcbernachten wollte ich an einem abseits gelegenen (kostenlosen) Wohnmobilstellplatz ohne WC, aber mit Strom gegen M\u00fcnzeinwurf.  An der Stroms\u00e4ule steht 0,10 f\u00fcr 24min, oder 2,- f\u00fcr 8h, wobei das ja eh linear ist, und wenn man mehr zahlt, wird das halt weiter erh\u00f6ht. Leider sind die Pl\u00e4tze etwas schr\u00e4g. Wenn das mit dem M\u00fcnzeinwurf nicht funktioniert, w\u00fcrd ich wohl trotzdem stehen bleiben, soll nachts nur -1\u00b0 hier unten geben. Man muss nat\u00fcrlich hoffen, dass nachts kein Scherzkeks einen den Strom abklemmt und selbst nimmt&#8230;<\/p>\n<p><a href='http:\/\/extra.inmontanis.info\/d\/98256-2\/DSC00093.jpg'><img src=http:\/\/extra.inmontanis.info\/d\/98255-3\/DSC00093.jpg \/><\/a><br \/>\n^ Camperparkplatz<\/p>\n<p><a href='http:\/\/extra.inmontanis.info\/d\/98260-2\/DSC00094.jpg'><img src=http:\/\/extra.inmontanis.info\/d\/98259-3\/DSC00094.jpg \/><\/a><br \/>\n^ .. mit Stromautomat, hatte ich bisher auch noch nicht verwendet.<\/p>\n<p>Von 1730 bis 0930 w\u00e4ren es 16h, also 4 \u20ac, wobei ich nachts wohl auch ohne Strom auskommen k\u00f6nnte. Aber wenn der Platz ja sonst nix kostet.. Die ersten 2 \u20ac haben mal funktioniert, ob die zweiten zur Verl\u00e4ngerung sp\u00e4ter nachgeschmissenen 1+1 \u20ac gehen, werd ich nachts oder morgen fr\u00fch merken ;) (Ja, hatte funktioniert.)<\/p>\n<p>Ab Di oder Mi sollen in Italien f\u00fcr 2 Tage die Tankstellenp\u00e4chter streiken und die Tankstellen geschlossen bleiben. <\/p>\n<p>Campingpl\u00e4tze in der Schweiz, wird auch schwierig. 1. teuer bis sehr teuer, 2. fast nichts im Winter offen. Auf dem Weg von hier nach Vigezzo schaut die Sache auch d\u00fcster aus, durch die Seen zwar etliche Campingpl\u00e4tze, aber wohl (fast?) alle nur im Sommer offen und sp\u00e4testens in der Schweiz sehr teuer. Zus\u00e4tzlich hab ich ja in der Schweiz keine Sim-Karte und kann mein EU-Roaming nicht verwenden &#8211; w\u00e4re also auf ein funktionierendes WLAN angewiesen. Allerdings ist auf italienischer Seite vor dem Tessin wohl auch kein sinnvoller alternativer \u00dcbernachtungsplatz, also werd ich morgen nachmittags\/abends noch bis ca. Vigezzo fahren m\u00fcssen &#8230;<\/p>\n","protected":false},"excerpt":{"rendered":"<p>So, 22.1.2023<\/p>\n<p>Eigentlich sollte der Skipass in Teglio online 2 \u20ac g\u00fcnstiger sein. Die Skipass-Shop-Website funktioniert aber nicht. Somit mal wieder die Frage, ob sie fremde Keycards aufladen, was in der Vergangenheit teilweise schon ging, oder ob man eine kaufen m\u00fcsste. Bei aktuell 35 Keycards im Rucksack kommt mir das Kaufen einer neuen Keycard aber <a href=\"http:\/\/blog.inmontanis.info\/?p=8414\">[&#8230;]<\/a><\/p>\n","protected":false},"author":1,"featured_media":8416,"comment_status":"closed","ping_status":"closed","sticky":false,"template":"","format":"standard","meta":{"footnotes":""},"categories":[15,27,216,32],"tags":[38,90,47],"class_list":["post-8414","post","type-post","status-publish","format-standard","has-post-thumbnail","hentry","category-italienitaly","category-skifahren-winterskiing-winter","category-teglio","category-lostplaces","tag-dsb","tag-infrarot","tag-sl","odd"],"_links":{"self":[{"href":"http:\/\/blog.inmontanis.info\/index.php?rest_route=\/wp\/v2\/posts\/8414","targetHints":{"allow":["GET"]}}],"collection":[{"href":"http:\/\/blog.inmontanis.info\/index.php?rest_route=\/wp\/v2\/posts"}],"about":[{"href":"http:\/\/blog.inmontanis.info\/index.php?rest_route=\/wp\/v2\/types\/post"}],"author":[{"embeddable":true,"href":"http:\/\/blog.inmontanis.info\/index.php?rest_route=\/wp\/v2\/users\/1"}],"replies":[{"embeddable":true,"href":"http:\/\/blog.inmontanis.info\/index.php?rest_route=%2Fwp%2Fv2%2Fcomments&post=8414"}],"version-history":[{"count":4,"href":"http:\/\/blog.inmontanis.info\/index.php?rest_route=\/wp\/v2\/posts\/8414\/revisions"}],"predecessor-version":[{"id":8420,"href":"http:\/\/blog.inmontanis.info\/index.php?rest_route=\/wp\/v2\/posts\/8414\/revisions\/8420"}],"wp:featuredmedia":[{"embeddable":true,"href":"http:\/\/blog.inmontanis.info\/index.php?rest_route=\/wp\/v2\/media\/8416"}],"wp:attachment":[{"href":"http:\/\/blog.inmontanis.info\/index.php?rest_route=%2Fwp%2Fv2%2Fmedia&parent=8414"}],"wp:term":[{"taxonomy":"category","embeddable":true,"href":"http:\/\/blog.inmontanis.info\/index.php?rest_route=%2Fwp%2Fv2%2Fcategories&post=8414"},{"taxonomy":"post_tag","embeddable":true,"href":"http:\/\/blog.inmontanis.info\/index.php?rest_route=%2Fwp%2Fv2%2Ftags&post=8414"}],"curies":[{"name":"wp","href":"https:\/\/api.w.org\/{rel}","templated":true}]}}