{"id":8410,"date":"2023-01-21T20:28:28","date_gmt":"2023-01-21T19:28:28","guid":{"rendered":"http:\/\/blog.inmontanis.info\/?p=8410"},"modified":"2023-01-24T20:41:49","modified_gmt":"2023-01-24T19:41:49","slug":"oga-isolaccia-valdidentro-cima-piazzi-21-1-2023","status":"publish","type":"post","link":"http:\/\/blog.inmontanis.info\/?p=8410","title":{"rendered":"Oga\/Isolaccia\/Valdidentro (Cima Piazzi), 21.1.2023"},"content":{"rendered":"<p><strong>Sa, 21.1.2023<\/strong> <\/p>\n<p>Nach 5 Tagen Zwangspause startet nun endlich meine Italien-Frankreich-Tour. Da ich ja von Tirol aus gestartet bin (und auch meine Vignette nicht mehr gegolten hat) fuhr ich meine ehemalige Lieblingsstrecke durch&#8217;s Inntal und vor St. Moritz \u00fcber den Bernina in die Lombardei. Naja, vermissen tu ich die Strecke doch nicht wirklich. Wie \u00fcblich ist es hier etwas k\u00e4lter, wobei das Autothermometer bei -16\u00b0 gestoppt hatte.<\/p>\n<p>In Zernez ging&#8217;s noch kurz in den Coop&#8230;<\/p>\n<p><a href='http:\/\/extra.inmontanis.info\/d\/98248-2\/DSC00048.jpg'><img src=http:\/\/extra.inmontanis.info\/d\/98247-3\/DSC00048.jpg \/><\/a><br \/>\n^ Die kleine Packung der leckeren schweizer Fasnachts-ch\u00fcechli, die es beim Spar in \u00d6sterreich gibt, w\u00e4re handlicher gewesen f\u00fcr mein Auto&#8230;<\/p>\n<p><a href='http:\/\/extra.inmontanis.info\/d\/98240-2\/DSC00010.jpg'><img src=http:\/\/extra.inmontanis.info\/d\/98239-3\/DSC00010.jpg \/><\/a><br \/>\n^ Gro\u00dfe Langlaufveranstaltung bei Samedan \/ St. Moritz<\/p>\n<p><a href='http:\/\/extra.inmontanis.info\/d\/98244-2\/DSC00014.jpg'><img src=http:\/\/extra.inmontanis.info\/d\/98243-3\/DSC00014.jpg \/><\/a><br \/>\n^ Bernina-Pass<\/p>\n<p>Tja, mein erster Skitag in Italien seit dem ber\u00fchmten Weltuntergangstag 8.3.2020&#8230;<\/p>\n<p>Sagte ich fr\u00fcher &#8220;ich k\u00f6nnte mir eine Saison nur Skifahren in Italien vorstellen, aber keine Saison ohne Italien&#8221; war das die letzten zwei Jahre ja bekanntlich anders, da wollte mich Italien nicht. Und f\u00fcr die verk\u00fcrzte Lombardei-Saison 2020 hab ich auch nie einen Ersatz bekommen.<\/p>\n<p>Ich bin also etwas reserviert momentan gegen\u00fcber Italien, w\u00e4re auch bereit gewesen, Italien noch ein paar Jahre daf\u00fcr zu boykottieren, starte also mit einem noch relativ hohen Angepisst-Level und Italien muss sich bei mir erst wieder langsam rehabilitieren. Ob das gelingen wird oder nicht, non lo so. <\/p>\n<p>Geplant w\u00e4re heute, weil Wochenende, eigentlich Teglio gewesen, aber bevor ich die n\u00e4chsten Tage doch nach Oga\/Isolaccia wollen w\u00fcrde, w\u00e4re es heute streckenm\u00e4\u00dfig sinnvoller, zudem Alpe Giumello, das ich sonst morgen h\u00e4tte besuchen wollen, nur das F\u00f6rderband, aber noch nicht den SL offen hat und somit als WE-Ziel ausf\u00e4llt, daher Teglio morgen auch reicht. <\/p>\n<p>Die Tageskarte kostete 39,- in der aktuellen Nicht-Hauptsaison, fremde Keycards werden leider nicht akzeptiert, auch die Lombardei-Saisonkarten-Karte nicht, somit man wegen Kauzion vor 16 Uhr wieder an der Kasse sein muss. Der oberste SL ist leider (noch?) geschlossen, was die Abfahrtsm\u00f6glichkeiten an der oberen DSB auch einschr\u00e4nkt. Wobei die DSB mir heute eh zu kalt war.<\/p>\n<p>4h h\u00e4tten auch gereicht, denn eisig kalt und dann auch noch windig. Wobei die 4h 37,- gekostet h\u00e4tten, das kostet in der Hochsaison gleich.<\/p>\n<p>Ja, also wenn der Monte-Masucco-SL tats\u00e4chlich auch nicht mehr existieren sollte und auch wegen den immer teureren Preisen, werd ich mir Oga\/Isolaccia in Zukunft wohl auch nicht mehr leisten wollen. Da gibt&#8217;s g\u00fcnstigere Alternativen. <\/p>\n<p>Hab nicht viele Fotos gemacht, da ich ja schon sehr viele Fotos aus dem Skigebiet hab in den alten Berichten..<\/p>\n<p><a href='http:\/\/ski.inmontanis.info\/d\/310400-2\/DSC00016.jpg'><img src=http:\/\/ski.inmontanis.info\/d\/310399-3\/DSC00016.jpg \/><\/a><br \/>\n^ 4SB Le Motte, Sektion 1 (Oga), leider erst eine Abfahrt offen<\/p>\n<p><a href='http:\/\/ski.inmontanis.info\/d\/310404-2\/DSC00023.jpg'><img src=http:\/\/ski.inmontanis.info\/d\/310403-3\/DSC00023.jpg \/><\/a><br \/>\n^ MEB-DSB San Colombano, Sektion 3 (Oga)<\/p>\n<p><a href='http:\/\/ski.inmontanis.info\/d\/310408-2\/DSC00026.jpg'><img src=http:\/\/ski.inmontanis.info\/d\/310407-3\/DSC00026.jpg \/><\/a><br \/>\n^ Ex-SL Pra Vegl, steht noch<\/p>\n<p><a href='http:\/\/ski.inmontanis.info\/d\/310412-2\/DSC00028.jpg'><img src=http:\/\/ski.inmontanis.info\/d\/310411-3\/DSC00028.jpg \/><\/a><br \/>\n^ Ex-SL Dosso, steht noch<\/p>\n<p><a href='http:\/\/ski.inmontanis.info\/d\/310416-2\/DSC00031.jpg'><img src=http:\/\/ski.inmontanis.info\/d\/310415-3\/DSC00031.jpg \/><\/a><br \/>\n^ Diagonale Offpistevariante ..<\/p>\n<p><a href='http:\/\/ski.inmontanis.info\/d\/310420-2\/DSC00032.jpg'><img src=http:\/\/ski.inmontanis.info\/d\/310419-3\/DSC00032.jpg \/><\/a><br \/>\n^ .. irgendein haariges St\u00fcck hat die auch immer. Solte ich mir abgew\u00f6hnen.<\/p>\n<p><a href='http:\/\/ski.inmontanis.info\/d\/310424-2\/DSC00034.jpg'><img src=http:\/\/ski.inmontanis.info\/d\/310423-3\/DSC00034.jpg \/><\/a><br \/>\n^ DSB Forte Tade, Sektion 2 (Oga). Wenn man sich die SL-Trasse runterqu\u00e4lt ..<\/p>\n<p><a href='http:\/\/ski.inmontanis.info\/d\/310428-2\/DSC00035.jpg'><img src=http:\/\/ski.inmontanis.info\/d\/310427-3\/DSC00035.jpg \/><\/a><br \/>\n^ .. erreicht man ja diesen Hang<\/p>\n<p><a href='http:\/\/ski.inmontanis.info\/d\/310432-2\/DSC00036.jpg'><img src=http:\/\/ski.inmontanis.info\/d\/310431-3\/DSC00036.jpg \/><\/a><br \/>\n^ SL Monte Masucco, dachte schon, der w\u00e4r nun auch generell geschlossen, aber das wirkt ja eher nicht so. Wobei, warum er dann trotzdem nicht l\u00e4uft .. ?!<\/p>\n<p><a href='http:\/\/ski.inmontanis.info\/d\/310436-2\/DSC00037.jpg'><img src=http:\/\/ski.inmontanis.info\/d\/310435-3\/DSC00037.jpg \/><\/a><br \/>\n^ Alternativ kann man ja den Ziehweg als Verbindung nach Isolaccia nehmen<\/p>\n<p><a href='http:\/\/ski.inmontanis.info\/d\/310440-2\/DSC00043.jpg'><img src=http:\/\/ski.inmontanis.info\/d\/310439-3\/DSC00043.jpg \/><\/a><br \/>\n^ SL Masucco und Palancana, Sektionen 2+3 (Isolaccia)<\/p>\n<p><a href='http:\/\/ski.inmontanis.info\/d\/310444-2\/DSC00044.jpg'><img src=http:\/\/ski.inmontanis.info\/d\/310443-3\/DSC00044.jpg \/><\/a><br \/>\n^ SL Palancana, die Abfahrt ist weniger modelliert als die am neuren SL in Flattnitz\/K\u00e4rnten<\/p>\n<p><a href='http:\/\/ski.inmontanis.info\/d\/310448-2\/DSC00045.jpg'><img src=http:\/\/ski.inmontanis.info\/d\/310447-3\/DSC00045.jpg \/><\/a><br \/>\n^ SL Palancana \/ Masucco, Sektionen 2+3 (Isolaccia)<\/p>\n<p><a href='http:\/\/ski.inmontanis.info\/d\/310452-2\/DSC00047.jpg'><img src=http:\/\/ski.inmontanis.info\/d\/310451-3\/DSC00047.jpg \/><\/a><br \/>\n^ EUB (Sektion 1, Isolaccia); die schwarze Abfahrt wurde wohl aufgelassen<\/p>\n<p><a href='http:\/\/ski.inmontanis.info\/d\/310456-2\/ge20230121a.jpg'><img src=http:\/\/ski.inmontanis.info\/d\/310455-3\/ge20230121a.jpg \/><\/a><br \/>\n^ GPS-Track 21.1.2023<\/p>\n<p>Am Campingplatz etwas s\u00fcdlich von Bormio war zwar jemand da, der mich einchecken lie\u00df, behielt aber meinen Pass und meinte, ich m\u00fcsse nach 18h zum zahlen kommen und bek\u00e4me dann den Pass wieder. Ziemlich bl\u00f6d, weil ich entweder in den 2h nicht meinen Platz hinten aufbauen kann oder alles 2x aufbauen muss &#8211; oder ich geh dann erst sp\u00e4ter, nach dem Abbauen des Tisches. Hab ja heute viel zu verr\u00e4umen ..<\/p>\n<p>War gut besucht, die Pizzeria gegen 20 Uhr. Campingplatz kostete dann 19,70 \u20ac, was ungef\u00e4hr den angeschrieben 20 \u20ac entsprach, aber anders auf der Rechnung aufgeschl\u00fcsselt wurde. Die Pizzeria-G\u00e4ste parken sogar im Campingbereich.<\/p>\n<p>Im Sanit\u00e4rbereich gibt&#8217;s sogar ein Sitz-WC samt Klobrille und Klopapier. Dreifacher Luxus, den man in Italien nicht \u00fcberall bekommt, weder auf Campingpl\u00e4tzen, noch in Skigebieten.<\/p>\n<p>Wie lang und was ich in der Lombardei bleiben\/fahren m\u00f6chte, wei\u00df ich noch nicht. Carona, wenn, h\u00e4tte nur FR-MO momentan offen, aber was, ist unbekannt. Lizzola ohne R\u00fcckseite ist auch nur halb so sch\u00f6n. Maniva ohne SL (unter der Woche) besser als nix. Presolana f\u00e4llt ja aus, weil DSB abgebaut. Pora ist ohne DSB (noch geschlossen) auch nicht n\u00f6tig. Montecampione soll ja auch nicht oder nur minimalst offen haben. Aprica w\u00e4re vmtl. das letzte Jahr der Agudio-EUB und somit ein Besuchsgrund. <\/p>\n<p>Borno kann man jedenfalls besuchen, evtl. ist halt vielleicht der SL unter der Woche nicht offen und mit den beiden 4SB-Sektionen ja von dem her nicht unbedingt mein Lieblingsskigebietssetup, aber irgendwie gef\u00e4llts mir ja trotzdem.<\/p>\n<p>.. aber nur wegen Borno werd ich den Umweg auch nicht fahren, wenn der Rest ausf\u00e4llt und Carona unter der Woche zu hat. Maniva ist zudem auch noch ein gro\u00dfer Umweg, weil das halt auch in Richtung Osten ist und ich ja grundlegend richtung Westen fahren m\u00f6chte.<\/p>\n<p>Schneem\u00e4\u00dfig kam die letzten 2 Wochen wohl auch nicht so viel im Norden Italiens an, Mottarone hat auch noch viel zu. O la la, aber in La France, Thollon hatte vor 2 Wochen noch gr\u00fcne Pisten und jetzt \u00fcber 1m Schnee. Aber aktuell trotzdem noch viel zu. Rochers-de-Naye soll auch schon die Talskiroute offen haben. Riecht somit nach Vigezzo in den n\u00e4chsten Tagen und dann Genfer See direkt und halt evtl sp\u00e4ter nochmals von Turin ins Aostatal auf, wenn&#8217;s dann besser ausschaut.<\/p>\n<p>Ob und wie lang mir Italien noch gefallen wird mit den immer mehr geschlosseneren Liften\/Skigebieten, wenigeren coolen alten Liften und den \u00fcblichen anderen italienischen Nervigkeiten &#8230;<\/p>\n<p>Kaum waren die Autos halbwegs weg, musste sich um 22:45 ein Wohnmobil auf 20cm neben mich hinstellen und ruml\u00e4rmen, unglaublich. Haben dann ihr (verquirltes) Stromkabel hinter meinem Auto verlegt, tja, da muss ich morgen fr\u00fch halt mit meinen Spikereifen r\u00fcckw\u00e4rts dr\u00fcber fahren, mir egal.<\/p>\n<p>Dass die Benzinpreise in IT ca. 0,20 \u20ac teurer als in AT sind, ist man ja gewohnt. Ungewohnt jedoch, dass die Preise in der Schweiz ebenso teuer sind. Normalerweise waren die Benzinpreise dort ja eher auf AT-Niveau. Diesel war in CH ja sowieso schon fr\u00fcher teurer. Und dabei ist der Euro nicht mal mehr einen CHF wert, lt. automatischer E-Mail von meiner Bank durch den Supermarkt heut fr\u00fch nur noch 0,98 CHF f\u00fcr 1 \u20ac, pfff.<\/p>\n","protected":false},"excerpt":{"rendered":"<p>Sa, 21.1.2023 <\/p>\n<p>Nach 5 Tagen Zwangspause startet nun endlich meine Italien-Frankreich-Tour. Da ich ja von Tirol aus gestartet bin (und auch meine Vignette nicht mehr gegolten hat) fuhr ich meine ehemalige Lieblingsstrecke durch&#8217;s Inntal und vor St. Moritz \u00fcber den Bernina in die Lombardei. Naja, vermissen tu ich die Strecke doch nicht wirklich. Wie <a href=\"http:\/\/blog.inmontanis.info\/?p=8410\">[&#8230;]<\/a><\/p>\n","protected":false},"author":1,"featured_media":8413,"comment_status":"closed","ping_status":"closed","sticky":false,"template":"","format":"standard","meta":{"footnotes":""},"categories":[15,215,27],"tags":[49,38,47],"class_list":["post-8410","post","type-post","status-publish","format-standard","has-post-thumbnail","hentry","category-italienitaly","category-oga-isolaccia","category-skifahren-winterskiing-winter","tag-4sb","tag-dsb","tag-sl","odd"],"_links":{"self":[{"href":"http:\/\/blog.inmontanis.info\/index.php?rest_route=\/wp\/v2\/posts\/8410","targetHints":{"allow":["GET"]}}],"collection":[{"href":"http:\/\/blog.inmontanis.info\/index.php?rest_route=\/wp\/v2\/posts"}],"about":[{"href":"http:\/\/blog.inmontanis.info\/index.php?rest_route=\/wp\/v2\/types\/post"}],"author":[{"embeddable":true,"href":"http:\/\/blog.inmontanis.info\/index.php?rest_route=\/wp\/v2\/users\/1"}],"replies":[{"embeddable":true,"href":"http:\/\/blog.inmontanis.info\/index.php?rest_route=%2Fwp%2Fv2%2Fcomments&post=8410"}],"version-history":[{"count":2,"href":"http:\/\/blog.inmontanis.info\/index.php?rest_route=\/wp\/v2\/posts\/8410\/revisions"}],"predecessor-version":[{"id":8412,"href":"http:\/\/blog.inmontanis.info\/index.php?rest_route=\/wp\/v2\/posts\/8410\/revisions\/8412"}],"wp:featuredmedia":[{"embeddable":true,"href":"http:\/\/blog.inmontanis.info\/index.php?rest_route=\/wp\/v2\/media\/8413"}],"wp:attachment":[{"href":"http:\/\/blog.inmontanis.info\/index.php?rest_route=%2Fwp%2Fv2%2Fmedia&parent=8410"}],"wp:term":[{"taxonomy":"category","embeddable":true,"href":"http:\/\/blog.inmontanis.info\/index.php?rest_route=%2Fwp%2Fv2%2Fcategories&post=8410"},{"taxonomy":"post_tag","embeddable":true,"href":"http:\/\/blog.inmontanis.info\/index.php?rest_route=%2Fwp%2Fv2%2Ftags&post=8410"}],"curies":[{"name":"wp","href":"https:\/\/api.w.org\/{rel}","templated":true}]}}