{"id":8406,"date":"2023-01-15T19:19:38","date_gmt":"2023-01-15T18:19:38","guid":{"rendered":"http:\/\/blog.inmontanis.info\/?p=8406"},"modified":"2023-01-24T19:32:45","modified_gmt":"2023-01-24T18:32:45","slug":"sillian-15-1-2023","status":"publish","type":"post","link":"http:\/\/blog.inmontanis.info\/?p=8406","title":{"rendered":"Sillian, 15.1.2023"},"content":{"rendered":"<p><strong>So, 15.1.2023<\/strong><\/p>\n<p>Auf dem Weg nach Nordtirol (via Brenner) hielt ich heute f\u00fcr etwas Skifahren in Sillian. Da ist mittlerweile die 6EUB-Talabfahrt und die 4KSB (und die 4SB) offen, daf\u00fcr zwei im Dezember noch ge\u00f6ffnete Abfahrtsabschnitte geschlossen und auch nicht mehr pr\u00e4pariert.<\/p>\n<p>St\u00fcrmischen Wind gab es nur im unteren, baumfreien Bereich der EUB. Eigenartigerweise gilt selbst bei offener Talabfahrt an der Mittelstation: &#8220;Aussteigen an der Mittelstation ist verboten&#8221;. Auch schon wieder bescheuert.<\/p>\n<p>Die Abfahrt an der 4KSB war griffiger als die 6KSB-Abfahrt und auch der letzte Hang an der 6EUB war nicht eisig wie erwartet. Leider muss man halt ums ganze Haus rumgehen und wieder rauf. <\/p>\n<p>An der Talstation der 4KSB scheint es keine Parkpl\u00e4tze und wohl auch keine Skipasskasse zu geben. Weiter oben an der 6KSB-Talstation gibts daf\u00fcr Parkpl\u00e4tze. Ob man vom Ende der Talskiroute unterhalb der 4KSB allerdings mit einem Skibus wieder zur 4KSB oder 6KSB kommt, ist fraglich. Da h\u00e4tte man lieber gleich eine EUB aus dem Tal mit einer, ggf  einseitigen zur Kosteneinsparung, Mittelstation bauen sollen&#8230;<\/p>\n<p><a href='http:\/\/ski.inmontanis.info\/d\/310336-2\/DSC06291.jpg'><img src=http:\/\/ski.inmontanis.info\/d\/310335-3\/DSC06291.jpg \/><\/a><br \/>\n^ Talstation und Talabfahrt<\/p>\n<p><a href='http:\/\/ski.inmontanis.info\/d\/310340-2\/DSC06292.jpg'><img src=http:\/\/ski.inmontanis.info\/d\/310339-3\/DSC06292.jpg \/><\/a><br \/>\n^ Talstation und Talabfahrt<\/p>\n<p><a href='http:\/\/ski.inmontanis.info\/d\/310344-2\/DSC06293.jpg'><img src=http:\/\/ski.inmontanis.info\/d\/310343-3\/DSC06293.jpg \/><\/a><br \/>\n^ 6EUB und Talabfahrt<\/p>\n<p><a href='http:\/\/ski.inmontanis.info\/d\/310348-2\/DSC04876_001.jpg'><img src=http:\/\/ski.inmontanis.info\/d\/310347-3\/DSC04876_001.jpg \/><\/a><br \/>\n^ Talstation 4KSB Au\u00dfervillgraten, Von hier ginge noch eine Skiroute bis runter ins Tal. Wegen des bedeckten Himmels hab ich heut etwas mehr mit der IR-Cam fotografiert, damit die B\u00e4ume nicht so dunkel sind.<\/p>\n<p><a href='http:\/\/ski.inmontanis.info\/d\/310352-2\/DSC04882.jpg'><img src=http:\/\/ski.inmontanis.info\/d\/310351-3\/DSC04882.jpg \/><\/a><br \/>\n^ Warum diese Abfahrtsvariante noch geschlossen ist?!<\/p>\n<p><a href='http:\/\/ski.inmontanis.info\/d\/310356-2\/DSC04885_001.jpg'><img src=http:\/\/ski.inmontanis.info\/d\/310355-3\/DSC04885_001.jpg \/><\/a><br \/>\n^ noch geschlossene 6a<\/p>\n<p><a href='http:\/\/ski.inmontanis.info\/d\/310360-2\/DSC04886.jpg'><img src=http:\/\/ski.inmontanis.info\/d\/310359-3\/DSC04886.jpg \/><\/a><br \/>\n^ Wolkendecke \/ Hochnebel zieht von S\u00fcdtirol das Pustertal hinauf, l\u00f6ste sich bei Sillian aber auf<\/p>\n<p><a href='http:\/\/ski.inmontanis.info\/d\/310364-2\/DSC04887.jpg'><img src=http:\/\/ski.inmontanis.info\/d\/310363-3\/DSC04887.jpg \/><\/a><br \/>\n^ Talabfahrt (IR)<\/p>\n<p><a href='http:\/\/ski.inmontanis.info\/d\/310368-2\/DSC04888.jpg'><img src=http:\/\/ski.inmontanis.info\/d\/310367-3\/DSC04888.jpg \/><\/a><br \/>\n^ Burg<\/p>\n<p><a href='http:\/\/ski.inmontanis.info\/d\/310372-2\/DSC04889.jpg'><img src=http:\/\/ski.inmontanis.info\/d\/310371-3\/DSC04889.jpg \/><\/a><br \/>\n^ Talabfahrt (IR)<\/p>\n<p><a href='http:\/\/ski.inmontanis.info\/d\/310376-2\/DSC06296.jpg'><img src=http:\/\/ski.inmontanis.info\/d\/310375-3\/DSC06296.jpg \/><\/a><br \/>\n^ Sportshop unter der Talstation &#8211;  also wenn man schon so bescheuerte \u00d6ffnugszeiten macht, sollte man die Mittagsschlie\u00dfung aber auch korrekt anschreiben &#8211; wann ist nun zu, von 13:01-14:03 oder von 13:03-14:01 ? :)<\/p>\n<p><a href='http:\/\/ski.inmontanis.info\/d\/310380-2\/DSC06297.jpg'><img src=http:\/\/ski.inmontanis.info\/d\/310379-3\/DSC06297.jpg \/><\/a><br \/>\n^ 4SB und SL<\/p>\n<p><a href='http:\/\/ski.inmontanis.info\/d\/310384-2\/DSC04890_001.jpg'><img src=http:\/\/ski.inmontanis.info\/d\/310383-3\/DSC04890_001.jpg \/><\/a><br \/>\n^ Gratabfahrt 1a<\/p>\n<p><a href='http:\/\/ski.inmontanis.info\/d\/310388-2\/DSC04892_001.jpg'><img src=http:\/\/ski.inmontanis.info\/d\/310387-3\/DSC04892_001.jpg \/><\/a><br \/>\n^ geschlossene 1a zur Mittelstation, unspa\u00dfiger Schnee<\/p>\n<p><a href='http:\/\/ski.inmontanis.info\/d\/310392-2\/DSC06298.jpg'><img src=http:\/\/ski.inmontanis.info\/d\/310391-3\/DSC06298.jpg \/><\/a><br \/>\n^ Blick von der 4KSB zu 6KSB und 4SB<\/p>\n<p><a href='http:\/\/ski.inmontanis.info\/d\/310396-2\/ge20230115a.jpg'><img src=http:\/\/ski.inmontanis.info\/d\/310395-3\/ge20230115a.jpg \/><\/a><br \/>\n^ GPS-Track 15.1.2023 in T\u00fcrkis, vorherige Besuche in Orange<\/p>\n<p>Das sollte nun f\u00fcr die n\u00e4chsten ca. 2 Monate mein letzter Saisonkartenskitag gewesen sein.<\/p>\n<p><strong>16.-19.1.2023<\/strong><\/p>\n<p>Bevor ich mein Auto zur Wildschadenreparatur abgab, ging ich noch kurz in den Gigasport und hab nachgefragt. Das erstmalige Anpassen der Skischuhe w\u00e4r im Preis inkludiert, aber es soll dabei eher an den Zehen breiter werden und oben an der Zunge k\u00f6nnen&#8217;s nix machen. Also das mal sein gelassen. <\/p>\n<p>Nachmittags gings mit meiner Mutter nach N\u00fcrnberg\/Umgebung zu ihrer Schwester. Die zieht gerade um, weshalb wir in der alten Wohnung ein paar Tage n\u00e4chtigen k\u00f6nnen.<\/p>\n<p>Am Dienstag gingen wir zum Karpfenessen, am Mittwoch gab&#8217;s f\u00fcr mich Sauerbraten und am Donnerstag am Imbissstand Schaschlick mit Pommes und um g\u00fcnstige 2,- \u20ac 4-N\u00fcrnberger-im-Weckla und dann ging&#8217;s auch schon wieder zur\u00fcck nach Tirol. In den Superm\u00e4rkten in DE laufen auch noch viele mit Maske rum ..<\/p>\n<p><strong>20.1.2023<\/strong><\/p>\n<p>Heute das Auto wieder abgeholt und die 80%-Selbstbehaltunterst\u00fctzung beim \u00d6amtc eingereicht. Zudem h\u00e4tte ich mir im Gigasport den Schienbeinschoner kaufen wollen. H\u00e4tte laut Website lagernd sein sollen &#8211; aber die Verk\u00e4ufer konnten es nicht finden. Evtl. ein Kollege, der gerade auf Mittag ist, in einer halben Stunde w\u00fcrde er mich anrufen. \u00dcbrigens landete ich beim einzigen Verk\u00e4ufer, der eine Maske trug (was mich ja schon wieder genervt hat) &#8211; und auch ein Kunde hatte Maske an. In K\u00e4rnten hab ich sowas die letzten Wochen nirgends gesehen ;)<\/p>\n<p>Jedenfalls kam kein R\u00fcckruf, evtl. 2h sp\u00e4ter, da hatte aber mein Telefon nicht richtig funktioniert &#8211; w\u00e4r eh egal gewesen, da ich jetzt nicht nochmals nach Innsbruck gefahren w\u00e4re.<\/p>\n<p>Ebenfalls gekauft hab ich in Innsbruck nun doch die Sony A6000 mit dem 16-50er Kitobjektiv um 499,-. Die alte Nex hatte mich zuletzt einfach zu oft genervt. Die alte ist mit dem Canon-FD-28mm-Objektiv samt Adapter aber sogar  leichter als die A6000 mit Kitobjektiv. Da Ausstellungsst\u00fcck, bekam ich noch eine 32GB-SD-Karte dazu. Naja, kann man ja immer brauchen. Aber vergessen zu fragen, ob ich stattdessen einen Filter(gewinde)adapter h\u00e4tte haben k\u00f6nnen, falls die einen passenden f\u00fcr meine Standardgr\u00f6\u00dfe gehabt h\u00e4tten. Das Objektiv hat n\u00e4mlich ein sehr eigenartiges Gewindema\u00df, 40.5mm oder sowas, jedenfalls hatte ich da nichts daheim.<\/p>\n","protected":false},"excerpt":{"rendered":"<p>So, 15.1.2023<\/p>\n<p>Auf dem Weg nach Nordtirol (via Brenner) hielt ich heute f\u00fcr etwas Skifahren in Sillian. Da ist mittlerweile die 6EUB-Talabfahrt und die 4KSB (und die 4SB) offen, daf\u00fcr zwei im Dezember noch ge\u00f6ffnete Abfahrtsabschnitte geschlossen und auch nicht mehr pr\u00e4pariert.<\/p>\n<p>St\u00fcrmischen Wind gab es nur im unteren, baumfreien Bereich der EUB. Eigenartigerweise gilt <a href=\"http:\/\/blog.inmontanis.info\/?p=8406\">[&#8230;]<\/a><\/p>\n","protected":false},"author":1,"featured_media":8408,"comment_status":"closed","ping_status":"closed","sticky":false,"template":"","format":"standard","meta":{"footnotes":""},"categories":[13,205,27],"tags":[49,39,90],"class_list":["post-8406","post","type-post","status-publish","format-standard","has-post-thumbnail","hentry","category-austria","category-sillian","category-skifahren-winterskiing-winter","tag-4sb","tag-6eub","tag-infrarot","odd"],"_links":{"self":[{"href":"http:\/\/blog.inmontanis.info\/index.php?rest_route=\/wp\/v2\/posts\/8406","targetHints":{"allow":["GET"]}}],"collection":[{"href":"http:\/\/blog.inmontanis.info\/index.php?rest_route=\/wp\/v2\/posts"}],"about":[{"href":"http:\/\/blog.inmontanis.info\/index.php?rest_route=\/wp\/v2\/types\/post"}],"author":[{"embeddable":true,"href":"http:\/\/blog.inmontanis.info\/index.php?rest_route=\/wp\/v2\/users\/1"}],"replies":[{"embeddable":true,"href":"http:\/\/blog.inmontanis.info\/index.php?rest_route=%2Fwp%2Fv2%2Fcomments&post=8406"}],"version-history":[{"count":2,"href":"http:\/\/blog.inmontanis.info\/index.php?rest_route=\/wp\/v2\/posts\/8406\/revisions"}],"predecessor-version":[{"id":8409,"href":"http:\/\/blog.inmontanis.info\/index.php?rest_route=\/wp\/v2\/posts\/8406\/revisions\/8409"}],"wp:featuredmedia":[{"embeddable":true,"href":"http:\/\/blog.inmontanis.info\/index.php?rest_route=\/wp\/v2\/media\/8408"}],"wp:attachment":[{"href":"http:\/\/blog.inmontanis.info\/index.php?rest_route=%2Fwp%2Fv2%2Fmedia&parent=8406"}],"wp:term":[{"taxonomy":"category","embeddable":true,"href":"http:\/\/blog.inmontanis.info\/index.php?rest_route=%2Fwp%2Fv2%2Fcategories&post=8406"},{"taxonomy":"post_tag","embeddable":true,"href":"http:\/\/blog.inmontanis.info\/index.php?rest_route=%2Fwp%2Fv2%2Ftags&post=8406"}],"curies":[{"name":"wp","href":"https:\/\/api.w.org\/{rel}","templated":true}]}}