{"id":8385,"date":"2023-01-10T20:22:32","date_gmt":"2023-01-10T19:22:32","guid":{"rendered":"http:\/\/blog.inmontanis.info\/?p=8385"},"modified":"2023-01-11T20:57:09","modified_gmt":"2023-01-11T19:57:09","slug":"nassfeld-10-1-2023","status":"publish","type":"post","link":"http:\/\/blog.inmontanis.info\/?p=8385","title":{"rendered":"Nassfeld, 10.1.2023"},"content":{"rendered":"<p><strong>Di, 10.1.2023<\/strong><\/p>\n<p>F\u00fcr Heute meldet Bergfex teils \u00fcber 100 km\/h Wind, zudem weiterhin f\u00fcr die n\u00e4chsten Tage auch etwas Schneefall. Geplant w\u00e4re heute eigentlich Ankogel, das ja sowieso nach wie vor nur die untere Sektion offen hat &#8211; vielleicht liegt das windgesch\u00fctzt genug, dass der Wind dort kein Problem ist. In Folge h\u00e4tte ich logischerweise morgen M\u00f6lltaler Gletscher fahren und am Parkplatz \u00fcbernachten wollen.<\/p>\n<p>F\u00fcr Do+Fr wird f\u00fcr Heiligenblut auch leichter Schneefall gemeldet &#8211; das ist dann fraglich, ob ich da hinter will, wenn im Bereich Villach\/Klagenfurt das Wetter besser sein soll.<\/p>\n<p>Vormittags und auch gegen 11 Uhr in Villach strahlender Sonnenschein und am M\u00f6lltaler wegen Schlechtwetter gar nicht offen, Nebel, Schneesturm. Gar nicht so weit weg eigentlich. Ankogel ebenfalls keine Sonne, generell am Alpenhauptkamm. Dann lieber bei Sonne (wenn auch ggf. eisigem Sturm) zum Goldeck oder Nassfeld?<\/p>\n<p>Also Nassfeld. Dort leider immer noch auf einigen (ge\u00f6ffneten) Pisten aktive Beschneiung. Sonst so gut wie nirgends erlebt heuer. Mittlerweile nat\u00fcrlich mehr offen als Mitte Dezember. Landschaftlich schon sehr nett und im Vergleich zu italienischen Skigebieten mit \u00e4hnlicher Kulisse durchaus weniger modelliert.<\/p>\n<p>\u00dcberhaupt, wenn man sich das mal so durch\u00fcberlegt, sind landschaftlich die Skigebiete in K\u00e4rnten und der Saisonkarte sehr unterschiedlich und abwechslungsreich.<\/p>\n<p>Der dicke (weiche) Spoiler ist eigentlich recht bequem, wenn man in die R\u00fccklage kommt. Da es am Schienbein aber ja eh schon weh tut, ist es schweirig zu sagen, ob es damit besser w\u00e4re oder nicht. Ganz ohne Spoiler und enger geschnallt &#8211; eigentlich auch nicht viel Unterschied. Vielleicht h\u00e4tte ich mir doch einen generell weicheren Schuh mit weniger Flex kaufen sollen?  Sinnvoll k\u00f6nnte vielleicht trotz zwei Einlagen auch ein noch h\u00f6herer Stand in der Ferse sein, was mein Zungenproblem betrifft..<\/p>\n<p>Hab den Spoiler dann mal rechts raus (etwas enger geschnallt, aber den Power-Strap locker gelassen) und links drin gelassen. Schuh f\u00fchlte sich dadurch rechts weicher und eigentlich bequemer an. Jedenfalls war somit auch der Druck am Schienbein geringer. Hab aber auch nur selten Druck gemacht. <\/p>\n<p>Sp\u00e4ter auch links den Spoiler raus, da es sich etwas eng anf\u00fchlte bei R\u00fccklage, aber bei der folgenden Abfahrt w\u00e4r ein Spoiler vielleicht ganz gut gewesen, damit man nicht so leicht so weit zur\u00fcck kommt &#8230;<\/p>\n<p><a href='http:\/\/extra.inmontanis.info\/d\/98204-2\/DSC05867.jpg'><img src=http:\/\/extra.inmontanis.info\/d\/98203-3\/DSC05867.jpg \/><\/a><br \/>\n^ Warum kleine Handstaubsauger neuerdings so einen bl\u00f6den gefalteten Filter haben m\u00fcssen, ist mir unbegreiflich. Umst\u00e4ndlichst zu reinigen und das muss man \u00f6fters als Akku nachladen.<\/p>\n<p><a href='http:\/\/extra.inmontanis.info\/d\/98208-2\/DSC05869.jpg'><img src=http:\/\/extra.inmontanis.info\/d\/98207-3\/DSC05869.jpg \/><\/a><br \/>\n^ Auffahrt Nassfeld<\/p>\n<p><a href='http:\/\/extra.inmontanis.info\/d\/98212-2\/DSC05871.jpg'><img src=http:\/\/extra.inmontanis.info\/d\/98211-3\/DSC05871.jpg \/><\/a><br \/>\n^ Auffahrt Nassfeld<\/p>\n<p><a href='http:\/\/ski.inmontanis.info\/d\/309612-2\/DSC05872.jpg'><img src=http:\/\/ski.inmontanis.info\/d\/309611-3\/DSC05872.jpg \/><\/a><br \/>\n^ Die Parkpl\u00e4tze an den beiden 4KSB (im Bild 4KSB Gartnerkofel) sind nicht unten im Tal, sondern auf der jeweiligen Hangseite, was etwas bl\u00f6d ist.<\/p>\n<p><a href='http:\/\/ski.inmontanis.info\/d\/309616-2\/DSC05873.jpg'><img src=http:\/\/ski.inmontanis.info\/d\/309615-3\/DSC05873.jpg \/><\/a><br \/>\n^ So schaut&#8217;s aus, wenn mal wieder das mit Klebeband eingebaute IR-Filterpl\u00e4ttchen locker ist. Da die Cam oben und unten vertauscht fotografiert, hei\u00dft: oben ist der untere Teil des Sensors und normal, unten ist der obere Teil des Sensors ungefiltert, wobei die auf Rot spezialisierten Sensorpixel das komplette Infrarot mit einfangen und entsprechend alles r\u00f6tlich wird.<\/p>\n<p>Interessant w\u00e4re, wenn die roten Sensorpixel nur sichtbares Rot einfangen w\u00fcrden (so wie gr\u00fcne nur Gr\u00fcn) und zus\u00e4tzliche Pixel Infrarot. Quasi RGB+IR, dann k\u00f6nnte man in der Postproduktion den IR.-Anteil im Bild je nach Lust und Laune  erh\u00f6hen oder weglassen oder in andere Informationen umwandeln (zB. Klarheit, Helligkeit, Kontrast, ..)<\/p>\n<p>Also wieder Objektiv abschrauben m\u00fcssen und das Filterchen mit Finger und somit zus\u00e4tzlichen Schmutz zurechtger\u00fcckt.<\/p>\n<p><a href='http:\/\/ski.inmontanis.info\/d\/309620-2\/DSC05875.jpg'><img src=http:\/\/ski.inmontanis.info\/d\/309619-3\/DSC05875.jpg \/><\/a><br \/>\n^ EUB Millennium Sektion 3<\/p>\n<p><a href='http:\/\/ski.inmontanis.info\/d\/309624-2\/DSC05876.jpg'><img src=http:\/\/ski.inmontanis.info\/d\/309623-3\/DSC05876.jpg \/><\/a><br \/>\n^ 4KSB Tr\u00f6gl und Blick nach Italien<\/p>\n<p><a href='http:\/\/ski.inmontanis.info\/d\/309628-2\/DSC05877.jpg'><img src=http:\/\/ski.inmontanis.info\/d\/309627-3\/DSC05877.jpg \/><\/a><br \/>\n^ Blick zur 6KSB Rudnigsattel<\/p>\n<p><a href='http:\/\/ski.inmontanis.info\/d\/309632-2\/DSC05880.jpg'><img src=http:\/\/ski.inmontanis.info\/d\/309631-3\/DSC05880.jpg \/><\/a><br \/>\n^ 6KSB Rudnigsattel, leider eine Zwangsverriegelungs-Sitzabtrenner-M\u00fcllbahn, die aber noch nicht automatisch schlie\u00dft, so dass man sie trotz Haube \u00fcberlisten kann, wenn man die Skier nicht auf die Fu\u00dfraster stellt. Zwar auch unbequem, aber man kann den B\u00fcgel dann oben zeitiger \u00f6ffnen.<\/p>\n<p><a href='http:\/\/ski.inmontanis.info\/d\/309636-2\/DSC05882.jpg'><img src=http:\/\/ski.inmontanis.info\/d\/309635-3\/DSC05882.jpg \/><\/a><br \/>\n^ EUB Trogkofel von 6KSB Rudnigsattel. Das hat schon auch was. <\/p>\n<p><a href='http:\/\/ski.inmontanis.info\/d\/309640-2\/DSC05883.jpg'><img src=http:\/\/ski.inmontanis.info\/d\/309639-3\/DSC05883.jpg \/><\/a><br \/>\n^ 6KSB Rudnigsattel Pano<\/p>\n<p><a href='http:\/\/ski.inmontanis.info\/d\/309644-2\/DSC05885.jpg'><img src=http:\/\/ski.inmontanis.info\/d\/309643-3\/DSC05885.jpg \/><\/a><br \/>\n^ EUB Trogkofel<\/p>\n<p><a href='http:\/\/ski.inmontanis.info\/d\/309648-2\/DSC05886.jpg'><img src=http:\/\/ski.inmontanis.info\/d\/309647-3\/DSC05886.jpg \/><\/a><br \/>\n^ Blick Talstationen EUB Trogkofel und Zweikofel<\/p>\n<p><a href='http:\/\/ski.inmontanis.info\/d\/309652-2\/DSC05887.jpg'><img src=http:\/\/ski.inmontanis.info\/d\/309651-3\/DSC05887.jpg \/><\/a><br \/>\n^ EUB Trogkofel<\/p>\n<p><a href='http:\/\/ski.inmontanis.info\/d\/309656-2\/DSC05888.jpg'><img src=http:\/\/ski.inmontanis.info\/d\/309655-3\/DSC05888.jpg \/><\/a><br \/>\n^ EUB Trogkofel<\/p>\n<p><a href='http:\/\/ski.inmontanis.info\/d\/309660-2\/DSC05889.jpg'><img src=http:\/\/ski.inmontanis.info\/d\/309659-3\/DSC05889.jpg \/><\/a><br \/>\n^ R\u00fcckseitenpano (Italien) oberhalb EUB Trogkofel Bergstation<\/p>\n<p><a href='http:\/\/ski.inmontanis.info\/d\/309664-2\/DSC05890.jpg'><img src=http:\/\/ski.inmontanis.info\/d\/309663-3\/DSC05890.jpg \/><\/a><br \/>\n^ Oberhalb EUB Trogkofel Bergstation<\/p>\n<p><a href='http:\/\/ski.inmontanis.info\/d\/309668-2\/DSC05891.jpg'><img src=http:\/\/ski.inmontanis.info\/d\/309667-3\/DSC05891.jpg \/><\/a><br \/>\n^ EUB Trogkofel Bergstation<\/p>\n<p><a href='http:\/\/ski.inmontanis.info\/d\/309672-2\/DSC04806_001.jpg'><img src=http:\/\/ski.inmontanis.info\/d\/309671-3\/DSC04806_001.jpg \/><\/a><br \/>\n^ IR-Talpano<\/p>\n<p><a href='http:\/\/ski.inmontanis.info\/d\/309676-2\/DSC04808_001.jpg'><img src=http:\/\/ski.inmontanis.info\/d\/309675-3\/DSC04808_001.jpg \/><\/a><br \/>\n^ R\u00fcckseitenpano (Italien) oberhalb EUB Trogkofel Bergstation (IR). Es war so ein starker Wind, dass man bei den Sitzen aufpassen musste, nicht \u00fcber die Kante geweht zu werden<\/p>\n<p><a href='http:\/\/ski.inmontanis.info\/d\/309680-2\/DSC04814_001.jpg'><img src=http:\/\/ski.inmontanis.info\/d\/309679-3\/DSC04814_001.jpg \/><\/a><br \/>\n^ IR-Pano ins Skigebiet mit 6KSB Rudnigsattel und dahinter 6KSB M\u00f6ssern<\/p>\n<p><a href='http:\/\/ski.inmontanis.info\/d\/309684-2\/DSC04812_001.jpg'><img src=http:\/\/ski.inmontanis.info\/d\/309683-3\/DSC04812_001.jpg \/><\/a><br \/>\n^ Zoom nach Italien (IR)<\/p>\n<p><a href='http:\/\/ski.inmontanis.info\/d\/309688-2\/DSC04818_001.jpg'><img src=http:\/\/ski.inmontanis.info\/d\/309687-3\/DSC04818_001.jpg \/><\/a><br \/>\n^ Abfahrt Zweikofel \/ Talabfahrt<\/p>\n<p><a href='http:\/\/ski.inmontanis.info\/d\/309692-2\/DSC04820_001.jpg'><img src=http:\/\/ski.inmontanis.info\/d\/309691-3\/DSC04820_001.jpg \/><\/a><br \/>\n^ Abfahrt Zweikofel \/ Talabfahrt<\/p>\n<p>Nat\u00fcrlich wollte ich auch noch wissen, wie eisig die Talabfahrt ist. Bis zur Bergstation Sektion 1 war sie &#8211; abgesehen von einem recht langen flachen St\u00fcck, das man nicht bei Pappschnee schieben m\u00f6chte, sch\u00f6n trassiert, aber genau ab Bergstation Sektion 1 wurde sie eiiiisig. Was aufgrund der geringen Steilheit lange Zeit kein Problem war &#8211; bis auf das allerletzte St\u00fcck. Das ist steil und sehr eisig gewesen. War aber auch schon 14:30. Dachte, ich w\u00fcrde da bissl fr\u00fcher dran sein. Sonst h\u00e4tt ich ja gleich unten parken k\u00f6nnen. Tat ich nicht wegen dem bl\u00f6den Parkplatz und weil ich nicht zum Schluss die eisige Talabfahrt mit ggf. hundert anderen fahren wollte.<\/p>\n<p>Oben profitierte man nat\u00fcrlich hier und da vom Neuschnee. Blieb dann quasi zum Schluss. War schon sch\u00f6ner als letztes Mal. Aber mein Lieblingsskigebiet wird&#8217;s sicher nicht mehr werden ;-)<\/p>\n<p><a href='http:\/\/ski.inmontanis.info\/d\/309696-2\/DSC04827.jpg'><img src=http:\/\/ski.inmontanis.info\/d\/309695-3\/DSC04827.jpg \/><\/a><br \/>\n^ Talabfahrt, abgesehen von einem l\u00e4ngeren Flachst\u00fcck durchaus nett bis zur Bergstation Millennium Sektion 1<\/p>\n<p><a href='http:\/\/ski.inmontanis.info\/d\/309700-2\/DSC05895.jpg'><img src=http:\/\/ski.inmontanis.info\/d\/309699-3\/DSC05895.jpg \/><\/a><br \/>\n^ 4KSB Gartnerkofel<\/p>\n<p><a href='http:\/\/ski.inmontanis.info\/d\/309704-2\/DSC05897.jpg'><img src=http:\/\/ski.inmontanis.info\/d\/309703-3\/DSC05897.jpg \/><\/a><br \/>\n^ Dolomitenfeeling, 6KSB Garnitzen 2<\/p>\n<p><a href='http:\/\/ski.inmontanis.info\/d\/309708-2\/DSC05898.jpg'><img src=http:\/\/ski.inmontanis.info\/d\/309707-3\/DSC05898.jpg \/><\/a><br \/>\n^ 6KSB Garnitzen 2<\/p>\n<p><a href='http:\/\/ski.inmontanis.info\/d\/309712-2\/DSC05901.jpg'><img src=http:\/\/ski.inmontanis.info\/d\/309711-3\/DSC05901.jpg \/><\/a><br \/>\n^ 6KSB Garnitzen 2 \/ Blick nach Italien<\/p>\n<p><a href='http:\/\/ski.inmontanis.info\/d\/309716-2\/DSC05905.jpg'><img src=http:\/\/ski.inmontanis.info\/d\/309715-3\/DSC05905.jpg \/><\/a><br \/>\n^ 6KSB Garnitzen 1-2<\/p>\n<p><a href='http:\/\/ski.inmontanis.info\/d\/309720-2\/DSC05907.jpg'><img src=http:\/\/ski.inmontanis.info\/d\/309719-3\/DSC05907.jpg \/><\/a><br \/>\n^ SL Watschiger-Alm<\/p>\n<p><a href='http:\/\/ski.inmontanis.info\/d\/309724-2\/ge20230110a.jpg'><img src=http:\/\/ski.inmontanis.info\/d\/309723-3\/ge20230110a.jpg \/><\/a><br \/>\n^ GPS-Track 10.1.2023 in T\u00fcrkis, vorheriger Besuch in Orange<\/p>\n<p>Morgen werd ich rechts mal die Heizeinlage aus dem Strolz testen, denn die ist im Fersenbereich dicker. <\/p>\n<p>Wohin die n\u00e4chsten Tage? Tja, wetterabh\u00e4ngig doch eher s\u00fcdlich als n\u00f6rdlich? Ich fuhr mal zum bekannten g\u00fcnstigen Stellplatz auf der Gailberhgh\u00f6he. Dort waren mal wieder die Spikes (an den Schuhen) sinnvoll, denn es war sehr eisig. <\/p>\n<p><a href='http:\/\/extra.inmontanis.info\/d\/98216-2\/DSC05919.jpg'><img src=http:\/\/extra.inmontanis.info\/d\/98215-3\/DSC05919.jpg \/><\/a><br \/>\n^ Im Gailtal liegt auf ca. 600hm noch gut Schnee! Trotzdem ist in K\u00f6tschach die DSB wegen Schneemangels schon seit vor dem Jahreswechsel zu.<\/p>\n<p>&#8211; &#8211; &#8211;<br \/>\nAus aktuellem Anlass mal wieder 2 politische Links:<br \/>\n<a href='https:\/\/www.anti-spiegel.ru\/2023\/deutsche-medien-und-die-10-regeln-der-kriegspropaganda\/'>https:\/\/www.anti-spiegel.ru\/2023\/deutsche-medien-und-die-10-regeln-der-kriegspropaganda\/<\/a><br \/>\n<a href='https:\/\/www.anti-spiegel.ru\/2023\/warum-finnland-auf-die-anti-russische-linie-umgeschwenkt-ist\/'>https:\/\/www.anti-spiegel.ru\/2023\/warum-finnland-auf-die-anti-russische-linie-umgeschwenkt-ist\/<\/a><\/p>\n","protected":false},"excerpt":{"rendered":"<p>Di, 10.1.2023<\/p>\n<p>F\u00fcr Heute meldet Bergfex teils \u00fcber 100 km\/h Wind, zudem weiterhin f\u00fcr die n\u00e4chsten Tage auch etwas Schneefall. Geplant w\u00e4re heute eigentlich Ankogel, das ja sowieso nach wie vor nur die untere Sektion offen hat &#8211; vielleicht liegt das windgesch\u00fctzt genug, dass der Wind dort kein Problem ist. In Folge h\u00e4tte ich logischerweise <a href=\"http:\/\/blog.inmontanis.info\/?p=8385\">[&#8230;]<\/a><\/p>\n","protected":false},"author":1,"featured_media":8387,"comment_status":"closed","ping_status":"closed","sticky":false,"template":"","format":"standard","meta":{"footnotes":""},"categories":[214,13,27],"tags":[49,56,90,47],"class_list":["post-8385","post","type-post","status-publish","format-standard","has-post-thumbnail","hentry","category-nassfeld","category-austria","category-skifahren-winterskiing-winter","tag-4sb","tag-6sb","tag-infrarot","tag-sl","odd"],"_links":{"self":[{"href":"http:\/\/blog.inmontanis.info\/index.php?rest_route=\/wp\/v2\/posts\/8385","targetHints":{"allow":["GET"]}}],"collection":[{"href":"http:\/\/blog.inmontanis.info\/index.php?rest_route=\/wp\/v2\/posts"}],"about":[{"href":"http:\/\/blog.inmontanis.info\/index.php?rest_route=\/wp\/v2\/types\/post"}],"author":[{"embeddable":true,"href":"http:\/\/blog.inmontanis.info\/index.php?rest_route=\/wp\/v2\/users\/1"}],"replies":[{"embeddable":true,"href":"http:\/\/blog.inmontanis.info\/index.php?rest_route=%2Fwp%2Fv2%2Fcomments&post=8385"}],"version-history":[{"count":3,"href":"http:\/\/blog.inmontanis.info\/index.php?rest_route=\/wp\/v2\/posts\/8385\/revisions"}],"predecessor-version":[{"id":8389,"href":"http:\/\/blog.inmontanis.info\/index.php?rest_route=\/wp\/v2\/posts\/8385\/revisions\/8389"}],"wp:featuredmedia":[{"embeddable":true,"href":"http:\/\/blog.inmontanis.info\/index.php?rest_route=\/wp\/v2\/media\/8387"}],"wp:attachment":[{"href":"http:\/\/blog.inmontanis.info\/index.php?rest_route=%2Fwp%2Fv2%2Fmedia&parent=8385"}],"wp:term":[{"taxonomy":"category","embeddable":true,"href":"http:\/\/blog.inmontanis.info\/index.php?rest_route=%2Fwp%2Fv2%2Fcategories&post=8385"},{"taxonomy":"post_tag","embeddable":true,"href":"http:\/\/blog.inmontanis.info\/index.php?rest_route=%2Fwp%2Fv2%2Ftags&post=8385"}],"curies":[{"name":"wp","href":"https:\/\/api.w.org\/{rel}","templated":true}]}}