{"id":8360,"date":"2023-01-07T19:33:12","date_gmt":"2023-01-07T18:33:12","guid":{"rendered":"http:\/\/blog.inmontanis.info\/?p=8360"},"modified":"2023-01-08T21:00:09","modified_gmt":"2023-01-08T20:00:09","slug":"hochrindl-7-1-2023","status":"publish","type":"post","link":"http:\/\/blog.inmontanis.info\/?p=8360","title":{"rendered":"Hochrindl, 7.1.2023 &#8211; Neue Skischuhe"},"content":{"rendered":"<p><strong>Sa, 7.1.2023<\/strong><\/p>\n<p>Hab gestern endlich dran gedacht, den Staubsauger rauszuholen, so dass ich morgens mal versuchen konnte, die Fenster von der N\u00e4sse abzsaugen. Also es hat sich schon einiges an Fl\u00fcssigkeit im Staubsauger gesammelt, aber man bekommt nicht alles von den Fenstern und mit der winzigen D\u00fcse dauert das auch recht lange.<\/p>\n<p>Heute wollte ich nochmals Hochrindl fahren, da dort bei meinem vorherigen Besuch ja zwei Lifte noch nicht in Betrieb waren, die jetzt in Betrieb sein sollten.<\/p>\n<p>Morgen Sonntag soll es abends und dann bis Montag Mittag 15-20cm schneien. Wo also Sonntag Skifahren, wo \u00fcbernachten? Fraglich, fraglich. Wollte hier in der Gegend nochmals Falkert besuchen, aber auch BKK, Falkert mit seinen Sonnenh\u00e4ngen ohne Sonne ist ja auch etwas bl\u00f6d. BKK mit der einen oder anderen Gondel w\u00fcrd sich als Schlechtwetterskigebiet am Montag eignen. <\/p>\n<p>Man k\u00f6nnte sich am Montag auch die Skischuhe in Villach kaufen &#8211; aber da gibt es sie nun nicht mehr. Soll ich sie mir nun anderswo kaufen oder nicht. Hab eigentlich meine alten Strolz dabei, als kurzfristiger Ersatz, falls bei einem der neueren was sein sollte. In Klagenfurt g\u00e4bs noch welche &#8211; da k\u00e4m ich heute fr\u00fch quasi vorbei. Vielleicht sollte ich sie erst nochmals mit Skistr\u00fcmpfen und Heizeinlagen probieren&#8230;<\/p>\n<p>Im Klagenfurter Becken heute wieder viel Nebel, die sind ja auch ganz sch\u00f6n gestraft hier. <\/p>\n<p>Nunja, also dann noch am Gigasport in Klagenfurt vorbeigefahren, wobei die Schuhe mit Heizeinlagen statt normalen vorne noch lockerer waren, da sie sehr breit sind. Evtl. beide, falls Platz, oder vorne 2 und hinten 1 Einlage? Muss man vorne \u00fcberhaupt so fest sein? Muss ich halt mal austesten. L\u00e4ngenm\u00e4\u00dfig waren sie aber ok, also rechter (l\u00e4ngerer) Fu\u00df war durchaus knapp vorne am Ende.<\/p>\n<p>Im Gegengesatz zur Packung in Villach letztens waren hier keine alten Abs\u00e4tze mehr dabei, hab aber welche mitbekommen. Und als ich die 10% hinsichtlich Geizhals-Gutscheincode erw\u00e4hnt hab, hab ich sogar 20% bekommen, also 423,99 \u20ac und mit der Geschenkkarte, die ich ja noch hatte, musste ich dann 323,99 effektiv zahlen. Passt doch.<\/p>\n<p>Allerdings hab ich jetzt 3 Paar Skischuhe dabei, da ich vorsichtshalber meine alten Strolz auch noch mitgenommen hatte, weil ich ja nicht wusste, ob ich mir die Nordica nun kaufen werde. Also entweder nochmals heimfahren oder dann n\u00e4chste Woche bei Mutter im Keller 1 paar alte Strolz deponieren&#8230;<\/p>\n<p>Da ich aber ja erst noch die Abs\u00e4tze tauschen muss, werd ich heute mit den Strolz fahren.<\/p>\n<p>Auf dem Weg zur Hochrindl kam ich dann einer Abzweigung zu einem Ort namens &#8220;Albern&#8221; vorbei. Wie albern ist der Name denn! Wobei ich &#8220;Gurk&#8221; und &#8220;Gurktal&#8221; ja schon auch recht albern finde. Schurke, Schurke, wo ist die Gurke? Na in Gurk, beim Turk!<\/p>\n<p>Teilweise gab es in den schmalen T\u00e4lern der Gurktaler Alpen sogar noch auf unter 800m eine geschlossene Schneedecke &#8211; in der Talsohle.<\/p>\n<p>Die erste Abfahrt vom Parkplatz zur SL-Talstation war mal sehr abgefahren, an der sonnigen 4SB ging&#8217;s schon besser, auch die schwarze am Gegenhang war besser als gestern die Petzenpisten&#8230;<\/p>\n<p>&#8230; aber im Laufe des Tages fiel mir auf, dass ich ja noch mit den (Head-) Allmountains unterwegs war, gestern auch. Na dann muss man sich ja nicht wundern, warum es mir gar so eisig vorkam :) Trotzdem heut hier besser als Petzen gestern. Jedenfalls sp\u00e4ter noch die Skier gewechselt. Um Welten besserer Halt! Obwohl ja beide vmtl. ziemlich gleich abgefahrene Kanten haben. <\/p>\n<p>Schon recht nett, die Hochrindl, blieb fast bis zum Schluss. Insbesondere die sonnigen 4SB-Abfahrten waren sch\u00f6n weich. Aber das Skigebiet ist auch recht abwechslungsreich, verschiedene Hangrichtungen, verschieden steil, Schwerpunkt SL mit einer Sesselbahn zum Ausruhen, sch\u00f6ner Mix. Beim rechten SL w\u00e4re aber noch eine etwas au\u00dfenrumf\u00fchrende blaue Variante sch\u00f6n.<\/p>\n<p>Ob mir das Skigebiet auch vor den 2 Jahren Schweden so gut gefallen h\u00e4tte, wei\u00df ich ja nicht. Wobei es in Schweden ja auch wenig Skigebiete gibt, die so oder \u00e4hnlich aufgebaut sind, meist spielt sich da ja alles auf einer Hangseite ab.<\/p>\n<p><a href='http:\/\/ski.inmontanis.info\/d\/309392-2\/DSC05758.jpg'><img src=http:\/\/ski.inmontanis.info\/d\/309391-3\/DSC05758.jpg \/><\/a><br \/>\n^ Parkpl\u00e4tze am mittleren SL Kegel &#8211; n\u00e4her an der Piste kann man nicht parken ;)<\/p>\n<p><a href='http:\/\/ski.inmontanis.info\/d\/309396-2\/DSC05759.jpg'><img src=http:\/\/ski.inmontanis.info\/d\/309395-3\/DSC05759.jpg \/><\/a><br \/>\n^ Abfahrt 4SB, gegen\u00fcber SL Krucken<\/p>\n<p><a href='http:\/\/ski.inmontanis.info\/d\/309400-2\/DSC05760.jpg'><img src=http:\/\/ski.inmontanis.info\/d\/309399-3\/DSC05760.jpg \/><\/a><br \/>\n^ SL Krucken, nur die linke Abfahrt offen<\/p>\n<p><a href='http:\/\/ski.inmontanis.info\/d\/309404-2\/DSC05762.jpg'><img src=http:\/\/ski.inmontanis.info\/d\/309403-3\/DSC05762.jpg \/><\/a><br \/>\n^ 4SB und SL Krucken<\/p>\n<p><a href='http:\/\/ski.inmontanis.info\/d\/309408-2\/DSC05764.jpg'><img src=http:\/\/ski.inmontanis.info\/d\/309407-3\/DSC05764.jpg \/><\/a><br \/>\n^ SL Krucken<\/p>\n<p><a href='http:\/\/ski.inmontanis.info\/d\/309412-2\/DSC05766.jpg'><img src=http:\/\/ski.inmontanis.info\/d\/309411-3\/DSC05766.jpg \/><\/a><br \/>\n^ Pano SL Krucken Bergstation mit dem schon fast obligatorischen Nebelmeer<\/p>\n<p><a href='http:\/\/ski.inmontanis.info\/d\/309416-2\/DSC04784.jpg'><img src=http:\/\/ski.inmontanis.info\/d\/309415-3\/DSC04784.jpg \/><\/a><br \/>\n^ IR-Pano SL Krucken<\/p>\n<p><a href='http:\/\/ski.inmontanis.info\/d\/309420-2\/DSC05767.jpg'><img src=http:\/\/ski.inmontanis.info\/d\/309419-3\/DSC05767.jpg \/><\/a><br \/>\n^ Vom SL Krucken zur 4SB<\/p>\n<p><a href='http:\/\/ski.inmontanis.info\/d\/309424-2\/DSC04786.jpg'><img src=http:\/\/ski.inmontanis.info\/d\/309423-3\/DSC04786.jpg \/><\/a><br \/>\n^ .. und in IR<\/p>\n<p><a href='http:\/\/ski.inmontanis.info\/d\/309428-2\/DSC05769.jpg'><img src=http:\/\/ski.inmontanis.info\/d\/309427-3\/DSC05769.jpg \/><\/a><br \/>\n^ 4SB<\/p>\n<p><a href='http:\/\/ski.inmontanis.info\/d\/309432-2\/DSC05770.jpg'><img src=http:\/\/ski.inmontanis.info\/d\/309431-3\/DSC05770.jpg \/><\/a><br \/>\n^ SL Stoichart, war aber nicht immer so leer heute<\/p>\n<p><a href='http:\/\/ski.inmontanis.info\/d\/309436-2\/DSC05771.jpg'><img src=http:\/\/ski.inmontanis.info\/d\/309435-3\/DSC05771.jpg \/><\/a><br \/>\n^ SL Zirben<\/p>\n<p><a href='http:\/\/ski.inmontanis.info\/d\/309440-2\/DSC05772.jpg'><img src=http:\/\/ski.inmontanis.info\/d\/309439-3\/DSC05772.jpg \/><\/a><br \/>\n^ Kein N\u00e4chtigungsplatz hier<\/p>\n<p><a href='http:\/\/ski.inmontanis.info\/d\/309444-2\/DSC05773.jpg'><img src=http:\/\/ski.inmontanis.info\/d\/309443-3\/DSC05773.jpg \/><\/a><br \/>\n^ SL Krucken<\/p>\n<p><a href='http:\/\/ski.inmontanis.info\/d\/309448-2\/DSC05775.jpg'><img src=http:\/\/ski.inmontanis.info\/d\/309447-3\/DSC05775.jpg \/><\/a><br \/>\n^ 4SB und evtl. Vorg\u00e4nger-SL-Lifttrasse. Der ging allerdings ganz wo anders raus<\/p>\n<p><a href='http:\/\/ski.inmontanis.info\/d\/309452-2\/DSC05777.jpg'><img src=http:\/\/ski.inmontanis.info\/d\/309451-3\/DSC05777.jpg \/><\/a><br \/>\n^ Linke 4SB-Abfahrt und evtl. Vorg\u00e4nger-SL-Lifttrasse.<\/p>\n<p><a href='http:\/\/ski.inmontanis.info\/d\/309456-2\/DSC05776.jpg'><img src=http:\/\/ski.inmontanis.info\/d\/309455-3\/DSC05776.jpg \/><\/a><br \/>\n^ Hier gibts auch ein paar Tische\/B\u00e4nke und wohl ein (Trocken-) WC-H\u00e4uschen.<\/p>\n<p><a href='http:\/\/ski.inmontanis.info\/d\/309460-2\/DSC05780.jpg'><img src=http:\/\/ski.inmontanis.info\/d\/309459-3\/DSC05780.jpg \/><\/a><br \/>\n^ S\u00fcdpano SL Krucken mit Garlitzen<\/p>\n<p><a href='http:\/\/ski.inmontanis.info\/d\/309464-2\/ge20230107b.jpg'><img src=http:\/\/ski.inmontanis.info\/d\/309463-3\/ge20230107b.jpg \/><\/a><br \/>\n^ GPS-Track 7.1.2023 in T\u00fcrkis, vorheriger Besuch in Orange<\/p>\n<p>Da ich logischerweise heute noch einen Supermarkt besuchen wolte, der letzte war im letzten Jahr, musste ich etwas Umweg nehmen, da der eine Spar samstags nicht nachmittags offen hat. Grundlegend wollt ich heut n\u00e4mlich am Falkert-Skigebietsparkplatz \u00fcbernachten. Offiziell als Stellplatz ausgeschildert, aber leider sehr schr\u00e4g. Ggf morgen Nachmittag noch nach BKK wechseln und in Villach am Campingplatz \u00fcbernachten.<\/p>\n<p>Wenn ich noch eine Idee h\u00e4tte, wo ich daheim nach den Skifellen suchen k\u00f6nnte, w\u00fcrd ich ja heimfahren und dabei gleich die alten Strolz wieder deponieren. Naja, wahrscheinlich werd ich die Tourenski ja eh nicht brauchen in den n\u00e4chsten 2 Monaten. Oder sie vielleicht mal als Freerideskier verwenden.<\/p>\n<p><a href='http:\/\/extra.inmontanis.info\/d\/98172-2\/DSC05784.jpg'><img src=http:\/\/extra.inmontanis.info\/d\/98171-3\/DSC05784.jpg \/><\/a><br \/>\n^ 4 W\u00fcrstl, paar Pommes, K\u00e4se, BBQ-Sauce, Rosmarin. Und morgen das gleiche.<\/p>\n<p><a href='http:\/\/extra.inmontanis.info\/d\/98176-2\/DSC05785.jpg'><img src=http:\/\/extra.inmontanis.info\/d\/98175-3\/DSC05785.jpg \/><\/a><br \/>\n^ Neue Nordica Heckeinsteiger (HF GW 120 Pro). Die eine Schnalle vorne kann wohl geschlossen bleiben, man kann auch so ein- und aussteigen. Fr\u00fcher hatten diese Heckeinsteiger ja anstatt einer Schnalle so ein Teil zum Drehen (noch etwas weiter vorne)<\/p>\n<p>Die zwei Schlaufen oben sind auch nett, damit kann man als Zusatzfeature die Schuhe auch sch\u00f6n tragen bzw. hochheben. <\/p>\n<p><a href='http:\/\/extra.inmontanis.info\/d\/98180-2\/DSC05788.jpg'><img src=http:\/\/extra.inmontanis.info\/d\/98179-3\/DSC05788.jpg \/><\/a><br \/>\n^ Neue Nordica Heckeinsteiger<\/p>\n<p>Das &#8220;HF&#8221; hei\u00dft \u00fcbrigens Hands-Free. Weil man die hintere Schnalle mit dem anderen Schuh bzw. dem Stecken \u00f6ffnen und schlie\u00dfen k\u00f6nnen soll. Aber bei dem 120er Pro-Modell hat&#8217;s ja noch den Power-Strap, der geht dann nicht mehr Handsfree ;)<\/p>\n<p><a href='http:\/\/extra.inmontanis.info\/d\/98184-2\/DSC05790.jpg'><img src=http:\/\/extra.inmontanis.info\/d\/98183-3\/DSC05790.jpg \/><\/a><br \/>\n^ .. allerdings mit den neuen Gripwalk-Abs\u00e4tzen<\/p>\n<p><a href='http:\/\/extra.inmontanis.info\/d\/98188-2\/DSC05791.jpg'><img src=http:\/\/extra.inmontanis.info\/d\/98187-3\/DSC05791.jpg \/><\/a><br \/>\n^ .. da m\u00fcssen erst mal die alten Abs\u00e4tze dran, damit das mit meinen alten Bindungen funktioniert.<\/p>\n<p>Das Ummontieren der Sohlenabs\u00e4tze war auch anstrengend und zeitaufwendiger, hatte auch nicht den korrekten Schrauber dabei. H\u00e4tt ich mal gleich im Sportgesch\u00e4ft machen lassen sollen.<\/p>\n<p>Wie schon mal gesagt, meine letzten Heckeinsteiger waren auch von Nordica, wei\u00dfe, damals glaub gebraucht gekauft wegen der integrierten Heizeinlage und irgendwo integriertem Akku. Die hatte auf der kompletten Fu\u00dffl\u00e4che ein Raster an Dr\u00e4hten, wodurch es immer wieder Leitungsbr\u00fcche gab, die ich dann \u00fcberbr\u00fcckend verl\u00f6tet hab. Danach hatte ich rote, halbtransparente Salomon, wenn ich mich nicht irre. Die hab ich leider nie dicht bekommen, da waren meine F\u00fc\u00dfe im Fr\u00fchjahr und Sommer immer nass, mehrfach den Innenschuh mit Gewebeband geklebt, in eine Plastikt\u00fcte gesteckt, nix geholfen. Glaub das war zu Zeiten, wo ich den langen Fischer Ski fuhr, also Ende 90er. Ob ich dann nochmals Schuhe hatte vor den Strolz, wei\u00df ich gar nicht mehr. Vielleicht waren die undichten auch gar nicht die halbtransparent-roten sondern die davor. Oder waren die Nordica nach den roten und vor den Strolz? <\/p>\n<p>Zuvor, zu Kinder- und Jugendzeit, d\u00fcrfte ich auch meistens Heckeinsteiger gehabt haben. War bei uns in der Familie halt so \u00fcblich. Genauso wie Automatikgetriebe bei Autos. Warum umst\u00e4ndlich, wenn man es einfach haben kann. Aber an Schuhe kann ich mich noch weniger erinnern als an die Ski, die ich damals fuhr. Ich glaub, ich hatte mal einen Blizzard-Ski, den ich aufgrund des Designs haben wollte. So schwarz-lila-t\u00fcrkis-neon-sp\u00e4t-80er-fr\u00fch-90er-m\u00e4\u00dfig.<\/p>\n<p>Aber wenn jetzt die Heckeinsteiger wieder kommen &#8211; ob dann auch die Parablacks wieder kommen? ;) Die hatte mein Vater auch mal. Und hin und wieder k\u00f6nnte ich die schon auch brauchen. Was Overalls angeht, die k\u00f6nnten wohl auch bald wieder kommen &#8211; hatte ich da nicht letzten Sommer Jugendliche auf der Stra\u00dfe in quasi &#8220;Strampelanz\u00fcgen&#8221; rumlaufen sehen?<\/p>\n<p>Oha, kannte ich noch nicht. Zus\u00e4tzlich zu Front- und Heckeinsteigern gab es auch mal einen Seiteneinstieg:<br \/>\n<a href='https:\/\/en.wikipedia.org\/wiki\/File:Rosemount_Ski_Boots.jpg'>https:\/\/en.wikipedia.org\/wiki\/File:Rosemount_Ski_Boots.jpg<\/a><\/p>\n<p>Fun-Fact: Der Firmensitz von Nordica soll s\u00fcdlich von Nevegal, n\u00e4he Valdobbiadene sein. Das dortige Ex-Skigebiet Monte Cesen wollte ich beim ersten Hochrindl-Bericht mehrfach als Vergleich anf\u00fchren, aber beim Anschauen der Bilder hatte dann doch nicht alles so gepasst. <\/p>\n<p>&#8211;<\/p>\n<p>Wie man an den mittlerweile wieder verschmutzten Bildern sieht &#8211; das Camthema l\u00e4sst mich nicht locker. Die aktuelle alte Nex war ja mal meine IR-Cam und um nicht die ganze Cam zu zerlegen, hab ich dann einfach den IR-Sperrfilter von vorne reingeklebt mit doppelseitigem Klebeband. H\u00e4lt aber nicht durchgehend an allen Seiten, dann klappt der Filter quasi runter (und ich k\u00f6nnte IR fotografieren), Schmutz kommt auf den Sensor und auf beide Seiten vom Sperrfilterglas, das ich dann mit den Fingern wieder festdr\u00fccke &#8212; alles keine Dauerl\u00f6sung. Aber nach wie vor unschl\u00fcssig, was ich mir kaufen soll. Jedenfalls will ich nicht mehr als 500 \u20ac ausgeben, vielleicht maximal ein bisschen dr\u00fcber.<\/p>\n","protected":false},"excerpt":{"rendered":"<p>Sa, 7.1.2023<\/p>\n<p>Hab gestern endlich dran gedacht, den Staubsauger rauszuholen, so dass ich morgens mal versuchen konnte, die Fenster von der N\u00e4sse abzsaugen. Also es hat sich schon einiges an Fl\u00fcssigkeit im Staubsauger gesammelt, aber man bekommt nicht alles von den Fenstern und mit der winzigen D\u00fcse dauert das auch recht lange.<\/p>\n<p>Heute wollte ich <a href=\"http:\/\/blog.inmontanis.info\/?p=8360\">[&#8230;]<\/a><\/p>\n","protected":false},"author":1,"featured_media":8364,"comment_status":"closed","ping_status":"closed","sticky":false,"template":"","format":"standard","meta":{"footnotes":""},"categories":[208,13,27],"tags":[49,90,77,47],"class_list":["post-8360","post","type-post","status-publish","format-standard","has-post-thumbnail","hentry","category-hochrindl","category-austria","category-skifahren-winterskiing-winter","tag-4sb","tag-infrarot","tag-nebelmeer","tag-sl","odd"],"_links":{"self":[{"href":"http:\/\/blog.inmontanis.info\/index.php?rest_route=\/wp\/v2\/posts\/8360","targetHints":{"allow":["GET"]}}],"collection":[{"href":"http:\/\/blog.inmontanis.info\/index.php?rest_route=\/wp\/v2\/posts"}],"about":[{"href":"http:\/\/blog.inmontanis.info\/index.php?rest_route=\/wp\/v2\/types\/post"}],"author":[{"embeddable":true,"href":"http:\/\/blog.inmontanis.info\/index.php?rest_route=\/wp\/v2\/users\/1"}],"replies":[{"embeddable":true,"href":"http:\/\/blog.inmontanis.info\/index.php?rest_route=%2Fwp%2Fv2%2Fcomments&post=8360"}],"version-history":[{"count":8,"href":"http:\/\/blog.inmontanis.info\/index.php?rest_route=\/wp\/v2\/posts\/8360\/revisions"}],"predecessor-version":[{"id":8369,"href":"http:\/\/blog.inmontanis.info\/index.php?rest_route=\/wp\/v2\/posts\/8360\/revisions\/8369"}],"wp:featuredmedia":[{"embeddable":true,"href":"http:\/\/blog.inmontanis.info\/index.php?rest_route=\/wp\/v2\/media\/8364"}],"wp:attachment":[{"href":"http:\/\/blog.inmontanis.info\/index.php?rest_route=%2Fwp%2Fv2%2Fmedia&parent=8360"}],"wp:term":[{"taxonomy":"category","embeddable":true,"href":"http:\/\/blog.inmontanis.info\/index.php?rest_route=%2Fwp%2Fv2%2Fcategories&post=8360"},{"taxonomy":"post_tag","embeddable":true,"href":"http:\/\/blog.inmontanis.info\/index.php?rest_route=%2Fwp%2Fv2%2Ftags&post=8360"}],"curies":[{"name":"wp","href":"https:\/\/api.w.org\/{rel}","templated":true}]}}