{"id":8353,"date":"2023-01-06T18:29:03","date_gmt":"2023-01-06T17:29:03","guid":{"rendered":"http:\/\/blog.inmontanis.info\/?p=8353"},"modified":"2023-01-07T19:04:41","modified_gmt":"2023-01-07T18:04:41","slug":"petzen-6-1-2023-unposted","status":"publish","type":"post","link":"http:\/\/blog.inmontanis.info\/?p=8353","title":{"rendered":"Petzen, 6.1.2023"},"content":{"rendered":"<p><strong>Fr, 6.1.2023<\/strong><\/p>\n<p>Gestern Abend ist mir zuf\u00e4lligerweise noch einer meiner beiden italienischer Strom-Stecker-Adapter in die H\u00e4nde gefallen, daher noch den anderen gesucht, gefunden und eingesteckt. Wer wei\u00df, ob ich den auf irgendeinem Campingplatz oder, falls ich mal in einem Zimmer \u00fcbernachte, dort brauchen kann..<\/p>\n<p>Nebenbei hab ich mir nun also das gr\u00f6\u00dfere Ladeger\u00e4t f\u00fcr&#8217;s Auto bestellt, mit 18A statt dem bisherigen 30A aber entschieden schw\u00e4cher, d.h. ich m\u00fcsste l\u00e4nger fahren. 30A h\u00e4tte es zwar auch gegeben, war aber wesentlich teurer. Oder ein zweites Ladeger\u00e4t parallel anh\u00e4ngen. Bin schon froh, wenn ich das irgendwie unterkrieg. Ok, ich k\u00f6nnte dann noch das 230V-5A-Netzteil parallel dranh\u00e4ngen. Arbeitet halt mit Verlusten \u00fcber den 230V-Wechselrichter. Ein 5-7A-Netzteil f\u00fcr den &#8220;Zigarettenanz\u00fcnder&#8221; w\u00e4r vielleicht noch interessant (anstelle des 230V-Ger\u00e4ts dann), wobei, dann h\u00e4tt ich ja noch ein Ger\u00e4t mehr .. <\/p>\n<p>Vorteil des 18A-Ger\u00e4ts, wie gesagt, dass ich vielleicht im Stand leichter nachladen kann, ohne die Lichtmaschine zu sehr zu stressen \/ zu killen, weshalb ich ja eine gebrauchte via Ebay gekauft hatte. Die soll dann n\u00e4chste Woche beim Wildschaden-Werkstatttermin ausgetauscht werden. Mal gespannt, ob die tats\u00e4chlich 1. funktioniert und 2. besser als meine ist.<\/p>\n<p>Eine weitere Entscheidung war hinsichtlich Skiern n\u00f6tig, welche ich mitnehmen will. Eine Italienreise ohne Carpani-Ski geht nat\u00fcrlich nicht. Allmountainm\u00e4\u00dfig hab ich seit vorgestern wieder die alten Head von meinem Vater aktiviert. Zweifelhafter war, ob ich die Tourenski mitnehmen m\u00f6chte. Wenn jeden Tag Lifte laufen, brauch ich die nat\u00fcrlich nicht. Aber falls ich mal in einer Gegend bin, wo alle Gebiete in der Gegend nur am WE in Betrieb sind, k\u00f6nnte eine Tour unter der Woche schon in Frage kommen.<\/p>\n<p>Sinnlos durch die Gegend fahren, macht die Ski aber auch nicht haltbarer, insbesondere am Skitr\u00e4ger der N\u00e4sse ausgesetzt. Meine Kanten sind eh alle sehr rostig mittlerweile. Evtl. in den Skisack, der h\u00e4lt vielleicht etwas N\u00e4sse ab, daf\u00fcr schwitzen die Skier dann von Innen? N\u00e4chstes Problem, dass es da oben etwas eng wird mit 3 Paar Skiern plus Stecken neben dem Ersatzrad. Allerdings k\u00f6nnte ich den Skitr\u00e4ger noch etwas seitlich raus verschieben. Und das &#8220;Kellerfach&#8221; unterm Bett f\u00e4llt eher aus, da da das P\u00e4ckchen mit der Lichtmaschine liegt und ich dann meine ersetzte ja auch zumindest eine Zeit lang mitnehmen m\u00f6chte.<\/p>\n<p>Bevor ich abfuhr, hab ich noch die Cams und Objektive gewogen &#8211; im Hinblick auf den eventuellen Kauf einer neuen und in Kombination mit der IR-Cam, also falls ich beide dabei haben m\u00f6chte, sowohl mit meiner alten zumeist genutzten Kombination, wie auch die in Frage kommenden neuen Cams:<\/p>\n<p>   820g IR-Cam mit Kit &#038; Pana TZ101 (= Normalzoom<br \/>\n   980g IR-Cam mit Kit &#038; A6000 mit Kit (= Mini-IR&#038;Mini-NormalZoom<br \/>\n1170g IR-Cam mit Kit &#038; Alte Nex mit Tokina17 + Canonadapter (= nur Mini-IR-Zoom<br \/>\n1365g IR-Cam mit Kit &#038; Alte Nex mit Samy20 (= nur Mini-IR-Zoom<br \/>\n1410g IR-Cam mit Kit + Canon Zoom + Adapter &#038; Pana TZ101 (= IRzoom &#038; Normalzoom<br \/>\n1570g IR-Cam mit Kit + Canon Zoom + Adapter &#038; A6000 mit Kit  (= IRzoom &#038; Normalzoom(Wechsel)<br \/>\n1610g IR-Cam mit Canon-28 + Zoom + Adapter &#038; Pana TZ101 (= IRzoom &#038; Normalzoom<br \/>\n1685g IR-Cam mit Kit + Canon Zoom &#038; Alte Nex mit Tokina17 + Canonadapter  (= IRzoom &#038; Normalzoom(Wechsel)<br \/>\n1770g IR-Cam mit Canon-28 + Zoom + Adapter &#038; A6000 mit Kit (= IRzoom &#038; Normalzoom(Wechsel)<br \/>\n1885g IR-Cam mit Canon-28 + Zoom &#038; Alte Nex mit Tokina17 + Canonadapter  (= IRzoom &#038; Normalzoom(Wechsel)<br \/>\n1955g IR-Cam mit Kit + Canon Zoom + Adapter &#038; Alte Nex mit Samy20 (= IRzoom &#038; Normalzoom(Wechsel)<br \/>\n2155g IR-Cam mit Canon-28 + Zoom + Adapter &#038; Alte Nex mit Samy20 (= IRzoom &#038; Normalzoom(Wechsel)<\/p>\n<p>Nachteil am Tokina-17mm-Objektiv, mein fr\u00fcheres Lieblingsobjektiv, ist, dass es erst ab f\/3.5 anf\u00e4ngt und bei 3.5 zudem eher unscharf ist -> ab f\/5.6 verwendbar. Das Samyang-20mm-Objektiv f\u00e4ngt bei f\/1.8 an und ist bei 2.8 schon recht tauglich, wobei ich das auf der alten Nex noch gar nicht so ausprobiert hab. Denn bei der A7ii hatte die Unendlich-Fokusierung bei 1.8, evtl. bis 2.8, nie funktioniert, war immer unscharf, auf der alten Nex dagegen ist die Unendlich-Einstellung selbst bei 1.8 unterhalb des Fokusrings &#8211; nur vergess ich das  nat\u00fcrlich meistens..  Jedenfalls ist das Samyang-Objektiv also recht gut f\u00fcr dunkle Bereiche z.B. in Seilbahnstationen oder Nachtofots geeignet. Aber halt schwer und gro\u00df.<\/p>\n<p>Das Canon-FD-Zoom, das ich an den Sonys anschlie\u00dfen kann, hat 70-300mm, wobei ab ca. 200-250mm kein Detailgewinn mehr erkenntlich ist. An die APS-C-Sensoren der beiden Nex (wie auch A6000) muss man diese Werte aber mit 1,5 multiplizieren (dh. 17*1,5 =  25.5mm, 20*1,5=30mm, 300*1,5 = 450mm). Die Werte der Panasonic sind schon ans KB-Format angepasst: 25-250mm. D.h. mit meinen Sony-Combos hab ich einen st\u00e4rkeren Zoom, aber eben auch mehr Gewicht.<\/p>\n<p>Wenn ich wegen der IR-Cam sowieso mein Canon-Zoom-Objektiv dabei hab, das ich nat\u00fcrlich dann auch auf der normalen Nex oder der A6000 verwenden kann, d.h. wenn ich sowohl einen guten IR- wie Normal-Zoom dabei haben m\u00f6chte, macht das gewichtsm\u00e4\u00dfig dann nicht mehr viel Unterschied zur Panasonic, sofern man die A6000 mit Kit oder die Nex mit Tokina hernimmt. Bei letztzerer Variante nat\u00fcrlich ist der Canon-Adapter an der normalen Cam, d.h. beim Normalzoom ist ein Objektivwechsel n\u00f6tig, und beim IR-Zoom muss ich beides wechseln. Oder halt die IR-Cam ganz ohne Objektiv mitnehmen, dann muss ich halt immer Objektive entweder an der normalen oder der IR-Cam draufschrauben und wechseln, das ist dann sehr umst\u00e4ndlich, weil man ja selten einen halben Tag so, einen halben Tag anders fotografieren will, sondern situationsbedingt mal die, mal die nehmen m\u00f6chte. Hatte ich in den letzten Jahren so gemacht, weil die A7ii ja noch schwerer war, aber eben deshalb kaum noch IR fotografiert.<\/p>\n<p>Mit kleinerem Sensor w\u00fcrde man nat\u00fcrlich noch mehr Zoom zu g\u00fcnstigeren Preisen bekommen, z.B. die Panasonic TZ-80\/81 oder TZ-96 mit 30x Zoom 24-720mm. Beide aber nur mit Ein\/Aus-Taste statt -Schalter. Und die TZ96 hat vielleicht das gleiche Bildschirm-Lieferproblem wie die TZ-202, zumindest ebenso kaum lieferbar derzeit.<\/p>\n<p>Mit doppeltem Gewicht (ca. 600g statt ca. 300g) g\u00e4b&#8217;s noch mehr Zoom (bei gleich kleinem Sensor), 60x, 20-1200mm und Ein\/Ausschalter, die Panasonic FZ-80\/82\/83. Aber eben dicker, gr\u00f6\u00dfer, schwerer. Und lt. Testbilder bringen die 1200mm nicht mehr Details als die 720mm der TZ. Also auch nicht wirklich lohnend.<\/p>\n<p>LaReKuSi: Ich nehm heut mal IR-Cam mit Kit &#038; Alte Nex mit Tokina17 mit, also 1170g und ohne Zoom. (Nur die 3x vom Kit an der IR-Cam, 18-55mm, also 27-82mm). Das neuere Sony-Kit, das bei der A6000 dabei w\u00e4re, hat \u00fcbrigens 16-50mm (24-75mm). Generell sind beide Kit-Objektive wohl nicht besonders gut, das neuere ist allerdings wesentlich kleiner.<\/p>\n<p>Wenn man die Tourenski mitnimmt, w\u00e4re es nat\u00fcrlich auch sinnvoll, die Felle mitzunehmen, Dazu muss man sie allerdings finden &#8211; und das hab ich nicht. Vielleicht hatte ich sie schon ins Auto? Muss ich wohl hoffen. Die alten h\u00e4tte ich gefunden ;) Bl\u00f6d. Die sind halt zu kurz. Nochmals alles durchgeschut, auch im Keller-nix gefunden. Zur Not muss ich mir halt welche kaufen, wenn ich sie nicht doch noch irgendwo im Auto finde.<\/p>\n<p>Kurz nach 11 Uhr kam ich weg, kurz nach 12 war ich am Parkplatz Petzen-Talstation. Obwohl hier keine &#8220;Alm&#8221; oder &#8220;H\u00f6he&#8221; dahintersteht, hei\u00dft es trotzdem &#8220;die&#8221; Petzen. Leider ist ja die Talabfahrt noch nicht offen, was das Skigebiet also nochmals langweiliger macht (momentan w\u00e4r die Abfahrt aber wohl eh eine Eisw\u00fcste). Wenigstens gibt&#8217;s ein paar SL. Auch wenn der zweite oben ja leider mit einer 4SB ersetzt wurde und die unteren ja erst recht bei den momentanen Schneeverh\u00e4ltnissen zu vergessen sein werden.<\/p>\n<p>War es bei meiner ersten Abfahrt am obersten SL schon sehr fragw\u00fcrdig, aber die Abfahrten an der 4SB toppten alles &#8211; so eisige Pisten (noch dazu allesamt recht steil) hatte ich schon lang nicht mehr, auch am Pistenrand nur minimal oder selten aufgefahrener Schnee. Um Welten schlechter als die letzten Tage auf der Koralpe.<\/p>\n<p><a href='http:\/\/ski.inmontanis.info\/d\/309300-2\/DSC05721.jpg'><img src=http:\/\/ski.inmontanis.info\/d\/309299-3\/DSC05721.jpg \/><\/a><br \/>\n^ \u00dcbungslift und Parkplatzzubringer<\/p>\n<p><a href='http:\/\/ski.inmontanis.info\/d\/309304-2\/DSC05722.jpg'><img src=http:\/\/ski.inmontanis.info\/d\/309303-3\/DSC05722.jpg \/><\/a><br \/>\n^ \u00dcbungslift, nicht in ganzer L\u00e4nge offen<\/p>\n<p><a href='http:\/\/ski.inmontanis.info\/d\/309308-2\/DSC05724.jpg'><img src=http:\/\/ski.inmontanis.info\/d\/309307-3\/DSC05724.jpg \/><\/a><br \/>\n^ 6EUB<\/p>\n<p><a href='http:\/\/ski.inmontanis.info\/d\/309312-2\/DSC05725.jpg'><img src=http:\/\/ski.inmontanis.info\/d\/309311-3\/DSC05725.jpg \/><\/a><br \/>\n^ 6EUB<\/p>\n<p><a href='http:\/\/ski.inmontanis.info\/d\/309316-2\/DSC05729.jpg'><img src=http:\/\/ski.inmontanis.info\/d\/309315-3\/DSC05729.jpg \/><\/a><br \/>\n^ In vielen Skigebieten gibts noch die in den letzten Jahren ben\u00f6tigten Aufkleber und Hinweisschilder. Mehr als 2 oder 3 Maskentr\u00e4ger hab ich in den letzten Wochen nicht gesehen. Also es wissen schon alle, dass man diese Schilder ignorieren kann. Im DSV-Ski-Heft vom Herbst wurde Maskentragen noch als Trend des heurigen Winters aufgef\u00fchrt. Na, zum Gl\u00fcck nicht.<\/p>\n<p><a href='http:\/\/ski.inmontanis.info\/d\/309320-2\/DSC05731.jpg'><img src=http:\/\/ski.inmontanis.info\/d\/309319-3\/DSC05731.jpg \/><\/a><br \/>\n^ 6EUB uind 4SB<\/p>\n<p><a href='http:\/\/ski.inmontanis.info\/d\/309324-2\/DSC05732.jpg'><img src=http:\/\/ski.inmontanis.info\/d\/309323-3\/DSC05732.jpg \/><\/a><br \/>\n^ 4SB<\/p>\n<p><a href='http:\/\/ski.inmontanis.info\/d\/309328-2\/DSC05733.jpg'><img src=http:\/\/ski.inmontanis.info\/d\/309327-3\/DSC05733.jpg \/><\/a><br \/>\n^ SL Siebenh\u00fctten<\/p>\n<p><a href='http:\/\/ski.inmontanis.info\/d\/309332-2\/DSC05736.jpg'><img src=http:\/\/ski.inmontanis.info\/d\/309331-3\/DSC05736.jpg \/><\/a><br \/>\n^ SL Siebenh\u00fctten<\/p>\n<p><a href='http:\/\/ski.inmontanis.info\/d\/309336-2\/DSC05737.jpg'><img src=http:\/\/ski.inmontanis.info\/d\/309335-3\/DSC05737.jpg \/><\/a><br \/>\n^ Abfahrt SL Siebenh\u00fctten und Talpano<\/p>\n<p><a href='http:\/\/ski.inmontanis.info\/d\/309340-2\/DSC04773.jpg'><img src=http:\/\/ski.inmontanis.info\/d\/309339-3\/DSC04773.jpg \/><\/a><br \/>\n^ Abfahrt SL Siebenh\u00fctten und Talpano in Falschfarb-IR<\/p>\n<p><a href='http:\/\/ski.inmontanis.info\/d\/309344-2\/DSC05738.jpg'><img src=http:\/\/ski.inmontanis.info\/d\/309343-3\/DSC05738.jpg \/><\/a><br \/>\n^ SL Siebenh\u00fctten Talstation<\/p>\n<p><a href='http:\/\/ski.inmontanis.info\/d\/309348-2\/DSC05739.jpg'><img src=http:\/\/ski.inmontanis.info\/d\/309347-3\/DSC05739.jpg \/><\/a><br \/>\n^ SL Siebenh\u00fctten und Abfahrt<\/p>\n<p><a href='http:\/\/ski.inmontanis.info\/d\/309352-2\/DSC05740.jpg'><img src=http:\/\/ski.inmontanis.info\/d\/309351-3\/DSC05740.jpg \/><\/a><br \/>\n^ SL Siebenh\u00fctten<\/p>\n<p><a href='http:\/\/ski.inmontanis.info\/d\/309356-2\/DSC04775.jpg'><img src=http:\/\/ski.inmontanis.info\/d\/309355-3\/DSC04775.jpg \/><\/a><br \/>\n^ Talpano in Falschfarb-IR<\/p>\n<p><a href='http:\/\/ski.inmontanis.info\/d\/309360-2\/DSC04777.jpg'><img src=http:\/\/ski.inmontanis.info\/d\/309359-3\/DSC04777.jpg \/><\/a><br \/>\n^ IR-Gipfelzoom<\/p>\n<p><a href='http:\/\/ski.inmontanis.info\/d\/309364-2\/DSC05742.jpg'><img src=http:\/\/ski.inmontanis.info\/d\/309363-3\/DSC05742.jpg \/><\/a><br \/>\n^ SL Siebenh\u00fctten<\/p>\n<p><a href='http:\/\/ski.inmontanis.info\/d\/309368-2\/DSC05743.jpg'><img src=http:\/\/ski.inmontanis.info\/d\/309367-3\/DSC05743.jpg \/><\/a><br \/>\n^ 4SB<\/p>\n<p><a href='http:\/\/ski.inmontanis.info\/d\/309372-2\/DSC04781.jpg'><img src=http:\/\/ski.inmontanis.info\/d\/309371-3\/DSC04781.jpg \/><\/a><br \/>\n^ Restnebel im Tal mit anderem IR-Filter<\/p>\n<p><a href='http:\/\/ski.inmontanis.info\/d\/309376-2\/DSC04782.jpg'><img src=http:\/\/ski.inmontanis.info\/d\/309375-3\/DSC04782.jpg \/><\/a><br \/>\n^ Talpano aus EUB (IR)<\/p>\n<p><a href='http:\/\/ski.inmontanis.info\/d\/309380-2\/DSC05746.jpg'><img src=http:\/\/ski.inmontanis.info\/d\/309379-3\/DSC05746.jpg \/><\/a><br \/>\n^ SL Quellenlift, auch nur im untersten Teil offen<\/p>\n<p><a href='http:\/\/ski.inmontanis.info\/d\/309384-2\/DSC05749.jpg'><img src=http:\/\/ski.inmontanis.info\/d\/309383-3\/DSC05749.jpg \/><\/a><br \/>\n^ SL Quellenlift, Asstieg nach der zweiten St\u00fctze, wobei die erste an der Talstation ist.<\/p>\n<p><a href='http:\/\/ski.inmontanis.info\/d\/309388-2\/ge20230106.jpg'><img src=http:\/\/ski.inmontanis.info\/d\/309387-3\/ge20230106.jpg \/><\/a><br \/>\n^ GPS-Track 6.1.2023 in Magenta, vorheriger Besuch in Blau<\/p>\n<p>Da ich ja vor meiner &#8220;Pause&#8221; daheim schon 2 N\u00e4chte frei gestanden hab und eben die Woche daheim war, ist der Batterieladezustand lt. App sicherlich weit daneben, also fraglich, wieviel wirklich drin ist. Daher lieber heute einen Campingplatz n\u00e4he Petzen-Skigebiet angefahren, bin der einzige am Stellplatz, mit 16,30 \u20ac (2022er Preis) inkl. Strom auch noch auf der g\u00fcnstigeren Seite und mein Auto ist ja jetzt nach den ganzen Tagen daheim ausgek\u00fchlt. Handy-Empfang hier recht schlecht, aber es gibt gratis WLAN.<\/p>\n<p>Momentan aber nur ein Sanit\u00e4rbereich offen, nur eine (warm beheizte) Behinderten WC-Dusch-Kombi, d.h. wenn einer duscht, kann keiner aufs Klo. <\/p>\n<p><a href='http:\/\/extra.inmontanis.info\/d\/98160-2\/DSC05752.jpg'><img src=http:\/\/extra.inmontanis.info\/d\/98159-3\/DSC05752.jpg \/><\/a><br \/>\n^ Campingplatz am Pirkdorfer See<\/p>\n<p><a href='http:\/\/extra.inmontanis.info\/d\/98164-2\/DSC05751.jpg'><img src=http:\/\/extra.inmontanis.info\/d\/98163-3\/DSC05751.jpg \/><\/a><br \/>\n^ Pirkdorfer See, Spiegelsee<\/p>\n<p>Aber warum immer gleich am ersten Tag irgendwas kaputtes sichtbar werden muss &#8211; h\u00e4tte mir das nicht fr\u00fcher auffallen k\u00f6nnen? Daheim h\u00e4tte ich vielleicht eine passende Schraube gehabt: Der Schrank-Schlie\u00dfer ist kaputt insofern, dass die OBERE Schraube rausgefallen ist. Wie auch immer das vor sich gehen kann, die untere ist fest, aber die obere ist nicht mehr im Gewinde. Dann muss man sich ja nicht wundern, dass die Schrankt\u00fcr laufend aufgeht. Wobei ich die Schraube vor einigen Monaten sogar mal nachgezogen hatte..<\/p>\n<p><a href='http:\/\/extra.inmontanis.info\/d\/98168-2\/DSC05753.jpg'><img src=http:\/\/extra.inmontanis.info\/d\/98167-3\/DSC05753.jpg \/><\/a><br \/>\n^ Die innenliegende Schraube im oberen Teil des Schliie\u00dfers  ist nach oben rausgerutscht.<\/p>\n<p>Auf der Suche nach einer Ersatzschraube auch mein Werkzeug und Ersatzteilzeug rausger\u00e4umt und siehe da, die kleine Schraube vom T\u00fcrschlie\u00dfer war im unteren Teil des Schr\u00e4nkchens, am Boden. Also nicht nur, dass sie nach oben rausgegangen ist, sondern auuch noch ein Fach tiefer liegt, sehr, sehr eigenartig.<\/p>\n<p>Etwas anderes, was ich mir noch \u00fcberlegt h\u00e4tte mit zu nehmen: Regenjacke. Vielleicht dann f\u00fcrs Fr\u00fchjahr sinnvoll, wenn es mal regnet. Die dichteste, die ich da h\u00e4tte, w\u00e4re die braune. Die sollte ich auch im UK dabei gehabt haben. War aber nicht im Kleiderschrank. Laut Notiz hatte ich mir im Dezember notiert, dass ich eine Sommerskijacke im Auto hab. <\/p>\n<p>Abends dann auf der Suche nach den Skifellen den hinteren Bereich rausger\u00e4umt. Bei einiger Kleidung war ich mir ja nicht sicher, ist die nur kalt, oder feucht? Ein Karton schien mal feucht zu sein. Da hinten unten ist&#8217;s nat\u00fcrlich wieder sehr kalt.<\/p>\n<p>Jedenfalls, es war eine andere Sommerskijacke. Und keine Skifelle. Da hab ich mittlerweile fast alles abgesucht. Keine Ahnung, wo ich die Felle im Sommer und die Jacke im Herbst hinger\u00e4umt hatte :( Wobei mir die Felle jetzt wichtiger gewesen w\u00e4ren. Aber ich hab doch alles nicht-zu-sehr-verr\u00e4umt\/versteckte in der Wohnung abgesucht? Die Schr\u00e4nke, den Stauraum unterm Bett, die Koffer darin, diverse Rucks\u00e4cke &#8230;<\/p>\n<p>Ein abendlicher Blick aus dem Fenster offenbarte wei\u00dfen Reif auf der Wiese. H\u00e4tte mit w\u00e4rmeren Nachttemperaturen gerechnet.<\/p>\n<p>&#8211; &#8211; &#8211;<\/p>\n<p>Enth\u00fcllungen Twitter:<br \/>\n<a href='https:\/\/www.anti-spiegel.ru\/2023\/die-zensur-beim-thema-covid-19-wurde-von-der-us-regierung-angeordnet\/'>https:\/\/www.anti-spiegel.ru\/2023\/die-zensur-beim-thema-covid-19-wurde-von-der-us-regierung-angeordnet\/<\/a><br \/>\n<a href='https:\/\/www.anti-spiegel.ru\/2023\/wie-die-russische-wahleinmischung-erfunden-wurde\/'>https:\/\/www.anti-spiegel.ru\/2023\/wie-die-russische-wahleinmischung-erfunden-wurde\/<\/a><\/p>\n<p>Drecks-EU-L\u00fcgenpolitiker Merkel &#038; Hollande:<br \/>\n<a href='https:\/\/www.anti-spiegel.ru\/2023\/das-minsker-abkommen-sollte-es-kiew-ermoeglichen-zeit-zu-gewinnen\/'>https:\/\/www.anti-spiegel.ru\/2023\/das-minsker-abkommen-sollte-es-kiew-ermoeglichen-zeit-zu-gewinnen\/<\/a><\/p>\n","protected":false},"excerpt":{"rendered":"<p>Fr, 6.1.2023<\/p>\n<p>Gestern Abend ist mir zuf\u00e4lligerweise noch einer meiner beiden italienischer Strom-Stecker-Adapter in die H\u00e4nde gefallen, daher noch den anderen gesucht, gefunden und eingesteckt. Wer wei\u00df, ob ich den auf irgendeinem Campingplatz oder, falls ich mal in einem Zimmer \u00fcbernachte, dort brauchen kann..<\/p>\n<p>Nebenbei hab ich mir nun also das gr\u00f6\u00dfere Ladeger\u00e4t f\u00fcr&#8217;s Auto <a href=\"http:\/\/blog.inmontanis.info\/?p=8353\">[&#8230;]<\/a><\/p>\n","protected":false},"author":1,"featured_media":8357,"comment_status":"closed","ping_status":"closed","sticky":false,"template":"","format":"standard","meta":{"footnotes":""},"categories":[13,213,27],"tags":[49,39,90,77,47],"class_list":["post-8353","post","type-post","status-publish","format-standard","has-post-thumbnail","hentry","category-austria","category-petzen","category-skifahren-winterskiing-winter","tag-4sb","tag-6eub","tag-infrarot","tag-nebelmeer","tag-sl","odd"],"_links":{"self":[{"href":"http:\/\/blog.inmontanis.info\/index.php?rest_route=\/wp\/v2\/posts\/8353","targetHints":{"allow":["GET"]}}],"collection":[{"href":"http:\/\/blog.inmontanis.info\/index.php?rest_route=\/wp\/v2\/posts"}],"about":[{"href":"http:\/\/blog.inmontanis.info\/index.php?rest_route=\/wp\/v2\/types\/post"}],"author":[{"embeddable":true,"href":"http:\/\/blog.inmontanis.info\/index.php?rest_route=\/wp\/v2\/users\/1"}],"replies":[{"embeddable":true,"href":"http:\/\/blog.inmontanis.info\/index.php?rest_route=%2Fwp%2Fv2%2Fcomments&post=8353"}],"version-history":[{"count":4,"href":"http:\/\/blog.inmontanis.info\/index.php?rest_route=\/wp\/v2\/posts\/8353\/revisions"}],"predecessor-version":[{"id":8358,"href":"http:\/\/blog.inmontanis.info\/index.php?rest_route=\/wp\/v2\/posts\/8353\/revisions\/8358"}],"wp:featuredmedia":[{"embeddable":true,"href":"http:\/\/blog.inmontanis.info\/index.php?rest_route=\/wp\/v2\/media\/8357"}],"wp:attachment":[{"href":"http:\/\/blog.inmontanis.info\/index.php?rest_route=%2Fwp%2Fv2%2Fmedia&parent=8353"}],"wp:term":[{"taxonomy":"category","embeddable":true,"href":"http:\/\/blog.inmontanis.info\/index.php?rest_route=%2Fwp%2Fv2%2Fcategories&post=8353"},{"taxonomy":"post_tag","embeddable":true,"href":"http:\/\/blog.inmontanis.info\/index.php?rest_route=%2Fwp%2Fv2%2Ftags&post=8353"}],"curies":[{"name":"wp","href":"https:\/\/api.w.org\/{rel}","templated":true}]}}