{"id":835,"date":"2008-01-05T23:59:14","date_gmt":"2008-01-05T21:59:14","guid":{"rendered":"http:\/\/blog.inmontanis.info\/?p=835"},"modified":"2023-08-05T21:37:26","modified_gmt":"2023-08-05T19:37:26","slug":"rangger-kopfl-5-3-2005-5-1-2008","status":"publish","type":"post","link":"http:\/\/blog.inmontanis.info\/?p=835","title":{"rendered":"Rangger K\u00f6pfl, 5.3.2005 + 5.1.2008"},"content":{"rendered":"<p>Zur Abwechslung mal wieder was langweiligeres aus der Umgebung von Innsbruck: Das Rangger K\u00f6pfl in Innsbruck. <!--more--><\/p>\n<p>Dass ich dem ein extra Topic widme, hat aber doch einen Grund &#8211; schlie\u00dflich hat das Ranger K\u00f6pfl etwas, was es in den Alpen nur noch ganz, ganz selten gibt (Vals in Graub\u00fcnden k\u00f6nnte noch mithalten?): <\/p>\n<p>Nach der neuen 8EUB f\u00fchren 2 Sektionen Kurzb\u00fcgel-SL zum Gipfel. Da aber unterhalb genau in Verl\u00e4ngerung noch ein weiterer SL steht, kann man durchaus behaupten, dass man hier mit 3 Sektionen SL hintereinander bis zum Gipfel fahren kann. Und das dauert dann nicht nur \u00fcber 20 Minuten, sondern bedeutet auch satte <strong>4,6km<\/strong> Schleppliftfahren am St\u00fcck. <\/p>\n<p>Leider&#8230;<br \/>\n.. bedient der untere SL Egghof keine eigene Abfahrt, sondern nur den oberen Teil der Talabfahrt<br \/>\n.. hat auch der mittlere SL nur eine Abfahrt, und die ist sehr leicht <\/p>\n<p>Einzig der oberste Gipfel-SL hat 3-4 Varianten und ist somit etwas interessanter. <\/p>\n<p>Fotos vom 5.3.2005 und 5.1.2008: <\/p>\n<p><em>[_de]Bilder anklicken zum Vergr\u00f6\u00dfern[\/_de]\u2028[_en]Click photos to enlarge[\/_en]<\/em><\/p>\n<p><a href='http:\/\/www.alpengallery.at.tf\/alpengallery\/d\/49481-1\/03050001.JPG'><img src=http:\/\/www.alpengallery.at.tf\/alpengallery\/d\/49483-3\/03050001.JPG \/><\/a><br \/>\n^ Talstation DSB. Abgetragen 2007 <\/p>\n<p><a href='http:\/\/www.alpengallery.at.tf\/alpengallery\/d\/49486-1\/03050003.JPG'><img src=http:\/\/www.alpengallery.at.tf\/alpengallery\/d\/49488-3\/03050003.JPG \/><\/a><br \/>\n^ Rote Talabfahrt 2005, noch ohne Beschneiung und Verbreiterung <\/p>\n<p><a href='http:\/\/www.alpengallery.at.tf\/alpengallery\/d\/49490-1\/03050004.JPG'><img src=http:\/\/www.alpengallery.at.tf\/alpengallery\/d\/49492-3\/03050004.JPG \/><\/a><br \/>\n^ In der DSB <\/p>\n<p><a href='http:\/\/www.alpengallery.at.tf\/alpengallery\/d\/49494-1\/03050005.JPG'><img src=http:\/\/www.alpengallery.at.tf\/alpengallery\/d\/49496-3\/03050005.JPG \/><\/a><br \/>\n^ Kreuzung DSB \/ Egghoflift <\/p>\n<p><a href='http:\/\/www.alpengallery.at.tf\/alpengallery\/d\/49498-1\/03050006.JPG'><img src=http:\/\/www.alpengallery.at.tf\/alpengallery\/d\/49500-3\/03050006.JPG \/><\/a><br \/>\n^ SL Egghof <\/p>\n<p><a href='http:\/\/www.alpengallery.at.tf\/alpengallery\/d\/49502-1\/03050008.JPG'><img src=http:\/\/www.alpengallery.at.tf\/alpengallery\/d\/49504-3\/03050008.JPG \/><\/a><br \/>\n^ Bergstation DSB <\/p>\n<p><a href='http:\/\/www.alpengallery.at.tf\/alpengallery\/d\/49506-1\/03050009.JPG'><img src=http:\/\/www.alpengallery.at.tf\/alpengallery\/d\/49508-3\/03050009.JPG \/><\/a><br \/>\n^ Blick richtung Gipfel, ab hier 2 Sektionen SL <\/p>\n<p><a href='http:\/\/www.alpengallery.at.tf\/alpengallery\/d\/49510-1\/03050010.JPG'><img src=http:\/\/www.alpengallery.at.tf\/alpengallery\/d\/49512-3\/03050010.JPG \/><\/a><br \/>\n^ Mittelstation der oberen SL &#8230; <\/p>\n<p><a href='http:\/\/www.alpengallery.at.tf\/alpengallery\/d\/49514-1\/03050011.JPG'><img src=http:\/\/www.alpengallery.at.tf\/alpengallery\/d\/49516-3\/03050011.JPG \/><\/a><br \/>\n^ An der Bergstation &#8211; 2005 gab&#8217;s noch den 2. k\u00fcrzeren Nord-SL &#8230; <\/p>\n<p><a href='http:\/\/www.alpengallery.at.tf\/alpengallery\/d\/49518-1\/03050027.JPG'><img src=http:\/\/www.alpengallery.at.tf\/alpengallery\/d\/49520-3\/03050027.JPG \/><\/a><br \/>\n^ Blaue Talabfahrt <\/p>\n<p><a href='http:\/\/www.alpengallery.at.tf\/alpengallery\/d\/49522-1\/03050028.JPG'><img src=http:\/\/www.alpengallery.at.tf\/alpengallery\/d\/49524-3\/03050028.JPG \/><\/a><br \/>\n^ Blaue Talabfahrt <\/p>\n<p><a href='http:\/\/www.alpengallery.at.tf\/alpengallery\/d\/49526-1\/03050030.JPG'><img src=http:\/\/www.alpengallery.at.tf\/alpengallery\/d\/49528-3\/03050030.JPG \/><\/a><br \/>\n^ Rote Talabfahrt <\/p>\n<p><a href='http:\/\/www.alpengallery.at.tf\/alpengallery\/d\/49530-1\/03050037.JPG'><img src=http:\/\/www.alpengallery.at.tf\/alpengallery\/d\/49532-3\/03050037.JPG \/><\/a><br \/>\n^ Blaue Talabfahrt <\/p>\n<p><a href='http:\/\/www.alpengallery.at.tf\/alpengallery\/d\/49534-1\/P1210739.JPG'><img src=http:\/\/www.alpengallery.at.tf\/alpengallery\/d\/49536-3\/P1210739.JPG \/><\/a><br \/>\n^ Neue 8er Gondelbahn und Beschneiung <\/p>\n<p><a href='http:\/\/www.alpengallery.at.tf\/alpengallery\/d\/49538-1\/P1210740.JPG'><img src=http:\/\/www.alpengallery.at.tf\/alpengallery\/d\/49540-3\/P1210740.JPG \/><\/a><br \/>\n^ SL Egghof. Wenn man den mitnimmt, kann man in 3 Sektionen 4,6km SL fahren &#8211; \u00fcber 20 Minuten! <\/p>\n<p><a href='http:\/\/www.alpengallery.at.tf\/alpengallery\/d\/49542-1\/P1210742.JPG'><img src=http:\/\/www.alpengallery.at.tf\/alpengallery\/d\/49544-3\/P1210742.JPG \/><\/a><br \/>\n^ Bergstation am Gipfel &#8211; St\u00fctze 29 (gez\u00e4hlt werden hierbei die oberen beiden SL-Sektionen) <\/p>\n<p><a href='http:\/\/www.alpengallery.at.tf\/alpengallery\/d\/49546-1\/P1210750.JPG'><img src=http:\/\/www.alpengallery.at.tf\/alpengallery\/d\/49548-3\/P1210750.JPG \/><\/a><br \/>\n^ Talpano vom Gipfel &#8211; der SL Nord ist inzwischen abgebaut <\/p>\n<p><a href='http:\/\/www.alpengallery.at.tf\/alpengallery\/d\/49550-1\/P1210752.JPG'><img src=http:\/\/www.alpengallery.at.tf\/alpengallery\/d\/49552-3\/P1210752.JPG \/><\/a><br \/>\n^ Die beiden oberen SL-Sektionen. <\/p>\n<p><a href='http:\/\/www.alpengallery.at.tf\/alpengallery\/d\/49554-1\/P1210753.JPG'><img src=http:\/\/www.alpengallery.at.tf\/alpengallery\/d\/49556-3\/P1210753.JPG \/><\/a><br \/>\n^ Kleine Abfahrtsvariante am oberen SL <\/p>\n<p><a href='http:\/\/www.alpengallery.at.tf\/alpengallery\/d\/49558-1\/P1210754.JPG'><img src=http:\/\/www.alpengallery.at.tf\/alpengallery\/d\/49560-3\/P1210754.JPG \/><\/a><br \/>\n^ Strecke oberer SL <\/p>\n<p><a href='http:\/\/www.alpengallery.at.tf\/alpengallery\/d\/49562-1\/P1210759.JPG'><img src=http:\/\/www.alpengallery.at.tf\/alpengallery\/d\/49564-3\/P1210759.JPG \/><\/a><br \/>\n^ Abfahrt mittlerer SL &#8211; teilweise recht flach &#8230; <\/p>\n<p><a href='http:\/\/www.alpengallery.at.tf\/alpengallery\/d\/49566-1\/P1210761.JPG'><img src=http:\/\/www.alpengallery.at.tf\/alpengallery\/d\/49568-3\/P1210761.JPG \/><\/a><br \/>\n^ 8EUB, SL Egghof und Talabfahrt <\/p>\n<p><a href='http:\/\/www.alpengallery.at.tf\/alpengallery\/d\/49570-1\/P1210770.JPG'><img src=http:\/\/www.alpengallery.at.tf\/alpengallery\/d\/49572-3\/P1210770.JPG \/><\/a><br \/>\n^ Talabfahrt <\/p>\n<p><a href='http:\/\/www.alpengallery.at.tf\/alpengallery\/d\/49574-1\/P1210772.JPG'><img src=http:\/\/www.alpengallery.at.tf\/alpengallery\/d\/49576-3\/P1210772.JPG \/><\/a><br \/>\n^ Talabfahrt <\/p>\n<p><a href='http:\/\/www.alpengallery.at.tf\/alpengallery\/d\/49578-1\/P1210774.JPG'><img src=http:\/\/www.alpengallery.at.tf\/alpengallery\/d\/49580-3\/P1210774.JPG \/><\/a><br \/>\n^ Ein paar der alten DSB-St\u00fctzen liegen noch rum <\/p>\n<p><a href='http:\/\/www.alpengallery.at.tf\/alpengallery\/d\/49582-1\/P1210779.JPG'><img src=http:\/\/www.alpengallery.at.tf\/alpengallery\/d\/49584-3\/P1210779.JPG \/><\/a><br \/>\n^ Pano nach Seefeld <\/p>\n<p><a href='http:\/\/www.alpengallery.at.tf\/alpengallery\/d\/49586-1\/P1210781.JPG'><img src=http:\/\/www.alpengallery.at.tf\/alpengallery\/d\/49588-3\/P1210781.JPG \/><\/a><br \/>\n^ Das Inntal. Links Zirl, oben Innsbruck. <\/p>\n<p><a href='http:\/\/www.alpengallery.at.tf\/alpengallery\/d\/49590-1\/P1210778.JPG'><img src=http:\/\/www.alpengallery.at.tf\/alpengallery\/d\/49592-3\/P1210778.JPG \/><\/a><br \/>\n^ Inoffizielle Nord-Skiroute am Gipfel-SL <\/p>\n<p><a href='http:\/\/www.alpengallery.at.tf\/alpengallery\/d\/49594-1\/P1210783.JPG'><img src=http:\/\/www.alpengallery.at.tf\/alpengallery\/d\/49596-3\/P1210783.JPG \/><\/a><br \/>\n^ Die gut eingefahrene Nord-Route. Gibts ja doch noch was interessantes hier, das ich noch nicht kannte ;-) <\/p>\n<p><a href='http:\/\/www.alpengallery.at.tf\/alpengallery\/d\/49598-1\/P1210785.JPG'><img src=http:\/\/www.alpengallery.at.tf\/alpengallery\/d\/49600-3\/P1210785.JPG \/><\/a><br \/>\n^ Nord-Route. Dort unten kann man dann rechts auf die Abfahrt queren, oder man f\u00e4hrt den Steilhang nach Links durch zwei Waldschneisen &#8230; <\/p>\n<p><a href='http:\/\/www.alpengallery.at.tf\/alpengallery\/d\/49602-1\/P1210786.JPG'><img src=http:\/\/www.alpengallery.at.tf\/alpengallery\/d\/49604-3\/P1210786.JPG \/><\/a><br \/>\n^ Nord-Route, Waldschneise 1, danach Querung nach rechts <\/p>\n<p><a href='http:\/\/www.alpengallery.at.tf\/alpengallery\/d\/49606-1\/P1210789.JPG'><img src=http:\/\/www.alpengallery.at.tf\/alpengallery\/d\/49608-3\/P1210789.JPG \/><\/a><br \/>\n^ Nord-Route, letzter Steilhang &#8211; der hat&#8217;s in sich! <\/p>\n<p><a href='http:\/\/www.alpengallery.at.tf\/alpengallery\/d\/49610-1\/P1210797.JPG'><img src=http:\/\/www.alpengallery.at.tf\/alpengallery\/d\/49612-3\/P1210797.JPG \/><\/a><br \/>\n^ Pano nach Telfs mit der Hohen Munde und dahinter der Zugspitze <\/p>\n<p><a href='http:\/\/www.alpengallery.at.tf\/alpengallery\/d\/49614-1\/P1210798.JPG'><img src=http:\/\/www.alpengallery.at.tf\/alpengallery\/d\/49616-3\/P1210798.JPG \/><\/a><br \/>\n^ Zoom nach Telfs <\/p>\n<p><a href='http:\/\/www.alpengallery.at.tf\/alpengallery\/d\/49618-1\/P1210802.JPG'><img src=http:\/\/www.alpengallery.at.tf\/alpengallery\/d\/49620-3\/P1210802.JPG \/><\/a><br \/>\n^ Innsbruck im Zoom. Also vom Patscherkofel und von der Seergube schaut das sch\u00f6ner aus ;-) <\/p>\n<p><a href='http:\/\/www.alpengallery.at.tf\/alpengallery\/d\/49622-1\/ranggerkoepfl-ge.jpg'><img src=http:\/\/www.alpengallery.at.tf\/alpengallery\/d\/49624-3\/ranggerkoepfl-ge.jpg \/><\/a><br \/>\n^ GPS-Track, die 8EUB ist etwas .. zerfetzt .. <\/p>\n<p>.. und dann gibt es noch ein paar Zoom-Fotos&#8230;: <\/p>\n<p><a href='http:\/\/www.alpengallery.at.tf\/alpengallery\/d\/49460-1\/P1210744.JPG'><img src=http:\/\/www.alpengallery.at.tf\/alpengallery\/d\/49461-3\/P1210744.JPG \/><\/a><br \/>\n^ Patscherkofel, vom Ranggerk\u00f6pfl gezoomt <\/p>\n<p><a href='http:\/\/www.alpengallery.at.tf\/alpengallery\/d\/49464-1\/P1210746.JPG'><img src=http:\/\/www.alpengallery.at.tf\/alpengallery\/d\/49465-3\/P1210746.JPG \/><\/a><br \/>\n^ Patscherkofel vom Ranggerk\u00f6pfl im Zoom <\/p>\n<p><a href='http:\/\/www.alpengallery.at.tf\/alpengallery\/d\/49468-1\/P1210748.JPG'><img src=http:\/\/www.alpengallery.at.tf\/alpengallery\/d\/49470-3\/P1210748.JPG \/><\/a><br \/>\n^ DSB Brgitzk\u00f6pfl in der Lizum vom Ranggerk\u00f6pfl gezoomt <\/p>\n<p><a href='http:\/\/www.alpengallery.at.tf\/alpengallery\/d\/49472-1\/P1210765.JPG'><img src=http:\/\/www.alpengallery.at.tf\/alpengallery\/d\/49474-3\/P1210765.JPG \/><\/a><br \/>\n^ \u00dcbungs-SL in Axams, noch ohne Schnee &#8211; da hab ich Skifahren gelernt&#8230; <\/p>\n<p><a href='http:\/\/www.alpengallery.at.tf\/alpengallery\/d\/49476-1\/P1210767.JPG'><img src=http:\/\/www.alpengallery.at.tf\/alpengallery\/d\/49478-3\/P1210767.JPG \/><\/a><br \/>\n^ Sogar der \u00dcbungs-SL in Grinzens ist noch in Betrieb  &#8211; sofern Schnee l\u00e4ge &#8230; <\/p>\n<p><a href='http:\/\/www.alpengallery.at.tf\/alpengallery\/d\/49456-1\/P1210793.JPG'><img src=http:\/\/www.alpengallery.at.tf\/alpengallery\/d\/49457-3\/P1210793.JPG \/><\/a><br \/>\n^ Zugspitze und Zugspitzplatt im Zoom vom Rangger K\u00f6pfl aus<\/p>\n","protected":false},"excerpt":{"rendered":"<p>Zur Abwechslung mal wieder was langweiligeres aus der Umgebung von Innsbruck: Das Rangger K\u00f6pfl in Innsbruck. <\/p>\n<p> <a href=\"http:\/\/blog.inmontanis.info\/?p=835\">[&#8230;]<\/a><\/p>\n","protected":false},"author":1,"featured_media":0,"comment_status":"open","ping_status":"closed","sticky":false,"template":"","format":"standard","meta":{"footnotes":""},"categories":[24,13,848,27],"tags":[53,38,47],"class_list":["post-835","post","type-post","status-publish","format-standard","hentry","category-tagestour","category-austria","category-rangger-kopfl","category-skifahren-winterskiing-winter","tag-8eub","tag-dsb","tag-sl","odd"],"_links":{"self":[{"href":"http:\/\/blog.inmontanis.info\/index.php?rest_route=\/wp\/v2\/posts\/835","targetHints":{"allow":["GET"]}}],"collection":[{"href":"http:\/\/blog.inmontanis.info\/index.php?rest_route=\/wp\/v2\/posts"}],"about":[{"href":"http:\/\/blog.inmontanis.info\/index.php?rest_route=\/wp\/v2\/types\/post"}],"author":[{"embeddable":true,"href":"http:\/\/blog.inmontanis.info\/index.php?rest_route=\/wp\/v2\/users\/1"}],"replies":[{"embeddable":true,"href":"http:\/\/blog.inmontanis.info\/index.php?rest_route=%2Fwp%2Fv2%2Fcomments&post=835"}],"version-history":[{"count":3,"href":"http:\/\/blog.inmontanis.info\/index.php?rest_route=\/wp\/v2\/posts\/835\/revisions"}],"predecessor-version":[{"id":3237,"href":"http:\/\/blog.inmontanis.info\/index.php?rest_route=\/wp\/v2\/posts\/835\/revisions\/3237"}],"wp:attachment":[{"href":"http:\/\/blog.inmontanis.info\/index.php?rest_route=%2Fwp%2Fv2%2Fmedia&parent=835"}],"wp:term":[{"taxonomy":"category","embeddable":true,"href":"http:\/\/blog.inmontanis.info\/index.php?rest_route=%2Fwp%2Fv2%2Fcategories&post=835"},{"taxonomy":"post_tag","embeddable":true,"href":"http:\/\/blog.inmontanis.info\/index.php?rest_route=%2Fwp%2Fv2%2Ftags&post=835"}],"curies":[{"name":"wp","href":"https:\/\/api.w.org\/{rel}","templated":true}]}}